{"id":25339,"date":"2020-02-13T08:31:12","date_gmt":"2020-02-13T07:31:12","guid":{"rendered":"https:\/\/vosgesinfo.fr\/remiremontinfo\/2020\/02\/vagney-chocolats-18-saint-valentin-chez-jacques-bockel\/"},"modified":"2020-02-13T08:31:12","modified_gmt":"2020-02-13T07:31:12","slug":"vagney-chocolats-18-saint-valentin-chez-jacques-bockel","status":"publish","type":"post","link":"https:\/\/vosgesinfo.fr\/remiremontinfo\/2020\/02\/vagney-chocolats-18-saint-valentin-chez-jacques-bockel\/","title":{"rendered":"Vagney : des chocolats \u00ab -18 \u00bb pour la Saint-Valentin chez Jacques Bockel"},"content":{"rendered":"<h2><span style=\"font-size: 12pt;\"><strong>Vendredi, c&rsquo;est la Saint-Valentin, et pour l&rsquo;occasion, la chocolaterie Bockel, situ\u00e9e pr\u00e8s du supermarch\u00e9 Super U \u00e0 Vagney, pr\u00e9sente des cr\u00e9ations originales. En plus des traditionnels coeur en chocolat, l&rsquo;\u00e9tablissement propose une s\u00e9lection de produits\u00a0<span class=\"s1\">\u00ab -18 \u00bb.<\/span><\/strong><\/span><\/h2>\n<p><span style=\"font-size: 12pt;\"><span class=\"s1\">Un kamasutra en chocolat est pr\u00e9sent\u00e9 en boutique (il est par ailleurs disponible toute l&rsquo;ann\u00e9e), ainsi que des moulages de sexes et de seins en chocolats peints, dissimul\u00e9s dans le coffre fort \u00ab -18 \u00bb !\u00a0<\/span><\/span><\/p>\n\n","protected":false},"excerpt":{"rendered":"<p>Vendredi, c&rsquo;est la Saint-Valentin, et pour l&rsquo;occasion, la chocolaterie Bockel, situ\u00e9e pr\u00e8s du supermarch\u00e9 Super U \u00e0 Vagney, pr\u00e9sente des [&hellip;]<\/p>\n","protected":false},"author":407,"featured_media":25340,"comment_status":"open","ping_status":"open","sticky":false,"template":"","format":"standard","meta":{"footnotes":""},"categories":[26,124,25,36],"tags":[],"class_list":["post-25339","post","type-post","status-publish","format-standard","has-post-thumbnail","hentry","category-a-la-une","category-fetes","category-la-bresse-son-canton","category-vagney"],"acf":[],"yoast_head":"<!-- This site is optimized with the Yoast SEO plugin v22.5 - https:\/\/yoast.com\/wordpress\/plugins\/seo\/ -->\n<title>Vagney : des chocolats \u00ab -18 \u00bb pour la Saint-Valentin chez Jacques Bockel - Remiremont Info<\/title>\n<meta name=\"robots\" content=\"index, follow, max-snippet:-1, max-image-preview:large, max-video-preview:-1\" \/>\n<link rel=\"canonical\" href=\"https:\/\/vosgesinfo.fr\/remiremontinfo\/2020\/02\/vagney-chocolats-18-saint-valentin-chez-jacques-bockel\/\" \/>\n<meta name=\"twitter:card\" content=\"summary_large_image\" \/>\n<meta name=\"twitter:title\" content=\"Vagney : des chocolats \u00ab -18 \u00bb pour la Saint-Valentin chez Jacques Bockel - Remiremont Info\" \/>\n<meta name=\"twitter:description\" content=\"Vendredi, c&rsquo;est la Saint-Valentin, et pour l&rsquo;occasion, la chocolaterie Bockel, situ\u00e9e pr\u00e8s du supermarch\u00e9 Super U \u00e0 Vagney, pr\u00e9sente des [&hellip;]\" \/>\n<meta name=\"twitter:image\" content=\"https:\/\/vosgesinfo.fr\/app\/uploads\/sites\/5\/2024\/09\/202002img-9744-scaled.jpg\" \/>\n<meta name=\"twitter:creator\" content=\"@VosgesInfo88\" \/>\n<meta name=\"twitter:site\" content=\"@VosgesInfo88\" \/>\n<meta name=\"twitter:label1\" content=\"\u00c9crit par\" \/>\n\t<meta name=\"twitter:data1\" content=\"C D\" \/>\n<script type=\"application\/ld+json\" class=\"yoast-schema-graph\">{\"@context\":\"https:\/\/schema.org\",\"@graph\":[{\"@type\":\"Article\",\"@id\":\"https:\/\/vosgesinfo.fr\/remiremontinfo\/2020\/02\/vagney-chocolats-18-saint-valentin-chez-jacques-bockel\/#article\",\"isPartOf\":{\"@id\":\"https:\/\/vosgesinfo.fr\/remiremontinfo\/2020\/02\/vagney-chocolats-18-saint-valentin-chez-jacques-bockel\/\"},\"author\":{\"name\":\"C D\",\"@id\":\"https:\/\/vosgesinfo.fr\/remiremontinfo\/#\/schema\/person\/3bfd164d5218a185b1db68655a265316\"},\"headline\":\"Vagney : des chocolats \u00ab -18 \u00bb pour la Saint-Valentin chez Jacques Bockel\",\"datePublished\":\"2020-02-13T07:31:12+00:00\",\"dateModified\":\"2020-02-13T07:31:12+00:00\",\"mainEntityOfPage\":{\"@id\":\"https:\/\/vosgesinfo.fr\/remiremontinfo\/2020\/02\/vagney-chocolats-18-saint-valentin-chez-jacques-bockel\/\"},\"wordCount\":98,\"commentCount\":0,\"publisher\":{\"@id\":\"https:\/\/vosgesinfo.fr\/remiremontinfo\/#organization\"},\"image\":{\"@id\":\"https:\/\/vosgesinfo.fr\/remiremontinfo\/2020\/02\/vagney-chocolats-18-saint-valentin-chez-jacques-bockel\/#primaryimage\"},\"thumbnailUrl\":\"https:\/\/vosgesinfo.fr\/app\/uploads\/sites\/5\/2024\/09\/202002img-9744-scaled.jpg\",\"articleSection\":[\"A la Une\",\"F\u00eates\",\"La Bresse &amp; son canton\",\"Vagney\"],\"inLanguage\":\"fr-FR\",\"potentialAction\":[{\"@type\":\"CommentAction\",\"name\":\"Comment\",\"target\":[\"https:\/\/vosgesinfo.fr\/remiremontinfo\/2020\/02\/vagney-chocolats-18-saint-valentin-chez-jacques-bockel\/#respond\"]}]},{\"@type\":\"WebPage\",\"@id\":\"https:\/\/vosgesinfo.fr\/remiremontinfo\/2020\/02\/vagney-chocolats-18-saint-valentin-chez-jacques-bockel\/\",\"url\":\"https:\/\/vosgesinfo.fr\/remiremontinfo\/2020\/02\/vagney-chocolats-18-saint-valentin-chez-jacques-bockel\/\",\"name\":\"Vagney : des chocolats \u00ab -18 \u00bb pour la Saint-Valentin chez Jacques Bockel - Remiremont Info\",\"isPartOf\":{\"@id\":\"https:\/\/vosgesinfo.fr\/remiremontinfo\/#website\"},\"primaryImageOfPage\":{\"@id\":\"https:\/\/vosgesinfo.fr\/remiremontinfo\/2020\/02\/vagney-chocolats-18-saint-valentin-chez-jacques-bockel\/#primaryimage\"},\"image\":{\"@id\":\"https:\/\/vosgesinfo.fr\/remiremontinfo\/2020\/02\/vagney-chocolats-18-saint-valentin-chez-jacques-bockel\/#primaryimage\"},\"thumbnailUrl\":\"https:\/\/vosgesinfo.fr\/app\/uploads\/sites\/5\/2024\/09\/202002img-9744-scaled.jpg\",\"datePublished\":\"2020-02-13T07:31:12+00:00\",\"dateModified\":\"2020-02-13T07:31:12+00:00\",\"breadcrumb\":{\"@id\":\"https:\/\/vosgesinfo.fr\/remiremontinfo\/2020\/02\/vagney-chocolats-18-saint-valentin-chez-jacques-bockel\/#breadcrumb\"},\"inLanguage\":\"fr-FR\",\"potentialAction\":[{\"@type\":\"ReadAction\",\"target\":[\"https:\/\/vosgesinfo.fr\/remiremontinfo\/2020\/02\/vagney-chocolats-18-saint-valentin-chez-jacques-bockel\/\"]}]},{\"@type\":\"ImageObject\",\"inLanguage\":\"fr-FR\",\"@id\":\"https:\/\/vosgesinfo.fr\/remiremontinfo\/2020\/02\/vagney-chocolats-18-saint-valentin-chez-jacques-bockel\/#primaryimage\",\"url\":\"https:\/\/vosgesinfo.fr\/app\/uploads\/sites\/5\/2024\/09\/202002img-9744-scaled.jpg\",\"contentUrl\":\"https:\/\/vosgesinfo.fr\/app\/uploads\/sites\/5\/2024\/09\/202002img-9744-scaled.jpg\",\"width\":2560,\"height\":1920},{\"@type\":\"BreadcrumbList\",\"@id\":\"https:\/\/vosgesinfo.fr\/remiremontinfo\/2020\/02\/vagney-chocolats-18-saint-valentin-chez-jacques-bockel\/#breadcrumb\",\"itemListElement\":[{\"@type\":\"ListItem\",\"position\":1,\"name\":\"Home\",\"item\":\"https:\/\/vosgesinfo.fr\/remiremontinfo\/\"},{\"@type\":\"ListItem\",\"position\":2,\"name\":\"Vagney : des chocolats \u00ab -18 \u00bb pour la Saint-Valentin chez Jacques Bockel\"}]},{\"@type\":\"WebSite\",\"@id\":\"https:\/\/vosgesinfo.fr\/remiremontinfo\/#website\",\"url\":\"https:\/\/vosgesinfo.fr\/remiremontinfo\/\",\"name\":\"Remiremont Info\",\"description\":\"Toute l&#039;actualit\u00e9 de Remiremont\",\"publisher\":{\"@id\":\"https:\/\/vosgesinfo.fr\/remiremontinfo\/#organization\"},\"alternateName\":\"Toute l'actualit\u00e9 de Remiremont\",\"potentialAction\":[{\"@type\":\"SearchAction\",\"target\":{\"@type\":\"EntryPoint\",\"urlTemplate\":\"https:\/\/vosgesinfo.fr\/remiremontinfo\/?s={search_term_string}\"},\"query-input\":\"required name=search_term_string\"}],\"inLanguage\":\"fr-FR\"},{\"@type\":\"Organization\",\"@id\":\"https:\/\/vosgesinfo.fr\/remiremontinfo\/#organization\",\"name\":\"Remiremont Info\",\"url\":\"https:\/\/vosgesinfo.fr\/remiremontinfo\/\",\"logo\":{\"@type\":\"ImageObject\",\"inLanguage\":\"fr-FR\",\"@id\":\"https:\/\/vosgesinfo.fr\/remiremontinfo\/#\/schema\/logo\/image\/\",\"url\":\"https:\/\/vosgesinfo.fr\/app\/uploads\/sites\/5\/2023\/08\/favicon-remiremontinfo.png\",\"contentUrl\":\"https:\/\/vosgesinfo.fr\/app\/uploads\/sites\/5\/2023\/08\/favicon-remiremontinfo.png\",\"width\":512,\"height\":512,\"caption\":\"Remiremont Info\"},\"image\":{\"@id\":\"https:\/\/vosgesinfo.fr\/remiremontinfo\/#\/schema\/logo\/image\/\"},\"sameAs\":[\"https:\/\/www.facebook.com\/remiremontinfo\",\"https:\/\/x.com\/VosgesInfo88\",\"https:\/\/www.youtube.com\/@vosgesinfo\"]},{\"@type\":\"Person\",\"@id\":\"https:\/\/vosgesinfo.fr\/remiremontinfo\/#\/schema\/person\/3bfd164d5218a185b1db68655a265316\",\"name\":\"C D\",\"image\":{\"@type\":\"ImageObject\",\"inLanguage\":\"fr-FR\",\"@id\":\"https:\/\/vosgesinfo.fr\/remiremontinfo\/#\/schema\/person\/image\/\",\"url\":\"https:\/\/secure.gravatar.com\/avatar\/1f9a70007336511a47468b8f1c66f922b8b7cf617b02a31149ada43893a5d48f?s=96&d=mm&r=g\",\"contentUrl\":\"https:\/\/secure.gravatar.com\/avatar\/1f9a70007336511a47468b8f1c66f922b8b7cf617b02a31149ada43893a5d48f?s=96&d=mm&r=g\",\"caption\":\"C D\"},\"url\":\"https:\/\/vosgesinfo.fr\/remiremontinfo\/author\/cedric-drevet\/\"}]}<\/script>\n<!-- \/ Yoast SEO plugin. -->","yoast_head_json":{"title":"Vagney : des chocolats \u00ab -18 \u00bb pour la Saint-Valentin chez Jacques Bockel - Remiremont Info","robots":{"index":"index","follow":"follow","max-snippet":"max-snippet:-1","max-image-preview":"max-image-preview:large","max-video-preview":"max-video-preview:-1"},"canonical":"https:\/\/vosgesinfo.fr\/remiremontinfo\/2020\/02\/vagney-chocolats-18-saint-valentin-chez-jacques-bockel\/","twitter_card":"summary_large_image","twitter_title":"Vagney : des chocolats \u00ab -18 \u00bb pour la Saint-Valentin chez Jacques Bockel - Remiremont Info","twitter_description":"Vendredi, c&rsquo;est la Saint-Valentin, et pour l&rsquo;occasion, la chocolaterie Bockel, situ\u00e9e pr\u00e8s du supermarch\u00e9 Super U \u00e0 Vagney, pr\u00e9sente des [&hellip;]","twitter_image":"https:\/\/vosgesinfo.fr\/app\/uploads\/sites\/5\/2024\/09\/202002img-9744-scaled.jpg","twitter_creator":"@VosgesInfo88","twitter_site":"@VosgesInfo88","twitter_misc":{"\u00c9crit par":"C D"},"schema":{"@context":"https:\/\/schema.org","@graph":[{"@type":"Article","@id":"https:\/\/vosgesinfo.fr\/remiremontinfo\/2020\/02\/vagney-chocolats-18-saint-valentin-chez-jacques-bockel\/#article","isPartOf":{"@id":"https:\/\/vosgesinfo.fr\/remiremontinfo\/2020\/02\/vagney-chocolats-18-saint-valentin-chez-jacques-bockel\/"},"author":{"name":"C D","@id":"https:\/\/vosgesinfo.fr\/remiremontinfo\/#\/schema\/person\/3bfd164d5218a185b1db68655a265316"},"headline":"Vagney : des chocolats \u00ab -18 \u00bb pour la Saint-Valentin chez Jacques Bockel","datePublished":"2020-02-13T07:31:12+00:00","dateModified":"2020-02-13T07:31:12+00:00","mainEntityOfPage":{"@id":"https:\/\/vosgesinfo.fr\/remiremontinfo\/2020\/02\/vagney-chocolats-18-saint-valentin-chez-jacques-bockel\/"},"wordCount":98,"commentCount":0,"publisher":{"@id":"https:\/\/vosgesinfo.fr\/remiremontinfo\/#organization"},"image":{"@id":"https:\/\/vosgesinfo.fr\/remiremontinfo\/2020\/02\/vagney-chocolats-18-saint-valentin-chez-jacques-bockel\/#primaryimage"},"thumbnailUrl":"https:\/\/vosgesinfo.fr\/app\/uploads\/sites\/5\/2024\/09\/202002img-9744-scaled.jpg","articleSection":["A la Une","F\u00eates","La Bresse &amp; son canton","Vagney"],"inLanguage":"fr-FR","potentialAction":[{"@type":"CommentAction","name":"Comment","target":["https:\/\/vosgesinfo.fr\/remiremontinfo\/2020\/02\/vagney-chocolats-18-saint-valentin-chez-jacques-bockel\/#respond"]}]},{"@type":"WebPage","@id":"https:\/\/vosgesinfo.fr\/remiremontinfo\/2020\/02\/vagney-chocolats-18-saint-valentin-chez-jacques-bockel\/","url":"https:\/\/vosgesinfo.fr\/remiremontinfo\/2020\/02\/vagney-chocolats-18-saint-valentin-chez-jacques-bockel\/","name":"Vagney : des chocolats \u00ab -18 \u00bb pour la Saint-Valentin chez Jacques Bockel - Remiremont Info","isPartOf":{"@id":"https:\/\/vosgesinfo.fr\/remiremontinfo\/#website"},"primaryImageOfPage":{"@id":"https:\/\/vosgesinfo.fr\/remiremontinfo\/2020\/02\/vagney-chocolats-18-saint-valentin-chez-jacques-bockel\/#primaryimage"},"image":{"@id":"https:\/\/vosgesinfo.fr\/remiremontinfo\/2020\/02\/vagney-chocolats-18-saint-valentin-chez-jacques-bockel\/#primaryimage"},"thumbnailUrl":"https:\/\/vosgesinfo.fr\/app\/uploads\/sites\/5\/2024\/09\/202002img-9744-scaled.jpg","datePublished":"2020-02-13T07:31:12+00:00","dateModified":"2020-02-13T07:31:12+00:00","breadcrumb":{"@id":"https:\/\/vosgesinfo.fr\/remiremontinfo\/2020\/02\/vagney-chocolats-18-saint-valentin-chez-jacques-bockel\/#breadcrumb"},"inLanguage":"fr-FR","potentialAction":[{"@type":"ReadAction","target":["https:\/\/vosgesinfo.fr\/remiremontinfo\/2020\/02\/vagney-chocolats-18-saint-valentin-chez-jacques-bockel\/"]}]},{"@type":"ImageObject","inLanguage":"fr-FR","@id":"https:\/\/vosgesinfo.fr\/remiremontinfo\/2020\/02\/vagney-chocolats-18-saint-valentin-chez-jacques-bockel\/#primaryimage","url":"https:\/\/vosgesinfo.fr\/app\/uploads\/sites\/5\/2024\/09\/202002img-9744-scaled.jpg","contentUrl":"https:\/\/vosgesinfo.fr\/app\/uploads\/sites\/5\/2024\/09\/202002img-9744-scaled.jpg","width":2560,"height":1920},{"@type":"BreadcrumbList","@id":"https:\/\/vosgesinfo.fr\/remiremontinfo\/2020\/02\/vagney-chocolats-18-saint-valentin-chez-jacques-bockel\/#breadcrumb","itemListElement":[{"@type":"ListItem","position":1,"name":"Home","item":"https:\/\/vosgesinfo.fr\/remiremontinfo\/"},{"@type":"ListItem","position":2,"name":"Vagney : des chocolats \u00ab -18 \u00bb pour la Saint-Valentin chez Jacques Bockel"}]},{"@type":"WebSite","@id":"https:\/\/vosgesinfo.fr\/remiremontinfo\/#website","url":"https:\/\/vosgesinfo.fr\/remiremontinfo\/","name":"Remiremont Info","description":"Toute l&#039;actualit\u00e9 de Remiremont","publisher":{"@id":"https:\/\/vosgesinfo.fr\/remiremontinfo\/#organization"},"alternateName":"Toute l'actualit\u00e9 de Remiremont","potentialAction":[{"@type":"SearchAction","target":{"@type":"EntryPoint","urlTemplate":"https:\/\/vosgesinfo.fr\/remiremontinfo\/?s={search_term_string}"},"query-input":"required name=search_term_string"}],"inLanguage":"fr-FR"},{"@type":"Organization","@id":"https:\/\/vosgesinfo.fr\/remiremontinfo\/#organization","name":"Remiremont Info","url":"https:\/\/vosgesinfo.fr\/remiremontinfo\/","logo":{"@type":"ImageObject","inLanguage":"fr-FR","@id":"https:\/\/vosgesinfo.fr\/remiremontinfo\/#\/schema\/logo\/image\/","url":"https:\/\/vosgesinfo.fr\/app\/uploads\/sites\/5\/2023\/08\/favicon-remiremontinfo.png","contentUrl":"https:\/\/vosgesinfo.fr\/app\/uploads\/sites\/5\/2023\/08\/favicon-remiremontinfo.png","width":512,"height":512,"caption":"Remiremont Info"},"image":{"@id":"https:\/\/vosgesinfo.fr\/remiremontinfo\/#\/schema\/logo\/image\/"},"sameAs":["https:\/\/www.facebook.com\/remiremontinfo","https:\/\/x.com\/VosgesInfo88","https:\/\/www.youtube.com\/@vosgesinfo"]},{"@type":"Person","@id":"https:\/\/vosgesinfo.fr\/remiremontinfo\/#\/schema\/person\/3bfd164d5218a185b1db68655a265316","name":"C D","image":{"@type":"ImageObject","inLanguage":"fr-FR","@id":"https:\/\/vosgesinfo.fr\/remiremontinfo\/#\/schema\/person\/image\/","url":"https:\/\/secure.gravatar.com\/avatar\/1f9a70007336511a47468b8f1c66f922b8b7cf617b02a31149ada43893a5d48f?s=96&d=mm&r=g","contentUrl":"https:\/\/secure.gravatar.com\/avatar\/1f9a70007336511a47468b8f1c66f922b8b7cf617b02a31149ada43893a5d48f?s=96&d=mm&r=g","caption":"C D"},"url":"https:\/\/vosgesinfo.fr\/remiremontinfo\/author\/cedric-drevet\/"}]}},"_links":{"self":[{"href":"https:\/\/vosgesinfo.fr\/remiremontinfo\/wp-json\/wp\/v2\/posts\/25339","targetHints":{"allow":["GET"]}}],"collection":[{"href":"https:\/\/vosgesinfo.fr\/remiremontinfo\/wp-json\/wp\/v2\/posts"}],"about":[{"href":"https:\/\/vosgesinfo.fr\/remiremontinfo\/wp-json\/wp\/v2\/types\/post"}],"author":[{"embeddable":true,"href":"https:\/\/vosgesinfo.fr\/remiremontinfo\/wp-json\/wp\/v2\/users\/407"}],"replies":[{"embeddable":true,"href":"https:\/\/vosgesinfo.fr\/remiremontinfo\/wp-json\/wp\/v2\/comments?post=25339"}],"version-history":[{"count":0,"href":"https:\/\/vosgesinfo.fr\/remiremontinfo\/wp-json\/wp\/v2\/posts\/25339\/revisions"}],"wp:featuredmedia":[{"embeddable":true,"href":"https:\/\/vosgesinfo.fr\/remiremontinfo\/wp-json\/wp\/v2\/media\/25340"}],"wp:attachment":[{"href":"https:\/\/vosgesinfo.fr\/remiremontinfo\/wp-json\/wp\/v2\/media?parent=25339"}],"wp:term":[{"taxonomy":"category","embeddable":true,"href":"https:\/\/vosgesinfo.fr\/remiremontinfo\/wp-json\/wp\/v2\/categories?post=25339"},{"taxonomy":"post_tag","embeddable":true,"href":"https:\/\/vosgesinfo.fr\/remiremontinfo\/wp-json\/wp\/v2\/tags?post=25339"}],"curies":[{"name":"wp","href":"https:\/\/api.w.org\/{rel}","templated":true}]}}