{"id":25361,"date":"2020-02-13T12:33:42","date_gmt":"2020-02-13T11:33:42","guid":{"rendered":"https:\/\/vosgesinfo.fr\/remiremontinfo\/2020\/02\/salon-de-lagriculture-48-produits-vosgiens-concours-general\/"},"modified":"2020-02-13T12:33:42","modified_gmt":"2020-02-13T11:33:42","slug":"salon-de-lagriculture-48-produits-vosgiens-concours-general","status":"publish","type":"post","link":"https:\/\/vosgesinfo.fr\/remiremontinfo\/2020\/02\/salon-de-lagriculture-48-produits-vosgiens-concours-general\/","title":{"rendered":"Salon de l\u2019Agriculture : 48 produits vosgiens au concours g\u00e9n\u00e9ral !"},"content":{"rendered":"<h2 class=\"p1\"><a href=\"\/2020\/02\/IMG_9885.jpg\"><img decoding=\"async\" class=\"alignnone size-large wp-image-282508\" src=\"\/2020\/02\/IMG_9885-1024x831.jpg\" alt=\"IMG_9885\" width=\"960\" height=\"779\" \/><\/a><\/h2>\n<h2 class=\"p1\"><span style=\"font-size: 12pt;\"><strong><span class=\"s1\">Ce jeudi matin au Tholy, dans la boutique de la charcuterie Pierrat, des producteurs vosgiens sont venus pr\u00e9senter les produits qu\u2019ils vont exposer au Salon de l\u2019Agriculture. \u00c9leveurs, artisans fromagers, charcutiers, boulangers, confituriers\u2026 tous entendent porter les couleurs du d\u00e9partement en participant \u00e0 la plus grande ferme de France<br \/>\n<\/span><\/strong><\/span><\/h2>\n<p class=\"p1\"><span class=\"s1\">Le Salon de l\u2019Agriculture, c\u2019est du 22 f\u00e9vrier au 1er mars \u00e0 Paris ! Les \u00e9levages de vaches, chevaux, chiens vont \u00eatre \u00e0 l\u2019honneur. Cette ann\u00e9e, comme une ann\u00e9e sur trois, aura lieu le concours consacr\u00e9 \u00e0 la race vosgienne, un \u00e9v\u00e9nement tr\u00e8s attendu par les \u00e9leveurs. <em>\u00ab\u00a0Le Salon de l\u2019Agriculture, c\u2019est une rencontre avec les fran\u00e7ais\u00a0\u00bb<\/em> affirme J\u00e9r\u00f4me Mathieu, pr\u00e9sident de la Chambre d\u2019Agriculture des Vosges, <em>\u00ab\u00a0\u00e7a participe \u00e0 l\u2019attractivit\u00e9 de notre territoire\u00a0\u00bb<\/em>. 18 entreprises d\u00e9partementales seront pr\u00e9sentes et 48 produits pr\u00e9sent\u00e9s au concours g\u00e9n\u00e9ral des produits. <em>\u00ab\u00a0Le logo du concours g\u00e9n\u00e9ral appliqu\u00e9 sur le produit, c\u2019est un gage de qualit\u00e9, un v\u00e9ritable label \u00bb.<\/em><\/span><\/p>\n<p class=\"p1\"><span class=\"s1\">Pour la premi\u00e8re fois, un espace commun r\u00e9serv\u00e9 aux Vosges d&rsquo;une superficie de\u00a0 30m2\u00a0va \u00eatre mis \u00e0 disposition.<em> \u00ab\u00a0 Ce stand permettra de faire conna\u00eetre les atouts et savoir faire vosgiens\u00a0\u00bb<\/em>, explique Fran\u00e7ois Vannson, pr\u00e9sident du Conseil D\u00e9partemental des Vosges. <em>\u00ab\u00a0Une vitrine de notre beau terroir\u00a0\u00bb<\/em>, au c\u0153ur de \u00ab\u00a0la plus grande ferme de France\u00a0\u00bb. L\u2019occasion aussi pour lancer un nouveau label : <em>\u00ab\u00a0Je vois la vie en Vosges terroir\u00a0\u00bb<\/em>. St\u00e9phanie Pierrat, directrice de l\u2019entreprise du m\u00eame nom, entend bien <em>\u00ab\u00a0Mettre en avant nos produits, nos valeurs\u00a0(\u2026)\u00a0On a une r\u00e9gion extr\u00eamement riche\u00a0\u00bb<\/em>. L\u2019\u00e9v\u00e9nement est devenu pour la soci\u00e9t\u00e9 bas\u00e9e au Rain-Brice sur la commune de La Tholy une habitude : <em>\u00ab\u00a0C\u2019est notre 20\u00e8me participation au Salon de l\u2019Agriculture.\u00a0A chaque fois c\u2019est un vrai challenge\u00a0\u00bb<\/em><\/span><\/p>\n<h3 class=\"p1\"><span style=\"font-size: 12pt;\"><strong><span class=\"s1\">Un fromage g\u00e9ant de 20 kg !<\/span><\/strong><\/span><\/h3>\n<p class=\"p1\"><span class=\"s1\">Jean-Marie Claudepierre, fondateur de la Confiserie des Haute-Vosges, confirme l\u2019importance du Salon pour les producteurs locaux et s&rsquo;impose comme une v\u00e9ritable image des Vosges. Beaucoup de visiteurs lui affirment en effet : <em>\u00ab\u00a0On vous a connu \u00e0 Paris, au Salon de l\u2019Agriculture\u00a0\u00bb<\/em>. La Fromagerie de l\u2019Ermitage, pr\u00e9sente sur l\u2019\u00e9v\u00e9nement depuis plus de 20 ans, pr\u00e9sentera le nouveau \u00ab\u00a0Fleur des Sources\u00a0\u00bb, un fromage \u00e0 p\u00e2te molle \u00e0 cro\u00fbte lav\u00e9e, nomm\u00e9 ainsi en hommage aux villes d\u2019eau. Un fromage doux, au go\u00fbt frais et consensuel. Pour l\u2019occasion, la fromagerie pr\u00e9pare une version g\u00e9ante de ce produit : 20 kg ! Sa fabrication n\u00e9cessite 126 litres de lait, 10 jours d\u2019affinage<em> \u00ab\u00a0et beaucoup d\u2019amour\u00a0\u00bb <\/em>confirme Charline Prunier, adjointe \u00e0 la direction Marketing. <\/span><\/p>\n<p class=\"p1\"><span class=\"s1\">L\u2019entreprise Pinot sera pr\u00e9sente pour cette nouvelle \u00e9dition. La fameuse boulangerie-p\u00e2tisserie compte 5 magasins, et embauche quelques 60 salari\u00e9s. Trois produits \u00ab\u00a0Vosges terroir\u00a0\u00bb seront \u00e0 d\u00e9couvrir pour les visiteurs : le p\u00e2t\u00e9 lorrain, le mira-d\u00e9lice, une p\u00e2tisserie \u00e0 la mirabelle et le d\u00e9lice myrtille, aux myrtilles sauvages.<span class=\"Apple-converted-space\">\u00a0 On retrouvera \u00e9galement sur les bords de seine, plus exactement Porte de Versailles, la br<\/span>asserie romarimontaine : \u00ab\u00a0Marie-Th\u00e9r\u00e8se\u00a0\u00bb sera \u00e9galement de la partie ! Une bi\u00e8re blonde purement artisanale brass\u00e9e au sein de la montagne vosgienne. Elle tire son nom de l\u2019eau fra\u00eeche de la source qui sert \u00e0 sa fabrication. L\u2019entreprise pr\u00e9sentera sa gamme de boissons : blonde, ambr\u00e9e, brune, ou insolite. \u00ab\u00a0Qualit\u00e9, Authenticit\u00e9, Personnalit\u00e9\u00a0\u00bb sont les ma\u00eetres mots de ces \u00ab\u00a0Bi\u00e8res \u00e9lev\u00e9es comme des grands crus\u00a0\u00bb !<\/span><\/p>\n<p class=\"p1\">Pour la suite \u00e0 donner \u00e0 cette pr\u00e9sentation, il n&rsquo;y a plus qu&rsquo;\u00e0&#8230; Se d\u00e9placer et profiter de l&rsquo;instant pr\u00e9sent. Quand les Vosges montent \u00e0 Panam !<\/p>\n\n","protected":false},"excerpt":{"rendered":"<p>Ce jeudi matin au Tholy, dans la boutique de la charcuterie Pierrat, des producteurs vosgiens sont venus pr\u00e9senter les produits [&hellip;]<\/p>\n","protected":false},"author":407,"featured_media":0,"comment_status":"open","ping_status":"open","sticky":false,"template":"","format":"standard","meta":{"footnotes":""},"categories":[26,47,18],"tags":[],"class_list":["post-25361","post","type-post","status-publish","format-standard","hentry","category-a-la-une","category-agriculture","category-vosges"],"acf":[],"yoast_head":"<!-- This site is optimized with the Yoast SEO plugin v22.5 - https:\/\/yoast.com\/wordpress\/plugins\/seo\/ -->\n<title>Salon de l\u2019Agriculture : 48 produits vosgiens au concours g\u00e9n\u00e9ral ! - Remiremont Info<\/title>\n<meta name=\"robots\" content=\"index, follow, max-snippet:-1, max-image-preview:large, max-video-preview:-1\" \/>\n<link rel=\"canonical\" href=\"https:\/\/vosgesinfo.fr\/remiremontinfo\/2020\/02\/salon-de-lagriculture-48-produits-vosgiens-concours-general\/\" \/>\n<meta name=\"twitter:card\" content=\"summary_large_image\" \/>\n<meta name=\"twitter:title\" content=\"Salon de l\u2019Agriculture : 48 produits vosgiens au concours g\u00e9n\u00e9ral ! - Remiremont Info\" \/>\n<meta name=\"twitter:description\" content=\"Ce jeudi matin au Tholy, dans la boutique de la charcuterie Pierrat, des producteurs vosgiens sont venus pr\u00e9senter les produits [&hellip;]\" \/>\n<meta name=\"twitter:creator\" content=\"@VosgesInfo88\" \/>\n<meta name=\"twitter:site\" content=\"@VosgesInfo88\" \/>\n<meta name=\"twitter:label1\" content=\"\u00c9crit par\" \/>\n\t<meta name=\"twitter:data1\" content=\"C D\" \/>\n\t<meta name=\"twitter:label2\" content=\"Dur\u00e9e de lecture estim\u00e9e\" \/>\n\t<meta name=\"twitter:data2\" content=\"3 minutes\" \/>\n<script type=\"application\/ld+json\" class=\"yoast-schema-graph\">{\"@context\":\"https:\/\/schema.org\",\"@graph\":[{\"@type\":\"Article\",\"@id\":\"https:\/\/vosgesinfo.fr\/remiremontinfo\/2020\/02\/salon-de-lagriculture-48-produits-vosgiens-concours-general\/#article\",\"isPartOf\":{\"@id\":\"https:\/\/vosgesinfo.fr\/remiremontinfo\/2020\/02\/salon-de-lagriculture-48-produits-vosgiens-concours-general\/\"},\"author\":{\"name\":\"C D\",\"@id\":\"https:\/\/vosgesinfo.fr\/remiremontinfo\/#\/schema\/person\/3bfd164d5218a185b1db68655a265316\"},\"headline\":\"Salon de l\u2019Agriculture : 48 produits vosgiens au concours g\u00e9n\u00e9ral !\",\"datePublished\":\"2020-02-13T11:33:42+00:00\",\"dateModified\":\"2020-02-13T11:33:42+00:00\",\"mainEntityOfPage\":{\"@id\":\"https:\/\/vosgesinfo.fr\/remiremontinfo\/2020\/02\/salon-de-lagriculture-48-produits-vosgiens-concours-general\/\"},\"wordCount\":637,\"commentCount\":0,\"publisher\":{\"@id\":\"https:\/\/vosgesinfo.fr\/remiremontinfo\/#organization\"},\"articleSection\":[\"A la Une\",\"Agriculture\",\"Vosges\"],\"inLanguage\":\"fr-FR\",\"potentialAction\":[{\"@type\":\"CommentAction\",\"name\":\"Comment\",\"target\":[\"https:\/\/vosgesinfo.fr\/remiremontinfo\/2020\/02\/salon-de-lagriculture-48-produits-vosgiens-concours-general\/#respond\"]}]},{\"@type\":\"WebPage\",\"@id\":\"https:\/\/vosgesinfo.fr\/remiremontinfo\/2020\/02\/salon-de-lagriculture-48-produits-vosgiens-concours-general\/\",\"url\":\"https:\/\/vosgesinfo.fr\/remiremontinfo\/2020\/02\/salon-de-lagriculture-48-produits-vosgiens-concours-general\/\",\"name\":\"Salon de l\u2019Agriculture : 48 produits vosgiens au concours g\u00e9n\u00e9ral ! - Remiremont Info\",\"isPartOf\":{\"@id\":\"https:\/\/vosgesinfo.fr\/remiremontinfo\/#website\"},\"datePublished\":\"2020-02-13T11:33:42+00:00\",\"dateModified\":\"2020-02-13T11:33:42+00:00\",\"breadcrumb\":{\"@id\":\"https:\/\/vosgesinfo.fr\/remiremontinfo\/2020\/02\/salon-de-lagriculture-48-produits-vosgiens-concours-general\/#breadcrumb\"},\"inLanguage\":\"fr-FR\",\"potentialAction\":[{\"@type\":\"ReadAction\",\"target\":[\"https:\/\/vosgesinfo.fr\/remiremontinfo\/2020\/02\/salon-de-lagriculture-48-produits-vosgiens-concours-general\/\"]}]},{\"@type\":\"BreadcrumbList\",\"@id\":\"https:\/\/vosgesinfo.fr\/remiremontinfo\/2020\/02\/salon-de-lagriculture-48-produits-vosgiens-concours-general\/#breadcrumb\",\"itemListElement\":[{\"@type\":\"ListItem\",\"position\":1,\"name\":\"Home\",\"item\":\"https:\/\/vosgesinfo.fr\/remiremontinfo\/\"},{\"@type\":\"ListItem\",\"position\":2,\"name\":\"Salon de l\u2019Agriculture : 48 produits vosgiens au concours g\u00e9n\u00e9ral !\"}]},{\"@type\":\"WebSite\",\"@id\":\"https:\/\/vosgesinfo.fr\/remiremontinfo\/#website\",\"url\":\"https:\/\/vosgesinfo.fr\/remiremontinfo\/\",\"name\":\"Remiremont Info\",\"description\":\"Toute l&#039;actualit\u00e9 de Remiremont\",\"publisher\":{\"@id\":\"https:\/\/vosgesinfo.fr\/remiremontinfo\/#organization\"},\"alternateName\":\"Toute l'actualit\u00e9 de Remiremont\",\"potentialAction\":[{\"@type\":\"SearchAction\",\"target\":{\"@type\":\"EntryPoint\",\"urlTemplate\":\"https:\/\/vosgesinfo.fr\/remiremontinfo\/?s={search_term_string}\"},\"query-input\":\"required name=search_term_string\"}],\"inLanguage\":\"fr-FR\"},{\"@type\":\"Organization\",\"@id\":\"https:\/\/vosgesinfo.fr\/remiremontinfo\/#organization\",\"name\":\"Remiremont Info\",\"url\":\"https:\/\/vosgesinfo.fr\/remiremontinfo\/\",\"logo\":{\"@type\":\"ImageObject\",\"inLanguage\":\"fr-FR\",\"@id\":\"https:\/\/vosgesinfo.fr\/remiremontinfo\/#\/schema\/logo\/image\/\",\"url\":\"https:\/\/vosgesinfo.fr\/app\/uploads\/sites\/5\/2023\/08\/favicon-remiremontinfo.png\",\"contentUrl\":\"https:\/\/vosgesinfo.fr\/app\/uploads\/sites\/5\/2023\/08\/favicon-remiremontinfo.png\",\"width\":512,\"height\":512,\"caption\":\"Remiremont Info\"},\"image\":{\"@id\":\"https:\/\/vosgesinfo.fr\/remiremontinfo\/#\/schema\/logo\/image\/\"},\"sameAs\":[\"https:\/\/www.facebook.com\/remiremontinfo\",\"https:\/\/x.com\/VosgesInfo88\",\"https:\/\/www.youtube.com\/@vosgesinfo\"]},{\"@type\":\"Person\",\"@id\":\"https:\/\/vosgesinfo.fr\/remiremontinfo\/#\/schema\/person\/3bfd164d5218a185b1db68655a265316\",\"name\":\"C D\",\"image\":{\"@type\":\"ImageObject\",\"inLanguage\":\"fr-FR\",\"@id\":\"https:\/\/vosgesinfo.fr\/remiremontinfo\/#\/schema\/person\/image\/\",\"url\":\"https:\/\/secure.gravatar.com\/avatar\/1f9a70007336511a47468b8f1c66f922b8b7cf617b02a31149ada43893a5d48f?s=96&d=mm&r=g\",\"contentUrl\":\"https:\/\/secure.gravatar.com\/avatar\/1f9a70007336511a47468b8f1c66f922b8b7cf617b02a31149ada43893a5d48f?s=96&d=mm&r=g\",\"caption\":\"C D\"},\"url\":\"https:\/\/vosgesinfo.fr\/remiremontinfo\/author\/cedric-drevet\/\"}]}<\/script>\n<!-- \/ Yoast SEO plugin. -->","yoast_head_json":{"title":"Salon de l\u2019Agriculture : 48 produits vosgiens au concours g\u00e9n\u00e9ral ! - Remiremont Info","robots":{"index":"index","follow":"follow","max-snippet":"max-snippet:-1","max-image-preview":"max-image-preview:large","max-video-preview":"max-video-preview:-1"},"canonical":"https:\/\/vosgesinfo.fr\/remiremontinfo\/2020\/02\/salon-de-lagriculture-48-produits-vosgiens-concours-general\/","twitter_card":"summary_large_image","twitter_title":"Salon de l\u2019Agriculture : 48 produits vosgiens au concours g\u00e9n\u00e9ral ! - Remiremont Info","twitter_description":"Ce jeudi matin au Tholy, dans la boutique de la charcuterie Pierrat, des producteurs vosgiens sont venus pr\u00e9senter les produits [&hellip;]","twitter_creator":"@VosgesInfo88","twitter_site":"@VosgesInfo88","twitter_misc":{"\u00c9crit par":"C D","Dur\u00e9e de lecture estim\u00e9e":"3 minutes"},"schema":{"@context":"https:\/\/schema.org","@graph":[{"@type":"Article","@id":"https:\/\/vosgesinfo.fr\/remiremontinfo\/2020\/02\/salon-de-lagriculture-48-produits-vosgiens-concours-general\/#article","isPartOf":{"@id":"https:\/\/vosgesinfo.fr\/remiremontinfo\/2020\/02\/salon-de-lagriculture-48-produits-vosgiens-concours-general\/"},"author":{"name":"C D","@id":"https:\/\/vosgesinfo.fr\/remiremontinfo\/#\/schema\/person\/3bfd164d5218a185b1db68655a265316"},"headline":"Salon de l\u2019Agriculture : 48 produits vosgiens au concours g\u00e9n\u00e9ral !","datePublished":"2020-02-13T11:33:42+00:00","dateModified":"2020-02-13T11:33:42+00:00","mainEntityOfPage":{"@id":"https:\/\/vosgesinfo.fr\/remiremontinfo\/2020\/02\/salon-de-lagriculture-48-produits-vosgiens-concours-general\/"},"wordCount":637,"commentCount":0,"publisher":{"@id":"https:\/\/vosgesinfo.fr\/remiremontinfo\/#organization"},"articleSection":["A la Une","Agriculture","Vosges"],"inLanguage":"fr-FR","potentialAction":[{"@type":"CommentAction","name":"Comment","target":["https:\/\/vosgesinfo.fr\/remiremontinfo\/2020\/02\/salon-de-lagriculture-48-produits-vosgiens-concours-general\/#respond"]}]},{"@type":"WebPage","@id":"https:\/\/vosgesinfo.fr\/remiremontinfo\/2020\/02\/salon-de-lagriculture-48-produits-vosgiens-concours-general\/","url":"https:\/\/vosgesinfo.fr\/remiremontinfo\/2020\/02\/salon-de-lagriculture-48-produits-vosgiens-concours-general\/","name":"Salon de l\u2019Agriculture : 48 produits vosgiens au concours g\u00e9n\u00e9ral ! - Remiremont Info","isPartOf":{"@id":"https:\/\/vosgesinfo.fr\/remiremontinfo\/#website"},"datePublished":"2020-02-13T11:33:42+00:00","dateModified":"2020-02-13T11:33:42+00:00","breadcrumb":{"@id":"https:\/\/vosgesinfo.fr\/remiremontinfo\/2020\/02\/salon-de-lagriculture-48-produits-vosgiens-concours-general\/#breadcrumb"},"inLanguage":"fr-FR","potentialAction":[{"@type":"ReadAction","target":["https:\/\/vosgesinfo.fr\/remiremontinfo\/2020\/02\/salon-de-lagriculture-48-produits-vosgiens-concours-general\/"]}]},{"@type":"BreadcrumbList","@id":"https:\/\/vosgesinfo.fr\/remiremontinfo\/2020\/02\/salon-de-lagriculture-48-produits-vosgiens-concours-general\/#breadcrumb","itemListElement":[{"@type":"ListItem","position":1,"name":"Home","item":"https:\/\/vosgesinfo.fr\/remiremontinfo\/"},{"@type":"ListItem","position":2,"name":"Salon de l\u2019Agriculture : 48 produits vosgiens au concours g\u00e9n\u00e9ral !"}]},{"@type":"WebSite","@id":"https:\/\/vosgesinfo.fr\/remiremontinfo\/#website","url":"https:\/\/vosgesinfo.fr\/remiremontinfo\/","name":"Remiremont Info","description":"Toute l&#039;actualit\u00e9 de Remiremont","publisher":{"@id":"https:\/\/vosgesinfo.fr\/remiremontinfo\/#organization"},"alternateName":"Toute l'actualit\u00e9 de Remiremont","potentialAction":[{"@type":"SearchAction","target":{"@type":"EntryPoint","urlTemplate":"https:\/\/vosgesinfo.fr\/remiremontinfo\/?s={search_term_string}"},"query-input":"required name=search_term_string"}],"inLanguage":"fr-FR"},{"@type":"Organization","@id":"https:\/\/vosgesinfo.fr\/remiremontinfo\/#organization","name":"Remiremont Info","url":"https:\/\/vosgesinfo.fr\/remiremontinfo\/","logo":{"@type":"ImageObject","inLanguage":"fr-FR","@id":"https:\/\/vosgesinfo.fr\/remiremontinfo\/#\/schema\/logo\/image\/","url":"https:\/\/vosgesinfo.fr\/app\/uploads\/sites\/5\/2023\/08\/favicon-remiremontinfo.png","contentUrl":"https:\/\/vosgesinfo.fr\/app\/uploads\/sites\/5\/2023\/08\/favicon-remiremontinfo.png","width":512,"height":512,"caption":"Remiremont Info"},"image":{"@id":"https:\/\/vosgesinfo.fr\/remiremontinfo\/#\/schema\/logo\/image\/"},"sameAs":["https:\/\/www.facebook.com\/remiremontinfo","https:\/\/x.com\/VosgesInfo88","https:\/\/www.youtube.com\/@vosgesinfo"]},{"@type":"Person","@id":"https:\/\/vosgesinfo.fr\/remiremontinfo\/#\/schema\/person\/3bfd164d5218a185b1db68655a265316","name":"C D","image":{"@type":"ImageObject","inLanguage":"fr-FR","@id":"https:\/\/vosgesinfo.fr\/remiremontinfo\/#\/schema\/person\/image\/","url":"https:\/\/secure.gravatar.com\/avatar\/1f9a70007336511a47468b8f1c66f922b8b7cf617b02a31149ada43893a5d48f?s=96&d=mm&r=g","contentUrl":"https:\/\/secure.gravatar.com\/avatar\/1f9a70007336511a47468b8f1c66f922b8b7cf617b02a31149ada43893a5d48f?s=96&d=mm&r=g","caption":"C D"},"url":"https:\/\/vosgesinfo.fr\/remiremontinfo\/author\/cedric-drevet\/"}]}},"_links":{"self":[{"href":"https:\/\/vosgesinfo.fr\/remiremontinfo\/wp-json\/wp\/v2\/posts\/25361","targetHints":{"allow":["GET"]}}],"collection":[{"href":"https:\/\/vosgesinfo.fr\/remiremontinfo\/wp-json\/wp\/v2\/posts"}],"about":[{"href":"https:\/\/vosgesinfo.fr\/remiremontinfo\/wp-json\/wp\/v2\/types\/post"}],"author":[{"embeddable":true,"href":"https:\/\/vosgesinfo.fr\/remiremontinfo\/wp-json\/wp\/v2\/users\/407"}],"replies":[{"embeddable":true,"href":"https:\/\/vosgesinfo.fr\/remiremontinfo\/wp-json\/wp\/v2\/comments?post=25361"}],"version-history":[{"count":0,"href":"https:\/\/vosgesinfo.fr\/remiremontinfo\/wp-json\/wp\/v2\/posts\/25361\/revisions"}],"wp:attachment":[{"href":"https:\/\/vosgesinfo.fr\/remiremontinfo\/wp-json\/wp\/v2\/media?parent=25361"}],"wp:term":[{"taxonomy":"category","embeddable":true,"href":"https:\/\/vosgesinfo.fr\/remiremontinfo\/wp-json\/wp\/v2\/categories?post=25361"},{"taxonomy":"post_tag","embeddable":true,"href":"https:\/\/vosgesinfo.fr\/remiremontinfo\/wp-json\/wp\/v2\/tags?post=25361"}],"curies":[{"name":"wp","href":"https:\/\/api.w.org\/{rel}","templated":true}]}}