{"id":25789,"date":"2020-02-28T15:19:53","date_gmt":"2020-02-28T14:19:53","guid":{"rendered":"https:\/\/vosgesinfo.fr\/remiremontinfo\/2020\/02\/vosges-lassociation-amis-de-lespoir-recue-prefet\/"},"modified":"2020-02-28T15:19:53","modified_gmt":"2020-02-28T14:19:53","slug":"vosges-lassociation-amis-de-lespoir-recue-prefet","status":"publish","type":"post","link":"https:\/\/vosgesinfo.fr\/remiremontinfo\/2020\/02\/vosges-lassociation-amis-de-lespoir-recue-prefet\/","title":{"rendered":"Vosges \u2013 L\u2019association \u00ab Les Amis de l\u2019Espoir \u00bb re\u00e7ue par le Pr\u00e9fet"},"content":{"rendered":"<p><a href=\"https:\/\/remiremontinfo.fr\/2020\/02\/vosges-lassociation-amis-de-lespoir-recue-prefet\/attachment\/683\/\" rel=\"attachment wp-att-283566\"><img decoding=\"async\" class=\"aligncenter size-large wp-image-283566\" src=\"\/2020\/02\/683-1024x683.jpg\" alt=\"683\" width=\"960\" height=\"640\" \/><\/a><\/p>\n<h2><span style=\"font-size: 14pt;\"><strong>Pierre ORY, Pr\u00e9fet des Vosges, a re\u00e7u aujourd\u2019hui le pr\u00e9sident et des membres de l\u2019association \u00ab\u00a0Les Amis de l\u2019Espoir\u00a0\u00bb, qui r\u00e9unit ses adh\u00e9rents autour des valeurs de solidarit\u00e9 et d\u2019entraide.<\/strong><\/span><\/h2>\n<p>Cette association fond\u00e9e en 2010 permet d\u2019apporter un soutien \u00e0 d\u2019autres associations dans des domaines comme la recherche m\u00e9dicale, la protection de l\u2019enfance, ou encore la r\u00e9alisation de r\u00eaves d\u2019enfants malades. L\u2019occasion pour le pr\u00e9fet de saluer et d\u2019encourager ce remarquable engagement b\u00e9n\u00e9vole.<\/p>\n<p><a href=\"https:\/\/saintdieinfo.fr\/wp-content\/uploads\/2020\/02\/88054736_2332384957057439_53210427139555328_o.jpg\" target=\"_blank\" data-featherlight=\"image\" rel=\"noopener\"><img decoding=\"async\" class=\"aligncenter wp-image-156622 size-large\" src=\"https:\/\/saintdieinfo.fr\/wp-content\/uploads\/2020\/02\/88054736_2332384957057439_53210427139555328_o-1024x683.jpg\" alt=\"88054736_2332384957057439_53210427139555328_o\" width=\"960\" height=\"640\" \/><\/a><\/p>\n<div class=\"really_simple_share really_simple_share_button robots-nocontent snap_nopreview\">\n<div class=\"really_simple_share_facebook_like\"><iframe loading=\"lazy\" src=\"https:\/\/www.facebook.com\/plugins\/like.php?href=https%3A%2F%2Fsaintdieinfo.fr%2F2020%2F02%2Fvosges-lassociation-amis-de-lespoir-recue-prefet%2F&amp;layout=button_count&amp;width=100&amp;height=27&amp;locale=fr_FR\" width=\"300\" height=\"150\" frameborder=\"0\" scrolling=\"no\"><\/iframe><\/div>\n<\/div>\n","protected":false},"excerpt":{"rendered":"<p>Pierre ORY, Pr\u00e9fet des Vosges, a re\u00e7u aujourd\u2019hui le pr\u00e9sident et des membres de l\u2019association \u00ab\u00a0Les Amis de l\u2019Espoir\u00a0\u00bb, qui [&hellip;]<\/p>\n","protected":false},"author":39,"featured_media":25790,"comment_status":"open","ping_status":"open","sticky":false,"template":"","format":"standard","meta":{"footnotes":""},"categories":[26,60,18],"tags":[],"class_list":["post-25789","post","type-post","status-publish","format-standard","has-post-thumbnail","hentry","category-a-la-une","category-solidarite","category-vosges"],"acf":[],"yoast_head":"<!-- This site is optimized with the Yoast SEO plugin v22.5 - https:\/\/yoast.com\/wordpress\/plugins\/seo\/ -->\n<title>Vosges \u2013 L\u2019association \u00ab Les Amis de l\u2019Espoir \u00bb re\u00e7ue par le Pr\u00e9fet - Remiremont Info<\/title>\n<meta name=\"robots\" content=\"index, follow, max-snippet:-1, max-image-preview:large, max-video-preview:-1\" \/>\n<link rel=\"canonical\" href=\"https:\/\/vosgesinfo.fr\/remiremontinfo\/2020\/02\/vosges-lassociation-amis-de-lespoir-recue-prefet\/\" \/>\n<meta name=\"twitter:card\" content=\"summary_large_image\" \/>\n<meta name=\"twitter:title\" content=\"Vosges \u2013 L\u2019association \u00ab Les Amis de l\u2019Espoir \u00bb re\u00e7ue par le Pr\u00e9fet - Remiremont Info\" \/>\n<meta name=\"twitter:description\" content=\"Pierre ORY, Pr\u00e9fet des Vosges, a re\u00e7u aujourd\u2019hui le pr\u00e9sident et des membres de l\u2019association \u00ab\u00a0Les Amis de l\u2019Espoir\u00a0\u00bb, qui [&hellip;]\" \/>\n<meta name=\"twitter:image\" content=\"https:\/\/vosgesinfo.fr\/app\/uploads\/sites\/5\/2024\/09\/202002683.jpg\" \/>\n<meta name=\"twitter:creator\" content=\"@VosgesInfo88\" \/>\n<meta name=\"twitter:site\" content=\"@VosgesInfo88\" \/>\n<meta name=\"twitter:label1\" content=\"\u00c9crit par\" \/>\n\t<meta name=\"twitter:data1\" content=\"Phj\" \/>\n<script type=\"application\/ld+json\" class=\"yoast-schema-graph\">{\"@context\":\"https:\/\/schema.org\",\"@graph\":[{\"@type\":\"Article\",\"@id\":\"https:\/\/vosgesinfo.fr\/remiremontinfo\/2020\/02\/vosges-lassociation-amis-de-lespoir-recue-prefet\/#article\",\"isPartOf\":{\"@id\":\"https:\/\/vosgesinfo.fr\/remiremontinfo\/2020\/02\/vosges-lassociation-amis-de-lespoir-recue-prefet\/\"},\"author\":{\"name\":\"Phj\",\"@id\":\"https:\/\/vosgesinfo.fr\/remiremontinfo\/#\/schema\/person\/4f57dc393faf2ac8b9f1cab30ad79250\"},\"headline\":\"Vosges \u2013 L\u2019association \u00ab Les Amis de l\u2019Espoir \u00bb re\u00e7ue par le Pr\u00e9fet\",\"datePublished\":\"2020-02-28T14:19:53+00:00\",\"dateModified\":\"2020-02-28T14:19:53+00:00\",\"mainEntityOfPage\":{\"@id\":\"https:\/\/vosgesinfo.fr\/remiremontinfo\/2020\/02\/vosges-lassociation-amis-de-lespoir-recue-prefet\/\"},\"wordCount\":107,\"commentCount\":0,\"publisher\":{\"@id\":\"https:\/\/vosgesinfo.fr\/remiremontinfo\/#organization\"},\"image\":{\"@id\":\"https:\/\/vosgesinfo.fr\/remiremontinfo\/2020\/02\/vosges-lassociation-amis-de-lespoir-recue-prefet\/#primaryimage\"},\"thumbnailUrl\":\"https:\/\/vosgesinfo.fr\/app\/uploads\/sites\/5\/2024\/09\/202002683.jpg\",\"articleSection\":[\"A la Une\",\"Solidarit\u00e9\",\"Vosges\"],\"inLanguage\":\"fr-FR\",\"potentialAction\":[{\"@type\":\"CommentAction\",\"name\":\"Comment\",\"target\":[\"https:\/\/vosgesinfo.fr\/remiremontinfo\/2020\/02\/vosges-lassociation-amis-de-lespoir-recue-prefet\/#respond\"]}]},{\"@type\":\"WebPage\",\"@id\":\"https:\/\/vosgesinfo.fr\/remiremontinfo\/2020\/02\/vosges-lassociation-amis-de-lespoir-recue-prefet\/\",\"url\":\"https:\/\/vosgesinfo.fr\/remiremontinfo\/2020\/02\/vosges-lassociation-amis-de-lespoir-recue-prefet\/\",\"name\":\"Vosges \u2013 L\u2019association \u00ab Les Amis de l\u2019Espoir \u00bb re\u00e7ue par le Pr\u00e9fet - Remiremont Info\",\"isPartOf\":{\"@id\":\"https:\/\/vosgesinfo.fr\/remiremontinfo\/#website\"},\"primaryImageOfPage\":{\"@id\":\"https:\/\/vosgesinfo.fr\/remiremontinfo\/2020\/02\/vosges-lassociation-amis-de-lespoir-recue-prefet\/#primaryimage\"},\"image\":{\"@id\":\"https:\/\/vosgesinfo.fr\/remiremontinfo\/2020\/02\/vosges-lassociation-amis-de-lespoir-recue-prefet\/#primaryimage\"},\"thumbnailUrl\":\"https:\/\/vosgesinfo.fr\/app\/uploads\/sites\/5\/2024\/09\/202002683.jpg\",\"datePublished\":\"2020-02-28T14:19:53+00:00\",\"dateModified\":\"2020-02-28T14:19:53+00:00\",\"breadcrumb\":{\"@id\":\"https:\/\/vosgesinfo.fr\/remiremontinfo\/2020\/02\/vosges-lassociation-amis-de-lespoir-recue-prefet\/#breadcrumb\"},\"inLanguage\":\"fr-FR\",\"potentialAction\":[{\"@type\":\"ReadAction\",\"target\":[\"https:\/\/vosgesinfo.fr\/remiremontinfo\/2020\/02\/vosges-lassociation-amis-de-lespoir-recue-prefet\/\"]}]},{\"@type\":\"ImageObject\",\"inLanguage\":\"fr-FR\",\"@id\":\"https:\/\/vosgesinfo.fr\/remiremontinfo\/2020\/02\/vosges-lassociation-amis-de-lespoir-recue-prefet\/#primaryimage\",\"url\":\"https:\/\/vosgesinfo.fr\/app\/uploads\/sites\/5\/2024\/09\/202002683.jpg\",\"contentUrl\":\"https:\/\/vosgesinfo.fr\/app\/uploads\/sites\/5\/2024\/09\/202002683.jpg\",\"width\":1024,\"height\":683},{\"@type\":\"BreadcrumbList\",\"@id\":\"https:\/\/vosgesinfo.fr\/remiremontinfo\/2020\/02\/vosges-lassociation-amis-de-lespoir-recue-prefet\/#breadcrumb\",\"itemListElement\":[{\"@type\":\"ListItem\",\"position\":1,\"name\":\"Home\",\"item\":\"https:\/\/vosgesinfo.fr\/remiremontinfo\/\"},{\"@type\":\"ListItem\",\"position\":2,\"name\":\"Vosges \u2013 L\u2019association \u00ab Les Amis de l\u2019Espoir \u00bb re\u00e7ue par le Pr\u00e9fet\"}]},{\"@type\":\"WebSite\",\"@id\":\"https:\/\/vosgesinfo.fr\/remiremontinfo\/#website\",\"url\":\"https:\/\/vosgesinfo.fr\/remiremontinfo\/\",\"name\":\"Remiremont Info\",\"description\":\"Toute l&#039;actualit\u00e9 de Remiremont\",\"publisher\":{\"@id\":\"https:\/\/vosgesinfo.fr\/remiremontinfo\/#organization\"},\"alternateName\":\"Toute l'actualit\u00e9 de Remiremont\",\"potentialAction\":[{\"@type\":\"SearchAction\",\"target\":{\"@type\":\"EntryPoint\",\"urlTemplate\":\"https:\/\/vosgesinfo.fr\/remiremontinfo\/?s={search_term_string}\"},\"query-input\":\"required name=search_term_string\"}],\"inLanguage\":\"fr-FR\"},{\"@type\":\"Organization\",\"@id\":\"https:\/\/vosgesinfo.fr\/remiremontinfo\/#organization\",\"name\":\"Remiremont Info\",\"url\":\"https:\/\/vosgesinfo.fr\/remiremontinfo\/\",\"logo\":{\"@type\":\"ImageObject\",\"inLanguage\":\"fr-FR\",\"@id\":\"https:\/\/vosgesinfo.fr\/remiremontinfo\/#\/schema\/logo\/image\/\",\"url\":\"https:\/\/vosgesinfo.fr\/app\/uploads\/sites\/5\/2023\/08\/favicon-remiremontinfo.png\",\"contentUrl\":\"https:\/\/vosgesinfo.fr\/app\/uploads\/sites\/5\/2023\/08\/favicon-remiremontinfo.png\",\"width\":512,\"height\":512,\"caption\":\"Remiremont Info\"},\"image\":{\"@id\":\"https:\/\/vosgesinfo.fr\/remiremontinfo\/#\/schema\/logo\/image\/\"},\"sameAs\":[\"https:\/\/www.facebook.com\/remiremontinfo\",\"https:\/\/x.com\/VosgesInfo88\",\"https:\/\/www.youtube.com\/@vosgesinfo\"]},{\"@type\":\"Person\",\"@id\":\"https:\/\/vosgesinfo.fr\/remiremontinfo\/#\/schema\/person\/4f57dc393faf2ac8b9f1cab30ad79250\",\"name\":\"Phj\",\"image\":{\"@type\":\"ImageObject\",\"inLanguage\":\"fr-FR\",\"@id\":\"https:\/\/vosgesinfo.fr\/remiremontinfo\/#\/schema\/person\/image\/\",\"url\":\"https:\/\/secure.gravatar.com\/avatar\/ada60265080fb9a89c9809bf0abb1f448a128cb85db1c08905baa5038fbe3cfe?s=96&d=mm&r=g\",\"contentUrl\":\"https:\/\/secure.gravatar.com\/avatar\/ada60265080fb9a89c9809bf0abb1f448a128cb85db1c08905baa5038fbe3cfe?s=96&d=mm&r=g\",\"caption\":\"Phj\"},\"url\":\"https:\/\/vosgesinfo.fr\/remiremontinfo\/author\/phj\/\"}]}<\/script>\n<!-- \/ Yoast SEO plugin. -->","yoast_head_json":{"title":"Vosges \u2013 L\u2019association \u00ab Les Amis de l\u2019Espoir \u00bb re\u00e7ue par le Pr\u00e9fet - Remiremont Info","robots":{"index":"index","follow":"follow","max-snippet":"max-snippet:-1","max-image-preview":"max-image-preview:large","max-video-preview":"max-video-preview:-1"},"canonical":"https:\/\/vosgesinfo.fr\/remiremontinfo\/2020\/02\/vosges-lassociation-amis-de-lespoir-recue-prefet\/","twitter_card":"summary_large_image","twitter_title":"Vosges \u2013 L\u2019association \u00ab Les Amis de l\u2019Espoir \u00bb re\u00e7ue par le Pr\u00e9fet - Remiremont Info","twitter_description":"Pierre ORY, Pr\u00e9fet des Vosges, a re\u00e7u aujourd\u2019hui le pr\u00e9sident et des membres de l\u2019association \u00ab\u00a0Les Amis de l\u2019Espoir\u00a0\u00bb, qui [&hellip;]","twitter_image":"https:\/\/vosgesinfo.fr\/app\/uploads\/sites\/5\/2024\/09\/202002683.jpg","twitter_creator":"@VosgesInfo88","twitter_site":"@VosgesInfo88","twitter_misc":{"\u00c9crit par":"Phj"},"schema":{"@context":"https:\/\/schema.org","@graph":[{"@type":"Article","@id":"https:\/\/vosgesinfo.fr\/remiremontinfo\/2020\/02\/vosges-lassociation-amis-de-lespoir-recue-prefet\/#article","isPartOf":{"@id":"https:\/\/vosgesinfo.fr\/remiremontinfo\/2020\/02\/vosges-lassociation-amis-de-lespoir-recue-prefet\/"},"author":{"name":"Phj","@id":"https:\/\/vosgesinfo.fr\/remiremontinfo\/#\/schema\/person\/4f57dc393faf2ac8b9f1cab30ad79250"},"headline":"Vosges \u2013 L\u2019association \u00ab Les Amis de l\u2019Espoir \u00bb re\u00e7ue par le Pr\u00e9fet","datePublished":"2020-02-28T14:19:53+00:00","dateModified":"2020-02-28T14:19:53+00:00","mainEntityOfPage":{"@id":"https:\/\/vosgesinfo.fr\/remiremontinfo\/2020\/02\/vosges-lassociation-amis-de-lespoir-recue-prefet\/"},"wordCount":107,"commentCount":0,"publisher":{"@id":"https:\/\/vosgesinfo.fr\/remiremontinfo\/#organization"},"image":{"@id":"https:\/\/vosgesinfo.fr\/remiremontinfo\/2020\/02\/vosges-lassociation-amis-de-lespoir-recue-prefet\/#primaryimage"},"thumbnailUrl":"https:\/\/vosgesinfo.fr\/app\/uploads\/sites\/5\/2024\/09\/202002683.jpg","articleSection":["A la Une","Solidarit\u00e9","Vosges"],"inLanguage":"fr-FR","potentialAction":[{"@type":"CommentAction","name":"Comment","target":["https:\/\/vosgesinfo.fr\/remiremontinfo\/2020\/02\/vosges-lassociation-amis-de-lespoir-recue-prefet\/#respond"]}]},{"@type":"WebPage","@id":"https:\/\/vosgesinfo.fr\/remiremontinfo\/2020\/02\/vosges-lassociation-amis-de-lespoir-recue-prefet\/","url":"https:\/\/vosgesinfo.fr\/remiremontinfo\/2020\/02\/vosges-lassociation-amis-de-lespoir-recue-prefet\/","name":"Vosges \u2013 L\u2019association \u00ab Les Amis de l\u2019Espoir \u00bb re\u00e7ue par le Pr\u00e9fet - Remiremont Info","isPartOf":{"@id":"https:\/\/vosgesinfo.fr\/remiremontinfo\/#website"},"primaryImageOfPage":{"@id":"https:\/\/vosgesinfo.fr\/remiremontinfo\/2020\/02\/vosges-lassociation-amis-de-lespoir-recue-prefet\/#primaryimage"},"image":{"@id":"https:\/\/vosgesinfo.fr\/remiremontinfo\/2020\/02\/vosges-lassociation-amis-de-lespoir-recue-prefet\/#primaryimage"},"thumbnailUrl":"https:\/\/vosgesinfo.fr\/app\/uploads\/sites\/5\/2024\/09\/202002683.jpg","datePublished":"2020-02-28T14:19:53+00:00","dateModified":"2020-02-28T14:19:53+00:00","breadcrumb":{"@id":"https:\/\/vosgesinfo.fr\/remiremontinfo\/2020\/02\/vosges-lassociation-amis-de-lespoir-recue-prefet\/#breadcrumb"},"inLanguage":"fr-FR","potentialAction":[{"@type":"ReadAction","target":["https:\/\/vosgesinfo.fr\/remiremontinfo\/2020\/02\/vosges-lassociation-amis-de-lespoir-recue-prefet\/"]}]},{"@type":"ImageObject","inLanguage":"fr-FR","@id":"https:\/\/vosgesinfo.fr\/remiremontinfo\/2020\/02\/vosges-lassociation-amis-de-lespoir-recue-prefet\/#primaryimage","url":"https:\/\/vosgesinfo.fr\/app\/uploads\/sites\/5\/2024\/09\/202002683.jpg","contentUrl":"https:\/\/vosgesinfo.fr\/app\/uploads\/sites\/5\/2024\/09\/202002683.jpg","width":1024,"height":683},{"@type":"BreadcrumbList","@id":"https:\/\/vosgesinfo.fr\/remiremontinfo\/2020\/02\/vosges-lassociation-amis-de-lespoir-recue-prefet\/#breadcrumb","itemListElement":[{"@type":"ListItem","position":1,"name":"Home","item":"https:\/\/vosgesinfo.fr\/remiremontinfo\/"},{"@type":"ListItem","position":2,"name":"Vosges \u2013 L\u2019association \u00ab Les Amis de l\u2019Espoir \u00bb re\u00e7ue par le Pr\u00e9fet"}]},{"@type":"WebSite","@id":"https:\/\/vosgesinfo.fr\/remiremontinfo\/#website","url":"https:\/\/vosgesinfo.fr\/remiremontinfo\/","name":"Remiremont Info","description":"Toute l&#039;actualit\u00e9 de Remiremont","publisher":{"@id":"https:\/\/vosgesinfo.fr\/remiremontinfo\/#organization"},"alternateName":"Toute l'actualit\u00e9 de Remiremont","potentialAction":[{"@type":"SearchAction","target":{"@type":"EntryPoint","urlTemplate":"https:\/\/vosgesinfo.fr\/remiremontinfo\/?s={search_term_string}"},"query-input":"required name=search_term_string"}],"inLanguage":"fr-FR"},{"@type":"Organization","@id":"https:\/\/vosgesinfo.fr\/remiremontinfo\/#organization","name":"Remiremont Info","url":"https:\/\/vosgesinfo.fr\/remiremontinfo\/","logo":{"@type":"ImageObject","inLanguage":"fr-FR","@id":"https:\/\/vosgesinfo.fr\/remiremontinfo\/#\/schema\/logo\/image\/","url":"https:\/\/vosgesinfo.fr\/app\/uploads\/sites\/5\/2023\/08\/favicon-remiremontinfo.png","contentUrl":"https:\/\/vosgesinfo.fr\/app\/uploads\/sites\/5\/2023\/08\/favicon-remiremontinfo.png","width":512,"height":512,"caption":"Remiremont Info"},"image":{"@id":"https:\/\/vosgesinfo.fr\/remiremontinfo\/#\/schema\/logo\/image\/"},"sameAs":["https:\/\/www.facebook.com\/remiremontinfo","https:\/\/x.com\/VosgesInfo88","https:\/\/www.youtube.com\/@vosgesinfo"]},{"@type":"Person","@id":"https:\/\/vosgesinfo.fr\/remiremontinfo\/#\/schema\/person\/4f57dc393faf2ac8b9f1cab30ad79250","name":"Phj","image":{"@type":"ImageObject","inLanguage":"fr-FR","@id":"https:\/\/vosgesinfo.fr\/remiremontinfo\/#\/schema\/person\/image\/","url":"https:\/\/secure.gravatar.com\/avatar\/ada60265080fb9a89c9809bf0abb1f448a128cb85db1c08905baa5038fbe3cfe?s=96&d=mm&r=g","contentUrl":"https:\/\/secure.gravatar.com\/avatar\/ada60265080fb9a89c9809bf0abb1f448a128cb85db1c08905baa5038fbe3cfe?s=96&d=mm&r=g","caption":"Phj"},"url":"https:\/\/vosgesinfo.fr\/remiremontinfo\/author\/phj\/"}]}},"_links":{"self":[{"href":"https:\/\/vosgesinfo.fr\/remiremontinfo\/wp-json\/wp\/v2\/posts\/25789","targetHints":{"allow":["GET"]}}],"collection":[{"href":"https:\/\/vosgesinfo.fr\/remiremontinfo\/wp-json\/wp\/v2\/posts"}],"about":[{"href":"https:\/\/vosgesinfo.fr\/remiremontinfo\/wp-json\/wp\/v2\/types\/post"}],"author":[{"embeddable":true,"href":"https:\/\/vosgesinfo.fr\/remiremontinfo\/wp-json\/wp\/v2\/users\/39"}],"replies":[{"embeddable":true,"href":"https:\/\/vosgesinfo.fr\/remiremontinfo\/wp-json\/wp\/v2\/comments?post=25789"}],"version-history":[{"count":0,"href":"https:\/\/vosgesinfo.fr\/remiremontinfo\/wp-json\/wp\/v2\/posts\/25789\/revisions"}],"wp:featuredmedia":[{"embeddable":true,"href":"https:\/\/vosgesinfo.fr\/remiremontinfo\/wp-json\/wp\/v2\/media\/25790"}],"wp:attachment":[{"href":"https:\/\/vosgesinfo.fr\/remiremontinfo\/wp-json\/wp\/v2\/media?parent=25789"}],"wp:term":[{"taxonomy":"category","embeddable":true,"href":"https:\/\/vosgesinfo.fr\/remiremontinfo\/wp-json\/wp\/v2\/categories?post=25789"},{"taxonomy":"post_tag","embeddable":true,"href":"https:\/\/vosgesinfo.fr\/remiremontinfo\/wp-json\/wp\/v2\/tags?post=25789"}],"curies":[{"name":"wp","href":"https:\/\/api.w.org\/{rel}","templated":true}]}}