{"id":25795,"date":"2020-02-28T16:23:20","date_gmt":"2020-02-28T15:23:20","guid":{"rendered":"https:\/\/vosgesinfo.fr\/remiremontinfo\/2020\/02\/elections-municipales-michel-demange-devoile-liste-poursuivre-ensemble\/"},"modified":"2020-02-28T16:23:20","modified_gmt":"2020-02-28T15:23:20","slug":"elections-municipales-michel-demange-devoile-liste-poursuivre-ensemble","status":"publish","type":"post","link":"https:\/\/vosgesinfo.fr\/remiremontinfo\/2020\/02\/elections-municipales-michel-demange-devoile-liste-poursuivre-ensemble\/","title":{"rendered":"\u00c9lections Municipales &#8211; Les points forts de la liste \u00ab Poursuivre ensemble \u00bb"},"content":{"rendered":"<p><strong><a href=\"https:\/\/remiremontinfo.fr\/2020\/02\/elections-municipales-michel-demange-devoile-liste-poursuivre-ensemble\/photo-liste-michel-demange-2020-2\/\" rel=\"attachment wp-att-283578\"><img decoding=\"async\" class=\"alignright size-large wp-image-283578\" src=\"\/2020\/02\/Photo-liste-Michel-Demange-20201-1024x681.jpg\" alt=\"Photo liste Michel Demange 2020\" width=\"960\" height=\"638\" \/><\/a>La liste \u00ab\u00a0Poursuivre ensemble\u00a0\u00bb de Michel DEMANGE propose une baisse de la taxe fonci\u00e8re et d\u00e9voile une partie de son programme.<\/strong><\/p>\n<p>Une baisse de la taxe sur le foncier b\u00e2ti\u00a0! C\u2019est d\u00e9cid\u00e9ment l\u2019annonce forte de cette campagne \u00e9lectorale st\u00e9phanoise.<\/p>\n<p>L\u2019\u00e9quipe des colistiers de Michel DEMANGE (presque tous pr\u00e9sents sur la photo) qui travaille collectivement \u00e0 l\u2019\u00e9laboration de son programme depuis plusieurs semaines vient de nous l\u2019annoncer\u00a0:<\/p>\n<p>\u00ab\u00a0La gestion saine et r\u00e9aliste men\u00e9e depuis 12 ans, le non-recours \u00e0 l\u2019emprunt pour la construction de la salle multi-activit\u00e9s et notre solide capacit\u00e9 d\u2019autofinancement nous permettent de proposer pour notre futur mandat une diminution de la <strong>taxe sur le foncier<\/strong> <strong>b\u00e2ti\u00a0: <\/strong>le taux communal passera ainsi de 19.22% \u00e0 18%, soit une baisse en valeur de 6%\u00a0: un gain plus qu\u2019appr\u00e9ciable pour les contribuables st\u00e9phanois.\u00a0\u00bb<\/p>\n<p>\u00ab\u00a0Cette volont\u00e9 d\u2019\u0153uvrer \u00e0 l\u2019am\u00e9lioration de la qualit\u00e9 de vie des st\u00e9phanoises et des st\u00e9phanois\u00a0a \u00e9t\u00e9 le fil conducteur du travail de r\u00e9flexion de mon \u00e9quipe\u00a0\u00bb nous a confi\u00e9 Michel DEMANGE qui, par ailleurs, s\u2019engage \u00e0 poursuivre le d\u00e9sendettement de la commune.<\/p>\n<p>\u00ab Nous poursuivrons une politique environnementale responsable en cr\u00e9ant des liaisons cyclables (avec Saint-Am\u00e9 par exemple), en agissant contre la centrale d\u2019enrob\u00e9 (en partenariat avec l\u2019association de protection de l\u2019environnement), en \u00e9tudiant la possibilit\u00e9 de produire de l\u2019\u00e9nergie solaire et en optimisant nos consommations d\u2019\u00e9nergie \u00bb.<\/p>\n<p>Autre priorit\u00e9 pour le futur mandat, l\u2019am\u00e9lioration de la s\u00e9curit\u00e9 sur la commune. L\u2019\u00e9quipe de Michel DEMANGE souhaite installer un syst\u00e8me de vid\u00e9o-protection et promouvoir le dispositif \u00ab\u00a0voisins vigilants\u00a0\u00bb tout en poursuivant l\u2019installation de dispositifs de s\u00e9curisation routi\u00e8re (\u00e9clairage sp\u00e9cifique pour les passages pi\u00e9tons par exemple).<\/p>\n<p>Le budget allou\u00e9 \u00e0 la voirie sera d\u2019autre part renforc\u00e9 et une \u00e9tude de r\u00e9novation de l\u2019ancienne \u00e9cole du Centre sera lanc\u00e9e.<\/p>\n<p>\u00ab\u00a0Nous sommes particuli\u00e8rement attentifs \u00e0 nos seniors et souhaitons constituer un conseil interg\u00e9n\u00e9rationnel (Conseil municipal des Jeunes et Conseil des A\u00een\u00e9s) qui permettra de renforcer la solidarit\u00e9\u00a0\u00bb.<\/p>\n<p>Pour Michel DEMANGE, il faut \u00ab\u00a0renforcer la coh\u00e9sion de tous les habitants et soutenir les plus fragiles\u00a0\u00bb.<\/p>\n<p>Les familles st\u00e9phanoises ne seront pas oubli\u00e9es car en plus de la poursuite de la politique de gratuit\u00e9 pour les sorties scolaires, de multiples projets seront propos\u00e9s\u00a0: le r\u00e9am\u00e9nagement complet de l\u2019aire de jeux de la Mouti\u00e8re dans un esprit familial, la cr\u00e9ation de circuits de trails, de marche nordique et de VTT dans le massif du Fossard.<\/p>\n<p>De plus, une vigilance particuli\u00e8re continuera d\u2019\u00eatre port\u00e9e sur la qualit\u00e9 des repas de la restauration scolaire et le choix de circuits courts avec les producteurs locaux.<\/p>\n<p>Enfin, l\u2019\u00e9quipe \u00ab\u00a0Poursuivre ensemble\u00a0\u00bb souhaite dynamiser la politique culturelle et sportive de Saint-Etienne\u00a0: \u00ab\u00a0Nous souhaitons cr\u00e9er un comit\u00e9 d\u2019animation constitu\u00e9 d\u2019\u00e9lus et de st\u00e9phanois(es) afin d\u2019offrir au plus grand nombre une politique d\u2019animation audacieuse.\u00a0\u00bb nous a garanti Michel DEMANGE.<\/p>\n<p>\u00ab\u00a0Ce dynamisme communal doit \u00e9galement s\u2019appuyer sur un Conseil municipal des Jeunes qui aura pour objectif de d\u00e9velopper une v\u00e9ritable \u00e9ducation \u00e0 la citoyennet\u00e9\u00a0; cela est indispensable pour Saint-Etienne-l\u00e8s-Remiremont demain\u2026\u00a0\u00bb<\/p>\n<p><strong>Vous pouvez retrouver le programme complet sur\u00a0:<\/strong><\/p>\n<p><a href=\"http:\/\/www.poursuivre-ensemble.eu\"><strong>www.poursuivre-ensemble.eu<\/strong><\/a><\/p>\n<p><strong>R\u00e9unions publiques les 9, 10, 12 et 13 mars \u00e0 St-Etienne-l\u00e8s-Remiremont<\/strong><\/p>\n<p>&nbsp;<\/p>\n","protected":false},"excerpt":{"rendered":"<p>La liste \u00ab\u00a0Poursuivre ensemble\u00a0\u00bb de Michel DEMANGE propose une baisse de la taxe fonci\u00e8re et d\u00e9voile une partie de son [&hellip;]<\/p>\n","protected":false},"author":39,"featured_media":25796,"comment_status":"open","ping_status":"open","sticky":false,"template":"","format":"standard","meta":{"footnotes":""},"categories":[26,35,155],"tags":[],"class_list":["post-25795","post","type-post","status-publish","format-standard","has-post-thumbnail","hentry","category-a-la-une","category-remiremont-son-canton","category-saint-etienne"],"acf":[],"yoast_head":"<!-- This site is optimized with the Yoast SEO plugin v22.5 - https:\/\/yoast.com\/wordpress\/plugins\/seo\/ -->\n<title>\u00c9lections Municipales - Les points forts de la liste \u00ab Poursuivre ensemble \u00bb - Remiremont Info<\/title>\n<meta name=\"robots\" content=\"index, follow, max-snippet:-1, max-image-preview:large, max-video-preview:-1\" \/>\n<link rel=\"canonical\" href=\"https:\/\/vosgesinfo.fr\/remiremontinfo\/2020\/02\/elections-municipales-michel-demange-devoile-liste-poursuivre-ensemble\/\" \/>\n<meta name=\"twitter:card\" content=\"summary_large_image\" \/>\n<meta name=\"twitter:title\" content=\"\u00c9lections Municipales - Les points forts de la liste \u00ab Poursuivre ensemble \u00bb - Remiremont Info\" \/>\n<meta name=\"twitter:description\" content=\"La liste \u00ab\u00a0Poursuivre ensemble\u00a0\u00bb de Michel DEMANGE propose une baisse de la taxe fonci\u00e8re et d\u00e9voile une partie de son [&hellip;]\" \/>\n<meta name=\"twitter:image\" content=\"https:\/\/vosgesinfo.fr\/app\/uploads\/sites\/5\/2024\/09\/202002photo-liste-michel-demange-20201.jpg\" \/>\n<meta name=\"twitter:creator\" content=\"@VosgesInfo88\" \/>\n<meta name=\"twitter:site\" content=\"@VosgesInfo88\" \/>\n<meta name=\"twitter:label1\" content=\"\u00c9crit par\" \/>\n\t<meta name=\"twitter:data1\" content=\"Phj\" \/>\n\t<meta name=\"twitter:label2\" content=\"Dur\u00e9e de lecture estim\u00e9e\" \/>\n\t<meta name=\"twitter:data2\" content=\"3 minutes\" \/>\n<script type=\"application\/ld+json\" class=\"yoast-schema-graph\">{\"@context\":\"https:\/\/schema.org\",\"@graph\":[{\"@type\":\"Article\",\"@id\":\"https:\/\/vosgesinfo.fr\/remiremontinfo\/2020\/02\/elections-municipales-michel-demange-devoile-liste-poursuivre-ensemble\/#article\",\"isPartOf\":{\"@id\":\"https:\/\/vosgesinfo.fr\/remiremontinfo\/2020\/02\/elections-municipales-michel-demange-devoile-liste-poursuivre-ensemble\/\"},\"author\":{\"name\":\"Phj\",\"@id\":\"https:\/\/vosgesinfo.fr\/remiremontinfo\/#\/schema\/person\/4f57dc393faf2ac8b9f1cab30ad79250\"},\"headline\":\"\u00c9lections Municipales &#8211; Les points forts de la liste \u00ab Poursuivre ensemble \u00bb\",\"datePublished\":\"2020-02-28T15:23:20+00:00\",\"dateModified\":\"2020-02-28T15:23:20+00:00\",\"mainEntityOfPage\":{\"@id\":\"https:\/\/vosgesinfo.fr\/remiremontinfo\/2020\/02\/elections-municipales-michel-demange-devoile-liste-poursuivre-ensemble\/\"},\"wordCount\":582,\"commentCount\":0,\"publisher\":{\"@id\":\"https:\/\/vosgesinfo.fr\/remiremontinfo\/#organization\"},\"image\":{\"@id\":\"https:\/\/vosgesinfo.fr\/remiremontinfo\/2020\/02\/elections-municipales-michel-demange-devoile-liste-poursuivre-ensemble\/#primaryimage\"},\"thumbnailUrl\":\"https:\/\/vosgesinfo.fr\/app\/uploads\/sites\/5\/2024\/09\/202002photo-liste-michel-demange-20201.jpg\",\"articleSection\":[\"A la Une\",\"Remiremont &amp; son canton\",\"Saint-Etienne\"],\"inLanguage\":\"fr-FR\",\"potentialAction\":[{\"@type\":\"CommentAction\",\"name\":\"Comment\",\"target\":[\"https:\/\/vosgesinfo.fr\/remiremontinfo\/2020\/02\/elections-municipales-michel-demange-devoile-liste-poursuivre-ensemble\/#respond\"]}]},{\"@type\":\"WebPage\",\"@id\":\"https:\/\/vosgesinfo.fr\/remiremontinfo\/2020\/02\/elections-municipales-michel-demange-devoile-liste-poursuivre-ensemble\/\",\"url\":\"https:\/\/vosgesinfo.fr\/remiremontinfo\/2020\/02\/elections-municipales-michel-demange-devoile-liste-poursuivre-ensemble\/\",\"name\":\"\u00c9lections Municipales - Les points forts de la liste \u00ab Poursuivre ensemble \u00bb - Remiremont Info\",\"isPartOf\":{\"@id\":\"https:\/\/vosgesinfo.fr\/remiremontinfo\/#website\"},\"primaryImageOfPage\":{\"@id\":\"https:\/\/vosgesinfo.fr\/remiremontinfo\/2020\/02\/elections-municipales-michel-demange-devoile-liste-poursuivre-ensemble\/#primaryimage\"},\"image\":{\"@id\":\"https:\/\/vosgesinfo.fr\/remiremontinfo\/2020\/02\/elections-municipales-michel-demange-devoile-liste-poursuivre-ensemble\/#primaryimage\"},\"thumbnailUrl\":\"https:\/\/vosgesinfo.fr\/app\/uploads\/sites\/5\/2024\/09\/202002photo-liste-michel-demange-20201.jpg\",\"datePublished\":\"2020-02-28T15:23:20+00:00\",\"dateModified\":\"2020-02-28T15:23:20+00:00\",\"breadcrumb\":{\"@id\":\"https:\/\/vosgesinfo.fr\/remiremontinfo\/2020\/02\/elections-municipales-michel-demange-devoile-liste-poursuivre-ensemble\/#breadcrumb\"},\"inLanguage\":\"fr-FR\",\"potentialAction\":[{\"@type\":\"ReadAction\",\"target\":[\"https:\/\/vosgesinfo.fr\/remiremontinfo\/2020\/02\/elections-municipales-michel-demange-devoile-liste-poursuivre-ensemble\/\"]}]},{\"@type\":\"ImageObject\",\"inLanguage\":\"fr-FR\",\"@id\":\"https:\/\/vosgesinfo.fr\/remiremontinfo\/2020\/02\/elections-municipales-michel-demange-devoile-liste-poursuivre-ensemble\/#primaryimage\",\"url\":\"https:\/\/vosgesinfo.fr\/app\/uploads\/sites\/5\/2024\/09\/202002photo-liste-michel-demange-20201.jpg\",\"contentUrl\":\"https:\/\/vosgesinfo.fr\/app\/uploads\/sites\/5\/2024\/09\/202002photo-liste-michel-demange-20201.jpg\",\"width\":1280,\"height\":851},{\"@type\":\"BreadcrumbList\",\"@id\":\"https:\/\/vosgesinfo.fr\/remiremontinfo\/2020\/02\/elections-municipales-michel-demange-devoile-liste-poursuivre-ensemble\/#breadcrumb\",\"itemListElement\":[{\"@type\":\"ListItem\",\"position\":1,\"name\":\"Home\",\"item\":\"https:\/\/vosgesinfo.fr\/remiremontinfo\/\"},{\"@type\":\"ListItem\",\"position\":2,\"name\":\"\u00c9lections Municipales &#8211; Les points forts de la liste \u00ab Poursuivre ensemble \u00bb\"}]},{\"@type\":\"WebSite\",\"@id\":\"https:\/\/vosgesinfo.fr\/remiremontinfo\/#website\",\"url\":\"https:\/\/vosgesinfo.fr\/remiremontinfo\/\",\"name\":\"Remiremont Info\",\"description\":\"Toute l&#039;actualit\u00e9 de Remiremont\",\"publisher\":{\"@id\":\"https:\/\/vosgesinfo.fr\/remiremontinfo\/#organization\"},\"alternateName\":\"Toute l'actualit\u00e9 de Remiremont\",\"potentialAction\":[{\"@type\":\"SearchAction\",\"target\":{\"@type\":\"EntryPoint\",\"urlTemplate\":\"https:\/\/vosgesinfo.fr\/remiremontinfo\/?s={search_term_string}\"},\"query-input\":\"required name=search_term_string\"}],\"inLanguage\":\"fr-FR\"},{\"@type\":\"Organization\",\"@id\":\"https:\/\/vosgesinfo.fr\/remiremontinfo\/#organization\",\"name\":\"Remiremont Info\",\"url\":\"https:\/\/vosgesinfo.fr\/remiremontinfo\/\",\"logo\":{\"@type\":\"ImageObject\",\"inLanguage\":\"fr-FR\",\"@id\":\"https:\/\/vosgesinfo.fr\/remiremontinfo\/#\/schema\/logo\/image\/\",\"url\":\"https:\/\/vosgesinfo.fr\/app\/uploads\/sites\/5\/2023\/08\/favicon-remiremontinfo.png\",\"contentUrl\":\"https:\/\/vosgesinfo.fr\/app\/uploads\/sites\/5\/2023\/08\/favicon-remiremontinfo.png\",\"width\":512,\"height\":512,\"caption\":\"Remiremont Info\"},\"image\":{\"@id\":\"https:\/\/vosgesinfo.fr\/remiremontinfo\/#\/schema\/logo\/image\/\"},\"sameAs\":[\"https:\/\/www.facebook.com\/remiremontinfo\",\"https:\/\/x.com\/VosgesInfo88\",\"https:\/\/www.youtube.com\/@vosgesinfo\"]},{\"@type\":\"Person\",\"@id\":\"https:\/\/vosgesinfo.fr\/remiremontinfo\/#\/schema\/person\/4f57dc393faf2ac8b9f1cab30ad79250\",\"name\":\"Phj\",\"image\":{\"@type\":\"ImageObject\",\"inLanguage\":\"fr-FR\",\"@id\":\"https:\/\/vosgesinfo.fr\/remiremontinfo\/#\/schema\/person\/image\/\",\"url\":\"https:\/\/secure.gravatar.com\/avatar\/ada60265080fb9a89c9809bf0abb1f448a128cb85db1c08905baa5038fbe3cfe?s=96&d=mm&r=g\",\"contentUrl\":\"https:\/\/secure.gravatar.com\/avatar\/ada60265080fb9a89c9809bf0abb1f448a128cb85db1c08905baa5038fbe3cfe?s=96&d=mm&r=g\",\"caption\":\"Phj\"},\"url\":\"https:\/\/vosgesinfo.fr\/remiremontinfo\/author\/phj\/\"}]}<\/script>\n<!-- \/ Yoast SEO plugin. -->","yoast_head_json":{"title":"\u00c9lections Municipales - Les points forts de la liste \u00ab Poursuivre ensemble \u00bb - Remiremont Info","robots":{"index":"index","follow":"follow","max-snippet":"max-snippet:-1","max-image-preview":"max-image-preview:large","max-video-preview":"max-video-preview:-1"},"canonical":"https:\/\/vosgesinfo.fr\/remiremontinfo\/2020\/02\/elections-municipales-michel-demange-devoile-liste-poursuivre-ensemble\/","twitter_card":"summary_large_image","twitter_title":"\u00c9lections Municipales - Les points forts de la liste \u00ab Poursuivre ensemble \u00bb - Remiremont Info","twitter_description":"La liste \u00ab\u00a0Poursuivre ensemble\u00a0\u00bb de Michel DEMANGE propose une baisse de la taxe fonci\u00e8re et d\u00e9voile une partie de son [&hellip;]","twitter_image":"https:\/\/vosgesinfo.fr\/app\/uploads\/sites\/5\/2024\/09\/202002photo-liste-michel-demange-20201.jpg","twitter_creator":"@VosgesInfo88","twitter_site":"@VosgesInfo88","twitter_misc":{"\u00c9crit par":"Phj","Dur\u00e9e de lecture estim\u00e9e":"3 minutes"},"schema":{"@context":"https:\/\/schema.org","@graph":[{"@type":"Article","@id":"https:\/\/vosgesinfo.fr\/remiremontinfo\/2020\/02\/elections-municipales-michel-demange-devoile-liste-poursuivre-ensemble\/#article","isPartOf":{"@id":"https:\/\/vosgesinfo.fr\/remiremontinfo\/2020\/02\/elections-municipales-michel-demange-devoile-liste-poursuivre-ensemble\/"},"author":{"name":"Phj","@id":"https:\/\/vosgesinfo.fr\/remiremontinfo\/#\/schema\/person\/4f57dc393faf2ac8b9f1cab30ad79250"},"headline":"\u00c9lections Municipales &#8211; Les points forts de la liste \u00ab Poursuivre ensemble \u00bb","datePublished":"2020-02-28T15:23:20+00:00","dateModified":"2020-02-28T15:23:20+00:00","mainEntityOfPage":{"@id":"https:\/\/vosgesinfo.fr\/remiremontinfo\/2020\/02\/elections-municipales-michel-demange-devoile-liste-poursuivre-ensemble\/"},"wordCount":582,"commentCount":0,"publisher":{"@id":"https:\/\/vosgesinfo.fr\/remiremontinfo\/#organization"},"image":{"@id":"https:\/\/vosgesinfo.fr\/remiremontinfo\/2020\/02\/elections-municipales-michel-demange-devoile-liste-poursuivre-ensemble\/#primaryimage"},"thumbnailUrl":"https:\/\/vosgesinfo.fr\/app\/uploads\/sites\/5\/2024\/09\/202002photo-liste-michel-demange-20201.jpg","articleSection":["A la Une","Remiremont &amp; son canton","Saint-Etienne"],"inLanguage":"fr-FR","potentialAction":[{"@type":"CommentAction","name":"Comment","target":["https:\/\/vosgesinfo.fr\/remiremontinfo\/2020\/02\/elections-municipales-michel-demange-devoile-liste-poursuivre-ensemble\/#respond"]}]},{"@type":"WebPage","@id":"https:\/\/vosgesinfo.fr\/remiremontinfo\/2020\/02\/elections-municipales-michel-demange-devoile-liste-poursuivre-ensemble\/","url":"https:\/\/vosgesinfo.fr\/remiremontinfo\/2020\/02\/elections-municipales-michel-demange-devoile-liste-poursuivre-ensemble\/","name":"\u00c9lections Municipales - Les points forts de la liste \u00ab Poursuivre ensemble \u00bb - Remiremont Info","isPartOf":{"@id":"https:\/\/vosgesinfo.fr\/remiremontinfo\/#website"},"primaryImageOfPage":{"@id":"https:\/\/vosgesinfo.fr\/remiremontinfo\/2020\/02\/elections-municipales-michel-demange-devoile-liste-poursuivre-ensemble\/#primaryimage"},"image":{"@id":"https:\/\/vosgesinfo.fr\/remiremontinfo\/2020\/02\/elections-municipales-michel-demange-devoile-liste-poursuivre-ensemble\/#primaryimage"},"thumbnailUrl":"https:\/\/vosgesinfo.fr\/app\/uploads\/sites\/5\/2024\/09\/202002photo-liste-michel-demange-20201.jpg","datePublished":"2020-02-28T15:23:20+00:00","dateModified":"2020-02-28T15:23:20+00:00","breadcrumb":{"@id":"https:\/\/vosgesinfo.fr\/remiremontinfo\/2020\/02\/elections-municipales-michel-demange-devoile-liste-poursuivre-ensemble\/#breadcrumb"},"inLanguage":"fr-FR","potentialAction":[{"@type":"ReadAction","target":["https:\/\/vosgesinfo.fr\/remiremontinfo\/2020\/02\/elections-municipales-michel-demange-devoile-liste-poursuivre-ensemble\/"]}]},{"@type":"ImageObject","inLanguage":"fr-FR","@id":"https:\/\/vosgesinfo.fr\/remiremontinfo\/2020\/02\/elections-municipales-michel-demange-devoile-liste-poursuivre-ensemble\/#primaryimage","url":"https:\/\/vosgesinfo.fr\/app\/uploads\/sites\/5\/2024\/09\/202002photo-liste-michel-demange-20201.jpg","contentUrl":"https:\/\/vosgesinfo.fr\/app\/uploads\/sites\/5\/2024\/09\/202002photo-liste-michel-demange-20201.jpg","width":1280,"height":851},{"@type":"BreadcrumbList","@id":"https:\/\/vosgesinfo.fr\/remiremontinfo\/2020\/02\/elections-municipales-michel-demange-devoile-liste-poursuivre-ensemble\/#breadcrumb","itemListElement":[{"@type":"ListItem","position":1,"name":"Home","item":"https:\/\/vosgesinfo.fr\/remiremontinfo\/"},{"@type":"ListItem","position":2,"name":"\u00c9lections Municipales &#8211; Les points forts de la liste \u00ab Poursuivre ensemble \u00bb"}]},{"@type":"WebSite","@id":"https:\/\/vosgesinfo.fr\/remiremontinfo\/#website","url":"https:\/\/vosgesinfo.fr\/remiremontinfo\/","name":"Remiremont Info","description":"Toute l&#039;actualit\u00e9 de Remiremont","publisher":{"@id":"https:\/\/vosgesinfo.fr\/remiremontinfo\/#organization"},"alternateName":"Toute l'actualit\u00e9 de Remiremont","potentialAction":[{"@type":"SearchAction","target":{"@type":"EntryPoint","urlTemplate":"https:\/\/vosgesinfo.fr\/remiremontinfo\/?s={search_term_string}"},"query-input":"required name=search_term_string"}],"inLanguage":"fr-FR"},{"@type":"Organization","@id":"https:\/\/vosgesinfo.fr\/remiremontinfo\/#organization","name":"Remiremont Info","url":"https:\/\/vosgesinfo.fr\/remiremontinfo\/","logo":{"@type":"ImageObject","inLanguage":"fr-FR","@id":"https:\/\/vosgesinfo.fr\/remiremontinfo\/#\/schema\/logo\/image\/","url":"https:\/\/vosgesinfo.fr\/app\/uploads\/sites\/5\/2023\/08\/favicon-remiremontinfo.png","contentUrl":"https:\/\/vosgesinfo.fr\/app\/uploads\/sites\/5\/2023\/08\/favicon-remiremontinfo.png","width":512,"height":512,"caption":"Remiremont Info"},"image":{"@id":"https:\/\/vosgesinfo.fr\/remiremontinfo\/#\/schema\/logo\/image\/"},"sameAs":["https:\/\/www.facebook.com\/remiremontinfo","https:\/\/x.com\/VosgesInfo88","https:\/\/www.youtube.com\/@vosgesinfo"]},{"@type":"Person","@id":"https:\/\/vosgesinfo.fr\/remiremontinfo\/#\/schema\/person\/4f57dc393faf2ac8b9f1cab30ad79250","name":"Phj","image":{"@type":"ImageObject","inLanguage":"fr-FR","@id":"https:\/\/vosgesinfo.fr\/remiremontinfo\/#\/schema\/person\/image\/","url":"https:\/\/secure.gravatar.com\/avatar\/ada60265080fb9a89c9809bf0abb1f448a128cb85db1c08905baa5038fbe3cfe?s=96&d=mm&r=g","contentUrl":"https:\/\/secure.gravatar.com\/avatar\/ada60265080fb9a89c9809bf0abb1f448a128cb85db1c08905baa5038fbe3cfe?s=96&d=mm&r=g","caption":"Phj"},"url":"https:\/\/vosgesinfo.fr\/remiremontinfo\/author\/phj\/"}]}},"_links":{"self":[{"href":"https:\/\/vosgesinfo.fr\/remiremontinfo\/wp-json\/wp\/v2\/posts\/25795","targetHints":{"allow":["GET"]}}],"collection":[{"href":"https:\/\/vosgesinfo.fr\/remiremontinfo\/wp-json\/wp\/v2\/posts"}],"about":[{"href":"https:\/\/vosgesinfo.fr\/remiremontinfo\/wp-json\/wp\/v2\/types\/post"}],"author":[{"embeddable":true,"href":"https:\/\/vosgesinfo.fr\/remiremontinfo\/wp-json\/wp\/v2\/users\/39"}],"replies":[{"embeddable":true,"href":"https:\/\/vosgesinfo.fr\/remiremontinfo\/wp-json\/wp\/v2\/comments?post=25795"}],"version-history":[{"count":0,"href":"https:\/\/vosgesinfo.fr\/remiremontinfo\/wp-json\/wp\/v2\/posts\/25795\/revisions"}],"wp:featuredmedia":[{"embeddable":true,"href":"https:\/\/vosgesinfo.fr\/remiremontinfo\/wp-json\/wp\/v2\/media\/25796"}],"wp:attachment":[{"href":"https:\/\/vosgesinfo.fr\/remiremontinfo\/wp-json\/wp\/v2\/media?parent=25795"}],"wp:term":[{"taxonomy":"category","embeddable":true,"href":"https:\/\/vosgesinfo.fr\/remiremontinfo\/wp-json\/wp\/v2\/categories?post=25795"},{"taxonomy":"post_tag","embeddable":true,"href":"https:\/\/vosgesinfo.fr\/remiremontinfo\/wp-json\/wp\/v2\/tags?post=25795"}],"curies":[{"name":"wp","href":"https:\/\/api.w.org\/{rel}","templated":true}]}}