{"id":25797,"date":"2020-02-28T20:31:18","date_gmt":"2020-02-28T19:31:18","guid":{"rendered":"https:\/\/vosgesinfo.fr\/remiremontinfo\/2020\/02\/elections-municipales-lintegralite-listes-deposees-vosges\/"},"modified":"2020-02-28T20:31:18","modified_gmt":"2020-02-28T19:31:18","slug":"elections-municipales-lintegralite-listes-deposees-vosges","status":"publish","type":"post","link":"https:\/\/vosgesinfo.fr\/remiremontinfo\/2020\/02\/elections-municipales-lintegralite-listes-deposees-vosges\/","title":{"rendered":"\u00c9lections municipales : l\u2019int\u00e9gralit\u00e9 des listes d\u00e9pos\u00e9es dans les Vosges"},"content":{"rendered":"<h2><span style=\"font-size: 14pt;\"><strong><a href=\"https:\/\/remiremontinfo.fr\/2020\/02\/elections-municipales-lintegralite-listes-deposees-vosges\/carte_electorale\/\" rel=\"attachment wp-att-283583\"><img decoding=\"async\" class=\"aligncenter size-large wp-image-283583\" src=\"\/2020\/02\/Carte_Electorale-1024x410.jpg\" alt=\"Carte_Electorale\" width=\"960\" height=\"384\" \/><\/a>Il n\u2019y aura d\u00e9sormais plus de nouvelle liste d\u00e9clar\u00e9e pour les prochaines \u00e9lections municipales, puisque la date limite de d\u00e9p\u00f4t des candidatures \u00e9tait fix\u00e9e \u00e0 18h ce jeudi.<\/strong><\/span><\/h2>\n<p>Alors que la Pr\u00e9fecture avait initialement annonc\u00e9 que l\u2019ensemble des listes en lice pour le scrutin des dimanches 15 et 22 mars seraient disponibles lundi apr\u00e8s-midi, elles le sont finalement depuis ce vendredi soir.<\/p>\n<p>Au total, ce sont ainsi 8 847\u00a0candidatures ont \u00e9t\u00e9 enregistr\u00e9es cette ann\u00e9e, contre 9 900 en 2014,\u00a0 pour le 1er tour des \u00c9lections Municipales, qui se tiendra dimanche 15 mars 2020. Vous pouvez retrouver ci-dessous quelques \u00e9l\u00e9ments chiffr\u00e9s par type de commune\u00a0:<\/p>\n<h3><strong>Communes de 1 000 habitants et plus : <\/strong><\/h3>\n<ul>\n<li>Le d\u00e9partement compte 79 communes de 1 000 habitants et plus sur un total de 507.<\/li>\n<li>3 287\u00a0candidatures ont \u00e9t\u00e9\u00a0enregistr\u00e9es sur 142 listes cette ann\u00e9e 2020 contre 3 848 candidatures sur 174 listes en 2014.<\/li>\n<li>Parmi ces 79 communes, 34 communes d\u2019entre elles ne pr\u00e9sentent qu\u2019une seule liste.<\/li>\n<li>Aucune commune de 1 000 habitants et plus ne reste sans liste \u00e0 l\u2019issue des d\u00e9p\u00f4ts de candidatures.<\/li>\n<\/ul>\n<h3><strong>Pour les 428 communes de moins de 1 000 habitants : <\/strong><\/h3>\n<ul>\n<li>5 560\u00a0candidatures ont \u00e9t\u00e9 enregistr\u00e9es cette ann\u00e9e contre 6 091 en 2014.<\/li>\n<li>2 communes demeurent\u00a0sans candidat \u00e0 l\u2019issue des d\u00e9p\u00f4ts de candidatures pour le 1er tour du 15 Mars\u00a0: Les Thons et Dignonville.<\/li>\n<li>25 communes de moins de 1 000 habitants ont un nombre de candidats insuffisant \u00e0 l\u2019issue des d\u00e9p\u00f4ts de candidatures et seront donc automatiquement concern\u00e9es par un second tour le 22 mars prochain.<\/li>\n<\/ul>\n<h3><strong>L\u2019int\u00e9gralit\u00e9 des listes des candidatures valid\u00e9es sont consultables et t\u00e9l\u00e9chargeables ci-dessous, au format PDF :<\/strong><\/h3>\n<ul>\n<li><a href=\"http:\/\/www.vosges.gouv.fr\/content\/download\/20454\/147498\/file\/Livret%20communes%20de%201000%20habitants%20et%20plus.pdf\" target=\"_blank\" rel=\"noopener\"><strong>Communes de 1 000 habitants et plus;<\/strong><\/a><\/li>\n<li><a href=\"http:\/\/www.vosges.gouv.fr\/content\/download\/20455\/147502\/file\/Livret%20communes%20de%20moins%20de%201000%20habitants.pdf\" target=\"_blank\" rel=\"noopener\"><strong>Communes de moins de 1 000 habitants.<\/strong><\/a><\/li>\n<\/ul>\n<p>J.J.<\/p>\n","protected":false},"excerpt":{"rendered":"<p>Il n\u2019y aura d\u00e9sormais plus de nouvelle liste d\u00e9clar\u00e9e pour les prochaines \u00e9lections municipales, puisque la date limite de d\u00e9p\u00f4t [&hellip;]<\/p>\n","protected":false},"author":39,"featured_media":25798,"comment_status":"open","ping_status":"open","sticky":false,"template":"","format":"standard","meta":{"footnotes":""},"categories":[26,10,18],"tags":[],"class_list":["post-25797","post","type-post","status-publish","format-standard","has-post-thumbnail","hentry","category-a-la-une","category-politique","category-vosges"],"acf":[],"yoast_head":"<!-- This site is optimized with the Yoast SEO plugin v22.5 - https:\/\/yoast.com\/wordpress\/plugins\/seo\/ -->\n<title>\u00c9lections municipales : l\u2019int\u00e9gralit\u00e9 des listes d\u00e9pos\u00e9es dans les Vosges - Remiremont Info<\/title>\n<meta name=\"robots\" content=\"index, follow, max-snippet:-1, max-image-preview:large, max-video-preview:-1\" \/>\n<link rel=\"canonical\" href=\"https:\/\/vosgesinfo.fr\/remiremontinfo\/2020\/02\/elections-municipales-lintegralite-listes-deposees-vosges\/\" \/>\n<meta name=\"twitter:card\" content=\"summary_large_image\" \/>\n<meta name=\"twitter:title\" content=\"\u00c9lections municipales : l\u2019int\u00e9gralit\u00e9 des listes d\u00e9pos\u00e9es dans les Vosges - Remiremont Info\" \/>\n<meta name=\"twitter:description\" content=\"Il n\u2019y aura d\u00e9sormais plus de nouvelle liste d\u00e9clar\u00e9e pour les prochaines \u00e9lections municipales, puisque la date limite de d\u00e9p\u00f4t [&hellip;]\" \/>\n<meta name=\"twitter:image\" content=\"https:\/\/vosgesinfo.fr\/app\/uploads\/sites\/5\/2024\/09\/202002carte-electorale.jpg\" \/>\n<meta name=\"twitter:creator\" content=\"@VosgesInfo88\" \/>\n<meta name=\"twitter:site\" content=\"@VosgesInfo88\" \/>\n<meta name=\"twitter:label1\" content=\"\u00c9crit par\" \/>\n\t<meta name=\"twitter:data1\" content=\"Phj\" \/>\n\t<meta name=\"twitter:label2\" content=\"Dur\u00e9e de lecture estim\u00e9e\" \/>\n\t<meta name=\"twitter:data2\" content=\"1 minute\" \/>\n<script type=\"application\/ld+json\" class=\"yoast-schema-graph\">{\"@context\":\"https:\/\/schema.org\",\"@graph\":[{\"@type\":\"Article\",\"@id\":\"https:\/\/vosgesinfo.fr\/remiremontinfo\/2020\/02\/elections-municipales-lintegralite-listes-deposees-vosges\/#article\",\"isPartOf\":{\"@id\":\"https:\/\/vosgesinfo.fr\/remiremontinfo\/2020\/02\/elections-municipales-lintegralite-listes-deposees-vosges\/\"},\"author\":{\"name\":\"Phj\",\"@id\":\"https:\/\/vosgesinfo.fr\/remiremontinfo\/#\/schema\/person\/4f57dc393faf2ac8b9f1cab30ad79250\"},\"headline\":\"\u00c9lections municipales : l\u2019int\u00e9gralit\u00e9 des listes d\u00e9pos\u00e9es dans les Vosges\",\"datePublished\":\"2020-02-28T19:31:18+00:00\",\"dateModified\":\"2020-02-28T19:31:18+00:00\",\"mainEntityOfPage\":{\"@id\":\"https:\/\/vosgesinfo.fr\/remiremontinfo\/2020\/02\/elections-municipales-lintegralite-listes-deposees-vosges\/\"},\"wordCount\":289,\"commentCount\":0,\"publisher\":{\"@id\":\"https:\/\/vosgesinfo.fr\/remiremontinfo\/#organization\"},\"image\":{\"@id\":\"https:\/\/vosgesinfo.fr\/remiremontinfo\/2020\/02\/elections-municipales-lintegralite-listes-deposees-vosges\/#primaryimage\"},\"thumbnailUrl\":\"https:\/\/vosgesinfo.fr\/app\/uploads\/sites\/5\/2024\/09\/202002carte-electorale.jpg\",\"articleSection\":[\"A la Une\",\"Politique\",\"Vosges\"],\"inLanguage\":\"fr-FR\",\"potentialAction\":[{\"@type\":\"CommentAction\",\"name\":\"Comment\",\"target\":[\"https:\/\/vosgesinfo.fr\/remiremontinfo\/2020\/02\/elections-municipales-lintegralite-listes-deposees-vosges\/#respond\"]}]},{\"@type\":\"WebPage\",\"@id\":\"https:\/\/vosgesinfo.fr\/remiremontinfo\/2020\/02\/elections-municipales-lintegralite-listes-deposees-vosges\/\",\"url\":\"https:\/\/vosgesinfo.fr\/remiremontinfo\/2020\/02\/elections-municipales-lintegralite-listes-deposees-vosges\/\",\"name\":\"\u00c9lections municipales : l\u2019int\u00e9gralit\u00e9 des listes d\u00e9pos\u00e9es dans les Vosges - Remiremont Info\",\"isPartOf\":{\"@id\":\"https:\/\/vosgesinfo.fr\/remiremontinfo\/#website\"},\"primaryImageOfPage\":{\"@id\":\"https:\/\/vosgesinfo.fr\/remiremontinfo\/2020\/02\/elections-municipales-lintegralite-listes-deposees-vosges\/#primaryimage\"},\"image\":{\"@id\":\"https:\/\/vosgesinfo.fr\/remiremontinfo\/2020\/02\/elections-municipales-lintegralite-listes-deposees-vosges\/#primaryimage\"},\"thumbnailUrl\":\"https:\/\/vosgesinfo.fr\/app\/uploads\/sites\/5\/2024\/09\/202002carte-electorale.jpg\",\"datePublished\":\"2020-02-28T19:31:18+00:00\",\"dateModified\":\"2020-02-28T19:31:18+00:00\",\"breadcrumb\":{\"@id\":\"https:\/\/vosgesinfo.fr\/remiremontinfo\/2020\/02\/elections-municipales-lintegralite-listes-deposees-vosges\/#breadcrumb\"},\"inLanguage\":\"fr-FR\",\"potentialAction\":[{\"@type\":\"ReadAction\",\"target\":[\"https:\/\/vosgesinfo.fr\/remiremontinfo\/2020\/02\/elections-municipales-lintegralite-listes-deposees-vosges\/\"]}]},{\"@type\":\"ImageObject\",\"inLanguage\":\"fr-FR\",\"@id\":\"https:\/\/vosgesinfo.fr\/remiremontinfo\/2020\/02\/elections-municipales-lintegralite-listes-deposees-vosges\/#primaryimage\",\"url\":\"https:\/\/vosgesinfo.fr\/app\/uploads\/sites\/5\/2024\/09\/202002carte-electorale.jpg\",\"contentUrl\":\"https:\/\/vosgesinfo.fr\/app\/uploads\/sites\/5\/2024\/09\/202002carte-electorale.jpg\",\"width\":1920,\"height\":768},{\"@type\":\"BreadcrumbList\",\"@id\":\"https:\/\/vosgesinfo.fr\/remiremontinfo\/2020\/02\/elections-municipales-lintegralite-listes-deposees-vosges\/#breadcrumb\",\"itemListElement\":[{\"@type\":\"ListItem\",\"position\":1,\"name\":\"Home\",\"item\":\"https:\/\/vosgesinfo.fr\/remiremontinfo\/\"},{\"@type\":\"ListItem\",\"position\":2,\"name\":\"\u00c9lections municipales : l\u2019int\u00e9gralit\u00e9 des listes d\u00e9pos\u00e9es dans les Vosges\"}]},{\"@type\":\"WebSite\",\"@id\":\"https:\/\/vosgesinfo.fr\/remiremontinfo\/#website\",\"url\":\"https:\/\/vosgesinfo.fr\/remiremontinfo\/\",\"name\":\"Remiremont Info\",\"description\":\"Toute l&#039;actualit\u00e9 de Remiremont\",\"publisher\":{\"@id\":\"https:\/\/vosgesinfo.fr\/remiremontinfo\/#organization\"},\"alternateName\":\"Toute l'actualit\u00e9 de Remiremont\",\"potentialAction\":[{\"@type\":\"SearchAction\",\"target\":{\"@type\":\"EntryPoint\",\"urlTemplate\":\"https:\/\/vosgesinfo.fr\/remiremontinfo\/?s={search_term_string}\"},\"query-input\":\"required name=search_term_string\"}],\"inLanguage\":\"fr-FR\"},{\"@type\":\"Organization\",\"@id\":\"https:\/\/vosgesinfo.fr\/remiremontinfo\/#organization\",\"name\":\"Remiremont Info\",\"url\":\"https:\/\/vosgesinfo.fr\/remiremontinfo\/\",\"logo\":{\"@type\":\"ImageObject\",\"inLanguage\":\"fr-FR\",\"@id\":\"https:\/\/vosgesinfo.fr\/remiremontinfo\/#\/schema\/logo\/image\/\",\"url\":\"https:\/\/vosgesinfo.fr\/app\/uploads\/sites\/5\/2023\/08\/favicon-remiremontinfo.png\",\"contentUrl\":\"https:\/\/vosgesinfo.fr\/app\/uploads\/sites\/5\/2023\/08\/favicon-remiremontinfo.png\",\"width\":512,\"height\":512,\"caption\":\"Remiremont Info\"},\"image\":{\"@id\":\"https:\/\/vosgesinfo.fr\/remiremontinfo\/#\/schema\/logo\/image\/\"},\"sameAs\":[\"https:\/\/www.facebook.com\/remiremontinfo\",\"https:\/\/x.com\/VosgesInfo88\",\"https:\/\/www.youtube.com\/@vosgesinfo\"]},{\"@type\":\"Person\",\"@id\":\"https:\/\/vosgesinfo.fr\/remiremontinfo\/#\/schema\/person\/4f57dc393faf2ac8b9f1cab30ad79250\",\"name\":\"Phj\",\"image\":{\"@type\":\"ImageObject\",\"inLanguage\":\"fr-FR\",\"@id\":\"https:\/\/vosgesinfo.fr\/remiremontinfo\/#\/schema\/person\/image\/\",\"url\":\"https:\/\/secure.gravatar.com\/avatar\/ada60265080fb9a89c9809bf0abb1f448a128cb85db1c08905baa5038fbe3cfe?s=96&d=mm&r=g\",\"contentUrl\":\"https:\/\/secure.gravatar.com\/avatar\/ada60265080fb9a89c9809bf0abb1f448a128cb85db1c08905baa5038fbe3cfe?s=96&d=mm&r=g\",\"caption\":\"Phj\"},\"url\":\"https:\/\/vosgesinfo.fr\/remiremontinfo\/author\/phj\/\"}]}<\/script>\n<!-- \/ Yoast SEO plugin. -->","yoast_head_json":{"title":"\u00c9lections municipales : l\u2019int\u00e9gralit\u00e9 des listes d\u00e9pos\u00e9es dans les Vosges - Remiremont Info","robots":{"index":"index","follow":"follow","max-snippet":"max-snippet:-1","max-image-preview":"max-image-preview:large","max-video-preview":"max-video-preview:-1"},"canonical":"https:\/\/vosgesinfo.fr\/remiremontinfo\/2020\/02\/elections-municipales-lintegralite-listes-deposees-vosges\/","twitter_card":"summary_large_image","twitter_title":"\u00c9lections municipales : l\u2019int\u00e9gralit\u00e9 des listes d\u00e9pos\u00e9es dans les Vosges - Remiremont Info","twitter_description":"Il n\u2019y aura d\u00e9sormais plus de nouvelle liste d\u00e9clar\u00e9e pour les prochaines \u00e9lections municipales, puisque la date limite de d\u00e9p\u00f4t [&hellip;]","twitter_image":"https:\/\/vosgesinfo.fr\/app\/uploads\/sites\/5\/2024\/09\/202002carte-electorale.jpg","twitter_creator":"@VosgesInfo88","twitter_site":"@VosgesInfo88","twitter_misc":{"\u00c9crit par":"Phj","Dur\u00e9e de lecture estim\u00e9e":"1 minute"},"schema":{"@context":"https:\/\/schema.org","@graph":[{"@type":"Article","@id":"https:\/\/vosgesinfo.fr\/remiremontinfo\/2020\/02\/elections-municipales-lintegralite-listes-deposees-vosges\/#article","isPartOf":{"@id":"https:\/\/vosgesinfo.fr\/remiremontinfo\/2020\/02\/elections-municipales-lintegralite-listes-deposees-vosges\/"},"author":{"name":"Phj","@id":"https:\/\/vosgesinfo.fr\/remiremontinfo\/#\/schema\/person\/4f57dc393faf2ac8b9f1cab30ad79250"},"headline":"\u00c9lections municipales : l\u2019int\u00e9gralit\u00e9 des listes d\u00e9pos\u00e9es dans les Vosges","datePublished":"2020-02-28T19:31:18+00:00","dateModified":"2020-02-28T19:31:18+00:00","mainEntityOfPage":{"@id":"https:\/\/vosgesinfo.fr\/remiremontinfo\/2020\/02\/elections-municipales-lintegralite-listes-deposees-vosges\/"},"wordCount":289,"commentCount":0,"publisher":{"@id":"https:\/\/vosgesinfo.fr\/remiremontinfo\/#organization"},"image":{"@id":"https:\/\/vosgesinfo.fr\/remiremontinfo\/2020\/02\/elections-municipales-lintegralite-listes-deposees-vosges\/#primaryimage"},"thumbnailUrl":"https:\/\/vosgesinfo.fr\/app\/uploads\/sites\/5\/2024\/09\/202002carte-electorale.jpg","articleSection":["A la Une","Politique","Vosges"],"inLanguage":"fr-FR","potentialAction":[{"@type":"CommentAction","name":"Comment","target":["https:\/\/vosgesinfo.fr\/remiremontinfo\/2020\/02\/elections-municipales-lintegralite-listes-deposees-vosges\/#respond"]}]},{"@type":"WebPage","@id":"https:\/\/vosgesinfo.fr\/remiremontinfo\/2020\/02\/elections-municipales-lintegralite-listes-deposees-vosges\/","url":"https:\/\/vosgesinfo.fr\/remiremontinfo\/2020\/02\/elections-municipales-lintegralite-listes-deposees-vosges\/","name":"\u00c9lections municipales : l\u2019int\u00e9gralit\u00e9 des listes d\u00e9pos\u00e9es dans les Vosges - Remiremont Info","isPartOf":{"@id":"https:\/\/vosgesinfo.fr\/remiremontinfo\/#website"},"primaryImageOfPage":{"@id":"https:\/\/vosgesinfo.fr\/remiremontinfo\/2020\/02\/elections-municipales-lintegralite-listes-deposees-vosges\/#primaryimage"},"image":{"@id":"https:\/\/vosgesinfo.fr\/remiremontinfo\/2020\/02\/elections-municipales-lintegralite-listes-deposees-vosges\/#primaryimage"},"thumbnailUrl":"https:\/\/vosgesinfo.fr\/app\/uploads\/sites\/5\/2024\/09\/202002carte-electorale.jpg","datePublished":"2020-02-28T19:31:18+00:00","dateModified":"2020-02-28T19:31:18+00:00","breadcrumb":{"@id":"https:\/\/vosgesinfo.fr\/remiremontinfo\/2020\/02\/elections-municipales-lintegralite-listes-deposees-vosges\/#breadcrumb"},"inLanguage":"fr-FR","potentialAction":[{"@type":"ReadAction","target":["https:\/\/vosgesinfo.fr\/remiremontinfo\/2020\/02\/elections-municipales-lintegralite-listes-deposees-vosges\/"]}]},{"@type":"ImageObject","inLanguage":"fr-FR","@id":"https:\/\/vosgesinfo.fr\/remiremontinfo\/2020\/02\/elections-municipales-lintegralite-listes-deposees-vosges\/#primaryimage","url":"https:\/\/vosgesinfo.fr\/app\/uploads\/sites\/5\/2024\/09\/202002carte-electorale.jpg","contentUrl":"https:\/\/vosgesinfo.fr\/app\/uploads\/sites\/5\/2024\/09\/202002carte-electorale.jpg","width":1920,"height":768},{"@type":"BreadcrumbList","@id":"https:\/\/vosgesinfo.fr\/remiremontinfo\/2020\/02\/elections-municipales-lintegralite-listes-deposees-vosges\/#breadcrumb","itemListElement":[{"@type":"ListItem","position":1,"name":"Home","item":"https:\/\/vosgesinfo.fr\/remiremontinfo\/"},{"@type":"ListItem","position":2,"name":"\u00c9lections municipales : l\u2019int\u00e9gralit\u00e9 des listes d\u00e9pos\u00e9es dans les Vosges"}]},{"@type":"WebSite","@id":"https:\/\/vosgesinfo.fr\/remiremontinfo\/#website","url":"https:\/\/vosgesinfo.fr\/remiremontinfo\/","name":"Remiremont Info","description":"Toute l&#039;actualit\u00e9 de Remiremont","publisher":{"@id":"https:\/\/vosgesinfo.fr\/remiremontinfo\/#organization"},"alternateName":"Toute l'actualit\u00e9 de Remiremont","potentialAction":[{"@type":"SearchAction","target":{"@type":"EntryPoint","urlTemplate":"https:\/\/vosgesinfo.fr\/remiremontinfo\/?s={search_term_string}"},"query-input":"required name=search_term_string"}],"inLanguage":"fr-FR"},{"@type":"Organization","@id":"https:\/\/vosgesinfo.fr\/remiremontinfo\/#organization","name":"Remiremont Info","url":"https:\/\/vosgesinfo.fr\/remiremontinfo\/","logo":{"@type":"ImageObject","inLanguage":"fr-FR","@id":"https:\/\/vosgesinfo.fr\/remiremontinfo\/#\/schema\/logo\/image\/","url":"https:\/\/vosgesinfo.fr\/app\/uploads\/sites\/5\/2023\/08\/favicon-remiremontinfo.png","contentUrl":"https:\/\/vosgesinfo.fr\/app\/uploads\/sites\/5\/2023\/08\/favicon-remiremontinfo.png","width":512,"height":512,"caption":"Remiremont Info"},"image":{"@id":"https:\/\/vosgesinfo.fr\/remiremontinfo\/#\/schema\/logo\/image\/"},"sameAs":["https:\/\/www.facebook.com\/remiremontinfo","https:\/\/x.com\/VosgesInfo88","https:\/\/www.youtube.com\/@vosgesinfo"]},{"@type":"Person","@id":"https:\/\/vosgesinfo.fr\/remiremontinfo\/#\/schema\/person\/4f57dc393faf2ac8b9f1cab30ad79250","name":"Phj","image":{"@type":"ImageObject","inLanguage":"fr-FR","@id":"https:\/\/vosgesinfo.fr\/remiremontinfo\/#\/schema\/person\/image\/","url":"https:\/\/secure.gravatar.com\/avatar\/ada60265080fb9a89c9809bf0abb1f448a128cb85db1c08905baa5038fbe3cfe?s=96&d=mm&r=g","contentUrl":"https:\/\/secure.gravatar.com\/avatar\/ada60265080fb9a89c9809bf0abb1f448a128cb85db1c08905baa5038fbe3cfe?s=96&d=mm&r=g","caption":"Phj"},"url":"https:\/\/vosgesinfo.fr\/remiremontinfo\/author\/phj\/"}]}},"_links":{"self":[{"href":"https:\/\/vosgesinfo.fr\/remiremontinfo\/wp-json\/wp\/v2\/posts\/25797","targetHints":{"allow":["GET"]}}],"collection":[{"href":"https:\/\/vosgesinfo.fr\/remiremontinfo\/wp-json\/wp\/v2\/posts"}],"about":[{"href":"https:\/\/vosgesinfo.fr\/remiremontinfo\/wp-json\/wp\/v2\/types\/post"}],"author":[{"embeddable":true,"href":"https:\/\/vosgesinfo.fr\/remiremontinfo\/wp-json\/wp\/v2\/users\/39"}],"replies":[{"embeddable":true,"href":"https:\/\/vosgesinfo.fr\/remiremontinfo\/wp-json\/wp\/v2\/comments?post=25797"}],"version-history":[{"count":0,"href":"https:\/\/vosgesinfo.fr\/remiremontinfo\/wp-json\/wp\/v2\/posts\/25797\/revisions"}],"wp:featuredmedia":[{"embeddable":true,"href":"https:\/\/vosgesinfo.fr\/remiremontinfo\/wp-json\/wp\/v2\/media\/25798"}],"wp:attachment":[{"href":"https:\/\/vosgesinfo.fr\/remiremontinfo\/wp-json\/wp\/v2\/media?parent=25797"}],"wp:term":[{"taxonomy":"category","embeddable":true,"href":"https:\/\/vosgesinfo.fr\/remiremontinfo\/wp-json\/wp\/v2\/categories?post=25797"},{"taxonomy":"post_tag","embeddable":true,"href":"https:\/\/vosgesinfo.fr\/remiremontinfo\/wp-json\/wp\/v2\/tags?post=25797"}],"curies":[{"name":"wp","href":"https:\/\/api.w.org\/{rel}","templated":true}]}}