{"id":26180,"date":"2020-03-15T11:00:51","date_gmt":"2020-03-15T10:00:51","guid":{"rendered":"https:\/\/vosgesinfo.fr\/remiremontinfo\/2020\/03\/phase-3-de-pandemie-de-covid-19-donnez-sentiment-situation-actuelle\/"},"modified":"2020-03-15T11:00:51","modified_gmt":"2020-03-15T10:00:51","slug":"phase-3-de-pandemie-de-covid-19-donnez-sentiment-situation-actuelle","status":"publish","type":"post","link":"https:\/\/vosgesinfo.fr\/remiremontinfo\/2020\/03\/phase-3-de-pandemie-de-covid-19-donnez-sentiment-situation-actuelle\/","title":{"rendered":"Phase 3 de la pand\u00e9mie de Covid-19- Donnez votre sentiment sur la situation actuelle"},"content":{"rendered":"<p style=\"text-align: center;\"><a href=\"\/2020\/03\/foule1.jpg\"><img decoding=\"async\" class=\"alignnone size-full wp-image-284363\" src=\"\/2020\/03\/foule1.jpg\" alt=\"foule1\" width=\"263\" height=\"191\" \/><\/a><\/p>\n<p>La France est depuis hier soir, suite \u00e0 l\u2019annonce faite par le 1er ministre \u00c9douard Philippe, en phase 3 de la pand\u00e9mie de Covid-19. Les dispositions gouvernementales sont les suivantes :<\/p>\n<p>\u00ab\u00a0<em>La fermeture de<\/em>\u00a0<em>tous les lieux recevant du public non indispensables \u00e0 la vie du pays. Il s\u2019agit notamment des restaurants, caf\u00e9s, cin\u00e9mas, discoth\u00e8ques. Les lieux de culte resteront ouverts, mais les rassemblements et les c\u00e9r\u00e9monies devront \u00eatre report\u00e9s. Il s\u2019agit \u00e9galement de tous les commerces \u00e0 l\u2019exception des commerces essentiels. Resteront notamment ouverts les magasins et march\u00e9s alimentaires, les pharmacies, les stations essence, les banques et les bureaux de tabac et de presse. Tous les services publics essentiels \u00e0 la vie de nos concitoyens resteront \u00e9videmment ouverts. Les transports urbains continueront de fonctionner, mais j\u2019appelle les Fran\u00e7ais \u00e0 diminuer leurs d\u00e9placements, et en particulier \u00e0 \u00e9viter les d\u00e9placements inter-urbains. Les op\u00e9rateurs de transport publics vont progressivement adapter leurs plans de transports en ce sens\u00a0\u00bb<\/em><\/p>\n<p>Donnez-nous votre sentiment sur la situation actuelle. Exprimez-vous sur vos peurs, sur la mani\u00e8re d\u2019envisager les semaines \u00e0 venir et sur la mani\u00e8re dont vous allez vous comporter. Donnez votre avis,\u00a0 exprimez vos sentiments, ainsi nous pourrions mettre en place une chaine d\u2019entraide pour les personnes en d\u00e9tresse physique et psychologique. Nous nous posons en relayeur de vos informations et de vos pr\u00e9occupations.<\/p>\n<p>NDLR : attention seuls, les messages corrects seront publi\u00e9s<\/p>\n","protected":false},"excerpt":{"rendered":"<p>La France est depuis hier soir, suite \u00e0 l\u2019annonce faite par le 1er ministre \u00c9douard Philippe, en phase 3 de [&hellip;]<\/p>\n","protected":false},"author":407,"featured_media":26181,"comment_status":"open","ping_status":"open","sticky":false,"template":"","format":"standard","meta":{"footnotes":""},"categories":[26,18],"tags":[],"class_list":["post-26180","post","type-post","status-publish","format-standard","has-post-thumbnail","hentry","category-a-la-une","category-vosges"],"acf":[],"yoast_head":"<!-- This site is optimized with the Yoast SEO plugin v22.5 - https:\/\/yoast.com\/wordpress\/plugins\/seo\/ -->\n<title>Phase 3 de la pand\u00e9mie de Covid-19- Donnez votre sentiment sur la situation actuelle - Remiremont Info<\/title>\n<meta name=\"robots\" content=\"index, follow, max-snippet:-1, max-image-preview:large, max-video-preview:-1\" \/>\n<link rel=\"canonical\" href=\"https:\/\/vosgesinfo.fr\/remiremontinfo\/2020\/03\/phase-3-de-pandemie-de-covid-19-donnez-sentiment-situation-actuelle\/\" \/>\n<meta name=\"twitter:card\" content=\"summary_large_image\" \/>\n<meta name=\"twitter:title\" content=\"Phase 3 de la pand\u00e9mie de Covid-19- Donnez votre sentiment sur la situation actuelle - Remiremont Info\" \/>\n<meta name=\"twitter:description\" content=\"La France est depuis hier soir, suite \u00e0 l\u2019annonce faite par le 1er ministre \u00c9douard Philippe, en phase 3 de [&hellip;]\" \/>\n<meta name=\"twitter:image\" content=\"https:\/\/vosgesinfo.fr\/app\/uploads\/sites\/5\/2024\/09\/202003foule1.jpg\" \/>\n<meta name=\"twitter:creator\" content=\"@VosgesInfo88\" \/>\n<meta name=\"twitter:site\" content=\"@VosgesInfo88\" \/>\n<meta name=\"twitter:label1\" content=\"\u00c9crit par\" \/>\n\t<meta name=\"twitter:data1\" content=\"C D\" \/>\n\t<meta name=\"twitter:label2\" content=\"Dur\u00e9e de lecture estim\u00e9e\" \/>\n\t<meta name=\"twitter:data2\" content=\"1 minute\" \/>\n<script type=\"application\/ld+json\" class=\"yoast-schema-graph\">{\"@context\":\"https:\/\/schema.org\",\"@graph\":[{\"@type\":\"Article\",\"@id\":\"https:\/\/vosgesinfo.fr\/remiremontinfo\/2020\/03\/phase-3-de-pandemie-de-covid-19-donnez-sentiment-situation-actuelle\/#article\",\"isPartOf\":{\"@id\":\"https:\/\/vosgesinfo.fr\/remiremontinfo\/2020\/03\/phase-3-de-pandemie-de-covid-19-donnez-sentiment-situation-actuelle\/\"},\"author\":{\"name\":\"C D\",\"@id\":\"https:\/\/vosgesinfo.fr\/remiremontinfo\/#\/schema\/person\/3bfd164d5218a185b1db68655a265316\"},\"headline\":\"Phase 3 de la pand\u00e9mie de Covid-19- Donnez votre sentiment sur la situation actuelle\",\"datePublished\":\"2020-03-15T10:00:51+00:00\",\"dateModified\":\"2020-03-15T10:00:51+00:00\",\"mainEntityOfPage\":{\"@id\":\"https:\/\/vosgesinfo.fr\/remiremontinfo\/2020\/03\/phase-3-de-pandemie-de-covid-19-donnez-sentiment-situation-actuelle\/\"},\"wordCount\":257,\"commentCount\":0,\"publisher\":{\"@id\":\"https:\/\/vosgesinfo.fr\/remiremontinfo\/#organization\"},\"image\":{\"@id\":\"https:\/\/vosgesinfo.fr\/remiremontinfo\/2020\/03\/phase-3-de-pandemie-de-covid-19-donnez-sentiment-situation-actuelle\/#primaryimage\"},\"thumbnailUrl\":\"https:\/\/vosgesinfo.fr\/app\/uploads\/sites\/5\/2024\/09\/202003foule1.jpg\",\"articleSection\":[\"A la Une\",\"Vosges\"],\"inLanguage\":\"fr-FR\",\"potentialAction\":[{\"@type\":\"CommentAction\",\"name\":\"Comment\",\"target\":[\"https:\/\/vosgesinfo.fr\/remiremontinfo\/2020\/03\/phase-3-de-pandemie-de-covid-19-donnez-sentiment-situation-actuelle\/#respond\"]}]},{\"@type\":\"WebPage\",\"@id\":\"https:\/\/vosgesinfo.fr\/remiremontinfo\/2020\/03\/phase-3-de-pandemie-de-covid-19-donnez-sentiment-situation-actuelle\/\",\"url\":\"https:\/\/vosgesinfo.fr\/remiremontinfo\/2020\/03\/phase-3-de-pandemie-de-covid-19-donnez-sentiment-situation-actuelle\/\",\"name\":\"Phase 3 de la pand\u00e9mie de Covid-19- Donnez votre sentiment sur la situation actuelle - Remiremont Info\",\"isPartOf\":{\"@id\":\"https:\/\/vosgesinfo.fr\/remiremontinfo\/#website\"},\"primaryImageOfPage\":{\"@id\":\"https:\/\/vosgesinfo.fr\/remiremontinfo\/2020\/03\/phase-3-de-pandemie-de-covid-19-donnez-sentiment-situation-actuelle\/#primaryimage\"},\"image\":{\"@id\":\"https:\/\/vosgesinfo.fr\/remiremontinfo\/2020\/03\/phase-3-de-pandemie-de-covid-19-donnez-sentiment-situation-actuelle\/#primaryimage\"},\"thumbnailUrl\":\"https:\/\/vosgesinfo.fr\/app\/uploads\/sites\/5\/2024\/09\/202003foule1.jpg\",\"datePublished\":\"2020-03-15T10:00:51+00:00\",\"dateModified\":\"2020-03-15T10:00:51+00:00\",\"breadcrumb\":{\"@id\":\"https:\/\/vosgesinfo.fr\/remiremontinfo\/2020\/03\/phase-3-de-pandemie-de-covid-19-donnez-sentiment-situation-actuelle\/#breadcrumb\"},\"inLanguage\":\"fr-FR\",\"potentialAction\":[{\"@type\":\"ReadAction\",\"target\":[\"https:\/\/vosgesinfo.fr\/remiremontinfo\/2020\/03\/phase-3-de-pandemie-de-covid-19-donnez-sentiment-situation-actuelle\/\"]}]},{\"@type\":\"ImageObject\",\"inLanguage\":\"fr-FR\",\"@id\":\"https:\/\/vosgesinfo.fr\/remiremontinfo\/2020\/03\/phase-3-de-pandemie-de-covid-19-donnez-sentiment-situation-actuelle\/#primaryimage\",\"url\":\"https:\/\/vosgesinfo.fr\/app\/uploads\/sites\/5\/2024\/09\/202003foule1.jpg\",\"contentUrl\":\"https:\/\/vosgesinfo.fr\/app\/uploads\/sites\/5\/2024\/09\/202003foule1.jpg\",\"width\":263,\"height\":191},{\"@type\":\"BreadcrumbList\",\"@id\":\"https:\/\/vosgesinfo.fr\/remiremontinfo\/2020\/03\/phase-3-de-pandemie-de-covid-19-donnez-sentiment-situation-actuelle\/#breadcrumb\",\"itemListElement\":[{\"@type\":\"ListItem\",\"position\":1,\"name\":\"Home\",\"item\":\"https:\/\/vosgesinfo.fr\/remiremontinfo\/\"},{\"@type\":\"ListItem\",\"position\":2,\"name\":\"Phase 3 de la pand\u00e9mie de Covid-19- Donnez votre sentiment sur la situation actuelle\"}]},{\"@type\":\"WebSite\",\"@id\":\"https:\/\/vosgesinfo.fr\/remiremontinfo\/#website\",\"url\":\"https:\/\/vosgesinfo.fr\/remiremontinfo\/\",\"name\":\"Remiremont Info\",\"description\":\"Toute l&#039;actualit\u00e9 de Remiremont\",\"publisher\":{\"@id\":\"https:\/\/vosgesinfo.fr\/remiremontinfo\/#organization\"},\"alternateName\":\"Toute l'actualit\u00e9 de Remiremont\",\"potentialAction\":[{\"@type\":\"SearchAction\",\"target\":{\"@type\":\"EntryPoint\",\"urlTemplate\":\"https:\/\/vosgesinfo.fr\/remiremontinfo\/?s={search_term_string}\"},\"query-input\":\"required name=search_term_string\"}],\"inLanguage\":\"fr-FR\"},{\"@type\":\"Organization\",\"@id\":\"https:\/\/vosgesinfo.fr\/remiremontinfo\/#organization\",\"name\":\"Remiremont Info\",\"url\":\"https:\/\/vosgesinfo.fr\/remiremontinfo\/\",\"logo\":{\"@type\":\"ImageObject\",\"inLanguage\":\"fr-FR\",\"@id\":\"https:\/\/vosgesinfo.fr\/remiremontinfo\/#\/schema\/logo\/image\/\",\"url\":\"https:\/\/vosgesinfo.fr\/app\/uploads\/sites\/5\/2023\/08\/favicon-remiremontinfo.png\",\"contentUrl\":\"https:\/\/vosgesinfo.fr\/app\/uploads\/sites\/5\/2023\/08\/favicon-remiremontinfo.png\",\"width\":512,\"height\":512,\"caption\":\"Remiremont Info\"},\"image\":{\"@id\":\"https:\/\/vosgesinfo.fr\/remiremontinfo\/#\/schema\/logo\/image\/\"},\"sameAs\":[\"https:\/\/www.facebook.com\/remiremontinfo\",\"https:\/\/x.com\/VosgesInfo88\",\"https:\/\/www.youtube.com\/@vosgesinfo\"]},{\"@type\":\"Person\",\"@id\":\"https:\/\/vosgesinfo.fr\/remiremontinfo\/#\/schema\/person\/3bfd164d5218a185b1db68655a265316\",\"name\":\"C D\",\"image\":{\"@type\":\"ImageObject\",\"inLanguage\":\"fr-FR\",\"@id\":\"https:\/\/vosgesinfo.fr\/remiremontinfo\/#\/schema\/person\/image\/\",\"url\":\"https:\/\/secure.gravatar.com\/avatar\/1f9a70007336511a47468b8f1c66f922b8b7cf617b02a31149ada43893a5d48f?s=96&d=mm&r=g\",\"contentUrl\":\"https:\/\/secure.gravatar.com\/avatar\/1f9a70007336511a47468b8f1c66f922b8b7cf617b02a31149ada43893a5d48f?s=96&d=mm&r=g\",\"caption\":\"C D\"},\"url\":\"https:\/\/vosgesinfo.fr\/remiremontinfo\/author\/cedric-drevet\/\"}]}<\/script>\n<!-- \/ Yoast SEO plugin. -->","yoast_head_json":{"title":"Phase 3 de la pand\u00e9mie de Covid-19- Donnez votre sentiment sur la situation actuelle - Remiremont Info","robots":{"index":"index","follow":"follow","max-snippet":"max-snippet:-1","max-image-preview":"max-image-preview:large","max-video-preview":"max-video-preview:-1"},"canonical":"https:\/\/vosgesinfo.fr\/remiremontinfo\/2020\/03\/phase-3-de-pandemie-de-covid-19-donnez-sentiment-situation-actuelle\/","twitter_card":"summary_large_image","twitter_title":"Phase 3 de la pand\u00e9mie de Covid-19- Donnez votre sentiment sur la situation actuelle - Remiremont Info","twitter_description":"La France est depuis hier soir, suite \u00e0 l\u2019annonce faite par le 1er ministre \u00c9douard Philippe, en phase 3 de [&hellip;]","twitter_image":"https:\/\/vosgesinfo.fr\/app\/uploads\/sites\/5\/2024\/09\/202003foule1.jpg","twitter_creator":"@VosgesInfo88","twitter_site":"@VosgesInfo88","twitter_misc":{"\u00c9crit par":"C D","Dur\u00e9e de lecture estim\u00e9e":"1 minute"},"schema":{"@context":"https:\/\/schema.org","@graph":[{"@type":"Article","@id":"https:\/\/vosgesinfo.fr\/remiremontinfo\/2020\/03\/phase-3-de-pandemie-de-covid-19-donnez-sentiment-situation-actuelle\/#article","isPartOf":{"@id":"https:\/\/vosgesinfo.fr\/remiremontinfo\/2020\/03\/phase-3-de-pandemie-de-covid-19-donnez-sentiment-situation-actuelle\/"},"author":{"name":"C D","@id":"https:\/\/vosgesinfo.fr\/remiremontinfo\/#\/schema\/person\/3bfd164d5218a185b1db68655a265316"},"headline":"Phase 3 de la pand\u00e9mie de Covid-19- Donnez votre sentiment sur la situation actuelle","datePublished":"2020-03-15T10:00:51+00:00","dateModified":"2020-03-15T10:00:51+00:00","mainEntityOfPage":{"@id":"https:\/\/vosgesinfo.fr\/remiremontinfo\/2020\/03\/phase-3-de-pandemie-de-covid-19-donnez-sentiment-situation-actuelle\/"},"wordCount":257,"commentCount":0,"publisher":{"@id":"https:\/\/vosgesinfo.fr\/remiremontinfo\/#organization"},"image":{"@id":"https:\/\/vosgesinfo.fr\/remiremontinfo\/2020\/03\/phase-3-de-pandemie-de-covid-19-donnez-sentiment-situation-actuelle\/#primaryimage"},"thumbnailUrl":"https:\/\/vosgesinfo.fr\/app\/uploads\/sites\/5\/2024\/09\/202003foule1.jpg","articleSection":["A la Une","Vosges"],"inLanguage":"fr-FR","potentialAction":[{"@type":"CommentAction","name":"Comment","target":["https:\/\/vosgesinfo.fr\/remiremontinfo\/2020\/03\/phase-3-de-pandemie-de-covid-19-donnez-sentiment-situation-actuelle\/#respond"]}]},{"@type":"WebPage","@id":"https:\/\/vosgesinfo.fr\/remiremontinfo\/2020\/03\/phase-3-de-pandemie-de-covid-19-donnez-sentiment-situation-actuelle\/","url":"https:\/\/vosgesinfo.fr\/remiremontinfo\/2020\/03\/phase-3-de-pandemie-de-covid-19-donnez-sentiment-situation-actuelle\/","name":"Phase 3 de la pand\u00e9mie de Covid-19- Donnez votre sentiment sur la situation actuelle - Remiremont Info","isPartOf":{"@id":"https:\/\/vosgesinfo.fr\/remiremontinfo\/#website"},"primaryImageOfPage":{"@id":"https:\/\/vosgesinfo.fr\/remiremontinfo\/2020\/03\/phase-3-de-pandemie-de-covid-19-donnez-sentiment-situation-actuelle\/#primaryimage"},"image":{"@id":"https:\/\/vosgesinfo.fr\/remiremontinfo\/2020\/03\/phase-3-de-pandemie-de-covid-19-donnez-sentiment-situation-actuelle\/#primaryimage"},"thumbnailUrl":"https:\/\/vosgesinfo.fr\/app\/uploads\/sites\/5\/2024\/09\/202003foule1.jpg","datePublished":"2020-03-15T10:00:51+00:00","dateModified":"2020-03-15T10:00:51+00:00","breadcrumb":{"@id":"https:\/\/vosgesinfo.fr\/remiremontinfo\/2020\/03\/phase-3-de-pandemie-de-covid-19-donnez-sentiment-situation-actuelle\/#breadcrumb"},"inLanguage":"fr-FR","potentialAction":[{"@type":"ReadAction","target":["https:\/\/vosgesinfo.fr\/remiremontinfo\/2020\/03\/phase-3-de-pandemie-de-covid-19-donnez-sentiment-situation-actuelle\/"]}]},{"@type":"ImageObject","inLanguage":"fr-FR","@id":"https:\/\/vosgesinfo.fr\/remiremontinfo\/2020\/03\/phase-3-de-pandemie-de-covid-19-donnez-sentiment-situation-actuelle\/#primaryimage","url":"https:\/\/vosgesinfo.fr\/app\/uploads\/sites\/5\/2024\/09\/202003foule1.jpg","contentUrl":"https:\/\/vosgesinfo.fr\/app\/uploads\/sites\/5\/2024\/09\/202003foule1.jpg","width":263,"height":191},{"@type":"BreadcrumbList","@id":"https:\/\/vosgesinfo.fr\/remiremontinfo\/2020\/03\/phase-3-de-pandemie-de-covid-19-donnez-sentiment-situation-actuelle\/#breadcrumb","itemListElement":[{"@type":"ListItem","position":1,"name":"Home","item":"https:\/\/vosgesinfo.fr\/remiremontinfo\/"},{"@type":"ListItem","position":2,"name":"Phase 3 de la pand\u00e9mie de Covid-19- Donnez votre sentiment sur la situation actuelle"}]},{"@type":"WebSite","@id":"https:\/\/vosgesinfo.fr\/remiremontinfo\/#website","url":"https:\/\/vosgesinfo.fr\/remiremontinfo\/","name":"Remiremont Info","description":"Toute l&#039;actualit\u00e9 de Remiremont","publisher":{"@id":"https:\/\/vosgesinfo.fr\/remiremontinfo\/#organization"},"alternateName":"Toute l'actualit\u00e9 de Remiremont","potentialAction":[{"@type":"SearchAction","target":{"@type":"EntryPoint","urlTemplate":"https:\/\/vosgesinfo.fr\/remiremontinfo\/?s={search_term_string}"},"query-input":"required name=search_term_string"}],"inLanguage":"fr-FR"},{"@type":"Organization","@id":"https:\/\/vosgesinfo.fr\/remiremontinfo\/#organization","name":"Remiremont Info","url":"https:\/\/vosgesinfo.fr\/remiremontinfo\/","logo":{"@type":"ImageObject","inLanguage":"fr-FR","@id":"https:\/\/vosgesinfo.fr\/remiremontinfo\/#\/schema\/logo\/image\/","url":"https:\/\/vosgesinfo.fr\/app\/uploads\/sites\/5\/2023\/08\/favicon-remiremontinfo.png","contentUrl":"https:\/\/vosgesinfo.fr\/app\/uploads\/sites\/5\/2023\/08\/favicon-remiremontinfo.png","width":512,"height":512,"caption":"Remiremont Info"},"image":{"@id":"https:\/\/vosgesinfo.fr\/remiremontinfo\/#\/schema\/logo\/image\/"},"sameAs":["https:\/\/www.facebook.com\/remiremontinfo","https:\/\/x.com\/VosgesInfo88","https:\/\/www.youtube.com\/@vosgesinfo"]},{"@type":"Person","@id":"https:\/\/vosgesinfo.fr\/remiremontinfo\/#\/schema\/person\/3bfd164d5218a185b1db68655a265316","name":"C D","image":{"@type":"ImageObject","inLanguage":"fr-FR","@id":"https:\/\/vosgesinfo.fr\/remiremontinfo\/#\/schema\/person\/image\/","url":"https:\/\/secure.gravatar.com\/avatar\/1f9a70007336511a47468b8f1c66f922b8b7cf617b02a31149ada43893a5d48f?s=96&d=mm&r=g","contentUrl":"https:\/\/secure.gravatar.com\/avatar\/1f9a70007336511a47468b8f1c66f922b8b7cf617b02a31149ada43893a5d48f?s=96&d=mm&r=g","caption":"C D"},"url":"https:\/\/vosgesinfo.fr\/remiremontinfo\/author\/cedric-drevet\/"}]}},"_links":{"self":[{"href":"https:\/\/vosgesinfo.fr\/remiremontinfo\/wp-json\/wp\/v2\/posts\/26180","targetHints":{"allow":["GET"]}}],"collection":[{"href":"https:\/\/vosgesinfo.fr\/remiremontinfo\/wp-json\/wp\/v2\/posts"}],"about":[{"href":"https:\/\/vosgesinfo.fr\/remiremontinfo\/wp-json\/wp\/v2\/types\/post"}],"author":[{"embeddable":true,"href":"https:\/\/vosgesinfo.fr\/remiremontinfo\/wp-json\/wp\/v2\/users\/407"}],"replies":[{"embeddable":true,"href":"https:\/\/vosgesinfo.fr\/remiremontinfo\/wp-json\/wp\/v2\/comments?post=26180"}],"version-history":[{"count":0,"href":"https:\/\/vosgesinfo.fr\/remiremontinfo\/wp-json\/wp\/v2\/posts\/26180\/revisions"}],"wp:featuredmedia":[{"embeddable":true,"href":"https:\/\/vosgesinfo.fr\/remiremontinfo\/wp-json\/wp\/v2\/media\/26181"}],"wp:attachment":[{"href":"https:\/\/vosgesinfo.fr\/remiremontinfo\/wp-json\/wp\/v2\/media?parent=26180"}],"wp:term":[{"taxonomy":"category","embeddable":true,"href":"https:\/\/vosgesinfo.fr\/remiremontinfo\/wp-json\/wp\/v2\/categories?post=26180"},{"taxonomy":"post_tag","embeddable":true,"href":"https:\/\/vosgesinfo.fr\/remiremontinfo\/wp-json\/wp\/v2\/tags?post=26180"}],"curies":[{"name":"wp","href":"https:\/\/api.w.org\/{rel}","templated":true}]}}