{"id":26182,"date":"2020-03-15T16:00:31","date_gmt":"2020-03-15T15:00:31","guid":{"rendered":"https:\/\/vosgesinfo.fr\/remiremontinfo\/2020\/03\/coronavirus-covid-19-nouveau-point-situation\/"},"modified":"2020-03-15T16:00:31","modified_gmt":"2020-03-15T15:00:31","slug":"coronavirus-covid-19-nouveau-point-situation","status":"publish","type":"post","link":"https:\/\/vosgesinfo.fr\/remiremontinfo\/2020\/03\/coronavirus-covid-19-nouveau-point-situation\/","title":{"rendered":"Coronavirus, Covid-19 \u2013 un nouveau point sur la situation"},"content":{"rendered":"<p><a href=\"\/2020\/03\/coronavirus-4817450_1920-800x2701.jpg\"><img decoding=\"async\" class=\"alignnone size-full wp-image-284267\" src=\"\/2020\/03\/coronavirus-4817450_1920-800x2701.jpg\" alt=\"coronavirus-4817450_1920-800x270\" width=\"800\" height=\"270\" \/><\/a><\/p>\n<p>Samedi 14 mars \u00e0 15h00, 1085 personnes ont \u00e9t\u00e9 confirm\u00e9es biologiquement positives au coronavirus-Covid 19 en Grand Est depuis le d\u00e9but de l\u2019\u00e9pid\u00e9mie. Depuis hier, ce sont donc 175 nouveaux cas qui ont \u00e9t\u00e9 recens\u00e9s dans la r\u00e9gion. Les cas sont ainsi r\u00e9partis sur le territoire : 21 cas dans la Marne, 1 cas dans l\u2019Aube, 2 cas en Haute-Marne, 1 cas dans les Ardennes, 6 cas dans la Meuse, 38 cas en Meurthe-et-Moselle, 122 cas en Moselle, 44 cas dans les Vosges, 239 cas dans le Bas-Rhin, 494 dans le Haut-Rhin, 6 cas originaires d\u2019autres territoires que celui du Grand Est et 111 cas dont le d\u00e9partement de domiciliation est en cours de d\u00e9termination.<br \/>\nTrois nouveaux d\u00e9c\u00e8s ont \u00e9t\u00e9 enregistr\u00e9s, correspondant \u00e0 des personnes \u00e2g\u00e9es de 65 ans, 66 ans et 93 ans. On enregistre ainsi un nombre total de 24 d\u00e9c\u00e8s pour le Grand Est.<br \/>\nLes enqu\u00eates \u00e9pid\u00e9miologiques, en lien avec Sant\u00e9 publique France, sont en cours afin d\u2019identifier les sujets contacts pouvant pr\u00e9senter un risque, de prendre les mesures de gestion appropri\u00e9es, notamment pour prot\u00e9ger les personnes fragiles et ralentir la propagation du virus. L\u2019ensemble des \u00e9tablissements de sant\u00e9 sont mis en alerte, les capacit\u00e9s en tests Covid-19 ainsi que les capacit\u00e9s de r\u00e9animation sont en cours de renforcement. Les \u00e9tablissements de sant\u00e9 ont engag\u00e9 l\u2019annulation des prises en charge de chirurgie et de m\u00e9decine non-urgente afin d\u2019\u00eatre en mesure d\u2019accueillir le maximum de patients atteints du coronavirus. Des travaux sont men\u00e9s par l\u2019agence r\u00e9gionale de sant\u00e9 en concertation avec les m\u00e9decins lib\u00e9raux sur modalit\u00e9s de prises en charge des patients \u00e0 domicile tout en garantissant la protection des malades et des professionnels de sant\u00e9. En termes de traitement, il est rappel\u00e9 que \u00ab La prise d\u2019anti-inflammatoires (ibuprof\u00e8ne, cortisone, \u2026) pourrait \u00eatre un facteur d\u2019aggravation de l\u2019infection. En cas de fi\u00e8vre, prenez du parac\u00e9tamol. Si vous \u00eates d\u00e9j\u00e0 sous anti-inflammatoires ou en cas de doute, demandez conseil \u00e0 votre m\u00e9decin. \u00bb<br \/>\nRappel des consignes \u00e0 suivre<br \/>\nL\u2019enjeu est de freiner la transmission du virus qui circule actuellement sur le territoire et prot\u00e9ger les zones non ou peu touch\u00e9es. Pour cela, il appartient \u00e0 chacun de mettre en place les mesures barri\u00e8res recommand\u00e9es :<br \/>\n\uf0b7 Se laver tr\u00e8s r\u00e9guli\u00e8rement les mains avec du savon,<br \/>\n\uf0b7 Tousser ou \u00e9ternuer dans son coude ou dans un mouchoir,<br \/>\n\uf0b7 Utiliser un mouchoir \u00e0 usage unique et le jeter,<br \/>\n\uf0b7 Saluer sans se serrer la main et \u00e9viter les embrassades.<br \/>\n2<br \/>\nEn cas de sympt\u00f4mes (toux, fi\u00e8vre) et si vous revenez d\u2019une zone \u00e0 risque ou d\u2019un foyer d\u2019infection,<br \/>\nil est demand\u00e9 de rester chez soi et d\u2019appeler le 15.<br \/>\nDans tous les cas, en cas de fi\u00e8vre ou sensation de fi\u00e8vre, toux, difficult\u00e9s \u00e0 respirer, dans les 14 jours<br \/>\nsuivant leur retour d\u2019une zone o\u00f9 circule le COVID-19, les personnes doivent contacter le Samu Centre 15 et<br \/>\n\u00e9viter tout contact avec leur entourage, et conserver un masque. Il est demand\u00e9 de ne pas se rendre chez<br \/>\nson m\u00e9decin, ni aux urgences de l\u2019h\u00f4pital.<br \/>\nVous retrouverez plus d\u2019informations sur les sites internet du Gouvernement du Minist\u00e8re des<br \/>\nSolidarit\u00e9s et de la Sant\u00e9 et de Sant\u00e9 publique France.<\/p>\n","protected":false},"excerpt":{"rendered":"<p>Samedi 14 mars \u00e0 15h00, 1085 personnes ont \u00e9t\u00e9 confirm\u00e9es biologiquement positives au coronavirus-Covid 19 en Grand Est depuis le [&hellip;]<\/p>\n","protected":false},"author":407,"featured_media":26183,"comment_status":"open","ping_status":"open","sticky":false,"template":"","format":"standard","meta":{"footnotes":""},"categories":[26,18],"tags":[],"class_list":["post-26182","post","type-post","status-publish","format-standard","has-post-thumbnail","hentry","category-a-la-une","category-vosges"],"acf":[],"yoast_head":"<!-- This site is optimized with the Yoast SEO plugin v22.5 - https:\/\/yoast.com\/wordpress\/plugins\/seo\/ -->\n<title>Coronavirus, Covid-19 \u2013 un nouveau point sur la situation - Remiremont Info<\/title>\n<meta name=\"robots\" content=\"index, follow, max-snippet:-1, max-image-preview:large, max-video-preview:-1\" \/>\n<link rel=\"canonical\" href=\"https:\/\/vosgesinfo.fr\/remiremontinfo\/2020\/03\/coronavirus-covid-19-nouveau-point-situation\/\" \/>\n<meta name=\"twitter:card\" content=\"summary_large_image\" \/>\n<meta name=\"twitter:title\" content=\"Coronavirus, Covid-19 \u2013 un nouveau point sur la situation - Remiremont Info\" \/>\n<meta name=\"twitter:description\" content=\"Samedi 14 mars \u00e0 15h00, 1085 personnes ont \u00e9t\u00e9 confirm\u00e9es biologiquement positives au coronavirus-Covid 19 en Grand Est depuis le [&hellip;]\" \/>\n<meta name=\"twitter:image\" content=\"https:\/\/vosgesinfo.fr\/app\/uploads\/sites\/5\/2024\/09\/202003coronavirus-4817450-1920-800x2701-4.jpg\" \/>\n<meta name=\"twitter:creator\" content=\"@VosgesInfo88\" \/>\n<meta name=\"twitter:site\" content=\"@VosgesInfo88\" \/>\n<meta name=\"twitter:label1\" content=\"\u00c9crit par\" \/>\n\t<meta name=\"twitter:data1\" content=\"C D\" \/>\n\t<meta name=\"twitter:label2\" content=\"Dur\u00e9e de lecture estim\u00e9e\" \/>\n\t<meta name=\"twitter:data2\" content=\"3 minutes\" \/>\n<script type=\"application\/ld+json\" class=\"yoast-schema-graph\">{\"@context\":\"https:\/\/schema.org\",\"@graph\":[{\"@type\":\"Article\",\"@id\":\"https:\/\/vosgesinfo.fr\/remiremontinfo\/2020\/03\/coronavirus-covid-19-nouveau-point-situation\/#article\",\"isPartOf\":{\"@id\":\"https:\/\/vosgesinfo.fr\/remiremontinfo\/2020\/03\/coronavirus-covid-19-nouveau-point-situation\/\"},\"author\":{\"name\":\"C D\",\"@id\":\"https:\/\/vosgesinfo.fr\/remiremontinfo\/#\/schema\/person\/3bfd164d5218a185b1db68655a265316\"},\"headline\":\"Coronavirus, Covid-19 \u2013 un nouveau point sur la situation\",\"datePublished\":\"2020-03-15T15:00:31+00:00\",\"dateModified\":\"2020-03-15T15:00:31+00:00\",\"mainEntityOfPage\":{\"@id\":\"https:\/\/vosgesinfo.fr\/remiremontinfo\/2020\/03\/coronavirus-covid-19-nouveau-point-situation\/\"},\"wordCount\":560,\"commentCount\":0,\"publisher\":{\"@id\":\"https:\/\/vosgesinfo.fr\/remiremontinfo\/#organization\"},\"image\":{\"@id\":\"https:\/\/vosgesinfo.fr\/remiremontinfo\/2020\/03\/coronavirus-covid-19-nouveau-point-situation\/#primaryimage\"},\"thumbnailUrl\":\"https:\/\/vosgesinfo.fr\/app\/uploads\/sites\/5\/2024\/09\/202003coronavirus-4817450-1920-800x2701-4.jpg\",\"articleSection\":[\"A la Une\",\"Vosges\"],\"inLanguage\":\"fr-FR\",\"potentialAction\":[{\"@type\":\"CommentAction\",\"name\":\"Comment\",\"target\":[\"https:\/\/vosgesinfo.fr\/remiremontinfo\/2020\/03\/coronavirus-covid-19-nouveau-point-situation\/#respond\"]}]},{\"@type\":\"WebPage\",\"@id\":\"https:\/\/vosgesinfo.fr\/remiremontinfo\/2020\/03\/coronavirus-covid-19-nouveau-point-situation\/\",\"url\":\"https:\/\/vosgesinfo.fr\/remiremontinfo\/2020\/03\/coronavirus-covid-19-nouveau-point-situation\/\",\"name\":\"Coronavirus, Covid-19 \u2013 un nouveau point sur la situation - Remiremont Info\",\"isPartOf\":{\"@id\":\"https:\/\/vosgesinfo.fr\/remiremontinfo\/#website\"},\"primaryImageOfPage\":{\"@id\":\"https:\/\/vosgesinfo.fr\/remiremontinfo\/2020\/03\/coronavirus-covid-19-nouveau-point-situation\/#primaryimage\"},\"image\":{\"@id\":\"https:\/\/vosgesinfo.fr\/remiremontinfo\/2020\/03\/coronavirus-covid-19-nouveau-point-situation\/#primaryimage\"},\"thumbnailUrl\":\"https:\/\/vosgesinfo.fr\/app\/uploads\/sites\/5\/2024\/09\/202003coronavirus-4817450-1920-800x2701-4.jpg\",\"datePublished\":\"2020-03-15T15:00:31+00:00\",\"dateModified\":\"2020-03-15T15:00:31+00:00\",\"breadcrumb\":{\"@id\":\"https:\/\/vosgesinfo.fr\/remiremontinfo\/2020\/03\/coronavirus-covid-19-nouveau-point-situation\/#breadcrumb\"},\"inLanguage\":\"fr-FR\",\"potentialAction\":[{\"@type\":\"ReadAction\",\"target\":[\"https:\/\/vosgesinfo.fr\/remiremontinfo\/2020\/03\/coronavirus-covid-19-nouveau-point-situation\/\"]}]},{\"@type\":\"ImageObject\",\"inLanguage\":\"fr-FR\",\"@id\":\"https:\/\/vosgesinfo.fr\/remiremontinfo\/2020\/03\/coronavirus-covid-19-nouveau-point-situation\/#primaryimage\",\"url\":\"https:\/\/vosgesinfo.fr\/app\/uploads\/sites\/5\/2024\/09\/202003coronavirus-4817450-1920-800x2701-4.jpg\",\"contentUrl\":\"https:\/\/vosgesinfo.fr\/app\/uploads\/sites\/5\/2024\/09\/202003coronavirus-4817450-1920-800x2701-4.jpg\",\"width\":800,\"height\":270},{\"@type\":\"BreadcrumbList\",\"@id\":\"https:\/\/vosgesinfo.fr\/remiremontinfo\/2020\/03\/coronavirus-covid-19-nouveau-point-situation\/#breadcrumb\",\"itemListElement\":[{\"@type\":\"ListItem\",\"position\":1,\"name\":\"Home\",\"item\":\"https:\/\/vosgesinfo.fr\/remiremontinfo\/\"},{\"@type\":\"ListItem\",\"position\":2,\"name\":\"Coronavirus, Covid-19 \u2013 un nouveau point sur la situation\"}]},{\"@type\":\"WebSite\",\"@id\":\"https:\/\/vosgesinfo.fr\/remiremontinfo\/#website\",\"url\":\"https:\/\/vosgesinfo.fr\/remiremontinfo\/\",\"name\":\"Remiremont Info\",\"description\":\"Toute l&#039;actualit\u00e9 de Remiremont\",\"publisher\":{\"@id\":\"https:\/\/vosgesinfo.fr\/remiremontinfo\/#organization\"},\"alternateName\":\"Toute l'actualit\u00e9 de Remiremont\",\"potentialAction\":[{\"@type\":\"SearchAction\",\"target\":{\"@type\":\"EntryPoint\",\"urlTemplate\":\"https:\/\/vosgesinfo.fr\/remiremontinfo\/?s={search_term_string}\"},\"query-input\":\"required name=search_term_string\"}],\"inLanguage\":\"fr-FR\"},{\"@type\":\"Organization\",\"@id\":\"https:\/\/vosgesinfo.fr\/remiremontinfo\/#organization\",\"name\":\"Remiremont Info\",\"url\":\"https:\/\/vosgesinfo.fr\/remiremontinfo\/\",\"logo\":{\"@type\":\"ImageObject\",\"inLanguage\":\"fr-FR\",\"@id\":\"https:\/\/vosgesinfo.fr\/remiremontinfo\/#\/schema\/logo\/image\/\",\"url\":\"https:\/\/vosgesinfo.fr\/app\/uploads\/sites\/5\/2023\/08\/favicon-remiremontinfo.png\",\"contentUrl\":\"https:\/\/vosgesinfo.fr\/app\/uploads\/sites\/5\/2023\/08\/favicon-remiremontinfo.png\",\"width\":512,\"height\":512,\"caption\":\"Remiremont Info\"},\"image\":{\"@id\":\"https:\/\/vosgesinfo.fr\/remiremontinfo\/#\/schema\/logo\/image\/\"},\"sameAs\":[\"https:\/\/www.facebook.com\/remiremontinfo\",\"https:\/\/x.com\/VosgesInfo88\",\"https:\/\/www.youtube.com\/@vosgesinfo\"]},{\"@type\":\"Person\",\"@id\":\"https:\/\/vosgesinfo.fr\/remiremontinfo\/#\/schema\/person\/3bfd164d5218a185b1db68655a265316\",\"name\":\"C D\",\"image\":{\"@type\":\"ImageObject\",\"inLanguage\":\"fr-FR\",\"@id\":\"https:\/\/vosgesinfo.fr\/remiremontinfo\/#\/schema\/person\/image\/\",\"url\":\"https:\/\/secure.gravatar.com\/avatar\/1f9a70007336511a47468b8f1c66f922b8b7cf617b02a31149ada43893a5d48f?s=96&d=mm&r=g\",\"contentUrl\":\"https:\/\/secure.gravatar.com\/avatar\/1f9a70007336511a47468b8f1c66f922b8b7cf617b02a31149ada43893a5d48f?s=96&d=mm&r=g\",\"caption\":\"C D\"},\"url\":\"https:\/\/vosgesinfo.fr\/remiremontinfo\/author\/cedric-drevet\/\"}]}<\/script>\n<!-- \/ Yoast SEO plugin. -->","yoast_head_json":{"title":"Coronavirus, Covid-19 \u2013 un nouveau point sur la situation - Remiremont Info","robots":{"index":"index","follow":"follow","max-snippet":"max-snippet:-1","max-image-preview":"max-image-preview:large","max-video-preview":"max-video-preview:-1"},"canonical":"https:\/\/vosgesinfo.fr\/remiremontinfo\/2020\/03\/coronavirus-covid-19-nouveau-point-situation\/","twitter_card":"summary_large_image","twitter_title":"Coronavirus, Covid-19 \u2013 un nouveau point sur la situation - Remiremont Info","twitter_description":"Samedi 14 mars \u00e0 15h00, 1085 personnes ont \u00e9t\u00e9 confirm\u00e9es biologiquement positives au coronavirus-Covid 19 en Grand Est depuis le [&hellip;]","twitter_image":"https:\/\/vosgesinfo.fr\/app\/uploads\/sites\/5\/2024\/09\/202003coronavirus-4817450-1920-800x2701-4.jpg","twitter_creator":"@VosgesInfo88","twitter_site":"@VosgesInfo88","twitter_misc":{"\u00c9crit par":"C D","Dur\u00e9e de lecture estim\u00e9e":"3 minutes"},"schema":{"@context":"https:\/\/schema.org","@graph":[{"@type":"Article","@id":"https:\/\/vosgesinfo.fr\/remiremontinfo\/2020\/03\/coronavirus-covid-19-nouveau-point-situation\/#article","isPartOf":{"@id":"https:\/\/vosgesinfo.fr\/remiremontinfo\/2020\/03\/coronavirus-covid-19-nouveau-point-situation\/"},"author":{"name":"C D","@id":"https:\/\/vosgesinfo.fr\/remiremontinfo\/#\/schema\/person\/3bfd164d5218a185b1db68655a265316"},"headline":"Coronavirus, Covid-19 \u2013 un nouveau point sur la situation","datePublished":"2020-03-15T15:00:31+00:00","dateModified":"2020-03-15T15:00:31+00:00","mainEntityOfPage":{"@id":"https:\/\/vosgesinfo.fr\/remiremontinfo\/2020\/03\/coronavirus-covid-19-nouveau-point-situation\/"},"wordCount":560,"commentCount":0,"publisher":{"@id":"https:\/\/vosgesinfo.fr\/remiremontinfo\/#organization"},"image":{"@id":"https:\/\/vosgesinfo.fr\/remiremontinfo\/2020\/03\/coronavirus-covid-19-nouveau-point-situation\/#primaryimage"},"thumbnailUrl":"https:\/\/vosgesinfo.fr\/app\/uploads\/sites\/5\/2024\/09\/202003coronavirus-4817450-1920-800x2701-4.jpg","articleSection":["A la Une","Vosges"],"inLanguage":"fr-FR","potentialAction":[{"@type":"CommentAction","name":"Comment","target":["https:\/\/vosgesinfo.fr\/remiremontinfo\/2020\/03\/coronavirus-covid-19-nouveau-point-situation\/#respond"]}]},{"@type":"WebPage","@id":"https:\/\/vosgesinfo.fr\/remiremontinfo\/2020\/03\/coronavirus-covid-19-nouveau-point-situation\/","url":"https:\/\/vosgesinfo.fr\/remiremontinfo\/2020\/03\/coronavirus-covid-19-nouveau-point-situation\/","name":"Coronavirus, Covid-19 \u2013 un nouveau point sur la situation - Remiremont Info","isPartOf":{"@id":"https:\/\/vosgesinfo.fr\/remiremontinfo\/#website"},"primaryImageOfPage":{"@id":"https:\/\/vosgesinfo.fr\/remiremontinfo\/2020\/03\/coronavirus-covid-19-nouveau-point-situation\/#primaryimage"},"image":{"@id":"https:\/\/vosgesinfo.fr\/remiremontinfo\/2020\/03\/coronavirus-covid-19-nouveau-point-situation\/#primaryimage"},"thumbnailUrl":"https:\/\/vosgesinfo.fr\/app\/uploads\/sites\/5\/2024\/09\/202003coronavirus-4817450-1920-800x2701-4.jpg","datePublished":"2020-03-15T15:00:31+00:00","dateModified":"2020-03-15T15:00:31+00:00","breadcrumb":{"@id":"https:\/\/vosgesinfo.fr\/remiremontinfo\/2020\/03\/coronavirus-covid-19-nouveau-point-situation\/#breadcrumb"},"inLanguage":"fr-FR","potentialAction":[{"@type":"ReadAction","target":["https:\/\/vosgesinfo.fr\/remiremontinfo\/2020\/03\/coronavirus-covid-19-nouveau-point-situation\/"]}]},{"@type":"ImageObject","inLanguage":"fr-FR","@id":"https:\/\/vosgesinfo.fr\/remiremontinfo\/2020\/03\/coronavirus-covid-19-nouveau-point-situation\/#primaryimage","url":"https:\/\/vosgesinfo.fr\/app\/uploads\/sites\/5\/2024\/09\/202003coronavirus-4817450-1920-800x2701-4.jpg","contentUrl":"https:\/\/vosgesinfo.fr\/app\/uploads\/sites\/5\/2024\/09\/202003coronavirus-4817450-1920-800x2701-4.jpg","width":800,"height":270},{"@type":"BreadcrumbList","@id":"https:\/\/vosgesinfo.fr\/remiremontinfo\/2020\/03\/coronavirus-covid-19-nouveau-point-situation\/#breadcrumb","itemListElement":[{"@type":"ListItem","position":1,"name":"Home","item":"https:\/\/vosgesinfo.fr\/remiremontinfo\/"},{"@type":"ListItem","position":2,"name":"Coronavirus, Covid-19 \u2013 un nouveau point sur la situation"}]},{"@type":"WebSite","@id":"https:\/\/vosgesinfo.fr\/remiremontinfo\/#website","url":"https:\/\/vosgesinfo.fr\/remiremontinfo\/","name":"Remiremont Info","description":"Toute l&#039;actualit\u00e9 de Remiremont","publisher":{"@id":"https:\/\/vosgesinfo.fr\/remiremontinfo\/#organization"},"alternateName":"Toute l'actualit\u00e9 de Remiremont","potentialAction":[{"@type":"SearchAction","target":{"@type":"EntryPoint","urlTemplate":"https:\/\/vosgesinfo.fr\/remiremontinfo\/?s={search_term_string}"},"query-input":"required name=search_term_string"}],"inLanguage":"fr-FR"},{"@type":"Organization","@id":"https:\/\/vosgesinfo.fr\/remiremontinfo\/#organization","name":"Remiremont Info","url":"https:\/\/vosgesinfo.fr\/remiremontinfo\/","logo":{"@type":"ImageObject","inLanguage":"fr-FR","@id":"https:\/\/vosgesinfo.fr\/remiremontinfo\/#\/schema\/logo\/image\/","url":"https:\/\/vosgesinfo.fr\/app\/uploads\/sites\/5\/2023\/08\/favicon-remiremontinfo.png","contentUrl":"https:\/\/vosgesinfo.fr\/app\/uploads\/sites\/5\/2023\/08\/favicon-remiremontinfo.png","width":512,"height":512,"caption":"Remiremont Info"},"image":{"@id":"https:\/\/vosgesinfo.fr\/remiremontinfo\/#\/schema\/logo\/image\/"},"sameAs":["https:\/\/www.facebook.com\/remiremontinfo","https:\/\/x.com\/VosgesInfo88","https:\/\/www.youtube.com\/@vosgesinfo"]},{"@type":"Person","@id":"https:\/\/vosgesinfo.fr\/remiremontinfo\/#\/schema\/person\/3bfd164d5218a185b1db68655a265316","name":"C D","image":{"@type":"ImageObject","inLanguage":"fr-FR","@id":"https:\/\/vosgesinfo.fr\/remiremontinfo\/#\/schema\/person\/image\/","url":"https:\/\/secure.gravatar.com\/avatar\/1f9a70007336511a47468b8f1c66f922b8b7cf617b02a31149ada43893a5d48f?s=96&d=mm&r=g","contentUrl":"https:\/\/secure.gravatar.com\/avatar\/1f9a70007336511a47468b8f1c66f922b8b7cf617b02a31149ada43893a5d48f?s=96&d=mm&r=g","caption":"C D"},"url":"https:\/\/vosgesinfo.fr\/remiremontinfo\/author\/cedric-drevet\/"}]}},"_links":{"self":[{"href":"https:\/\/vosgesinfo.fr\/remiremontinfo\/wp-json\/wp\/v2\/posts\/26182","targetHints":{"allow":["GET"]}}],"collection":[{"href":"https:\/\/vosgesinfo.fr\/remiremontinfo\/wp-json\/wp\/v2\/posts"}],"about":[{"href":"https:\/\/vosgesinfo.fr\/remiremontinfo\/wp-json\/wp\/v2\/types\/post"}],"author":[{"embeddable":true,"href":"https:\/\/vosgesinfo.fr\/remiremontinfo\/wp-json\/wp\/v2\/users\/407"}],"replies":[{"embeddable":true,"href":"https:\/\/vosgesinfo.fr\/remiremontinfo\/wp-json\/wp\/v2\/comments?post=26182"}],"version-history":[{"count":0,"href":"https:\/\/vosgesinfo.fr\/remiremontinfo\/wp-json\/wp\/v2\/posts\/26182\/revisions"}],"wp:featuredmedia":[{"embeddable":true,"href":"https:\/\/vosgesinfo.fr\/remiremontinfo\/wp-json\/wp\/v2\/media\/26183"}],"wp:attachment":[{"href":"https:\/\/vosgesinfo.fr\/remiremontinfo\/wp-json\/wp\/v2\/media?parent=26182"}],"wp:term":[{"taxonomy":"category","embeddable":true,"href":"https:\/\/vosgesinfo.fr\/remiremontinfo\/wp-json\/wp\/v2\/categories?post=26182"},{"taxonomy":"post_tag","embeddable":true,"href":"https:\/\/vosgesinfo.fr\/remiremontinfo\/wp-json\/wp\/v2\/tags?post=26182"}],"curies":[{"name":"wp","href":"https:\/\/api.w.org\/{rel}","templated":true}]}}