{"id":26286,"date":"2020-03-19T06:35:29","date_gmt":"2020-03-19T05:35:29","guid":{"rendered":"https:\/\/vosgesinfo.fr\/remiremontinfo\/2020\/03\/plusieurs-commerces-logements-de-place-jules-meline-touches-incendie\/"},"modified":"2020-03-19T06:35:29","modified_gmt":"2020-03-19T05:35:29","slug":"plusieurs-commerces-logements-de-place-jules-meline-touches-incendie","status":"publish","type":"post","link":"https:\/\/vosgesinfo.fr\/remiremontinfo\/2020\/03\/plusieurs-commerces-logements-de-place-jules-meline-touches-incendie\/","title":{"rendered":"Plusieurs commerces et logements de la place Jules M\u00e9line touch\u00e9s par un incendie"},"content":{"rendered":"<p><a href=\"https:\/\/gerardmerinfo.fr\/2019\/02\/randonneur-detresse-cardiaque-pistes-de-vologne\/870x489_pompiers-2\/\" rel=\"attachment wp-att-253288\"><img decoding=\"async\" class=\"alignright size-medium wp-image-253288\" src=\"\/2019\/02\/870x489_pompiers-400x225.jpg\" alt=\"870x489_pompiers\" width=\"400\" height=\"225\" \/><\/a>La nuit derni\u00e8re, vers 04h, les pompiers de Remiremont \u00e9taient appel\u00e9s \u00e0 intervenir sur un feu de toiture dans une habitation mitoyenne, avec au rez de chauss\u00e9e du 20 rue Jules M\u00e9line, le petit Bar Le Mississippi : 25 sapeurs \u00e9taient engag\u00e9s sur le terrain.<\/p>\n<p>Sont \u00e9galement touch\u00e9s par le sinistre divers commerces dont le plus connu les Cycles Chatton et plusieurs logements.<\/p>\n<p>On ne d\u00e9nombre aucun bless\u00e9, mais les d\u00e9g\u00e2ts sont tr\u00e8s importants. Une enqu\u00eate est ouverte afin de d\u00e9terminer l\u2019origine exact\u00a0 du sinistre.<\/p>\n","protected":false},"excerpt":{"rendered":"<p>La nuit derni\u00e8re, vers 04h, les pompiers de Remiremont \u00e9taient appel\u00e9s \u00e0 intervenir sur un feu de toiture dans une [&hellip;]<\/p>\n","protected":false},"author":39,"featured_media":26287,"comment_status":"open","ping_status":"open","sticky":false,"template":"","format":"standard","meta":{"footnotes":""},"categories":[26,8,18],"tags":[],"class_list":["post-26286","post","type-post","status-publish","format-standard","has-post-thumbnail","hentry","category-a-la-une","category-faits-divers","category-vosges"],"acf":[],"yoast_head":"<!-- This site is optimized with the Yoast SEO plugin v22.5 - https:\/\/yoast.com\/wordpress\/plugins\/seo\/ -->\n<title>Plusieurs commerces et logements de la place Jules M\u00e9line touch\u00e9s par un incendie - Remiremont Info<\/title>\n<meta name=\"robots\" content=\"index, follow, max-snippet:-1, max-image-preview:large, max-video-preview:-1\" \/>\n<link rel=\"canonical\" href=\"https:\/\/vosgesinfo.fr\/remiremontinfo\/2020\/03\/plusieurs-commerces-logements-de-place-jules-meline-touches-incendie\/\" \/>\n<meta name=\"twitter:card\" content=\"summary_large_image\" \/>\n<meta name=\"twitter:title\" content=\"Plusieurs commerces et logements de la place Jules M\u00e9line touch\u00e9s par un incendie - Remiremont Info\" \/>\n<meta name=\"twitter:description\" content=\"La nuit derni\u00e8re, vers 04h, les pompiers de Remiremont \u00e9taient appel\u00e9s \u00e0 intervenir sur un feu de toiture dans une [&hellip;]\" \/>\n<meta name=\"twitter:image\" content=\"https:\/\/vosgesinfo.fr\/app\/uploads\/sites\/5\/2024\/09\/201902870x489-pompiers-38.jpg\" \/>\n<meta name=\"twitter:creator\" content=\"@VosgesInfo88\" \/>\n<meta name=\"twitter:site\" content=\"@VosgesInfo88\" \/>\n<meta name=\"twitter:label1\" content=\"\u00c9crit par\" \/>\n\t<meta name=\"twitter:data1\" content=\"Phj\" \/>\n<script type=\"application\/ld+json\" class=\"yoast-schema-graph\">{\"@context\":\"https:\/\/schema.org\",\"@graph\":[{\"@type\":\"Article\",\"@id\":\"https:\/\/vosgesinfo.fr\/remiremontinfo\/2020\/03\/plusieurs-commerces-logements-de-place-jules-meline-touches-incendie\/#article\",\"isPartOf\":{\"@id\":\"https:\/\/vosgesinfo.fr\/remiremontinfo\/2020\/03\/plusieurs-commerces-logements-de-place-jules-meline-touches-incendie\/\"},\"author\":{\"name\":\"Phj\",\"@id\":\"https:\/\/vosgesinfo.fr\/remiremontinfo\/#\/schema\/person\/4f57dc393faf2ac8b9f1cab30ad79250\"},\"headline\":\"Plusieurs commerces et logements de la place Jules M\u00e9line touch\u00e9s par un incendie\",\"datePublished\":\"2020-03-19T05:35:29+00:00\",\"dateModified\":\"2020-03-19T05:35:29+00:00\",\"mainEntityOfPage\":{\"@id\":\"https:\/\/vosgesinfo.fr\/remiremontinfo\/2020\/03\/plusieurs-commerces-logements-de-place-jules-meline-touches-incendie\/\"},\"wordCount\":109,\"commentCount\":0,\"publisher\":{\"@id\":\"https:\/\/vosgesinfo.fr\/remiremontinfo\/#organization\"},\"image\":{\"@id\":\"https:\/\/vosgesinfo.fr\/remiremontinfo\/2020\/03\/plusieurs-commerces-logements-de-place-jules-meline-touches-incendie\/#primaryimage\"},\"thumbnailUrl\":\"https:\/\/vosgesinfo.fr\/app\/uploads\/sites\/5\/2024\/09\/201902870x489-pompiers-38.jpg\",\"articleSection\":[\"A la Une\",\"Faits-divers\",\"Vosges\"],\"inLanguage\":\"fr-FR\",\"potentialAction\":[{\"@type\":\"CommentAction\",\"name\":\"Comment\",\"target\":[\"https:\/\/vosgesinfo.fr\/remiremontinfo\/2020\/03\/plusieurs-commerces-logements-de-place-jules-meline-touches-incendie\/#respond\"]}]},{\"@type\":\"WebPage\",\"@id\":\"https:\/\/vosgesinfo.fr\/remiremontinfo\/2020\/03\/plusieurs-commerces-logements-de-place-jules-meline-touches-incendie\/\",\"url\":\"https:\/\/vosgesinfo.fr\/remiremontinfo\/2020\/03\/plusieurs-commerces-logements-de-place-jules-meline-touches-incendie\/\",\"name\":\"Plusieurs commerces et logements de la place Jules M\u00e9line touch\u00e9s par un incendie - Remiremont Info\",\"isPartOf\":{\"@id\":\"https:\/\/vosgesinfo.fr\/remiremontinfo\/#website\"},\"primaryImageOfPage\":{\"@id\":\"https:\/\/vosgesinfo.fr\/remiremontinfo\/2020\/03\/plusieurs-commerces-logements-de-place-jules-meline-touches-incendie\/#primaryimage\"},\"image\":{\"@id\":\"https:\/\/vosgesinfo.fr\/remiremontinfo\/2020\/03\/plusieurs-commerces-logements-de-place-jules-meline-touches-incendie\/#primaryimage\"},\"thumbnailUrl\":\"https:\/\/vosgesinfo.fr\/app\/uploads\/sites\/5\/2024\/09\/201902870x489-pompiers-38.jpg\",\"datePublished\":\"2020-03-19T05:35:29+00:00\",\"dateModified\":\"2020-03-19T05:35:29+00:00\",\"breadcrumb\":{\"@id\":\"https:\/\/vosgesinfo.fr\/remiremontinfo\/2020\/03\/plusieurs-commerces-logements-de-place-jules-meline-touches-incendie\/#breadcrumb\"},\"inLanguage\":\"fr-FR\",\"potentialAction\":[{\"@type\":\"ReadAction\",\"target\":[\"https:\/\/vosgesinfo.fr\/remiremontinfo\/2020\/03\/plusieurs-commerces-logements-de-place-jules-meline-touches-incendie\/\"]}]},{\"@type\":\"ImageObject\",\"inLanguage\":\"fr-FR\",\"@id\":\"https:\/\/vosgesinfo.fr\/remiremontinfo\/2020\/03\/plusieurs-commerces-logements-de-place-jules-meline-touches-incendie\/#primaryimage\",\"url\":\"https:\/\/vosgesinfo.fr\/app\/uploads\/sites\/5\/2024\/09\/201902870x489-pompiers-38.jpg\",\"contentUrl\":\"https:\/\/vosgesinfo.fr\/app\/uploads\/sites\/5\/2024\/09\/201902870x489-pompiers-38.jpg\",\"width\":622,\"height\":350},{\"@type\":\"BreadcrumbList\",\"@id\":\"https:\/\/vosgesinfo.fr\/remiremontinfo\/2020\/03\/plusieurs-commerces-logements-de-place-jules-meline-touches-incendie\/#breadcrumb\",\"itemListElement\":[{\"@type\":\"ListItem\",\"position\":1,\"name\":\"Home\",\"item\":\"https:\/\/vosgesinfo.fr\/remiremontinfo\/\"},{\"@type\":\"ListItem\",\"position\":2,\"name\":\"Plusieurs commerces et logements de la place Jules M\u00e9line touch\u00e9s par un incendie\"}]},{\"@type\":\"WebSite\",\"@id\":\"https:\/\/vosgesinfo.fr\/remiremontinfo\/#website\",\"url\":\"https:\/\/vosgesinfo.fr\/remiremontinfo\/\",\"name\":\"Remiremont Info\",\"description\":\"Toute l&#039;actualit\u00e9 de Remiremont\",\"publisher\":{\"@id\":\"https:\/\/vosgesinfo.fr\/remiremontinfo\/#organization\"},\"alternateName\":\"Toute l'actualit\u00e9 de Remiremont\",\"potentialAction\":[{\"@type\":\"SearchAction\",\"target\":{\"@type\":\"EntryPoint\",\"urlTemplate\":\"https:\/\/vosgesinfo.fr\/remiremontinfo\/?s={search_term_string}\"},\"query-input\":\"required name=search_term_string\"}],\"inLanguage\":\"fr-FR\"},{\"@type\":\"Organization\",\"@id\":\"https:\/\/vosgesinfo.fr\/remiremontinfo\/#organization\",\"name\":\"Remiremont Info\",\"url\":\"https:\/\/vosgesinfo.fr\/remiremontinfo\/\",\"logo\":{\"@type\":\"ImageObject\",\"inLanguage\":\"fr-FR\",\"@id\":\"https:\/\/vosgesinfo.fr\/remiremontinfo\/#\/schema\/logo\/image\/\",\"url\":\"https:\/\/vosgesinfo.fr\/app\/uploads\/sites\/5\/2023\/08\/favicon-remiremontinfo.png\",\"contentUrl\":\"https:\/\/vosgesinfo.fr\/app\/uploads\/sites\/5\/2023\/08\/favicon-remiremontinfo.png\",\"width\":512,\"height\":512,\"caption\":\"Remiremont Info\"},\"image\":{\"@id\":\"https:\/\/vosgesinfo.fr\/remiremontinfo\/#\/schema\/logo\/image\/\"},\"sameAs\":[\"https:\/\/www.facebook.com\/remiremontinfo\",\"https:\/\/x.com\/VosgesInfo88\",\"https:\/\/www.youtube.com\/@vosgesinfo\"]},{\"@type\":\"Person\",\"@id\":\"https:\/\/vosgesinfo.fr\/remiremontinfo\/#\/schema\/person\/4f57dc393faf2ac8b9f1cab30ad79250\",\"name\":\"Phj\",\"image\":{\"@type\":\"ImageObject\",\"inLanguage\":\"fr-FR\",\"@id\":\"https:\/\/vosgesinfo.fr\/remiremontinfo\/#\/schema\/person\/image\/\",\"url\":\"https:\/\/secure.gravatar.com\/avatar\/ada60265080fb9a89c9809bf0abb1f448a128cb85db1c08905baa5038fbe3cfe?s=96&d=mm&r=g\",\"contentUrl\":\"https:\/\/secure.gravatar.com\/avatar\/ada60265080fb9a89c9809bf0abb1f448a128cb85db1c08905baa5038fbe3cfe?s=96&d=mm&r=g\",\"caption\":\"Phj\"},\"url\":\"https:\/\/vosgesinfo.fr\/remiremontinfo\/author\/phj\/\"}]}<\/script>\n<!-- \/ Yoast SEO plugin. -->","yoast_head_json":{"title":"Plusieurs commerces et logements de la place Jules M\u00e9line touch\u00e9s par un incendie - Remiremont Info","robots":{"index":"index","follow":"follow","max-snippet":"max-snippet:-1","max-image-preview":"max-image-preview:large","max-video-preview":"max-video-preview:-1"},"canonical":"https:\/\/vosgesinfo.fr\/remiremontinfo\/2020\/03\/plusieurs-commerces-logements-de-place-jules-meline-touches-incendie\/","twitter_card":"summary_large_image","twitter_title":"Plusieurs commerces et logements de la place Jules M\u00e9line touch\u00e9s par un incendie - Remiremont Info","twitter_description":"La nuit derni\u00e8re, vers 04h, les pompiers de Remiremont \u00e9taient appel\u00e9s \u00e0 intervenir sur un feu de toiture dans une [&hellip;]","twitter_image":"https:\/\/vosgesinfo.fr\/app\/uploads\/sites\/5\/2024\/09\/201902870x489-pompiers-38.jpg","twitter_creator":"@VosgesInfo88","twitter_site":"@VosgesInfo88","twitter_misc":{"\u00c9crit par":"Phj"},"schema":{"@context":"https:\/\/schema.org","@graph":[{"@type":"Article","@id":"https:\/\/vosgesinfo.fr\/remiremontinfo\/2020\/03\/plusieurs-commerces-logements-de-place-jules-meline-touches-incendie\/#article","isPartOf":{"@id":"https:\/\/vosgesinfo.fr\/remiremontinfo\/2020\/03\/plusieurs-commerces-logements-de-place-jules-meline-touches-incendie\/"},"author":{"name":"Phj","@id":"https:\/\/vosgesinfo.fr\/remiremontinfo\/#\/schema\/person\/4f57dc393faf2ac8b9f1cab30ad79250"},"headline":"Plusieurs commerces et logements de la place Jules M\u00e9line touch\u00e9s par un incendie","datePublished":"2020-03-19T05:35:29+00:00","dateModified":"2020-03-19T05:35:29+00:00","mainEntityOfPage":{"@id":"https:\/\/vosgesinfo.fr\/remiremontinfo\/2020\/03\/plusieurs-commerces-logements-de-place-jules-meline-touches-incendie\/"},"wordCount":109,"commentCount":0,"publisher":{"@id":"https:\/\/vosgesinfo.fr\/remiremontinfo\/#organization"},"image":{"@id":"https:\/\/vosgesinfo.fr\/remiremontinfo\/2020\/03\/plusieurs-commerces-logements-de-place-jules-meline-touches-incendie\/#primaryimage"},"thumbnailUrl":"https:\/\/vosgesinfo.fr\/app\/uploads\/sites\/5\/2024\/09\/201902870x489-pompiers-38.jpg","articleSection":["A la Une","Faits-divers","Vosges"],"inLanguage":"fr-FR","potentialAction":[{"@type":"CommentAction","name":"Comment","target":["https:\/\/vosgesinfo.fr\/remiremontinfo\/2020\/03\/plusieurs-commerces-logements-de-place-jules-meline-touches-incendie\/#respond"]}]},{"@type":"WebPage","@id":"https:\/\/vosgesinfo.fr\/remiremontinfo\/2020\/03\/plusieurs-commerces-logements-de-place-jules-meline-touches-incendie\/","url":"https:\/\/vosgesinfo.fr\/remiremontinfo\/2020\/03\/plusieurs-commerces-logements-de-place-jules-meline-touches-incendie\/","name":"Plusieurs commerces et logements de la place Jules M\u00e9line touch\u00e9s par un incendie - Remiremont Info","isPartOf":{"@id":"https:\/\/vosgesinfo.fr\/remiremontinfo\/#website"},"primaryImageOfPage":{"@id":"https:\/\/vosgesinfo.fr\/remiremontinfo\/2020\/03\/plusieurs-commerces-logements-de-place-jules-meline-touches-incendie\/#primaryimage"},"image":{"@id":"https:\/\/vosgesinfo.fr\/remiremontinfo\/2020\/03\/plusieurs-commerces-logements-de-place-jules-meline-touches-incendie\/#primaryimage"},"thumbnailUrl":"https:\/\/vosgesinfo.fr\/app\/uploads\/sites\/5\/2024\/09\/201902870x489-pompiers-38.jpg","datePublished":"2020-03-19T05:35:29+00:00","dateModified":"2020-03-19T05:35:29+00:00","breadcrumb":{"@id":"https:\/\/vosgesinfo.fr\/remiremontinfo\/2020\/03\/plusieurs-commerces-logements-de-place-jules-meline-touches-incendie\/#breadcrumb"},"inLanguage":"fr-FR","potentialAction":[{"@type":"ReadAction","target":["https:\/\/vosgesinfo.fr\/remiremontinfo\/2020\/03\/plusieurs-commerces-logements-de-place-jules-meline-touches-incendie\/"]}]},{"@type":"ImageObject","inLanguage":"fr-FR","@id":"https:\/\/vosgesinfo.fr\/remiremontinfo\/2020\/03\/plusieurs-commerces-logements-de-place-jules-meline-touches-incendie\/#primaryimage","url":"https:\/\/vosgesinfo.fr\/app\/uploads\/sites\/5\/2024\/09\/201902870x489-pompiers-38.jpg","contentUrl":"https:\/\/vosgesinfo.fr\/app\/uploads\/sites\/5\/2024\/09\/201902870x489-pompiers-38.jpg","width":622,"height":350},{"@type":"BreadcrumbList","@id":"https:\/\/vosgesinfo.fr\/remiremontinfo\/2020\/03\/plusieurs-commerces-logements-de-place-jules-meline-touches-incendie\/#breadcrumb","itemListElement":[{"@type":"ListItem","position":1,"name":"Home","item":"https:\/\/vosgesinfo.fr\/remiremontinfo\/"},{"@type":"ListItem","position":2,"name":"Plusieurs commerces et logements de la place Jules M\u00e9line touch\u00e9s par un incendie"}]},{"@type":"WebSite","@id":"https:\/\/vosgesinfo.fr\/remiremontinfo\/#website","url":"https:\/\/vosgesinfo.fr\/remiremontinfo\/","name":"Remiremont Info","description":"Toute l&#039;actualit\u00e9 de Remiremont","publisher":{"@id":"https:\/\/vosgesinfo.fr\/remiremontinfo\/#organization"},"alternateName":"Toute l'actualit\u00e9 de Remiremont","potentialAction":[{"@type":"SearchAction","target":{"@type":"EntryPoint","urlTemplate":"https:\/\/vosgesinfo.fr\/remiremontinfo\/?s={search_term_string}"},"query-input":"required name=search_term_string"}],"inLanguage":"fr-FR"},{"@type":"Organization","@id":"https:\/\/vosgesinfo.fr\/remiremontinfo\/#organization","name":"Remiremont Info","url":"https:\/\/vosgesinfo.fr\/remiremontinfo\/","logo":{"@type":"ImageObject","inLanguage":"fr-FR","@id":"https:\/\/vosgesinfo.fr\/remiremontinfo\/#\/schema\/logo\/image\/","url":"https:\/\/vosgesinfo.fr\/app\/uploads\/sites\/5\/2023\/08\/favicon-remiremontinfo.png","contentUrl":"https:\/\/vosgesinfo.fr\/app\/uploads\/sites\/5\/2023\/08\/favicon-remiremontinfo.png","width":512,"height":512,"caption":"Remiremont Info"},"image":{"@id":"https:\/\/vosgesinfo.fr\/remiremontinfo\/#\/schema\/logo\/image\/"},"sameAs":["https:\/\/www.facebook.com\/remiremontinfo","https:\/\/x.com\/VosgesInfo88","https:\/\/www.youtube.com\/@vosgesinfo"]},{"@type":"Person","@id":"https:\/\/vosgesinfo.fr\/remiremontinfo\/#\/schema\/person\/4f57dc393faf2ac8b9f1cab30ad79250","name":"Phj","image":{"@type":"ImageObject","inLanguage":"fr-FR","@id":"https:\/\/vosgesinfo.fr\/remiremontinfo\/#\/schema\/person\/image\/","url":"https:\/\/secure.gravatar.com\/avatar\/ada60265080fb9a89c9809bf0abb1f448a128cb85db1c08905baa5038fbe3cfe?s=96&d=mm&r=g","contentUrl":"https:\/\/secure.gravatar.com\/avatar\/ada60265080fb9a89c9809bf0abb1f448a128cb85db1c08905baa5038fbe3cfe?s=96&d=mm&r=g","caption":"Phj"},"url":"https:\/\/vosgesinfo.fr\/remiremontinfo\/author\/phj\/"}]}},"_links":{"self":[{"href":"https:\/\/vosgesinfo.fr\/remiremontinfo\/wp-json\/wp\/v2\/posts\/26286","targetHints":{"allow":["GET"]}}],"collection":[{"href":"https:\/\/vosgesinfo.fr\/remiremontinfo\/wp-json\/wp\/v2\/posts"}],"about":[{"href":"https:\/\/vosgesinfo.fr\/remiremontinfo\/wp-json\/wp\/v2\/types\/post"}],"author":[{"embeddable":true,"href":"https:\/\/vosgesinfo.fr\/remiremontinfo\/wp-json\/wp\/v2\/users\/39"}],"replies":[{"embeddable":true,"href":"https:\/\/vosgesinfo.fr\/remiremontinfo\/wp-json\/wp\/v2\/comments?post=26286"}],"version-history":[{"count":0,"href":"https:\/\/vosgesinfo.fr\/remiremontinfo\/wp-json\/wp\/v2\/posts\/26286\/revisions"}],"wp:featuredmedia":[{"embeddable":true,"href":"https:\/\/vosgesinfo.fr\/remiremontinfo\/wp-json\/wp\/v2\/media\/26287"}],"wp:attachment":[{"href":"https:\/\/vosgesinfo.fr\/remiremontinfo\/wp-json\/wp\/v2\/media?parent=26286"}],"wp:term":[{"taxonomy":"category","embeddable":true,"href":"https:\/\/vosgesinfo.fr\/remiremontinfo\/wp-json\/wp\/v2\/categories?post=26286"},{"taxonomy":"post_tag","embeddable":true,"href":"https:\/\/vosgesinfo.fr\/remiremontinfo\/wp-json\/wp\/v2\/tags?post=26286"}],"curies":[{"name":"wp","href":"https:\/\/api.w.org\/{rel}","templated":true}]}}