{"id":26301,"date":"2020-03-19T06:52:22","date_gmt":"2020-03-19T05:52:22","guid":{"rendered":"https:\/\/vosgesinfo.fr\/remiremontinfo\/2020\/03\/remiremont-bougies-aux-fenetres-signe-de-solidarite-soignants\/"},"modified":"2020-03-19T06:52:22","modified_gmt":"2020-03-19T05:52:22","slug":"remiremont-bougies-aux-fenetres-signe-de-solidarite-soignants","status":"publish","type":"post","link":"https:\/\/vosgesinfo.fr\/remiremontinfo\/2020\/03\/remiremont-bougies-aux-fenetres-signe-de-solidarite-soignants\/","title":{"rendered":"Remiremont : des bougies aux fen\u00eatres en signe de solidarit\u00e9 avec les soignants"},"content":{"rendered":"<p class=\"p1\"><a href=\"\/2020\/03\/Capture-d\u2019e\u0301cran-2020-03-19-a\u0300-09.32.31.png\"><img decoding=\"async\" class=\"alignnone size-large wp-image-284613\" src=\"\/2020\/03\/Capture-d\u2019e\u0301cran-2020-03-19-a\u0300-09.32.31-1024x731.png\" alt=\"Capture d\u2019e\u0301cran 2020-03-19 a\u0300 09.32.31\" width=\"960\" height=\"685\" \/><\/a><\/p>\n<h2 class=\"p1\"><strong><span style=\"font-size: 12pt;\"><span class=\"s1\">Les habitants de plusieurs villes de France se donnent rendez-vous aux fen\u00eatres et aux balcons \u00e0 20h pour une s\u00e9ance d\u2019applaudissements, afin de t\u00e9moigner leur soutien aux soignants dans la crise du Coronavirus. Un autre signe de solidarit\u00e9 : placer des bougies aux fen\u00eatres.<\/span><\/span><\/strong><\/h2>\n<p class=\"p1\"><span class=\"s1\">C\u2019est notamment le cas \u00e0 Remiremont, o\u00f9 des habitants ont d\u00e9cid\u00e9 de placer des petites bougies sur le rebord de leur fen\u00eatre \u00e0 la nuit tomb\u00e9e. Un geste qui rappelle la tradition des \u00ab\u00a0lumignons\u00a0\u00bb lyonnais, li\u00e9e elle aussi \u00e0 une p\u00e9riode d\u2019\u00e9pid\u00e9mie. En 1643, alors que le sud de la France \u00e9tait touch\u00e9 par la peste, les \u00e9chevins de Lyon, le pr\u00e9v\u00f4t des marchands et les notables firent v\u0153u de rendre hommage chaque ann\u00e9e \u00e0 la Vierge si l&rsquo;\u00e9pid\u00e9mie de peste cessait. Comme l&rsquo;\u00e9pid\u00e9mie cessa, le peuple tint sa promesse et rendit hommage \u00e0 Marie chaque ann\u00e9e depuis lors.<\/span><\/p>\n<p class=\"p1\"><span class=\"s1\">C\u2019est la fameuse \u00ab\u00a0F\u00eate des lumi\u00e8res\u00a0\u00bb ! Le 8 d\u00e9cembre, jour de la f\u00eate de l&rsquo;Immacul\u00e9e Conception, fut choisi en 1852 pour inaugurer la statue de la Sainte-Vierge pos\u00e9e sur le clocher de l&rsquo;ancienne chapelle de Fourvi\u00e8re. La tradition veut que chaque famille sorte son assortiment de verres \u00e9pais et parfois color\u00e9s. On appelle ces verres garnis d&rsquo;une bougie des \u00ab lumignons \u00bb ou \u00ab lampions \u00bb. D\u00e8s le mois de novembre, on trouve dans les magasins des sacs de ces fameuses bougies courtes et cannel\u00e9es comme des g\u00e2teaux, ainsi que des assortiments de verres. Le soir du 8 d\u00e9cembre, les bougies sont allum\u00e9es et plac\u00e9es dans les verres d\u00e9pos\u00e9s sur le bord des fen\u00eatres.<\/span><\/p>\n<p class=\"p1\"><span class=\"s1\">Alors en ce temps de crise li\u00e9 au Coronavirus, des lyonnais ont d\u00e9cid\u00e9 d\u2019utiliser ce beau symbole, reproduit \u00e0 travers la France comme un signe de solidarit\u00e9 au coeur du confinement et de soutien au personnel soignant qui fait face \u00e0 une situation sans pr\u00e9c\u00e9dent. Par ailleurs, <strong><a href=\"https:\/\/www.facebook.com\/events\/227631771715834\/\">une op\u00e9ration \u00ab\u00a0Illuminons l\u2019Annonciation\u00a0\u00bb a \u00e9t\u00e9 lanc\u00e9e<\/a><\/strong> : \u00ab\u00a0Les cloches des \u00e9glises de France sonneront \u00e0 l&rsquo;unisson, tandis que ceux qui le souhaitent pourront poser une bougie \u00e0 la fen\u00eatre en signe d&rsquo;esp\u00e9rance,<span class=\"Apple-converted-space\">\u00a0 <\/span>une marque de communion de pens\u00e9e et de pri\u00e8re avec les d\u00e9funts, les malades et leurs proches, avec tous les soignants et tous ceux qui rendent possible la vie de notre pays\u00a0\u00bb.<\/span><\/p>\n<p class=\"p1\">\n","protected":false},"excerpt":{"rendered":"<p>Les habitants de plusieurs villes de France se donnent rendez-vous aux fen\u00eatres et aux balcons \u00e0 20h pour une s\u00e9ance [&hellip;]<\/p>\n","protected":false},"author":392,"featured_media":26302,"comment_status":"open","ping_status":"open","sticky":false,"template":"","format":"standard","meta":{"footnotes":""},"categories":[26,1556,35,12],"tags":[],"class_list":["post-26301","post","type-post","status-publish","format-standard","has-post-thumbnail","hentry","category-a-la-une","category-remiremont-remiremont-son-canton-2","category-remiremont-son-canton","category-sante"],"acf":[],"yoast_head":"<!-- This site is optimized with the Yoast SEO plugin v22.5 - https:\/\/yoast.com\/wordpress\/plugins\/seo\/ -->\n<title>Remiremont : des bougies aux fen\u00eatres en signe de solidarit\u00e9 avec les soignants - Remiremont Info<\/title>\n<meta name=\"robots\" content=\"index, follow, max-snippet:-1, max-image-preview:large, max-video-preview:-1\" \/>\n<link rel=\"canonical\" href=\"https:\/\/vosgesinfo.fr\/remiremontinfo\/2020\/03\/remiremont-bougies-aux-fenetres-signe-de-solidarite-soignants\/\" \/>\n<meta name=\"twitter:card\" content=\"summary_large_image\" \/>\n<meta name=\"twitter:title\" content=\"Remiremont : des bougies aux fen\u00eatres en signe de solidarit\u00e9 avec les soignants - Remiremont Info\" \/>\n<meta name=\"twitter:description\" content=\"Les habitants de plusieurs villes de France se donnent rendez-vous aux fen\u00eatres et aux balcons \u00e0 20h pour une s\u00e9ance [&hellip;]\" \/>\n<meta name=\"twitter:image\" content=\"https:\/\/vosgesinfo.fr\/app\/uploads\/sites\/5\/2024\/09\/202003capture-decran-2020-03-19-a-09.32.31.png\" \/>\n<meta name=\"twitter:creator\" content=\"@VosgesInfo88\" \/>\n<meta name=\"twitter:site\" content=\"@VosgesInfo88\" \/>\n<meta name=\"twitter:label1\" content=\"\u00c9crit par\" \/>\n\t<meta name=\"twitter:data1\" content=\"La redaction\" \/>\n\t<meta name=\"twitter:label2\" content=\"Dur\u00e9e de lecture estim\u00e9e\" \/>\n\t<meta name=\"twitter:data2\" content=\"2 minutes\" \/>\n<script type=\"application\/ld+json\" class=\"yoast-schema-graph\">{\"@context\":\"https:\/\/schema.org\",\"@graph\":[{\"@type\":\"Article\",\"@id\":\"https:\/\/vosgesinfo.fr\/remiremontinfo\/2020\/03\/remiremont-bougies-aux-fenetres-signe-de-solidarite-soignants\/#article\",\"isPartOf\":{\"@id\":\"https:\/\/vosgesinfo.fr\/remiremontinfo\/2020\/03\/remiremont-bougies-aux-fenetres-signe-de-solidarite-soignants\/\"},\"author\":{\"name\":\"La redaction\",\"@id\":\"https:\/\/vosgesinfo.fr\/remiremontinfo\/#\/schema\/person\/80c6ea85ff4afefe81dceaf949954c76\"},\"headline\":\"Remiremont : des bougies aux fen\u00eatres en signe de solidarit\u00e9 avec les soignants\",\"datePublished\":\"2020-03-19T05:52:22+00:00\",\"dateModified\":\"2020-03-19T05:52:22+00:00\",\"mainEntityOfPage\":{\"@id\":\"https:\/\/vosgesinfo.fr\/remiremontinfo\/2020\/03\/remiremont-bougies-aux-fenetres-signe-de-solidarite-soignants\/\"},\"wordCount\":419,\"commentCount\":0,\"publisher\":{\"@id\":\"https:\/\/vosgesinfo.fr\/remiremontinfo\/#organization\"},\"image\":{\"@id\":\"https:\/\/vosgesinfo.fr\/remiremontinfo\/2020\/03\/remiremont-bougies-aux-fenetres-signe-de-solidarite-soignants\/#primaryimage\"},\"thumbnailUrl\":\"https:\/\/vosgesinfo.fr\/app\/uploads\/sites\/5\/2024\/09\/202003capture-decran-2020-03-19-a-09.32.31.png\",\"articleSection\":[\"A la Une\",\"Remiremont\",\"Remiremont &amp; son canton\",\"Sant\u00e9\"],\"inLanguage\":\"fr-FR\",\"potentialAction\":[{\"@type\":\"CommentAction\",\"name\":\"Comment\",\"target\":[\"https:\/\/vosgesinfo.fr\/remiremontinfo\/2020\/03\/remiremont-bougies-aux-fenetres-signe-de-solidarite-soignants\/#respond\"]}]},{\"@type\":\"WebPage\",\"@id\":\"https:\/\/vosgesinfo.fr\/remiremontinfo\/2020\/03\/remiremont-bougies-aux-fenetres-signe-de-solidarite-soignants\/\",\"url\":\"https:\/\/vosgesinfo.fr\/remiremontinfo\/2020\/03\/remiremont-bougies-aux-fenetres-signe-de-solidarite-soignants\/\",\"name\":\"Remiremont : des bougies aux fen\u00eatres en signe de solidarit\u00e9 avec les soignants - Remiremont Info\",\"isPartOf\":{\"@id\":\"https:\/\/vosgesinfo.fr\/remiremontinfo\/#website\"},\"primaryImageOfPage\":{\"@id\":\"https:\/\/vosgesinfo.fr\/remiremontinfo\/2020\/03\/remiremont-bougies-aux-fenetres-signe-de-solidarite-soignants\/#primaryimage\"},\"image\":{\"@id\":\"https:\/\/vosgesinfo.fr\/remiremontinfo\/2020\/03\/remiremont-bougies-aux-fenetres-signe-de-solidarite-soignants\/#primaryimage\"},\"thumbnailUrl\":\"https:\/\/vosgesinfo.fr\/app\/uploads\/sites\/5\/2024\/09\/202003capture-decran-2020-03-19-a-09.32.31.png\",\"datePublished\":\"2020-03-19T05:52:22+00:00\",\"dateModified\":\"2020-03-19T05:52:22+00:00\",\"breadcrumb\":{\"@id\":\"https:\/\/vosgesinfo.fr\/remiremontinfo\/2020\/03\/remiremont-bougies-aux-fenetres-signe-de-solidarite-soignants\/#breadcrumb\"},\"inLanguage\":\"fr-FR\",\"potentialAction\":[{\"@type\":\"ReadAction\",\"target\":[\"https:\/\/vosgesinfo.fr\/remiremontinfo\/2020\/03\/remiremont-bougies-aux-fenetres-signe-de-solidarite-soignants\/\"]}]},{\"@type\":\"ImageObject\",\"inLanguage\":\"fr-FR\",\"@id\":\"https:\/\/vosgesinfo.fr\/remiremontinfo\/2020\/03\/remiremont-bougies-aux-fenetres-signe-de-solidarite-soignants\/#primaryimage\",\"url\":\"https:\/\/vosgesinfo.fr\/app\/uploads\/sites\/5\/2024\/09\/202003capture-decran-2020-03-19-a-09.32.31.png\",\"contentUrl\":\"https:\/\/vosgesinfo.fr\/app\/uploads\/sites\/5\/2024\/09\/202003capture-decran-2020-03-19-a-09.32.31.png\",\"width\":1586,\"height\":1132},{\"@type\":\"BreadcrumbList\",\"@id\":\"https:\/\/vosgesinfo.fr\/remiremontinfo\/2020\/03\/remiremont-bougies-aux-fenetres-signe-de-solidarite-soignants\/#breadcrumb\",\"itemListElement\":[{\"@type\":\"ListItem\",\"position\":1,\"name\":\"Home\",\"item\":\"https:\/\/vosgesinfo.fr\/remiremontinfo\/\"},{\"@type\":\"ListItem\",\"position\":2,\"name\":\"Remiremont : des bougies aux fen\u00eatres en signe de solidarit\u00e9 avec les soignants\"}]},{\"@type\":\"WebSite\",\"@id\":\"https:\/\/vosgesinfo.fr\/remiremontinfo\/#website\",\"url\":\"https:\/\/vosgesinfo.fr\/remiremontinfo\/\",\"name\":\"Remiremont Info\",\"description\":\"Toute l&#039;actualit\u00e9 de Remiremont\",\"publisher\":{\"@id\":\"https:\/\/vosgesinfo.fr\/remiremontinfo\/#organization\"},\"alternateName\":\"Toute l'actualit\u00e9 de Remiremont\",\"potentialAction\":[{\"@type\":\"SearchAction\",\"target\":{\"@type\":\"EntryPoint\",\"urlTemplate\":\"https:\/\/vosgesinfo.fr\/remiremontinfo\/?s={search_term_string}\"},\"query-input\":\"required name=search_term_string\"}],\"inLanguage\":\"fr-FR\"},{\"@type\":\"Organization\",\"@id\":\"https:\/\/vosgesinfo.fr\/remiremontinfo\/#organization\",\"name\":\"Remiremont Info\",\"url\":\"https:\/\/vosgesinfo.fr\/remiremontinfo\/\",\"logo\":{\"@type\":\"ImageObject\",\"inLanguage\":\"fr-FR\",\"@id\":\"https:\/\/vosgesinfo.fr\/remiremontinfo\/#\/schema\/logo\/image\/\",\"url\":\"https:\/\/vosgesinfo.fr\/app\/uploads\/sites\/5\/2023\/08\/favicon-remiremontinfo.png\",\"contentUrl\":\"https:\/\/vosgesinfo.fr\/app\/uploads\/sites\/5\/2023\/08\/favicon-remiremontinfo.png\",\"width\":512,\"height\":512,\"caption\":\"Remiremont Info\"},\"image\":{\"@id\":\"https:\/\/vosgesinfo.fr\/remiremontinfo\/#\/schema\/logo\/image\/\"},\"sameAs\":[\"https:\/\/www.facebook.com\/remiremontinfo\",\"https:\/\/x.com\/VosgesInfo88\",\"https:\/\/www.youtube.com\/@vosgesinfo\"]},{\"@type\":\"Person\",\"@id\":\"https:\/\/vosgesinfo.fr\/remiremontinfo\/#\/schema\/person\/80c6ea85ff4afefe81dceaf949954c76\",\"name\":\"La redaction\",\"image\":{\"@type\":\"ImageObject\",\"inLanguage\":\"fr-FR\",\"@id\":\"https:\/\/vosgesinfo.fr\/remiremontinfo\/#\/schema\/person\/image\/\",\"url\":\"https:\/\/secure.gravatar.com\/avatar\/fa684fed8c27e631d40f39d17520286009f89cf7526728ea4e58b5a8c426c16a?s=96&d=mm&r=g\",\"contentUrl\":\"https:\/\/secure.gravatar.com\/avatar\/fa684fed8c27e631d40f39d17520286009f89cf7526728ea4e58b5a8c426c16a?s=96&d=mm&r=g\",\"caption\":\"La redaction\"},\"url\":\"https:\/\/vosgesinfo.fr\/remiremontinfo\/author\/d-p\/\"}]}<\/script>\n<!-- \/ Yoast SEO plugin. -->","yoast_head_json":{"title":"Remiremont : des bougies aux fen\u00eatres en signe de solidarit\u00e9 avec les soignants - Remiremont Info","robots":{"index":"index","follow":"follow","max-snippet":"max-snippet:-1","max-image-preview":"max-image-preview:large","max-video-preview":"max-video-preview:-1"},"canonical":"https:\/\/vosgesinfo.fr\/remiremontinfo\/2020\/03\/remiremont-bougies-aux-fenetres-signe-de-solidarite-soignants\/","twitter_card":"summary_large_image","twitter_title":"Remiremont : des bougies aux fen\u00eatres en signe de solidarit\u00e9 avec les soignants - Remiremont Info","twitter_description":"Les habitants de plusieurs villes de France se donnent rendez-vous aux fen\u00eatres et aux balcons \u00e0 20h pour une s\u00e9ance [&hellip;]","twitter_image":"https:\/\/vosgesinfo.fr\/app\/uploads\/sites\/5\/2024\/09\/202003capture-decran-2020-03-19-a-09.32.31.png","twitter_creator":"@VosgesInfo88","twitter_site":"@VosgesInfo88","twitter_misc":{"\u00c9crit par":"La redaction","Dur\u00e9e de lecture estim\u00e9e":"2 minutes"},"schema":{"@context":"https:\/\/schema.org","@graph":[{"@type":"Article","@id":"https:\/\/vosgesinfo.fr\/remiremontinfo\/2020\/03\/remiremont-bougies-aux-fenetres-signe-de-solidarite-soignants\/#article","isPartOf":{"@id":"https:\/\/vosgesinfo.fr\/remiremontinfo\/2020\/03\/remiremont-bougies-aux-fenetres-signe-de-solidarite-soignants\/"},"author":{"name":"La redaction","@id":"https:\/\/vosgesinfo.fr\/remiremontinfo\/#\/schema\/person\/80c6ea85ff4afefe81dceaf949954c76"},"headline":"Remiremont : des bougies aux fen\u00eatres en signe de solidarit\u00e9 avec les soignants","datePublished":"2020-03-19T05:52:22+00:00","dateModified":"2020-03-19T05:52:22+00:00","mainEntityOfPage":{"@id":"https:\/\/vosgesinfo.fr\/remiremontinfo\/2020\/03\/remiremont-bougies-aux-fenetres-signe-de-solidarite-soignants\/"},"wordCount":419,"commentCount":0,"publisher":{"@id":"https:\/\/vosgesinfo.fr\/remiremontinfo\/#organization"},"image":{"@id":"https:\/\/vosgesinfo.fr\/remiremontinfo\/2020\/03\/remiremont-bougies-aux-fenetres-signe-de-solidarite-soignants\/#primaryimage"},"thumbnailUrl":"https:\/\/vosgesinfo.fr\/app\/uploads\/sites\/5\/2024\/09\/202003capture-decran-2020-03-19-a-09.32.31.png","articleSection":["A la Une","Remiremont","Remiremont &amp; son canton","Sant\u00e9"],"inLanguage":"fr-FR","potentialAction":[{"@type":"CommentAction","name":"Comment","target":["https:\/\/vosgesinfo.fr\/remiremontinfo\/2020\/03\/remiremont-bougies-aux-fenetres-signe-de-solidarite-soignants\/#respond"]}]},{"@type":"WebPage","@id":"https:\/\/vosgesinfo.fr\/remiremontinfo\/2020\/03\/remiremont-bougies-aux-fenetres-signe-de-solidarite-soignants\/","url":"https:\/\/vosgesinfo.fr\/remiremontinfo\/2020\/03\/remiremont-bougies-aux-fenetres-signe-de-solidarite-soignants\/","name":"Remiremont : des bougies aux fen\u00eatres en signe de solidarit\u00e9 avec les soignants - Remiremont Info","isPartOf":{"@id":"https:\/\/vosgesinfo.fr\/remiremontinfo\/#website"},"primaryImageOfPage":{"@id":"https:\/\/vosgesinfo.fr\/remiremontinfo\/2020\/03\/remiremont-bougies-aux-fenetres-signe-de-solidarite-soignants\/#primaryimage"},"image":{"@id":"https:\/\/vosgesinfo.fr\/remiremontinfo\/2020\/03\/remiremont-bougies-aux-fenetres-signe-de-solidarite-soignants\/#primaryimage"},"thumbnailUrl":"https:\/\/vosgesinfo.fr\/app\/uploads\/sites\/5\/2024\/09\/202003capture-decran-2020-03-19-a-09.32.31.png","datePublished":"2020-03-19T05:52:22+00:00","dateModified":"2020-03-19T05:52:22+00:00","breadcrumb":{"@id":"https:\/\/vosgesinfo.fr\/remiremontinfo\/2020\/03\/remiremont-bougies-aux-fenetres-signe-de-solidarite-soignants\/#breadcrumb"},"inLanguage":"fr-FR","potentialAction":[{"@type":"ReadAction","target":["https:\/\/vosgesinfo.fr\/remiremontinfo\/2020\/03\/remiremont-bougies-aux-fenetres-signe-de-solidarite-soignants\/"]}]},{"@type":"ImageObject","inLanguage":"fr-FR","@id":"https:\/\/vosgesinfo.fr\/remiremontinfo\/2020\/03\/remiremont-bougies-aux-fenetres-signe-de-solidarite-soignants\/#primaryimage","url":"https:\/\/vosgesinfo.fr\/app\/uploads\/sites\/5\/2024\/09\/202003capture-decran-2020-03-19-a-09.32.31.png","contentUrl":"https:\/\/vosgesinfo.fr\/app\/uploads\/sites\/5\/2024\/09\/202003capture-decran-2020-03-19-a-09.32.31.png","width":1586,"height":1132},{"@type":"BreadcrumbList","@id":"https:\/\/vosgesinfo.fr\/remiremontinfo\/2020\/03\/remiremont-bougies-aux-fenetres-signe-de-solidarite-soignants\/#breadcrumb","itemListElement":[{"@type":"ListItem","position":1,"name":"Home","item":"https:\/\/vosgesinfo.fr\/remiremontinfo\/"},{"@type":"ListItem","position":2,"name":"Remiremont : des bougies aux fen\u00eatres en signe de solidarit\u00e9 avec les soignants"}]},{"@type":"WebSite","@id":"https:\/\/vosgesinfo.fr\/remiremontinfo\/#website","url":"https:\/\/vosgesinfo.fr\/remiremontinfo\/","name":"Remiremont Info","description":"Toute l&#039;actualit\u00e9 de Remiremont","publisher":{"@id":"https:\/\/vosgesinfo.fr\/remiremontinfo\/#organization"},"alternateName":"Toute l'actualit\u00e9 de Remiremont","potentialAction":[{"@type":"SearchAction","target":{"@type":"EntryPoint","urlTemplate":"https:\/\/vosgesinfo.fr\/remiremontinfo\/?s={search_term_string}"},"query-input":"required name=search_term_string"}],"inLanguage":"fr-FR"},{"@type":"Organization","@id":"https:\/\/vosgesinfo.fr\/remiremontinfo\/#organization","name":"Remiremont Info","url":"https:\/\/vosgesinfo.fr\/remiremontinfo\/","logo":{"@type":"ImageObject","inLanguage":"fr-FR","@id":"https:\/\/vosgesinfo.fr\/remiremontinfo\/#\/schema\/logo\/image\/","url":"https:\/\/vosgesinfo.fr\/app\/uploads\/sites\/5\/2023\/08\/favicon-remiremontinfo.png","contentUrl":"https:\/\/vosgesinfo.fr\/app\/uploads\/sites\/5\/2023\/08\/favicon-remiremontinfo.png","width":512,"height":512,"caption":"Remiremont Info"},"image":{"@id":"https:\/\/vosgesinfo.fr\/remiremontinfo\/#\/schema\/logo\/image\/"},"sameAs":["https:\/\/www.facebook.com\/remiremontinfo","https:\/\/x.com\/VosgesInfo88","https:\/\/www.youtube.com\/@vosgesinfo"]},{"@type":"Person","@id":"https:\/\/vosgesinfo.fr\/remiremontinfo\/#\/schema\/person\/80c6ea85ff4afefe81dceaf949954c76","name":"La redaction","image":{"@type":"ImageObject","inLanguage":"fr-FR","@id":"https:\/\/vosgesinfo.fr\/remiremontinfo\/#\/schema\/person\/image\/","url":"https:\/\/secure.gravatar.com\/avatar\/fa684fed8c27e631d40f39d17520286009f89cf7526728ea4e58b5a8c426c16a?s=96&d=mm&r=g","contentUrl":"https:\/\/secure.gravatar.com\/avatar\/fa684fed8c27e631d40f39d17520286009f89cf7526728ea4e58b5a8c426c16a?s=96&d=mm&r=g","caption":"La redaction"},"url":"https:\/\/vosgesinfo.fr\/remiremontinfo\/author\/d-p\/"}]}},"_links":{"self":[{"href":"https:\/\/vosgesinfo.fr\/remiremontinfo\/wp-json\/wp\/v2\/posts\/26301","targetHints":{"allow":["GET"]}}],"collection":[{"href":"https:\/\/vosgesinfo.fr\/remiremontinfo\/wp-json\/wp\/v2\/posts"}],"about":[{"href":"https:\/\/vosgesinfo.fr\/remiremontinfo\/wp-json\/wp\/v2\/types\/post"}],"author":[{"embeddable":true,"href":"https:\/\/vosgesinfo.fr\/remiremontinfo\/wp-json\/wp\/v2\/users\/392"}],"replies":[{"embeddable":true,"href":"https:\/\/vosgesinfo.fr\/remiremontinfo\/wp-json\/wp\/v2\/comments?post=26301"}],"version-history":[{"count":0,"href":"https:\/\/vosgesinfo.fr\/remiremontinfo\/wp-json\/wp\/v2\/posts\/26301\/revisions"}],"wp:featuredmedia":[{"embeddable":true,"href":"https:\/\/vosgesinfo.fr\/remiremontinfo\/wp-json\/wp\/v2\/media\/26302"}],"wp:attachment":[{"href":"https:\/\/vosgesinfo.fr\/remiremontinfo\/wp-json\/wp\/v2\/media?parent=26301"}],"wp:term":[{"taxonomy":"category","embeddable":true,"href":"https:\/\/vosgesinfo.fr\/remiremontinfo\/wp-json\/wp\/v2\/categories?post=26301"},{"taxonomy":"post_tag","embeddable":true,"href":"https:\/\/vosgesinfo.fr\/remiremontinfo\/wp-json\/wp\/v2\/tags?post=26301"}],"curies":[{"name":"wp","href":"https:\/\/api.w.org\/{rel}","templated":true}]}}