{"id":26343,"date":"2020-03-21T07:37:25","date_gmt":"2020-03-21T06:37:25","guid":{"rendered":"https:\/\/vosgesinfo.fr\/remiremontinfo\/2020\/03\/covid-19-situation-saggrave-grand\/"},"modified":"2020-03-21T07:37:25","modified_gmt":"2020-03-21T06:37:25","slug":"covid-19-situation-saggrave-grand","status":"publish","type":"post","link":"https:\/\/vosgesinfo.fr\/remiremontinfo\/2020\/03\/covid-19-situation-saggrave-grand\/","title":{"rendered":"Covid-19 : la situation s&rsquo;aggrave dans le Grand Est"},"content":{"rendered":"<p><a href=\"https:\/\/remiremontinfo.fr\/2020\/03\/coronavirus-a-remiremont-bureau-de-vote-sera-equipe-de-gel-hydro-alcoolique\/coronavirus-4914028_1920\/\" rel=\"attachment wp-att-284147\"><img decoding=\"async\" class=\"alignright size-medium wp-image-284147\" src=\"\/2020\/03\/coronavirus-4914028_1920-400x227.jpg\" alt=\"coronavirus-4914028_1920\" width=\"400\" height=\"227\" \/><\/a>Au 20 mars \u00e0 15h, 1551 personnes sont hospitalis\u00e9es dans le Grand Est, dont 352 en r\u00e9animation (pr\u00e8s de 9% ont moins de 60 ans). Le nombre total de d\u00e9c\u00e8s confirm\u00e9s virologiquement pour le Grand Est depuis le d\u00e9but de l\u2019\u00e9pid\u00e9mie est de 105. Par ailleurs, 284 personnes sont d\u2019ores et d\u00e9j\u00e0 sorties d\u2019hospitalisation, leur \u00e9tat de sant\u00e9 ayant \u00e9t\u00e9 consid\u00e9r\u00e9 comme satisfaisant.<br \/>\nCette \u00e9volution confirme que la situation s\u2019aggrave, il est donc plus qu\u2019essentiel de limiter ses d\u00e9placements et de respecter strictement les mesures barri\u00e8res.<br \/>\n<strong>Solidarit\u00e9 entre \u00e9tablissements sanitaires de la r\u00e9gion<\/strong><br \/>\nLes \u00e9quipes m\u00e9dicales et soignantes de la r\u00e9gion Grand Est sont pleinement mobilis\u00e9es pour assurer la prise en charge des patients dans des conditions optimales, que ce soit en ville ou \u00e0 l\u2019h\u00f4pital.<br \/>\nLa solidarit\u00e9 inter-\u00e9tablissement dans la r\u00e9gion fonctionne parfaitement, \u00e0 la fois entre d\u00e9partements et entre \u00e9tablissements publics et priv\u00e9s.<br \/>\n<strong>A ce jour, 80 lits de r\u00e9animation de cliniques priv\u00e9es ont \u00e9t\u00e9 mis \u00e0 disposition.<\/strong><br \/>\nAinsi, les cliniques priv\u00e9es sont mobilis\u00e9es et participent \u00e0 l\u2019effort en mettant \u00e0 disposition des personnels et du mat\u00e9riel, en prenant en charge des patients atteints du covid-19 hors r\u00e9animation ou en r\u00e9animation.<br \/>\nCertaines cliniques, qui n\u2019avaient pas d\u2019activit\u00e9 de r\u00e9animation auparavant, ont m\u00eame sollicit\u00e9 une d\u2019autorisation exceptionnelle pour participer \u00e0 l\u2019effort. Cinq ont d\u00e9j\u00e0 \u00e9t\u00e9 d\u00e9livr\u00e9es. Evolution de la m\u00e9thode pour quantifier l&rsquo;\u00e9pid\u00e9mie de Covid-19 en Grand Est<br \/>\nLa surveillance du Covid-19 s\u2019est modifi\u00e9e au cours des diff\u00e9rentes phases de l\u2019\u00e9volution de l\u2019\u00e9pid\u00e9mie. Aux stades pr\u00e9coces, la confirmation biologique \u00e9tait syst\u00e9matique pour les cas possibles et \u00e0 l\u2019issue de ce test soit le cas \u00e9tait exclu soit confirm\u00e9. Le nombre de cas confirm\u00e9s refl\u00e9tait de fa\u00e7on fiable l\u2019\u00e9volution de l\u2019\u00e9pid\u00e9mie dans le temps et l\u2019identification de zones de circulation virale \u00e9tait possible.<br \/>\nDepuis le passage en phase \u00e9pid\u00e9mique, cette confirmation n\u2019est plus syst\u00e9matique. Les recommandations sont maintenant de r\u00e9aliser un pr\u00e9l\u00e8vement \u00e0 vis\u00e9e diagnostique uniquement pour certaines cat\u00e9gories de patients pr\u00e9sentant des sympt\u00f4mes \u00e9vocateurs du COVID-19 (personnes fragiles, personnes hospitalis\u00e9es, professionnels de sant\u00e9). Tester tous les patients pr\u00e9sentant des sympt\u00f4mes conduirait \u00e0 saturer la fili\u00e8re de d\u00e9pistage alors que pour les cas graves et les structures collectives de personnes fragiles, le d\u00e9pistage permet de prendre des mesures imm\u00e9diates.<br \/>\nLe nombre de cas confirm\u00e9s sert d\u00e9sormais \u00e0 guider les mesures de gestion mais ne refl\u00e8te pas la r\u00e9alit\u00e9 de<br \/>\nla circulation du virus sur le territoire. .<br \/>\nPar ailleurs, Sant\u00e9 Publique France produira dans les prochains jours un bulletin \u00e9pid\u00e9miologique, \u00e0 la<br \/>\nmani\u00e8re de la grippe, pour quantifier l&rsquo;ampleur de l&rsquo;\u00e9pid\u00e9mie sur le territoire. Ce nouveau mode de<br \/>\nsurveillance devrait \u00e9galement entra\u00eener la fin du recensement par \u00ab\u00a0confirmation biologique\u00a0\u00bb.<br \/>\nConsignes \u00e0 suivre<br \/>\nLe minist\u00e8re des Solidarit\u00e9s et de la Sant\u00e9 actualise ses recommandations r\u00e9guli\u00e8rement pour prot\u00e9ger<br \/>\nvotre sant\u00e9 et vous recommander les bons gestes \u00e0 adopter face au Coronavirus COVID-19. Face aux<br \/>\ninfections, il existe des gestes simples pour pr\u00e9server votre sant\u00e9 et celle de votre entourage :<br \/>\n\uf0b7 Rester chez soi,<br \/>\n\uf0b7 Se laver tr\u00e8s r\u00e9guli\u00e8rement les mains avec du savon ou utiliser une solution hydro alcoolique,<br \/>\n\uf0b7 Tousser ou \u00e9ternuer dans son coude ou dans un mouchoir,<br \/>\n\uf0b7 Utiliser un mouchoir \u00e0 usage unique et le jeter,<br \/>\n\uf0b7 Saluer sans se serrer la main et \u00e9viter les embrassades,<br \/>\n\uf0b7 DEMEURER A AU MOINS UN M\u00c8TRE D\u2019AUTRUI, EVITER LES RASSEMBLEMENTS,<br \/>\nLIMITER LES D\u00c9PLACEMENTS ET LES CONTACTS : RESPECTER LE CONFINEMENT<br \/>\nVous avez des sympt\u00f4mes (toux, fi\u00e8vre) qui vous font penser au Covid-19 : restez \u00e0 domicile, \u00e9vitez<br \/>\nles contacts, appelez un m\u00e9decin avant de vous rendre \u00e0 son cabinet. Vous pouvez \u00e9galement<br \/>\nb\u00e9n\u00e9ficier d\u2019une t\u00e9l\u00e9consultation.<br \/>\nSi les sympt\u00f4mes s\u2019aggravent avec des difficult\u00e9s respiratoires et signes d\u2019\u00e9touffement, appelez le<br \/>\nSAMU-Centre 15.<br \/>\nPour toute autre situation et information g\u00e9n\u00e9rale : appelez le num\u00e9ro vert national au<br \/>\n0 800 130 000 qui vous indiquera la conduite \u00e0 tenir.<br \/>\nVous retrouverez plus d\u2019informations sur les sites internet du Gouvernement du Minist\u00e8re des<br \/>\nSolidarit\u00e9s et de la Sant\u00e9 et de Sant\u00e9 publique France.<\/p>\n","protected":false},"excerpt":{"rendered":"<p>Au 20 mars \u00e0 15h, 1551 personnes sont hospitalis\u00e9es dans le Grand Est, dont 352 en r\u00e9animation (pr\u00e8s de 9% [&hellip;]<\/p>\n","protected":false},"author":392,"featured_media":26344,"comment_status":"open","ping_status":"open","sticky":false,"template":"","format":"standard","meta":{"footnotes":""},"categories":[26,12,18],"tags":[],"class_list":["post-26343","post","type-post","status-publish","format-standard","has-post-thumbnail","hentry","category-a-la-une","category-sante","category-vosges"],"acf":[],"yoast_head":"<!-- This site is optimized with the Yoast SEO plugin v22.5 - https:\/\/yoast.com\/wordpress\/plugins\/seo\/ -->\n<title>Covid-19 : la situation s&#039;aggrave dans le Grand Est - Remiremont Info<\/title>\n<meta name=\"robots\" content=\"index, follow, max-snippet:-1, max-image-preview:large, max-video-preview:-1\" \/>\n<link rel=\"canonical\" href=\"https:\/\/vosgesinfo.fr\/remiremontinfo\/2020\/03\/covid-19-situation-saggrave-grand\/\" \/>\n<meta name=\"twitter:card\" content=\"summary_large_image\" \/>\n<meta name=\"twitter:title\" content=\"Covid-19 : la situation s&#039;aggrave dans le Grand Est - Remiremont Info\" \/>\n<meta name=\"twitter:description\" content=\"Au 20 mars \u00e0 15h, 1551 personnes sont hospitalis\u00e9es dans le Grand Est, dont 352 en r\u00e9animation (pr\u00e8s de 9% [&hellip;]\" \/>\n<meta name=\"twitter:image\" content=\"https:\/\/vosgesinfo.fr\/app\/uploads\/sites\/5\/2024\/09\/202003coronavirus-4914028-1920-4.jpg\" \/>\n<meta name=\"twitter:creator\" content=\"@VosgesInfo88\" \/>\n<meta name=\"twitter:site\" content=\"@VosgesInfo88\" \/>\n<meta name=\"twitter:label1\" content=\"\u00c9crit par\" \/>\n\t<meta name=\"twitter:data1\" content=\"La redaction\" \/>\n\t<meta name=\"twitter:label2\" content=\"Dur\u00e9e de lecture estim\u00e9e\" \/>\n\t<meta name=\"twitter:data2\" content=\"4 minutes\" \/>\n<script type=\"application\/ld+json\" class=\"yoast-schema-graph\">{\"@context\":\"https:\/\/schema.org\",\"@graph\":[{\"@type\":\"Article\",\"@id\":\"https:\/\/vosgesinfo.fr\/remiremontinfo\/2020\/03\/covid-19-situation-saggrave-grand\/#article\",\"isPartOf\":{\"@id\":\"https:\/\/vosgesinfo.fr\/remiremontinfo\/2020\/03\/covid-19-situation-saggrave-grand\/\"},\"author\":{\"name\":\"La redaction\",\"@id\":\"https:\/\/vosgesinfo.fr\/remiremontinfo\/#\/schema\/person\/80c6ea85ff4afefe81dceaf949954c76\"},\"headline\":\"Covid-19 : la situation s&rsquo;aggrave dans le Grand Est\",\"datePublished\":\"2020-03-21T06:37:25+00:00\",\"dateModified\":\"2020-03-21T06:37:25+00:00\",\"mainEntityOfPage\":{\"@id\":\"https:\/\/vosgesinfo.fr\/remiremontinfo\/2020\/03\/covid-19-situation-saggrave-grand\/\"},\"wordCount\":746,\"commentCount\":0,\"publisher\":{\"@id\":\"https:\/\/vosgesinfo.fr\/remiremontinfo\/#organization\"},\"image\":{\"@id\":\"https:\/\/vosgesinfo.fr\/remiremontinfo\/2020\/03\/covid-19-situation-saggrave-grand\/#primaryimage\"},\"thumbnailUrl\":\"https:\/\/vosgesinfo.fr\/app\/uploads\/sites\/5\/2024\/09\/202003coronavirus-4914028-1920-4.jpg\",\"articleSection\":[\"A la Une\",\"Sant\u00e9\",\"Vosges\"],\"inLanguage\":\"fr-FR\",\"potentialAction\":[{\"@type\":\"CommentAction\",\"name\":\"Comment\",\"target\":[\"https:\/\/vosgesinfo.fr\/remiremontinfo\/2020\/03\/covid-19-situation-saggrave-grand\/#respond\"]}]},{\"@type\":\"WebPage\",\"@id\":\"https:\/\/vosgesinfo.fr\/remiremontinfo\/2020\/03\/covid-19-situation-saggrave-grand\/\",\"url\":\"https:\/\/vosgesinfo.fr\/remiremontinfo\/2020\/03\/covid-19-situation-saggrave-grand\/\",\"name\":\"Covid-19 : la situation s'aggrave dans le Grand Est - Remiremont Info\",\"isPartOf\":{\"@id\":\"https:\/\/vosgesinfo.fr\/remiremontinfo\/#website\"},\"primaryImageOfPage\":{\"@id\":\"https:\/\/vosgesinfo.fr\/remiremontinfo\/2020\/03\/covid-19-situation-saggrave-grand\/#primaryimage\"},\"image\":{\"@id\":\"https:\/\/vosgesinfo.fr\/remiremontinfo\/2020\/03\/covid-19-situation-saggrave-grand\/#primaryimage\"},\"thumbnailUrl\":\"https:\/\/vosgesinfo.fr\/app\/uploads\/sites\/5\/2024\/09\/202003coronavirus-4914028-1920-4.jpg\",\"datePublished\":\"2020-03-21T06:37:25+00:00\",\"dateModified\":\"2020-03-21T06:37:25+00:00\",\"breadcrumb\":{\"@id\":\"https:\/\/vosgesinfo.fr\/remiremontinfo\/2020\/03\/covid-19-situation-saggrave-grand\/#breadcrumb\"},\"inLanguage\":\"fr-FR\",\"potentialAction\":[{\"@type\":\"ReadAction\",\"target\":[\"https:\/\/vosgesinfo.fr\/remiremontinfo\/2020\/03\/covid-19-situation-saggrave-grand\/\"]}]},{\"@type\":\"ImageObject\",\"inLanguage\":\"fr-FR\",\"@id\":\"https:\/\/vosgesinfo.fr\/remiremontinfo\/2020\/03\/covid-19-situation-saggrave-grand\/#primaryimage\",\"url\":\"https:\/\/vosgesinfo.fr\/app\/uploads\/sites\/5\/2024\/09\/202003coronavirus-4914028-1920-4.jpg\",\"contentUrl\":\"https:\/\/vosgesinfo.fr\/app\/uploads\/sites\/5\/2024\/09\/202003coronavirus-4914028-1920-4.jpg\",\"width\":1920,\"height\":1089},{\"@type\":\"BreadcrumbList\",\"@id\":\"https:\/\/vosgesinfo.fr\/remiremontinfo\/2020\/03\/covid-19-situation-saggrave-grand\/#breadcrumb\",\"itemListElement\":[{\"@type\":\"ListItem\",\"position\":1,\"name\":\"Home\",\"item\":\"https:\/\/vosgesinfo.fr\/remiremontinfo\/\"},{\"@type\":\"ListItem\",\"position\":2,\"name\":\"Covid-19 : la situation s&rsquo;aggrave dans le Grand Est\"}]},{\"@type\":\"WebSite\",\"@id\":\"https:\/\/vosgesinfo.fr\/remiremontinfo\/#website\",\"url\":\"https:\/\/vosgesinfo.fr\/remiremontinfo\/\",\"name\":\"Remiremont Info\",\"description\":\"Toute l&#039;actualit\u00e9 de Remiremont\",\"publisher\":{\"@id\":\"https:\/\/vosgesinfo.fr\/remiremontinfo\/#organization\"},\"alternateName\":\"Toute l'actualit\u00e9 de Remiremont\",\"potentialAction\":[{\"@type\":\"SearchAction\",\"target\":{\"@type\":\"EntryPoint\",\"urlTemplate\":\"https:\/\/vosgesinfo.fr\/remiremontinfo\/?s={search_term_string}\"},\"query-input\":\"required name=search_term_string\"}],\"inLanguage\":\"fr-FR\"},{\"@type\":\"Organization\",\"@id\":\"https:\/\/vosgesinfo.fr\/remiremontinfo\/#organization\",\"name\":\"Remiremont Info\",\"url\":\"https:\/\/vosgesinfo.fr\/remiremontinfo\/\",\"logo\":{\"@type\":\"ImageObject\",\"inLanguage\":\"fr-FR\",\"@id\":\"https:\/\/vosgesinfo.fr\/remiremontinfo\/#\/schema\/logo\/image\/\",\"url\":\"https:\/\/vosgesinfo.fr\/app\/uploads\/sites\/5\/2023\/08\/favicon-remiremontinfo.png\",\"contentUrl\":\"https:\/\/vosgesinfo.fr\/app\/uploads\/sites\/5\/2023\/08\/favicon-remiremontinfo.png\",\"width\":512,\"height\":512,\"caption\":\"Remiremont Info\"},\"image\":{\"@id\":\"https:\/\/vosgesinfo.fr\/remiremontinfo\/#\/schema\/logo\/image\/\"},\"sameAs\":[\"https:\/\/www.facebook.com\/remiremontinfo\",\"https:\/\/x.com\/VosgesInfo88\",\"https:\/\/www.youtube.com\/@vosgesinfo\"]},{\"@type\":\"Person\",\"@id\":\"https:\/\/vosgesinfo.fr\/remiremontinfo\/#\/schema\/person\/80c6ea85ff4afefe81dceaf949954c76\",\"name\":\"La redaction\",\"image\":{\"@type\":\"ImageObject\",\"inLanguage\":\"fr-FR\",\"@id\":\"https:\/\/vosgesinfo.fr\/remiremontinfo\/#\/schema\/person\/image\/\",\"url\":\"https:\/\/secure.gravatar.com\/avatar\/fa684fed8c27e631d40f39d17520286009f89cf7526728ea4e58b5a8c426c16a?s=96&d=mm&r=g\",\"contentUrl\":\"https:\/\/secure.gravatar.com\/avatar\/fa684fed8c27e631d40f39d17520286009f89cf7526728ea4e58b5a8c426c16a?s=96&d=mm&r=g\",\"caption\":\"La redaction\"},\"url\":\"https:\/\/vosgesinfo.fr\/remiremontinfo\/author\/d-p\/\"}]}<\/script>\n<!-- \/ Yoast SEO plugin. -->","yoast_head_json":{"title":"Covid-19 : la situation s'aggrave dans le Grand Est - Remiremont Info","robots":{"index":"index","follow":"follow","max-snippet":"max-snippet:-1","max-image-preview":"max-image-preview:large","max-video-preview":"max-video-preview:-1"},"canonical":"https:\/\/vosgesinfo.fr\/remiremontinfo\/2020\/03\/covid-19-situation-saggrave-grand\/","twitter_card":"summary_large_image","twitter_title":"Covid-19 : la situation s'aggrave dans le Grand Est - Remiremont Info","twitter_description":"Au 20 mars \u00e0 15h, 1551 personnes sont hospitalis\u00e9es dans le Grand Est, dont 352 en r\u00e9animation (pr\u00e8s de 9% [&hellip;]","twitter_image":"https:\/\/vosgesinfo.fr\/app\/uploads\/sites\/5\/2024\/09\/202003coronavirus-4914028-1920-4.jpg","twitter_creator":"@VosgesInfo88","twitter_site":"@VosgesInfo88","twitter_misc":{"\u00c9crit par":"La redaction","Dur\u00e9e de lecture estim\u00e9e":"4 minutes"},"schema":{"@context":"https:\/\/schema.org","@graph":[{"@type":"Article","@id":"https:\/\/vosgesinfo.fr\/remiremontinfo\/2020\/03\/covid-19-situation-saggrave-grand\/#article","isPartOf":{"@id":"https:\/\/vosgesinfo.fr\/remiremontinfo\/2020\/03\/covid-19-situation-saggrave-grand\/"},"author":{"name":"La redaction","@id":"https:\/\/vosgesinfo.fr\/remiremontinfo\/#\/schema\/person\/80c6ea85ff4afefe81dceaf949954c76"},"headline":"Covid-19 : la situation s&rsquo;aggrave dans le Grand Est","datePublished":"2020-03-21T06:37:25+00:00","dateModified":"2020-03-21T06:37:25+00:00","mainEntityOfPage":{"@id":"https:\/\/vosgesinfo.fr\/remiremontinfo\/2020\/03\/covid-19-situation-saggrave-grand\/"},"wordCount":746,"commentCount":0,"publisher":{"@id":"https:\/\/vosgesinfo.fr\/remiremontinfo\/#organization"},"image":{"@id":"https:\/\/vosgesinfo.fr\/remiremontinfo\/2020\/03\/covid-19-situation-saggrave-grand\/#primaryimage"},"thumbnailUrl":"https:\/\/vosgesinfo.fr\/app\/uploads\/sites\/5\/2024\/09\/202003coronavirus-4914028-1920-4.jpg","articleSection":["A la Une","Sant\u00e9","Vosges"],"inLanguage":"fr-FR","potentialAction":[{"@type":"CommentAction","name":"Comment","target":["https:\/\/vosgesinfo.fr\/remiremontinfo\/2020\/03\/covid-19-situation-saggrave-grand\/#respond"]}]},{"@type":"WebPage","@id":"https:\/\/vosgesinfo.fr\/remiremontinfo\/2020\/03\/covid-19-situation-saggrave-grand\/","url":"https:\/\/vosgesinfo.fr\/remiremontinfo\/2020\/03\/covid-19-situation-saggrave-grand\/","name":"Covid-19 : la situation s'aggrave dans le Grand Est - Remiremont Info","isPartOf":{"@id":"https:\/\/vosgesinfo.fr\/remiremontinfo\/#website"},"primaryImageOfPage":{"@id":"https:\/\/vosgesinfo.fr\/remiremontinfo\/2020\/03\/covid-19-situation-saggrave-grand\/#primaryimage"},"image":{"@id":"https:\/\/vosgesinfo.fr\/remiremontinfo\/2020\/03\/covid-19-situation-saggrave-grand\/#primaryimage"},"thumbnailUrl":"https:\/\/vosgesinfo.fr\/app\/uploads\/sites\/5\/2024\/09\/202003coronavirus-4914028-1920-4.jpg","datePublished":"2020-03-21T06:37:25+00:00","dateModified":"2020-03-21T06:37:25+00:00","breadcrumb":{"@id":"https:\/\/vosgesinfo.fr\/remiremontinfo\/2020\/03\/covid-19-situation-saggrave-grand\/#breadcrumb"},"inLanguage":"fr-FR","potentialAction":[{"@type":"ReadAction","target":["https:\/\/vosgesinfo.fr\/remiremontinfo\/2020\/03\/covid-19-situation-saggrave-grand\/"]}]},{"@type":"ImageObject","inLanguage":"fr-FR","@id":"https:\/\/vosgesinfo.fr\/remiremontinfo\/2020\/03\/covid-19-situation-saggrave-grand\/#primaryimage","url":"https:\/\/vosgesinfo.fr\/app\/uploads\/sites\/5\/2024\/09\/202003coronavirus-4914028-1920-4.jpg","contentUrl":"https:\/\/vosgesinfo.fr\/app\/uploads\/sites\/5\/2024\/09\/202003coronavirus-4914028-1920-4.jpg","width":1920,"height":1089},{"@type":"BreadcrumbList","@id":"https:\/\/vosgesinfo.fr\/remiremontinfo\/2020\/03\/covid-19-situation-saggrave-grand\/#breadcrumb","itemListElement":[{"@type":"ListItem","position":1,"name":"Home","item":"https:\/\/vosgesinfo.fr\/remiremontinfo\/"},{"@type":"ListItem","position":2,"name":"Covid-19 : la situation s&rsquo;aggrave dans le Grand Est"}]},{"@type":"WebSite","@id":"https:\/\/vosgesinfo.fr\/remiremontinfo\/#website","url":"https:\/\/vosgesinfo.fr\/remiremontinfo\/","name":"Remiremont Info","description":"Toute l&#039;actualit\u00e9 de Remiremont","publisher":{"@id":"https:\/\/vosgesinfo.fr\/remiremontinfo\/#organization"},"alternateName":"Toute l'actualit\u00e9 de Remiremont","potentialAction":[{"@type":"SearchAction","target":{"@type":"EntryPoint","urlTemplate":"https:\/\/vosgesinfo.fr\/remiremontinfo\/?s={search_term_string}"},"query-input":"required name=search_term_string"}],"inLanguage":"fr-FR"},{"@type":"Organization","@id":"https:\/\/vosgesinfo.fr\/remiremontinfo\/#organization","name":"Remiremont Info","url":"https:\/\/vosgesinfo.fr\/remiremontinfo\/","logo":{"@type":"ImageObject","inLanguage":"fr-FR","@id":"https:\/\/vosgesinfo.fr\/remiremontinfo\/#\/schema\/logo\/image\/","url":"https:\/\/vosgesinfo.fr\/app\/uploads\/sites\/5\/2023\/08\/favicon-remiremontinfo.png","contentUrl":"https:\/\/vosgesinfo.fr\/app\/uploads\/sites\/5\/2023\/08\/favicon-remiremontinfo.png","width":512,"height":512,"caption":"Remiremont Info"},"image":{"@id":"https:\/\/vosgesinfo.fr\/remiremontinfo\/#\/schema\/logo\/image\/"},"sameAs":["https:\/\/www.facebook.com\/remiremontinfo","https:\/\/x.com\/VosgesInfo88","https:\/\/www.youtube.com\/@vosgesinfo"]},{"@type":"Person","@id":"https:\/\/vosgesinfo.fr\/remiremontinfo\/#\/schema\/person\/80c6ea85ff4afefe81dceaf949954c76","name":"La redaction","image":{"@type":"ImageObject","inLanguage":"fr-FR","@id":"https:\/\/vosgesinfo.fr\/remiremontinfo\/#\/schema\/person\/image\/","url":"https:\/\/secure.gravatar.com\/avatar\/fa684fed8c27e631d40f39d17520286009f89cf7526728ea4e58b5a8c426c16a?s=96&d=mm&r=g","contentUrl":"https:\/\/secure.gravatar.com\/avatar\/fa684fed8c27e631d40f39d17520286009f89cf7526728ea4e58b5a8c426c16a?s=96&d=mm&r=g","caption":"La redaction"},"url":"https:\/\/vosgesinfo.fr\/remiremontinfo\/author\/d-p\/"}]}},"_links":{"self":[{"href":"https:\/\/vosgesinfo.fr\/remiremontinfo\/wp-json\/wp\/v2\/posts\/26343","targetHints":{"allow":["GET"]}}],"collection":[{"href":"https:\/\/vosgesinfo.fr\/remiremontinfo\/wp-json\/wp\/v2\/posts"}],"about":[{"href":"https:\/\/vosgesinfo.fr\/remiremontinfo\/wp-json\/wp\/v2\/types\/post"}],"author":[{"embeddable":true,"href":"https:\/\/vosgesinfo.fr\/remiremontinfo\/wp-json\/wp\/v2\/users\/392"}],"replies":[{"embeddable":true,"href":"https:\/\/vosgesinfo.fr\/remiremontinfo\/wp-json\/wp\/v2\/comments?post=26343"}],"version-history":[{"count":0,"href":"https:\/\/vosgesinfo.fr\/remiremontinfo\/wp-json\/wp\/v2\/posts\/26343\/revisions"}],"wp:featuredmedia":[{"embeddable":true,"href":"https:\/\/vosgesinfo.fr\/remiremontinfo\/wp-json\/wp\/v2\/media\/26344"}],"wp:attachment":[{"href":"https:\/\/vosgesinfo.fr\/remiremontinfo\/wp-json\/wp\/v2\/media?parent=26343"}],"wp:term":[{"taxonomy":"category","embeddable":true,"href":"https:\/\/vosgesinfo.fr\/remiremontinfo\/wp-json\/wp\/v2\/categories?post=26343"},{"taxonomy":"post_tag","embeddable":true,"href":"https:\/\/vosgesinfo.fr\/remiremontinfo\/wp-json\/wp\/v2\/tags?post=26343"}],"curies":[{"name":"wp","href":"https:\/\/api.w.org\/{rel}","templated":true}]}}