{"id":26354,"date":"2020-03-21T17:33:34","date_gmt":"2020-03-21T16:33:34","guid":{"rendered":"https:\/\/vosgesinfo.fr\/remiremontinfo\/2020\/03\/covid-19-operation-masques-grand-a-besoin-de\/"},"modified":"2020-03-21T17:33:34","modified_gmt":"2020-03-21T16:33:34","slug":"covid-19-operation-masques-grand-a-besoin-de","status":"publish","type":"post","link":"https:\/\/vosgesinfo.fr\/remiremontinfo\/2020\/03\/covid-19-operation-masques-grand-a-besoin-de\/","title":{"rendered":"COVID-19 : \u00ab Op\u00e9ration masques \u00bb  Le Grand Est a besoin de vous !"},"content":{"rendered":"<p><strong><a href=\"https:\/\/epinalinfos.fr\/2020\/03\/coronavirus-toutes-ecoles-fermees-lundi\/coronavirus-4817450_1920-800x270-2\/\" rel=\"attachment wp-att-284267\"><img decoding=\"async\" class=\"alignright wp-image-284267 size-medium\" src=\"\/2020\/03\/coronavirus-4817450_1920-800x2701-400x135.jpg\" alt=\"coronavirus-4817450_1920-800x270\" width=\"400\" height=\"135\" \/><\/a>\u00a0Dans le contexte in\u00e9dit actuel qui touche la France depuis plusieurs semaines et notamment le Grand Est, Jean Rottner, Pr\u00e9sident de la R\u00e9gion Grand Est appelle \u00e0 une solidarit\u00e9 collective et massive et lance l\u2019op\u00e9ration \u00ab\u00a0masques\u00a0\u00bb pour venir en aide aux personnels soignants et professionnels expos\u00e9s au virus.<\/strong><\/p>\n<p>\u00ab\u00a0<em>Aujourd\u2019hui, nous avons plus que jamais besoin de vous et de vos dons pour \u00e9quiper et prot\u00e9ger notre personnel soignant qui lutte chaque jour contre le Coronavirus. Sans vous, sans votre \u00e9nergie, sans vos encouragements, le Grand Est, et plus largement notre pays, ne pourra stopper cette \u00e9pid\u00e9mie\u00a0\u00bb. <\/em><\/p>\n<p><strong>350 000 masques d\u00e9j\u00e0 collect\u00e9s<\/strong><\/p>\n<p><em>\u00ab\u00a0Je tiens tout particuli\u00e8rement \u00e0 remercier l\u2019ensemble des donateurs, entreprises internationales, nationales, r\u00e9gionales et industries qui ont su agir avec r\u00e9activit\u00e9 et humanit\u00e9 via les r\u00e9seaux sociaux. A ce jour, et gr\u00e2ce \u00e0 cette entraide, nous avons r\u00e9colt\u00e9 plus de 350\u00a0000 masques FFP2. Destin\u00e9s aux professionnels de sant\u00e9 des territoires les plus touch\u00e9s\u00a0(Bas-Rhin, Haut-Rhin, Moselle et Vosges), ils sont d\u00e9j\u00e0 disponibles ou le seront tr\u00e8s prochainement via les r\u00e9seaux de pharmacies et destin\u00e9s aux professionnels de sant\u00e9 des territoires les plus touch\u00e9s\u00a0\u00bb.\u00a0 <\/em><\/p>\n<p><strong>Les entreprises textiles du Grand-Est mobilis\u00e9es\u00a0: 500 000 masques par semaine au minimum<\/strong><\/p>\n<p><em>\u00ab\u00a0Mais nous avons besoin d\u2019encore plus de mat\u00e9riel. C\u2019est pourquoi nous avons lanc\u00e9 la production de masques localement. Certaines productions ont d\u00e9but\u00e9, d\u2019autres le seront prochainement\u00a0: en Alsace, dans l\u2019Aube, en Moselle et dans les Vosges gr\u00e2ce \u00e0 l\u2019aide de nos entreprises, de nos partenaires \u00e9conomiques et de la fili\u00e8re textile, qui s\u2019impliquent en masse. <\/em><\/p>\n<p><em>Objectif\u00a0: 1 million de masques par semaine. C\u2019est un d\u00e9fi que nous devons collectivement relever. C\u2019est un enjeu vital\u00a0\u00bb. <\/em><\/p>\n<p><strong>Une commande massive \u00e0 l\u2019\u00e9tranger\u00a0: 5 millions de masques<\/strong><\/p>\n<p><em>\u00ab\u00a0A cela s\u2019additionnera plus de 5 millions de masques que nous avons command\u00e9s aupr\u00e8s de cha\u00eenes de productions \u00e9trang\u00e8res, \u00e0 destination de tous les professionnels expos\u00e9s en dehors de l\u2019h\u00f4pital\u00a0: ceux qui s\u2019occupent des personnes \u00e2g\u00e9es, les forces de s\u00e9curit\u00e9, celles et ceux qui permettent \u00e0 l\u2019activit\u00e9 \u00e9conomique de se poursuivre\u2026 <\/em><em>Il faut leur donner confiance et le masque d\u00e9montre notre volont\u00e9 de les prot\u00e9ger. <\/em><\/p>\n<p><em>Aujourd\u2019hui, \u00ab\u00a0nous sommes en guerre\u00a0\u00bb. Une guerre qu\u2019il nous faut gagner ensemble, avec combattivit\u00e9, solidarit\u00e9 et surtout #RestezChezVous.\u00a0\u00bb, <\/em>s\u2019est exprim\u00e9 <strong>Jean Rottner<\/strong>, Pr\u00e9sident de la R\u00e9gion Grand Est\u00a0\u00bb.<\/p>\n<p>&nbsp;<\/p>\n","protected":false},"excerpt":{"rendered":"<p>\u00a0Dans le contexte in\u00e9dit actuel qui touche la France depuis plusieurs semaines et notamment le Grand Est, Jean Rottner, Pr\u00e9sident [&hellip;]<\/p>\n","protected":false},"author":391,"featured_media":26355,"comment_status":"open","ping_status":"open","sticky":false,"template":"","format":"standard","meta":{"footnotes":""},"categories":[26,12,18],"tags":[],"class_list":["post-26354","post","type-post","status-publish","format-standard","has-post-thumbnail","hentry","category-a-la-une","category-sante","category-vosges"],"acf":[],"yoast_head":"<!-- This site is optimized with the Yoast SEO plugin v22.5 - https:\/\/yoast.com\/wordpress\/plugins\/seo\/ -->\n<title>COVID-19 : \u00ab Op\u00e9ration masques \u00bb Le Grand Est a besoin de vous ! - Remiremont Info<\/title>\n<meta name=\"robots\" content=\"index, follow, max-snippet:-1, max-image-preview:large, max-video-preview:-1\" \/>\n<link rel=\"canonical\" href=\"https:\/\/vosgesinfo.fr\/remiremontinfo\/2020\/03\/covid-19-operation-masques-grand-a-besoin-de\/\" \/>\n<meta name=\"twitter:card\" content=\"summary_large_image\" \/>\n<meta name=\"twitter:title\" content=\"COVID-19 : \u00ab Op\u00e9ration masques \u00bb Le Grand Est a besoin de vous ! - Remiremont Info\" \/>\n<meta name=\"twitter:description\" content=\"\u00a0Dans le contexte in\u00e9dit actuel qui touche la France depuis plusieurs semaines et notamment le Grand Est, Jean Rottner, Pr\u00e9sident [&hellip;]\" \/>\n<meta name=\"twitter:image\" content=\"https:\/\/vosgesinfo.fr\/app\/uploads\/sites\/5\/2024\/09\/202003coronavirus-4817450-1920-800x2701-5.jpg\" \/>\n<meta name=\"twitter:creator\" content=\"@VosgesInfo88\" \/>\n<meta name=\"twitter:site\" content=\"@VosgesInfo88\" \/>\n<meta name=\"twitter:label1\" content=\"\u00c9crit par\" \/>\n\t<meta name=\"twitter:data1\" content=\"La redaction\" \/>\n\t<meta name=\"twitter:label2\" content=\"Dur\u00e9e de lecture estim\u00e9e\" \/>\n\t<meta name=\"twitter:data2\" content=\"2 minutes\" \/>\n<script type=\"application\/ld+json\" class=\"yoast-schema-graph\">{\"@context\":\"https:\/\/schema.org\",\"@graph\":[{\"@type\":\"Article\",\"@id\":\"https:\/\/vosgesinfo.fr\/remiremontinfo\/2020\/03\/covid-19-operation-masques-grand-a-besoin-de\/#article\",\"isPartOf\":{\"@id\":\"https:\/\/vosgesinfo.fr\/remiremontinfo\/2020\/03\/covid-19-operation-masques-grand-a-besoin-de\/\"},\"author\":{\"name\":\"La redaction\",\"@id\":\"https:\/\/vosgesinfo.fr\/remiremontinfo\/#\/schema\/person\/27a3695b06db98895b354c0765cdfc31\"},\"headline\":\"COVID-19 : \u00ab Op\u00e9ration masques \u00bb Le Grand Est a besoin de vous !\",\"datePublished\":\"2020-03-21T16:33:34+00:00\",\"dateModified\":\"2020-03-21T16:33:34+00:00\",\"mainEntityOfPage\":{\"@id\":\"https:\/\/vosgesinfo.fr\/remiremontinfo\/2020\/03\/covid-19-operation-masques-grand-a-besoin-de\/\"},\"wordCount\":429,\"commentCount\":0,\"publisher\":{\"@id\":\"https:\/\/vosgesinfo.fr\/remiremontinfo\/#organization\"},\"image\":{\"@id\":\"https:\/\/vosgesinfo.fr\/remiremontinfo\/2020\/03\/covid-19-operation-masques-grand-a-besoin-de\/#primaryimage\"},\"thumbnailUrl\":\"https:\/\/vosgesinfo.fr\/app\/uploads\/sites\/5\/2024\/09\/202003coronavirus-4817450-1920-800x2701-5.jpg\",\"articleSection\":[\"A la Une\",\"Sant\u00e9\",\"Vosges\"],\"inLanguage\":\"fr-FR\",\"potentialAction\":[{\"@type\":\"CommentAction\",\"name\":\"Comment\",\"target\":[\"https:\/\/vosgesinfo.fr\/remiremontinfo\/2020\/03\/covid-19-operation-masques-grand-a-besoin-de\/#respond\"]}]},{\"@type\":\"WebPage\",\"@id\":\"https:\/\/vosgesinfo.fr\/remiremontinfo\/2020\/03\/covid-19-operation-masques-grand-a-besoin-de\/\",\"url\":\"https:\/\/vosgesinfo.fr\/remiremontinfo\/2020\/03\/covid-19-operation-masques-grand-a-besoin-de\/\",\"name\":\"COVID-19 : \u00ab Op\u00e9ration masques \u00bb Le Grand Est a besoin de vous ! - Remiremont Info\",\"isPartOf\":{\"@id\":\"https:\/\/vosgesinfo.fr\/remiremontinfo\/#website\"},\"primaryImageOfPage\":{\"@id\":\"https:\/\/vosgesinfo.fr\/remiremontinfo\/2020\/03\/covid-19-operation-masques-grand-a-besoin-de\/#primaryimage\"},\"image\":{\"@id\":\"https:\/\/vosgesinfo.fr\/remiremontinfo\/2020\/03\/covid-19-operation-masques-grand-a-besoin-de\/#primaryimage\"},\"thumbnailUrl\":\"https:\/\/vosgesinfo.fr\/app\/uploads\/sites\/5\/2024\/09\/202003coronavirus-4817450-1920-800x2701-5.jpg\",\"datePublished\":\"2020-03-21T16:33:34+00:00\",\"dateModified\":\"2020-03-21T16:33:34+00:00\",\"breadcrumb\":{\"@id\":\"https:\/\/vosgesinfo.fr\/remiremontinfo\/2020\/03\/covid-19-operation-masques-grand-a-besoin-de\/#breadcrumb\"},\"inLanguage\":\"fr-FR\",\"potentialAction\":[{\"@type\":\"ReadAction\",\"target\":[\"https:\/\/vosgesinfo.fr\/remiremontinfo\/2020\/03\/covid-19-operation-masques-grand-a-besoin-de\/\"]}]},{\"@type\":\"ImageObject\",\"inLanguage\":\"fr-FR\",\"@id\":\"https:\/\/vosgesinfo.fr\/remiremontinfo\/2020\/03\/covid-19-operation-masques-grand-a-besoin-de\/#primaryimage\",\"url\":\"https:\/\/vosgesinfo.fr\/app\/uploads\/sites\/5\/2024\/09\/202003coronavirus-4817450-1920-800x2701-5.jpg\",\"contentUrl\":\"https:\/\/vosgesinfo.fr\/app\/uploads\/sites\/5\/2024\/09\/202003coronavirus-4817450-1920-800x2701-5.jpg\",\"width\":800,\"height\":270},{\"@type\":\"BreadcrumbList\",\"@id\":\"https:\/\/vosgesinfo.fr\/remiremontinfo\/2020\/03\/covid-19-operation-masques-grand-a-besoin-de\/#breadcrumb\",\"itemListElement\":[{\"@type\":\"ListItem\",\"position\":1,\"name\":\"Home\",\"item\":\"https:\/\/vosgesinfo.fr\/remiremontinfo\/\"},{\"@type\":\"ListItem\",\"position\":2,\"name\":\"COVID-19 : \u00ab Op\u00e9ration masques \u00bb Le Grand Est a besoin de vous !\"}]},{\"@type\":\"WebSite\",\"@id\":\"https:\/\/vosgesinfo.fr\/remiremontinfo\/#website\",\"url\":\"https:\/\/vosgesinfo.fr\/remiremontinfo\/\",\"name\":\"Remiremont Info\",\"description\":\"Toute l&#039;actualit\u00e9 de Remiremont\",\"publisher\":{\"@id\":\"https:\/\/vosgesinfo.fr\/remiremontinfo\/#organization\"},\"alternateName\":\"Toute l'actualit\u00e9 de Remiremont\",\"potentialAction\":[{\"@type\":\"SearchAction\",\"target\":{\"@type\":\"EntryPoint\",\"urlTemplate\":\"https:\/\/vosgesinfo.fr\/remiremontinfo\/?s={search_term_string}\"},\"query-input\":\"required name=search_term_string\"}],\"inLanguage\":\"fr-FR\"},{\"@type\":\"Organization\",\"@id\":\"https:\/\/vosgesinfo.fr\/remiremontinfo\/#organization\",\"name\":\"Remiremont Info\",\"url\":\"https:\/\/vosgesinfo.fr\/remiremontinfo\/\",\"logo\":{\"@type\":\"ImageObject\",\"inLanguage\":\"fr-FR\",\"@id\":\"https:\/\/vosgesinfo.fr\/remiremontinfo\/#\/schema\/logo\/image\/\",\"url\":\"https:\/\/vosgesinfo.fr\/app\/uploads\/sites\/5\/2023\/08\/favicon-remiremontinfo.png\",\"contentUrl\":\"https:\/\/vosgesinfo.fr\/app\/uploads\/sites\/5\/2023\/08\/favicon-remiremontinfo.png\",\"width\":512,\"height\":512,\"caption\":\"Remiremont Info\"},\"image\":{\"@id\":\"https:\/\/vosgesinfo.fr\/remiremontinfo\/#\/schema\/logo\/image\/\"},\"sameAs\":[\"https:\/\/www.facebook.com\/remiremontinfo\",\"https:\/\/x.com\/VosgesInfo88\",\"https:\/\/www.youtube.com\/@vosgesinfo\"]},{\"@type\":\"Person\",\"@id\":\"https:\/\/vosgesinfo.fr\/remiremontinfo\/#\/schema\/person\/27a3695b06db98895b354c0765cdfc31\",\"name\":\"La redaction\",\"image\":{\"@type\":\"ImageObject\",\"inLanguage\":\"fr-FR\",\"@id\":\"https:\/\/vosgesinfo.fr\/remiremontinfo\/#\/schema\/person\/image\/\",\"url\":\"https:\/\/secure.gravatar.com\/avatar\/64c76a78e501cedee55736f43f332df901e1896ae9cd8fad269ae2236dd0e8b6?s=96&d=mm&r=g\",\"contentUrl\":\"https:\/\/secure.gravatar.com\/avatar\/64c76a78e501cedee55736f43f332df901e1896ae9cd8fad269ae2236dd0e8b6?s=96&d=mm&r=g\",\"caption\":\"La redaction\"},\"url\":\"https:\/\/vosgesinfo.fr\/remiremontinfo\/author\/la-redaction\/\"}]}<\/script>\n<!-- \/ Yoast SEO plugin. -->","yoast_head_json":{"title":"COVID-19 : \u00ab Op\u00e9ration masques \u00bb Le Grand Est a besoin de vous ! - Remiremont Info","robots":{"index":"index","follow":"follow","max-snippet":"max-snippet:-1","max-image-preview":"max-image-preview:large","max-video-preview":"max-video-preview:-1"},"canonical":"https:\/\/vosgesinfo.fr\/remiremontinfo\/2020\/03\/covid-19-operation-masques-grand-a-besoin-de\/","twitter_card":"summary_large_image","twitter_title":"COVID-19 : \u00ab Op\u00e9ration masques \u00bb Le Grand Est a besoin de vous ! - Remiremont Info","twitter_description":"\u00a0Dans le contexte in\u00e9dit actuel qui touche la France depuis plusieurs semaines et notamment le Grand Est, Jean Rottner, Pr\u00e9sident [&hellip;]","twitter_image":"https:\/\/vosgesinfo.fr\/app\/uploads\/sites\/5\/2024\/09\/202003coronavirus-4817450-1920-800x2701-5.jpg","twitter_creator":"@VosgesInfo88","twitter_site":"@VosgesInfo88","twitter_misc":{"\u00c9crit par":"La redaction","Dur\u00e9e de lecture estim\u00e9e":"2 minutes"},"schema":{"@context":"https:\/\/schema.org","@graph":[{"@type":"Article","@id":"https:\/\/vosgesinfo.fr\/remiremontinfo\/2020\/03\/covid-19-operation-masques-grand-a-besoin-de\/#article","isPartOf":{"@id":"https:\/\/vosgesinfo.fr\/remiremontinfo\/2020\/03\/covid-19-operation-masques-grand-a-besoin-de\/"},"author":{"name":"La redaction","@id":"https:\/\/vosgesinfo.fr\/remiremontinfo\/#\/schema\/person\/27a3695b06db98895b354c0765cdfc31"},"headline":"COVID-19 : \u00ab Op\u00e9ration masques \u00bb Le Grand Est a besoin de vous !","datePublished":"2020-03-21T16:33:34+00:00","dateModified":"2020-03-21T16:33:34+00:00","mainEntityOfPage":{"@id":"https:\/\/vosgesinfo.fr\/remiremontinfo\/2020\/03\/covid-19-operation-masques-grand-a-besoin-de\/"},"wordCount":429,"commentCount":0,"publisher":{"@id":"https:\/\/vosgesinfo.fr\/remiremontinfo\/#organization"},"image":{"@id":"https:\/\/vosgesinfo.fr\/remiremontinfo\/2020\/03\/covid-19-operation-masques-grand-a-besoin-de\/#primaryimage"},"thumbnailUrl":"https:\/\/vosgesinfo.fr\/app\/uploads\/sites\/5\/2024\/09\/202003coronavirus-4817450-1920-800x2701-5.jpg","articleSection":["A la Une","Sant\u00e9","Vosges"],"inLanguage":"fr-FR","potentialAction":[{"@type":"CommentAction","name":"Comment","target":["https:\/\/vosgesinfo.fr\/remiremontinfo\/2020\/03\/covid-19-operation-masques-grand-a-besoin-de\/#respond"]}]},{"@type":"WebPage","@id":"https:\/\/vosgesinfo.fr\/remiremontinfo\/2020\/03\/covid-19-operation-masques-grand-a-besoin-de\/","url":"https:\/\/vosgesinfo.fr\/remiremontinfo\/2020\/03\/covid-19-operation-masques-grand-a-besoin-de\/","name":"COVID-19 : \u00ab Op\u00e9ration masques \u00bb Le Grand Est a besoin de vous ! - Remiremont Info","isPartOf":{"@id":"https:\/\/vosgesinfo.fr\/remiremontinfo\/#website"},"primaryImageOfPage":{"@id":"https:\/\/vosgesinfo.fr\/remiremontinfo\/2020\/03\/covid-19-operation-masques-grand-a-besoin-de\/#primaryimage"},"image":{"@id":"https:\/\/vosgesinfo.fr\/remiremontinfo\/2020\/03\/covid-19-operation-masques-grand-a-besoin-de\/#primaryimage"},"thumbnailUrl":"https:\/\/vosgesinfo.fr\/app\/uploads\/sites\/5\/2024\/09\/202003coronavirus-4817450-1920-800x2701-5.jpg","datePublished":"2020-03-21T16:33:34+00:00","dateModified":"2020-03-21T16:33:34+00:00","breadcrumb":{"@id":"https:\/\/vosgesinfo.fr\/remiremontinfo\/2020\/03\/covid-19-operation-masques-grand-a-besoin-de\/#breadcrumb"},"inLanguage":"fr-FR","potentialAction":[{"@type":"ReadAction","target":["https:\/\/vosgesinfo.fr\/remiremontinfo\/2020\/03\/covid-19-operation-masques-grand-a-besoin-de\/"]}]},{"@type":"ImageObject","inLanguage":"fr-FR","@id":"https:\/\/vosgesinfo.fr\/remiremontinfo\/2020\/03\/covid-19-operation-masques-grand-a-besoin-de\/#primaryimage","url":"https:\/\/vosgesinfo.fr\/app\/uploads\/sites\/5\/2024\/09\/202003coronavirus-4817450-1920-800x2701-5.jpg","contentUrl":"https:\/\/vosgesinfo.fr\/app\/uploads\/sites\/5\/2024\/09\/202003coronavirus-4817450-1920-800x2701-5.jpg","width":800,"height":270},{"@type":"BreadcrumbList","@id":"https:\/\/vosgesinfo.fr\/remiremontinfo\/2020\/03\/covid-19-operation-masques-grand-a-besoin-de\/#breadcrumb","itemListElement":[{"@type":"ListItem","position":1,"name":"Home","item":"https:\/\/vosgesinfo.fr\/remiremontinfo\/"},{"@type":"ListItem","position":2,"name":"COVID-19 : \u00ab Op\u00e9ration masques \u00bb Le Grand Est a besoin de vous !"}]},{"@type":"WebSite","@id":"https:\/\/vosgesinfo.fr\/remiremontinfo\/#website","url":"https:\/\/vosgesinfo.fr\/remiremontinfo\/","name":"Remiremont Info","description":"Toute l&#039;actualit\u00e9 de Remiremont","publisher":{"@id":"https:\/\/vosgesinfo.fr\/remiremontinfo\/#organization"},"alternateName":"Toute l'actualit\u00e9 de Remiremont","potentialAction":[{"@type":"SearchAction","target":{"@type":"EntryPoint","urlTemplate":"https:\/\/vosgesinfo.fr\/remiremontinfo\/?s={search_term_string}"},"query-input":"required name=search_term_string"}],"inLanguage":"fr-FR"},{"@type":"Organization","@id":"https:\/\/vosgesinfo.fr\/remiremontinfo\/#organization","name":"Remiremont Info","url":"https:\/\/vosgesinfo.fr\/remiremontinfo\/","logo":{"@type":"ImageObject","inLanguage":"fr-FR","@id":"https:\/\/vosgesinfo.fr\/remiremontinfo\/#\/schema\/logo\/image\/","url":"https:\/\/vosgesinfo.fr\/app\/uploads\/sites\/5\/2023\/08\/favicon-remiremontinfo.png","contentUrl":"https:\/\/vosgesinfo.fr\/app\/uploads\/sites\/5\/2023\/08\/favicon-remiremontinfo.png","width":512,"height":512,"caption":"Remiremont Info"},"image":{"@id":"https:\/\/vosgesinfo.fr\/remiremontinfo\/#\/schema\/logo\/image\/"},"sameAs":["https:\/\/www.facebook.com\/remiremontinfo","https:\/\/x.com\/VosgesInfo88","https:\/\/www.youtube.com\/@vosgesinfo"]},{"@type":"Person","@id":"https:\/\/vosgesinfo.fr\/remiremontinfo\/#\/schema\/person\/27a3695b06db98895b354c0765cdfc31","name":"La redaction","image":{"@type":"ImageObject","inLanguage":"fr-FR","@id":"https:\/\/vosgesinfo.fr\/remiremontinfo\/#\/schema\/person\/image\/","url":"https:\/\/secure.gravatar.com\/avatar\/64c76a78e501cedee55736f43f332df901e1896ae9cd8fad269ae2236dd0e8b6?s=96&d=mm&r=g","contentUrl":"https:\/\/secure.gravatar.com\/avatar\/64c76a78e501cedee55736f43f332df901e1896ae9cd8fad269ae2236dd0e8b6?s=96&d=mm&r=g","caption":"La redaction"},"url":"https:\/\/vosgesinfo.fr\/remiremontinfo\/author\/la-redaction\/"}]}},"_links":{"self":[{"href":"https:\/\/vosgesinfo.fr\/remiremontinfo\/wp-json\/wp\/v2\/posts\/26354","targetHints":{"allow":["GET"]}}],"collection":[{"href":"https:\/\/vosgesinfo.fr\/remiremontinfo\/wp-json\/wp\/v2\/posts"}],"about":[{"href":"https:\/\/vosgesinfo.fr\/remiremontinfo\/wp-json\/wp\/v2\/types\/post"}],"author":[{"embeddable":true,"href":"https:\/\/vosgesinfo.fr\/remiremontinfo\/wp-json\/wp\/v2\/users\/391"}],"replies":[{"embeddable":true,"href":"https:\/\/vosgesinfo.fr\/remiremontinfo\/wp-json\/wp\/v2\/comments?post=26354"}],"version-history":[{"count":0,"href":"https:\/\/vosgesinfo.fr\/remiremontinfo\/wp-json\/wp\/v2\/posts\/26354\/revisions"}],"wp:featuredmedia":[{"embeddable":true,"href":"https:\/\/vosgesinfo.fr\/remiremontinfo\/wp-json\/wp\/v2\/media\/26355"}],"wp:attachment":[{"href":"https:\/\/vosgesinfo.fr\/remiremontinfo\/wp-json\/wp\/v2\/media?parent=26354"}],"wp:term":[{"taxonomy":"category","embeddable":true,"href":"https:\/\/vosgesinfo.fr\/remiremontinfo\/wp-json\/wp\/v2\/categories?post=26354"},{"taxonomy":"post_tag","embeddable":true,"href":"https:\/\/vosgesinfo.fr\/remiremontinfo\/wp-json\/wp\/v2\/tags?post=26354"}],"curies":[{"name":"wp","href":"https:\/\/api.w.org\/{rel}","templated":true}]}}