{"id":26420,"date":"2020-03-26T07:51:46","date_gmt":"2020-03-26T06:51:46","guid":{"rendered":"https:\/\/vosgesinfo.fr\/remiremontinfo\/2020\/03\/saint-etienne-remiremont-6000-masques-distribues-commune\/"},"modified":"2020-03-26T07:51:46","modified_gmt":"2020-03-26T06:51:46","slug":"saint-etienne-remiremont-6000-masques-distribues-commune","status":"publish","type":"post","link":"https:\/\/vosgesinfo.fr\/remiremontinfo\/2020\/03\/saint-etienne-remiremont-6000-masques-distribues-commune\/","title":{"rendered":"Saint-Etienne-l\u00e8s-Remiremont : 6000 masques distribu\u00e9s par la commune"},"content":{"rendered":"\n<p>Une distribution de masques chirurgicaux a eu lieu hier et aujourd\u2019hui dans les locaux de la mairie o\u00f9 un sas de distribution a \u00e9t\u00e9 mis en place.<br \/>\nCes masques ont \u00e9t\u00e9 donn\u00e9s prioritairement aux personnes soignantes lib\u00e9rales du secteur en contact quotidien avec les malades, aux ambulanciers, \u00e0 l\u2019association L\u2019Abri , ainsi qu&rsquo;aux commer\u00e7ants st\u00e9phanois encore ouverts durant ce confinement.<br \/>\nSaluons l\u2019engagement solidaire et la g\u00e9n\u00e9rosit\u00e9 de l&rsquo;entreprise st\u00e9phanoise <a href=\"https:\/\/www.facebook.com\/RobeMaterielMedical\/?__tn__=K-R&amp;eid=ARChRgUNlFMVKGXSsmRhFyYE8UVZ-WMqGdt2MX6xH-XYkVRjzoJpyckIAOrr_CVGKGaum58XI-kyFMgf&amp;fref=mentions&amp;__xts__%5B0%5D=68.ARBWfHRCqfn1YqSNPSTgRTAG2qS3-wqKPOLYRJuCA_nr4gsTDkacO-687gPBycFKrBB1wQHA9jgSoJ2rFWbzfQrGgzoPpUtTKM45tQ-sDXm5s7CKCqivSabEcCzNNq8N2S-qcNXXksB8LAzq61rzjCeRVO9UIJ7ndO-0aTfkuTReXb0z-9WV4OtbYDRuEfsFxAXoUROxGx2QJQJH5qlEBuXh4-Hsqp-ld6B7kaIAmWsWM1mcz_S1Je3nIwFXAbROg09d4I5UJjmBuk_iL3Dw0oEFxxQUIGsZ-UmztdfPn3umFZ5fusBGtxJhrVX2tueakpKiMSoRMSx6bLC6HDTPbBo\">ROBE MATERIEL MEDICAL<\/a> et son directeur Antoine CHONION qui a fourni ces masques, ainsi que le personnel municipal qui a assur\u00e9 la logistique.<\/p>\n<p><a href=\"https:\/\/www.facebook.com\/ChristopheNaegelenVosges\/?__tn__=K-R&amp;eid=ARAYVgr1R18XfHE_nCsIDwSWOx2kSgsAIHPKMDq3M2-Nmp9khR5PScZ0aZ_3omILLsPa9p3PL9x10CYx&amp;fref=mentions&amp;__xts__%5B0%5D=68.ARBWfHRCqfn1YqSNPSTgRTAG2qS3-wqKPOLYRJuCA_nr4gsTDkacO-687gPBycFKrBB1wQHA9jgSoJ2rFWbzfQrGgzoPpUtTKM45tQ-sDXm5s7CKCqivSabEcCzNNq8N2S-qcNXXksB8LAzq61rzjCeRVO9UIJ7ndO-0aTfkuTReXb0z-9WV4OtbYDRuEfsFxAXoUROxGx2QJQJH5qlEBuXh4-Hsqp-ld6B7kaIAmWsWM1mcz_S1Je3nIwFXAbROg09d4I5UJjmBuk_iL3Dw0oEFxxQUIGsZ-UmztdfPn3umFZ5fusBGtxJhrVX2tueakpKiMSoRMSx6bLC6HDTPbBo\">Christophe Naegelen D\u00e9put\u00e9 des Vosges<\/a> s&rsquo;est pour sa part charg\u00e9 de distribuer des masques aux EHPAD et ADMR de la commune et de la circonscription.<\/p>\n","protected":false},"excerpt":{"rendered":"<p>Une distribution de masques chirurgicaux a eu lieu hier et aujourd\u2019hui dans les locaux de la mairie o\u00f9 un sas [&hellip;]<\/p>\n","protected":false},"author":39,"featured_media":26421,"comment_status":"open","ping_status":"open","sticky":false,"template":"","format":"standard","meta":{"footnotes":""},"categories":[26,35,155],"tags":[],"class_list":["post-26420","post","type-post","status-publish","format-standard","has-post-thumbnail","hentry","category-a-la-une","category-remiremont-son-canton","category-saint-etienne"],"acf":[],"yoast_head":"<!-- This site is optimized with the Yoast SEO plugin v22.5 - https:\/\/yoast.com\/wordpress\/plugins\/seo\/ -->\n<title>Saint-Etienne-l\u00e8s-Remiremont : 6000 masques distribu\u00e9s par la commune - Remiremont Info<\/title>\n<meta name=\"robots\" content=\"index, follow, max-snippet:-1, max-image-preview:large, max-video-preview:-1\" \/>\n<link rel=\"canonical\" href=\"https:\/\/vosgesinfo.fr\/remiremontinfo\/2020\/03\/saint-etienne-remiremont-6000-masques-distribues-commune\/\" \/>\n<meta name=\"twitter:card\" content=\"summary_large_image\" \/>\n<meta name=\"twitter:title\" content=\"Saint-Etienne-l\u00e8s-Remiremont : 6000 masques distribu\u00e9s par la commune - Remiremont Info\" \/>\n<meta name=\"twitter:description\" content=\"Une distribution de masques chirurgicaux a eu lieu hier et aujourd\u2019hui dans les locaux de la mairie o\u00f9 un sas [&hellip;]\" \/>\n<meta name=\"twitter:image\" content=\"https:\/\/vosgesinfo.fr\/app\/uploads\/sites\/5\/2024\/09\/2020031000.jpg\" \/>\n<meta name=\"twitter:creator\" content=\"@VosgesInfo88\" \/>\n<meta name=\"twitter:site\" content=\"@VosgesInfo88\" \/>\n<meta name=\"twitter:label1\" content=\"\u00c9crit par\" \/>\n\t<meta name=\"twitter:data1\" content=\"Phj\" \/>\n\t<meta name=\"twitter:label2\" content=\"Dur\u00e9e de lecture estim\u00e9e\" \/>\n\t<meta name=\"twitter:data2\" content=\"1 minute\" \/>\n<script type=\"application\/ld+json\" class=\"yoast-schema-graph\">{\"@context\":\"https:\/\/schema.org\",\"@graph\":[{\"@type\":\"Article\",\"@id\":\"https:\/\/vosgesinfo.fr\/remiremontinfo\/2020\/03\/saint-etienne-remiremont-6000-masques-distribues-commune\/#article\",\"isPartOf\":{\"@id\":\"https:\/\/vosgesinfo.fr\/remiremontinfo\/2020\/03\/saint-etienne-remiremont-6000-masques-distribues-commune\/\"},\"author\":{\"name\":\"Phj\",\"@id\":\"https:\/\/vosgesinfo.fr\/remiremontinfo\/#\/schema\/person\/4f57dc393faf2ac8b9f1cab30ad79250\"},\"headline\":\"Saint-Etienne-l\u00e8s-Remiremont : 6000 masques distribu\u00e9s par la commune\",\"datePublished\":\"2020-03-26T06:51:46+00:00\",\"dateModified\":\"2020-03-26T06:51:46+00:00\",\"mainEntityOfPage\":{\"@id\":\"https:\/\/vosgesinfo.fr\/remiremontinfo\/2020\/03\/saint-etienne-remiremont-6000-masques-distribues-commune\/\"},\"wordCount\":148,\"commentCount\":0,\"publisher\":{\"@id\":\"https:\/\/vosgesinfo.fr\/remiremontinfo\/#organization\"},\"image\":{\"@id\":\"https:\/\/vosgesinfo.fr\/remiremontinfo\/2020\/03\/saint-etienne-remiremont-6000-masques-distribues-commune\/#primaryimage\"},\"thumbnailUrl\":\"https:\/\/vosgesinfo.fr\/app\/uploads\/sites\/5\/2024\/09\/2020031000.jpg\",\"articleSection\":[\"A la Une\",\"Remiremont &amp; son canton\",\"Saint-Etienne\"],\"inLanguage\":\"fr-FR\",\"potentialAction\":[{\"@type\":\"CommentAction\",\"name\":\"Comment\",\"target\":[\"https:\/\/vosgesinfo.fr\/remiremontinfo\/2020\/03\/saint-etienne-remiremont-6000-masques-distribues-commune\/#respond\"]}]},{\"@type\":\"WebPage\",\"@id\":\"https:\/\/vosgesinfo.fr\/remiremontinfo\/2020\/03\/saint-etienne-remiremont-6000-masques-distribues-commune\/\",\"url\":\"https:\/\/vosgesinfo.fr\/remiremontinfo\/2020\/03\/saint-etienne-remiremont-6000-masques-distribues-commune\/\",\"name\":\"Saint-Etienne-l\u00e8s-Remiremont : 6000 masques distribu\u00e9s par la commune - Remiremont Info\",\"isPartOf\":{\"@id\":\"https:\/\/vosgesinfo.fr\/remiremontinfo\/#website\"},\"primaryImageOfPage\":{\"@id\":\"https:\/\/vosgesinfo.fr\/remiremontinfo\/2020\/03\/saint-etienne-remiremont-6000-masques-distribues-commune\/#primaryimage\"},\"image\":{\"@id\":\"https:\/\/vosgesinfo.fr\/remiremontinfo\/2020\/03\/saint-etienne-remiremont-6000-masques-distribues-commune\/#primaryimage\"},\"thumbnailUrl\":\"https:\/\/vosgesinfo.fr\/app\/uploads\/sites\/5\/2024\/09\/2020031000.jpg\",\"datePublished\":\"2020-03-26T06:51:46+00:00\",\"dateModified\":\"2020-03-26T06:51:46+00:00\",\"breadcrumb\":{\"@id\":\"https:\/\/vosgesinfo.fr\/remiremontinfo\/2020\/03\/saint-etienne-remiremont-6000-masques-distribues-commune\/#breadcrumb\"},\"inLanguage\":\"fr-FR\",\"potentialAction\":[{\"@type\":\"ReadAction\",\"target\":[\"https:\/\/vosgesinfo.fr\/remiremontinfo\/2020\/03\/saint-etienne-remiremont-6000-masques-distribues-commune\/\"]}]},{\"@type\":\"ImageObject\",\"inLanguage\":\"fr-FR\",\"@id\":\"https:\/\/vosgesinfo.fr\/remiremontinfo\/2020\/03\/saint-etienne-remiremont-6000-masques-distribues-commune\/#primaryimage\",\"url\":\"https:\/\/vosgesinfo.fr\/app\/uploads\/sites\/5\/2024\/09\/2020031000.jpg\",\"contentUrl\":\"https:\/\/vosgesinfo.fr\/app\/uploads\/sites\/5\/2024\/09\/2020031000.jpg\",\"width\":720,\"height\":960},{\"@type\":\"BreadcrumbList\",\"@id\":\"https:\/\/vosgesinfo.fr\/remiremontinfo\/2020\/03\/saint-etienne-remiremont-6000-masques-distribues-commune\/#breadcrumb\",\"itemListElement\":[{\"@type\":\"ListItem\",\"position\":1,\"name\":\"Home\",\"item\":\"https:\/\/vosgesinfo.fr\/remiremontinfo\/\"},{\"@type\":\"ListItem\",\"position\":2,\"name\":\"Saint-Etienne-l\u00e8s-Remiremont : 6000 masques distribu\u00e9s par la commune\"}]},{\"@type\":\"WebSite\",\"@id\":\"https:\/\/vosgesinfo.fr\/remiremontinfo\/#website\",\"url\":\"https:\/\/vosgesinfo.fr\/remiremontinfo\/\",\"name\":\"Remiremont Info\",\"description\":\"Toute l&#039;actualit\u00e9 de Remiremont\",\"publisher\":{\"@id\":\"https:\/\/vosgesinfo.fr\/remiremontinfo\/#organization\"},\"alternateName\":\"Toute l'actualit\u00e9 de Remiremont\",\"potentialAction\":[{\"@type\":\"SearchAction\",\"target\":{\"@type\":\"EntryPoint\",\"urlTemplate\":\"https:\/\/vosgesinfo.fr\/remiremontinfo\/?s={search_term_string}\"},\"query-input\":\"required name=search_term_string\"}],\"inLanguage\":\"fr-FR\"},{\"@type\":\"Organization\",\"@id\":\"https:\/\/vosgesinfo.fr\/remiremontinfo\/#organization\",\"name\":\"Remiremont Info\",\"url\":\"https:\/\/vosgesinfo.fr\/remiremontinfo\/\",\"logo\":{\"@type\":\"ImageObject\",\"inLanguage\":\"fr-FR\",\"@id\":\"https:\/\/vosgesinfo.fr\/remiremontinfo\/#\/schema\/logo\/image\/\",\"url\":\"https:\/\/vosgesinfo.fr\/app\/uploads\/sites\/5\/2023\/08\/favicon-remiremontinfo.png\",\"contentUrl\":\"https:\/\/vosgesinfo.fr\/app\/uploads\/sites\/5\/2023\/08\/favicon-remiremontinfo.png\",\"width\":512,\"height\":512,\"caption\":\"Remiremont Info\"},\"image\":{\"@id\":\"https:\/\/vosgesinfo.fr\/remiremontinfo\/#\/schema\/logo\/image\/\"},\"sameAs\":[\"https:\/\/www.facebook.com\/remiremontinfo\",\"https:\/\/x.com\/VosgesInfo88\",\"https:\/\/www.youtube.com\/@vosgesinfo\"]},{\"@type\":\"Person\",\"@id\":\"https:\/\/vosgesinfo.fr\/remiremontinfo\/#\/schema\/person\/4f57dc393faf2ac8b9f1cab30ad79250\",\"name\":\"Phj\",\"image\":{\"@type\":\"ImageObject\",\"inLanguage\":\"fr-FR\",\"@id\":\"https:\/\/vosgesinfo.fr\/remiremontinfo\/#\/schema\/person\/image\/\",\"url\":\"https:\/\/secure.gravatar.com\/avatar\/ada60265080fb9a89c9809bf0abb1f448a128cb85db1c08905baa5038fbe3cfe?s=96&d=mm&r=g\",\"contentUrl\":\"https:\/\/secure.gravatar.com\/avatar\/ada60265080fb9a89c9809bf0abb1f448a128cb85db1c08905baa5038fbe3cfe?s=96&d=mm&r=g\",\"caption\":\"Phj\"},\"url\":\"https:\/\/vosgesinfo.fr\/remiremontinfo\/author\/phj\/\"}]}<\/script>\n<!-- \/ Yoast SEO plugin. -->","yoast_head_json":{"title":"Saint-Etienne-l\u00e8s-Remiremont : 6000 masques distribu\u00e9s par la commune - Remiremont Info","robots":{"index":"index","follow":"follow","max-snippet":"max-snippet:-1","max-image-preview":"max-image-preview:large","max-video-preview":"max-video-preview:-1"},"canonical":"https:\/\/vosgesinfo.fr\/remiremontinfo\/2020\/03\/saint-etienne-remiremont-6000-masques-distribues-commune\/","twitter_card":"summary_large_image","twitter_title":"Saint-Etienne-l\u00e8s-Remiremont : 6000 masques distribu\u00e9s par la commune - Remiremont Info","twitter_description":"Une distribution de masques chirurgicaux a eu lieu hier et aujourd\u2019hui dans les locaux de la mairie o\u00f9 un sas [&hellip;]","twitter_image":"https:\/\/vosgesinfo.fr\/app\/uploads\/sites\/5\/2024\/09\/2020031000.jpg","twitter_creator":"@VosgesInfo88","twitter_site":"@VosgesInfo88","twitter_misc":{"\u00c9crit par":"Phj","Dur\u00e9e de lecture estim\u00e9e":"1 minute"},"schema":{"@context":"https:\/\/schema.org","@graph":[{"@type":"Article","@id":"https:\/\/vosgesinfo.fr\/remiremontinfo\/2020\/03\/saint-etienne-remiremont-6000-masques-distribues-commune\/#article","isPartOf":{"@id":"https:\/\/vosgesinfo.fr\/remiremontinfo\/2020\/03\/saint-etienne-remiremont-6000-masques-distribues-commune\/"},"author":{"name":"Phj","@id":"https:\/\/vosgesinfo.fr\/remiremontinfo\/#\/schema\/person\/4f57dc393faf2ac8b9f1cab30ad79250"},"headline":"Saint-Etienne-l\u00e8s-Remiremont : 6000 masques distribu\u00e9s par la commune","datePublished":"2020-03-26T06:51:46+00:00","dateModified":"2020-03-26T06:51:46+00:00","mainEntityOfPage":{"@id":"https:\/\/vosgesinfo.fr\/remiremontinfo\/2020\/03\/saint-etienne-remiremont-6000-masques-distribues-commune\/"},"wordCount":148,"commentCount":0,"publisher":{"@id":"https:\/\/vosgesinfo.fr\/remiremontinfo\/#organization"},"image":{"@id":"https:\/\/vosgesinfo.fr\/remiremontinfo\/2020\/03\/saint-etienne-remiremont-6000-masques-distribues-commune\/#primaryimage"},"thumbnailUrl":"https:\/\/vosgesinfo.fr\/app\/uploads\/sites\/5\/2024\/09\/2020031000.jpg","articleSection":["A la Une","Remiremont &amp; son canton","Saint-Etienne"],"inLanguage":"fr-FR","potentialAction":[{"@type":"CommentAction","name":"Comment","target":["https:\/\/vosgesinfo.fr\/remiremontinfo\/2020\/03\/saint-etienne-remiremont-6000-masques-distribues-commune\/#respond"]}]},{"@type":"WebPage","@id":"https:\/\/vosgesinfo.fr\/remiremontinfo\/2020\/03\/saint-etienne-remiremont-6000-masques-distribues-commune\/","url":"https:\/\/vosgesinfo.fr\/remiremontinfo\/2020\/03\/saint-etienne-remiremont-6000-masques-distribues-commune\/","name":"Saint-Etienne-l\u00e8s-Remiremont : 6000 masques distribu\u00e9s par la commune - Remiremont Info","isPartOf":{"@id":"https:\/\/vosgesinfo.fr\/remiremontinfo\/#website"},"primaryImageOfPage":{"@id":"https:\/\/vosgesinfo.fr\/remiremontinfo\/2020\/03\/saint-etienne-remiremont-6000-masques-distribues-commune\/#primaryimage"},"image":{"@id":"https:\/\/vosgesinfo.fr\/remiremontinfo\/2020\/03\/saint-etienne-remiremont-6000-masques-distribues-commune\/#primaryimage"},"thumbnailUrl":"https:\/\/vosgesinfo.fr\/app\/uploads\/sites\/5\/2024\/09\/2020031000.jpg","datePublished":"2020-03-26T06:51:46+00:00","dateModified":"2020-03-26T06:51:46+00:00","breadcrumb":{"@id":"https:\/\/vosgesinfo.fr\/remiremontinfo\/2020\/03\/saint-etienne-remiremont-6000-masques-distribues-commune\/#breadcrumb"},"inLanguage":"fr-FR","potentialAction":[{"@type":"ReadAction","target":["https:\/\/vosgesinfo.fr\/remiremontinfo\/2020\/03\/saint-etienne-remiremont-6000-masques-distribues-commune\/"]}]},{"@type":"ImageObject","inLanguage":"fr-FR","@id":"https:\/\/vosgesinfo.fr\/remiremontinfo\/2020\/03\/saint-etienne-remiremont-6000-masques-distribues-commune\/#primaryimage","url":"https:\/\/vosgesinfo.fr\/app\/uploads\/sites\/5\/2024\/09\/2020031000.jpg","contentUrl":"https:\/\/vosgesinfo.fr\/app\/uploads\/sites\/5\/2024\/09\/2020031000.jpg","width":720,"height":960},{"@type":"BreadcrumbList","@id":"https:\/\/vosgesinfo.fr\/remiremontinfo\/2020\/03\/saint-etienne-remiremont-6000-masques-distribues-commune\/#breadcrumb","itemListElement":[{"@type":"ListItem","position":1,"name":"Home","item":"https:\/\/vosgesinfo.fr\/remiremontinfo\/"},{"@type":"ListItem","position":2,"name":"Saint-Etienne-l\u00e8s-Remiremont : 6000 masques distribu\u00e9s par la commune"}]},{"@type":"WebSite","@id":"https:\/\/vosgesinfo.fr\/remiremontinfo\/#website","url":"https:\/\/vosgesinfo.fr\/remiremontinfo\/","name":"Remiremont Info","description":"Toute l&#039;actualit\u00e9 de Remiremont","publisher":{"@id":"https:\/\/vosgesinfo.fr\/remiremontinfo\/#organization"},"alternateName":"Toute l'actualit\u00e9 de Remiremont","potentialAction":[{"@type":"SearchAction","target":{"@type":"EntryPoint","urlTemplate":"https:\/\/vosgesinfo.fr\/remiremontinfo\/?s={search_term_string}"},"query-input":"required name=search_term_string"}],"inLanguage":"fr-FR"},{"@type":"Organization","@id":"https:\/\/vosgesinfo.fr\/remiremontinfo\/#organization","name":"Remiremont Info","url":"https:\/\/vosgesinfo.fr\/remiremontinfo\/","logo":{"@type":"ImageObject","inLanguage":"fr-FR","@id":"https:\/\/vosgesinfo.fr\/remiremontinfo\/#\/schema\/logo\/image\/","url":"https:\/\/vosgesinfo.fr\/app\/uploads\/sites\/5\/2023\/08\/favicon-remiremontinfo.png","contentUrl":"https:\/\/vosgesinfo.fr\/app\/uploads\/sites\/5\/2023\/08\/favicon-remiremontinfo.png","width":512,"height":512,"caption":"Remiremont Info"},"image":{"@id":"https:\/\/vosgesinfo.fr\/remiremontinfo\/#\/schema\/logo\/image\/"},"sameAs":["https:\/\/www.facebook.com\/remiremontinfo","https:\/\/x.com\/VosgesInfo88","https:\/\/www.youtube.com\/@vosgesinfo"]},{"@type":"Person","@id":"https:\/\/vosgesinfo.fr\/remiremontinfo\/#\/schema\/person\/4f57dc393faf2ac8b9f1cab30ad79250","name":"Phj","image":{"@type":"ImageObject","inLanguage":"fr-FR","@id":"https:\/\/vosgesinfo.fr\/remiremontinfo\/#\/schema\/person\/image\/","url":"https:\/\/secure.gravatar.com\/avatar\/ada60265080fb9a89c9809bf0abb1f448a128cb85db1c08905baa5038fbe3cfe?s=96&d=mm&r=g","contentUrl":"https:\/\/secure.gravatar.com\/avatar\/ada60265080fb9a89c9809bf0abb1f448a128cb85db1c08905baa5038fbe3cfe?s=96&d=mm&r=g","caption":"Phj"},"url":"https:\/\/vosgesinfo.fr\/remiremontinfo\/author\/phj\/"}]}},"_links":{"self":[{"href":"https:\/\/vosgesinfo.fr\/remiremontinfo\/wp-json\/wp\/v2\/posts\/26420","targetHints":{"allow":["GET"]}}],"collection":[{"href":"https:\/\/vosgesinfo.fr\/remiremontinfo\/wp-json\/wp\/v2\/posts"}],"about":[{"href":"https:\/\/vosgesinfo.fr\/remiremontinfo\/wp-json\/wp\/v2\/types\/post"}],"author":[{"embeddable":true,"href":"https:\/\/vosgesinfo.fr\/remiremontinfo\/wp-json\/wp\/v2\/users\/39"}],"replies":[{"embeddable":true,"href":"https:\/\/vosgesinfo.fr\/remiremontinfo\/wp-json\/wp\/v2\/comments?post=26420"}],"version-history":[{"count":0,"href":"https:\/\/vosgesinfo.fr\/remiremontinfo\/wp-json\/wp\/v2\/posts\/26420\/revisions"}],"wp:featuredmedia":[{"embeddable":true,"href":"https:\/\/vosgesinfo.fr\/remiremontinfo\/wp-json\/wp\/v2\/media\/26421"}],"wp:attachment":[{"href":"https:\/\/vosgesinfo.fr\/remiremontinfo\/wp-json\/wp\/v2\/media?parent=26420"}],"wp:term":[{"taxonomy":"category","embeddable":true,"href":"https:\/\/vosgesinfo.fr\/remiremontinfo\/wp-json\/wp\/v2\/categories?post=26420"},{"taxonomy":"post_tag","embeddable":true,"href":"https:\/\/vosgesinfo.fr\/remiremontinfo\/wp-json\/wp\/v2\/tags?post=26420"}],"curies":[{"name":"wp","href":"https:\/\/api.w.org\/{rel}","templated":true}]}}