{"id":26427,"date":"2020-03-26T17:46:17","date_gmt":"2020-03-26T16:46:17","guid":{"rendered":"https:\/\/vosgesinfo.fr\/remiremontinfo\/2020\/03\/covid-19-eleves-infirmiers-aides-soignants-fortement-mobilises\/"},"modified":"2020-03-26T17:46:17","modified_gmt":"2020-03-26T16:46:17","slug":"covid-19-eleves-infirmiers-aides-soignants-fortement-mobilises","status":"publish","type":"post","link":"https:\/\/vosgesinfo.fr\/remiremontinfo\/2020\/03\/covid-19-eleves-infirmiers-aides-soignants-fortement-mobilises\/","title":{"rendered":"Covid 19 &#8211; les \u00e9l\u00e8ves infirmiers et aides-soignants fortement mobilis\u00e9s"},"content":{"rendered":"<p><a href=\"https:\/\/remiremontinfo.fr\/2020\/03\/covid-19-eleves-infirmiers-aides-soignants-fortement-mobilises\/soutien-aux-eleves-infirmiers-et-aides-soignants\/\" rel=\"attachment wp-att-284885\"><img decoding=\"async\" class=\"alignright size-medium wp-image-284885\" src=\"\/2020\/03\/soutien-aux-eleves-infirmiers-et-aides-soignants-340x255.jpg\" alt=\"soutien-aux-eleves-infirmiers-et-aides-soignants\" width=\"340\" height=\"255\" \/><\/a>Reconnaissance pour les \u00e9l\u00e8ves infirmiers et aides-soignants fortement mobilis\u00e9s au sein des \u00e9quipes soignantes<br \/>\ngr\u00e2ce \u00e0 la R\u00e9gion Grand Est, l\u2019ARS Grand Est<br \/>\net le Minist\u00e8re du Travail<br \/>\nFace \u00e0 la situation d\u2019urgence sanitaire dans le Grand Est, la R\u00e9gion Grand Est et l\u2019Agence R\u00e9gionale de Sant\u00e9 Grand Est ont d\u00e9cid\u00e9 de valoriser la mobilisation exceptionnelle des \u00e9l\u00e8ves infirmiers et \u00e9l\u00e8ves aides-soignants des instituts de formations aux c\u00f4t\u00e9s des professionnels de sant\u00e9 dans le soutien aux patients.<br \/>\nAvec l\u2019accord du Minist\u00e8re du Travail, ce sont 11 millions d\u2019euros qui ont \u00e9t\u00e9 d\u00e9bloqu\u00e9s par la R\u00e9gion Grand Est d\u00e8s ce jeudi 26 mars 2020, via des fonds du plan d\u2019investissements dans les comp\u00e9tences (PIC)1, pour indemniser ces stagiaires.<br \/>\nAinsi, durant cette p\u00e9riode de crise, les \u00e9l\u00e8ves infirmiers percevront 1 400 euros par mois et les \u00e9l\u00e8ves aides-soignants 1 000 euros par mois, sachant qu\u2019habituellement, les \u00e9l\u00e8ves infirmiers b\u00e9n\u00e9ficient d\u2019une indemnit\u00e9 comprise entre 112 et 200 euros et les \u00e9l\u00e8ves aides-soignants, d\u2019aucune indemnit\u00e9.<br \/>\n6 600 \u00e9l\u00e8ves-infirmiers et 1 600 \u00e9l\u00e8ves aides-soignants en formation au sein de notre r\u00e9gion sont d&rsquo;ores et d\u00e9j\u00e0 mobilis\u00e9s sur tout le territoire pour aider les professionnels de sant\u00e9.<br \/>\nL\u2019ARS Grand Est a organis\u00e9, avec la R\u00e9gion Grand Est, les directeurs des instituts de formation en sant\u00e9, les facult\u00e9s en sant\u00e9 et les repr\u00e9sentants des \u00e9tudiants, la r\u00e9partition de ces \u00e9tudiants dans les structures de soins.<br \/>\nSoutien indispensable au sein des \u00e9quipes soignantes, ces stagiaires travaillent bien entendu dans le respect de leurs comp\u00e9tences et de leur statut \u00e9tudiant, dans le respect des r\u00e8gles de s\u00e9curit\u00e9 sanitaire et dans le respect d\u2019un rythme de travail raisonnable et conforme \u00e0 la r\u00e9glementation.<br \/>\n* * *<br \/>\nInformations pratiques pour les stagiaires :<br \/>\nLes apprenants qui sont d\u00e9j\u00e0 en stage valid\u00e9 par leur Institut de formation et l\u2019ARS n\u2019ont pas de d\u00e9marche \u00e0 faire.<br \/>\nLes apprenants qui ne sont pas encore en stage sont invit\u00e9s \u00e0 se porter volontaire sur la plateforme de volontariat suivante pour valider la mise en stage :<br \/>\nhttps:\/\/solen3.enquetes.social.gouv.fr\/cgi-7\/HE\/SF?P=2270z70z11z-1z-1zD963FB7C99<br \/>\nPour toute information compl\u00e9mentaire : ars-grandest-rh-en-sante@ars.sante.fr et fss@grandest.fr<\/p>\n<p>Le plan d&rsquo;investissement dans les comp\u00e9tences (PIC) est destin\u00e9 \u00e0 la formation d&rsquo;un million de demandeurs d&#8217;emploi peu qualifi\u00e9s et d&rsquo;un million de jeunes d\u00e9crocheurs<\/p>\n","protected":false},"excerpt":{"rendered":"<p>Reconnaissance pour les \u00e9l\u00e8ves infirmiers et aides-soignants fortement mobilis\u00e9s au sein des \u00e9quipes soignantes gr\u00e2ce \u00e0 la R\u00e9gion Grand Est, [&hellip;]<\/p>\n","protected":false},"author":39,"featured_media":26428,"comment_status":"open","ping_status":"open","sticky":false,"template":"","format":"standard","meta":{"footnotes":""},"categories":[26,18],"tags":[],"class_list":["post-26427","post","type-post","status-publish","format-standard","has-post-thumbnail","hentry","category-a-la-une","category-vosges"],"acf":[],"yoast_head":"<!-- This site is optimized with the Yoast SEO plugin v22.5 - https:\/\/yoast.com\/wordpress\/plugins\/seo\/ -->\n<title>Covid 19 - les \u00e9l\u00e8ves infirmiers et aides-soignants fortement mobilis\u00e9s - Remiremont Info<\/title>\n<meta name=\"robots\" content=\"index, follow, max-snippet:-1, max-image-preview:large, max-video-preview:-1\" \/>\n<link rel=\"canonical\" href=\"https:\/\/vosgesinfo.fr\/remiremontinfo\/2020\/03\/covid-19-eleves-infirmiers-aides-soignants-fortement-mobilises\/\" \/>\n<meta name=\"twitter:card\" content=\"summary_large_image\" \/>\n<meta name=\"twitter:title\" content=\"Covid 19 - les \u00e9l\u00e8ves infirmiers et aides-soignants fortement mobilis\u00e9s - Remiremont Info\" \/>\n<meta name=\"twitter:description\" content=\"Reconnaissance pour les \u00e9l\u00e8ves infirmiers et aides-soignants fortement mobilis\u00e9s au sein des \u00e9quipes soignantes gr\u00e2ce \u00e0 la R\u00e9gion Grand Est, [&hellip;]\" \/>\n<meta name=\"twitter:image\" content=\"https:\/\/vosgesinfo.fr\/app\/uploads\/sites\/5\/2024\/09\/202003soutien-aux-eleves-infirmiers-et-aides-soignants.jpg\" \/>\n<meta name=\"twitter:creator\" content=\"@VosgesInfo88\" \/>\n<meta name=\"twitter:site\" content=\"@VosgesInfo88\" \/>\n<meta name=\"twitter:label1\" content=\"\u00c9crit par\" \/>\n\t<meta name=\"twitter:data1\" content=\"Phj\" \/>\n\t<meta name=\"twitter:label2\" content=\"Dur\u00e9e de lecture estim\u00e9e\" \/>\n\t<meta name=\"twitter:data2\" content=\"2 minutes\" \/>\n<script type=\"application\/ld+json\" class=\"yoast-schema-graph\">{\"@context\":\"https:\/\/schema.org\",\"@graph\":[{\"@type\":\"Article\",\"@id\":\"https:\/\/vosgesinfo.fr\/remiremontinfo\/2020\/03\/covid-19-eleves-infirmiers-aides-soignants-fortement-mobilises\/#article\",\"isPartOf\":{\"@id\":\"https:\/\/vosgesinfo.fr\/remiremontinfo\/2020\/03\/covid-19-eleves-infirmiers-aides-soignants-fortement-mobilises\/\"},\"author\":{\"name\":\"Phj\",\"@id\":\"https:\/\/vosgesinfo.fr\/remiremontinfo\/#\/schema\/person\/4f57dc393faf2ac8b9f1cab30ad79250\"},\"headline\":\"Covid 19 &#8211; les \u00e9l\u00e8ves infirmiers et aides-soignants fortement mobilis\u00e9s\",\"datePublished\":\"2020-03-26T16:46:17+00:00\",\"dateModified\":\"2020-03-26T16:46:17+00:00\",\"mainEntityOfPage\":{\"@id\":\"https:\/\/vosgesinfo.fr\/remiremontinfo\/2020\/03\/covid-19-eleves-infirmiers-aides-soignants-fortement-mobilises\/\"},\"wordCount\":435,\"commentCount\":0,\"publisher\":{\"@id\":\"https:\/\/vosgesinfo.fr\/remiremontinfo\/#organization\"},\"image\":{\"@id\":\"https:\/\/vosgesinfo.fr\/remiremontinfo\/2020\/03\/covid-19-eleves-infirmiers-aides-soignants-fortement-mobilises\/#primaryimage\"},\"thumbnailUrl\":\"https:\/\/vosgesinfo.fr\/app\/uploads\/sites\/5\/2024\/09\/202003soutien-aux-eleves-infirmiers-et-aides-soignants.jpg\",\"articleSection\":[\"A la Une\",\"Vosges\"],\"inLanguage\":\"fr-FR\",\"potentialAction\":[{\"@type\":\"CommentAction\",\"name\":\"Comment\",\"target\":[\"https:\/\/vosgesinfo.fr\/remiremontinfo\/2020\/03\/covid-19-eleves-infirmiers-aides-soignants-fortement-mobilises\/#respond\"]}]},{\"@type\":\"WebPage\",\"@id\":\"https:\/\/vosgesinfo.fr\/remiremontinfo\/2020\/03\/covid-19-eleves-infirmiers-aides-soignants-fortement-mobilises\/\",\"url\":\"https:\/\/vosgesinfo.fr\/remiremontinfo\/2020\/03\/covid-19-eleves-infirmiers-aides-soignants-fortement-mobilises\/\",\"name\":\"Covid 19 - les \u00e9l\u00e8ves infirmiers et aides-soignants fortement mobilis\u00e9s - Remiremont Info\",\"isPartOf\":{\"@id\":\"https:\/\/vosgesinfo.fr\/remiremontinfo\/#website\"},\"primaryImageOfPage\":{\"@id\":\"https:\/\/vosgesinfo.fr\/remiremontinfo\/2020\/03\/covid-19-eleves-infirmiers-aides-soignants-fortement-mobilises\/#primaryimage\"},\"image\":{\"@id\":\"https:\/\/vosgesinfo.fr\/remiremontinfo\/2020\/03\/covid-19-eleves-infirmiers-aides-soignants-fortement-mobilises\/#primaryimage\"},\"thumbnailUrl\":\"https:\/\/vosgesinfo.fr\/app\/uploads\/sites\/5\/2024\/09\/202003soutien-aux-eleves-infirmiers-et-aides-soignants.jpg\",\"datePublished\":\"2020-03-26T16:46:17+00:00\",\"dateModified\":\"2020-03-26T16:46:17+00:00\",\"breadcrumb\":{\"@id\":\"https:\/\/vosgesinfo.fr\/remiremontinfo\/2020\/03\/covid-19-eleves-infirmiers-aides-soignants-fortement-mobilises\/#breadcrumb\"},\"inLanguage\":\"fr-FR\",\"potentialAction\":[{\"@type\":\"ReadAction\",\"target\":[\"https:\/\/vosgesinfo.fr\/remiremontinfo\/2020\/03\/covid-19-eleves-infirmiers-aides-soignants-fortement-mobilises\/\"]}]},{\"@type\":\"ImageObject\",\"inLanguage\":\"fr-FR\",\"@id\":\"https:\/\/vosgesinfo.fr\/remiremontinfo\/2020\/03\/covid-19-eleves-infirmiers-aides-soignants-fortement-mobilises\/#primaryimage\",\"url\":\"https:\/\/vosgesinfo.fr\/app\/uploads\/sites\/5\/2024\/09\/202003soutien-aux-eleves-infirmiers-et-aides-soignants.jpg\",\"contentUrl\":\"https:\/\/vosgesinfo.fr\/app\/uploads\/sites\/5\/2024\/09\/202003soutien-aux-eleves-infirmiers-et-aides-soignants.jpg\",\"width\":1024,\"height\":768},{\"@type\":\"BreadcrumbList\",\"@id\":\"https:\/\/vosgesinfo.fr\/remiremontinfo\/2020\/03\/covid-19-eleves-infirmiers-aides-soignants-fortement-mobilises\/#breadcrumb\",\"itemListElement\":[{\"@type\":\"ListItem\",\"position\":1,\"name\":\"Home\",\"item\":\"https:\/\/vosgesinfo.fr\/remiremontinfo\/\"},{\"@type\":\"ListItem\",\"position\":2,\"name\":\"Covid 19 &#8211; les \u00e9l\u00e8ves infirmiers et aides-soignants fortement mobilis\u00e9s\"}]},{\"@type\":\"WebSite\",\"@id\":\"https:\/\/vosgesinfo.fr\/remiremontinfo\/#website\",\"url\":\"https:\/\/vosgesinfo.fr\/remiremontinfo\/\",\"name\":\"Remiremont Info\",\"description\":\"Toute l&#039;actualit\u00e9 de Remiremont\",\"publisher\":{\"@id\":\"https:\/\/vosgesinfo.fr\/remiremontinfo\/#organization\"},\"alternateName\":\"Toute l'actualit\u00e9 de Remiremont\",\"potentialAction\":[{\"@type\":\"SearchAction\",\"target\":{\"@type\":\"EntryPoint\",\"urlTemplate\":\"https:\/\/vosgesinfo.fr\/remiremontinfo\/?s={search_term_string}\"},\"query-input\":\"required name=search_term_string\"}],\"inLanguage\":\"fr-FR\"},{\"@type\":\"Organization\",\"@id\":\"https:\/\/vosgesinfo.fr\/remiremontinfo\/#organization\",\"name\":\"Remiremont Info\",\"url\":\"https:\/\/vosgesinfo.fr\/remiremontinfo\/\",\"logo\":{\"@type\":\"ImageObject\",\"inLanguage\":\"fr-FR\",\"@id\":\"https:\/\/vosgesinfo.fr\/remiremontinfo\/#\/schema\/logo\/image\/\",\"url\":\"https:\/\/vosgesinfo.fr\/app\/uploads\/sites\/5\/2023\/08\/favicon-remiremontinfo.png\",\"contentUrl\":\"https:\/\/vosgesinfo.fr\/app\/uploads\/sites\/5\/2023\/08\/favicon-remiremontinfo.png\",\"width\":512,\"height\":512,\"caption\":\"Remiremont Info\"},\"image\":{\"@id\":\"https:\/\/vosgesinfo.fr\/remiremontinfo\/#\/schema\/logo\/image\/\"},\"sameAs\":[\"https:\/\/www.facebook.com\/remiremontinfo\",\"https:\/\/x.com\/VosgesInfo88\",\"https:\/\/www.youtube.com\/@vosgesinfo\"]},{\"@type\":\"Person\",\"@id\":\"https:\/\/vosgesinfo.fr\/remiremontinfo\/#\/schema\/person\/4f57dc393faf2ac8b9f1cab30ad79250\",\"name\":\"Phj\",\"image\":{\"@type\":\"ImageObject\",\"inLanguage\":\"fr-FR\",\"@id\":\"https:\/\/vosgesinfo.fr\/remiremontinfo\/#\/schema\/person\/image\/\",\"url\":\"https:\/\/secure.gravatar.com\/avatar\/ada60265080fb9a89c9809bf0abb1f448a128cb85db1c08905baa5038fbe3cfe?s=96&d=mm&r=g\",\"contentUrl\":\"https:\/\/secure.gravatar.com\/avatar\/ada60265080fb9a89c9809bf0abb1f448a128cb85db1c08905baa5038fbe3cfe?s=96&d=mm&r=g\",\"caption\":\"Phj\"},\"url\":\"https:\/\/vosgesinfo.fr\/remiremontinfo\/author\/phj\/\"}]}<\/script>\n<!-- \/ Yoast SEO plugin. -->","yoast_head_json":{"title":"Covid 19 - les \u00e9l\u00e8ves infirmiers et aides-soignants fortement mobilis\u00e9s - Remiremont Info","robots":{"index":"index","follow":"follow","max-snippet":"max-snippet:-1","max-image-preview":"max-image-preview:large","max-video-preview":"max-video-preview:-1"},"canonical":"https:\/\/vosgesinfo.fr\/remiremontinfo\/2020\/03\/covid-19-eleves-infirmiers-aides-soignants-fortement-mobilises\/","twitter_card":"summary_large_image","twitter_title":"Covid 19 - les \u00e9l\u00e8ves infirmiers et aides-soignants fortement mobilis\u00e9s - Remiremont Info","twitter_description":"Reconnaissance pour les \u00e9l\u00e8ves infirmiers et aides-soignants fortement mobilis\u00e9s au sein des \u00e9quipes soignantes gr\u00e2ce \u00e0 la R\u00e9gion Grand Est, [&hellip;]","twitter_image":"https:\/\/vosgesinfo.fr\/app\/uploads\/sites\/5\/2024\/09\/202003soutien-aux-eleves-infirmiers-et-aides-soignants.jpg","twitter_creator":"@VosgesInfo88","twitter_site":"@VosgesInfo88","twitter_misc":{"\u00c9crit par":"Phj","Dur\u00e9e de lecture estim\u00e9e":"2 minutes"},"schema":{"@context":"https:\/\/schema.org","@graph":[{"@type":"Article","@id":"https:\/\/vosgesinfo.fr\/remiremontinfo\/2020\/03\/covid-19-eleves-infirmiers-aides-soignants-fortement-mobilises\/#article","isPartOf":{"@id":"https:\/\/vosgesinfo.fr\/remiremontinfo\/2020\/03\/covid-19-eleves-infirmiers-aides-soignants-fortement-mobilises\/"},"author":{"name":"Phj","@id":"https:\/\/vosgesinfo.fr\/remiremontinfo\/#\/schema\/person\/4f57dc393faf2ac8b9f1cab30ad79250"},"headline":"Covid 19 &#8211; les \u00e9l\u00e8ves infirmiers et aides-soignants fortement mobilis\u00e9s","datePublished":"2020-03-26T16:46:17+00:00","dateModified":"2020-03-26T16:46:17+00:00","mainEntityOfPage":{"@id":"https:\/\/vosgesinfo.fr\/remiremontinfo\/2020\/03\/covid-19-eleves-infirmiers-aides-soignants-fortement-mobilises\/"},"wordCount":435,"commentCount":0,"publisher":{"@id":"https:\/\/vosgesinfo.fr\/remiremontinfo\/#organization"},"image":{"@id":"https:\/\/vosgesinfo.fr\/remiremontinfo\/2020\/03\/covid-19-eleves-infirmiers-aides-soignants-fortement-mobilises\/#primaryimage"},"thumbnailUrl":"https:\/\/vosgesinfo.fr\/app\/uploads\/sites\/5\/2024\/09\/202003soutien-aux-eleves-infirmiers-et-aides-soignants.jpg","articleSection":["A la Une","Vosges"],"inLanguage":"fr-FR","potentialAction":[{"@type":"CommentAction","name":"Comment","target":["https:\/\/vosgesinfo.fr\/remiremontinfo\/2020\/03\/covid-19-eleves-infirmiers-aides-soignants-fortement-mobilises\/#respond"]}]},{"@type":"WebPage","@id":"https:\/\/vosgesinfo.fr\/remiremontinfo\/2020\/03\/covid-19-eleves-infirmiers-aides-soignants-fortement-mobilises\/","url":"https:\/\/vosgesinfo.fr\/remiremontinfo\/2020\/03\/covid-19-eleves-infirmiers-aides-soignants-fortement-mobilises\/","name":"Covid 19 - les \u00e9l\u00e8ves infirmiers et aides-soignants fortement mobilis\u00e9s - Remiremont Info","isPartOf":{"@id":"https:\/\/vosgesinfo.fr\/remiremontinfo\/#website"},"primaryImageOfPage":{"@id":"https:\/\/vosgesinfo.fr\/remiremontinfo\/2020\/03\/covid-19-eleves-infirmiers-aides-soignants-fortement-mobilises\/#primaryimage"},"image":{"@id":"https:\/\/vosgesinfo.fr\/remiremontinfo\/2020\/03\/covid-19-eleves-infirmiers-aides-soignants-fortement-mobilises\/#primaryimage"},"thumbnailUrl":"https:\/\/vosgesinfo.fr\/app\/uploads\/sites\/5\/2024\/09\/202003soutien-aux-eleves-infirmiers-et-aides-soignants.jpg","datePublished":"2020-03-26T16:46:17+00:00","dateModified":"2020-03-26T16:46:17+00:00","breadcrumb":{"@id":"https:\/\/vosgesinfo.fr\/remiremontinfo\/2020\/03\/covid-19-eleves-infirmiers-aides-soignants-fortement-mobilises\/#breadcrumb"},"inLanguage":"fr-FR","potentialAction":[{"@type":"ReadAction","target":["https:\/\/vosgesinfo.fr\/remiremontinfo\/2020\/03\/covid-19-eleves-infirmiers-aides-soignants-fortement-mobilises\/"]}]},{"@type":"ImageObject","inLanguage":"fr-FR","@id":"https:\/\/vosgesinfo.fr\/remiremontinfo\/2020\/03\/covid-19-eleves-infirmiers-aides-soignants-fortement-mobilises\/#primaryimage","url":"https:\/\/vosgesinfo.fr\/app\/uploads\/sites\/5\/2024\/09\/202003soutien-aux-eleves-infirmiers-et-aides-soignants.jpg","contentUrl":"https:\/\/vosgesinfo.fr\/app\/uploads\/sites\/5\/2024\/09\/202003soutien-aux-eleves-infirmiers-et-aides-soignants.jpg","width":1024,"height":768},{"@type":"BreadcrumbList","@id":"https:\/\/vosgesinfo.fr\/remiremontinfo\/2020\/03\/covid-19-eleves-infirmiers-aides-soignants-fortement-mobilises\/#breadcrumb","itemListElement":[{"@type":"ListItem","position":1,"name":"Home","item":"https:\/\/vosgesinfo.fr\/remiremontinfo\/"},{"@type":"ListItem","position":2,"name":"Covid 19 &#8211; les \u00e9l\u00e8ves infirmiers et aides-soignants fortement mobilis\u00e9s"}]},{"@type":"WebSite","@id":"https:\/\/vosgesinfo.fr\/remiremontinfo\/#website","url":"https:\/\/vosgesinfo.fr\/remiremontinfo\/","name":"Remiremont Info","description":"Toute l&#039;actualit\u00e9 de Remiremont","publisher":{"@id":"https:\/\/vosgesinfo.fr\/remiremontinfo\/#organization"},"alternateName":"Toute l'actualit\u00e9 de Remiremont","potentialAction":[{"@type":"SearchAction","target":{"@type":"EntryPoint","urlTemplate":"https:\/\/vosgesinfo.fr\/remiremontinfo\/?s={search_term_string}"},"query-input":"required name=search_term_string"}],"inLanguage":"fr-FR"},{"@type":"Organization","@id":"https:\/\/vosgesinfo.fr\/remiremontinfo\/#organization","name":"Remiremont Info","url":"https:\/\/vosgesinfo.fr\/remiremontinfo\/","logo":{"@type":"ImageObject","inLanguage":"fr-FR","@id":"https:\/\/vosgesinfo.fr\/remiremontinfo\/#\/schema\/logo\/image\/","url":"https:\/\/vosgesinfo.fr\/app\/uploads\/sites\/5\/2023\/08\/favicon-remiremontinfo.png","contentUrl":"https:\/\/vosgesinfo.fr\/app\/uploads\/sites\/5\/2023\/08\/favicon-remiremontinfo.png","width":512,"height":512,"caption":"Remiremont Info"},"image":{"@id":"https:\/\/vosgesinfo.fr\/remiremontinfo\/#\/schema\/logo\/image\/"},"sameAs":["https:\/\/www.facebook.com\/remiremontinfo","https:\/\/x.com\/VosgesInfo88","https:\/\/www.youtube.com\/@vosgesinfo"]},{"@type":"Person","@id":"https:\/\/vosgesinfo.fr\/remiremontinfo\/#\/schema\/person\/4f57dc393faf2ac8b9f1cab30ad79250","name":"Phj","image":{"@type":"ImageObject","inLanguage":"fr-FR","@id":"https:\/\/vosgesinfo.fr\/remiremontinfo\/#\/schema\/person\/image\/","url":"https:\/\/secure.gravatar.com\/avatar\/ada60265080fb9a89c9809bf0abb1f448a128cb85db1c08905baa5038fbe3cfe?s=96&d=mm&r=g","contentUrl":"https:\/\/secure.gravatar.com\/avatar\/ada60265080fb9a89c9809bf0abb1f448a128cb85db1c08905baa5038fbe3cfe?s=96&d=mm&r=g","caption":"Phj"},"url":"https:\/\/vosgesinfo.fr\/remiremontinfo\/author\/phj\/"}]}},"_links":{"self":[{"href":"https:\/\/vosgesinfo.fr\/remiremontinfo\/wp-json\/wp\/v2\/posts\/26427","targetHints":{"allow":["GET"]}}],"collection":[{"href":"https:\/\/vosgesinfo.fr\/remiremontinfo\/wp-json\/wp\/v2\/posts"}],"about":[{"href":"https:\/\/vosgesinfo.fr\/remiremontinfo\/wp-json\/wp\/v2\/types\/post"}],"author":[{"embeddable":true,"href":"https:\/\/vosgesinfo.fr\/remiremontinfo\/wp-json\/wp\/v2\/users\/39"}],"replies":[{"embeddable":true,"href":"https:\/\/vosgesinfo.fr\/remiremontinfo\/wp-json\/wp\/v2\/comments?post=26427"}],"version-history":[{"count":0,"href":"https:\/\/vosgesinfo.fr\/remiremontinfo\/wp-json\/wp\/v2\/posts\/26427\/revisions"}],"wp:featuredmedia":[{"embeddable":true,"href":"https:\/\/vosgesinfo.fr\/remiremontinfo\/wp-json\/wp\/v2\/media\/26428"}],"wp:attachment":[{"href":"https:\/\/vosgesinfo.fr\/remiremontinfo\/wp-json\/wp\/v2\/media?parent=26427"}],"wp:term":[{"taxonomy":"category","embeddable":true,"href":"https:\/\/vosgesinfo.fr\/remiremontinfo\/wp-json\/wp\/v2\/categories?post=26427"},{"taxonomy":"post_tag","embeddable":true,"href":"https:\/\/vosgesinfo.fr\/remiremontinfo\/wp-json\/wp\/v2\/tags?post=26427"}],"curies":[{"name":"wp","href":"https:\/\/api.w.org\/{rel}","templated":true}]}}