{"id":26431,"date":"2020-03-27T07:46:01","date_gmt":"2020-03-27T06:46:01","guid":{"rendered":"https:\/\/vosgesinfo.fr\/remiremontinfo\/2020\/03\/covid-19-3292-personnes-hospitalisees-grand\/"},"modified":"2020-03-27T07:46:01","modified_gmt":"2020-03-27T06:46:01","slug":"covid-19-3292-personnes-hospitalisees-grand","status":"publish","type":"post","link":"https:\/\/vosgesinfo.fr\/remiremontinfo\/2020\/03\/covid-19-3292-personnes-hospitalisees-grand\/","title":{"rendered":"Covid &#8211; 19 : 3292 personnes sont hospitalis\u00e9es dans le Grand Est"},"content":{"rendered":"<p><a href=\"https:\/\/remiremontinfo.fr\/2020\/03\/coronavirus-a-remiremont-bureau-de-vote-sera-equipe-de-gel-hydro-alcoolique\/coronavirus-4914028_1920\/\" rel=\"attachment wp-att-284147\"><img decoding=\"async\" class=\"alignright size-medium wp-image-284147\" src=\"\/2020\/03\/coronavirus-4914028_1920-400x227.jpg\" alt=\"coronavirus-4914028_1920\" width=\"400\" height=\"227\" \/><\/a>Au 26 mars \u00e0 14h, 3292 personnes sont hospitalis\u00e9es dans le Grand Est, dont 701 en r\u00e9animation<br \/>\nsoit 50 de plus qu\u2019hier. 961 personnes sont d\u2019ores et d\u00e9j\u00e0 sorties d\u2019hospitalisation, leur \u00e9tat de sant\u00e9 ayant \u00e9t\u00e9 consid\u00e9r\u00e9 comme<br \/>\nrassurant.<br \/>\nDepuis le d\u00e9but de l\u2019\u00e9pid\u00e9mie, le nombre total de d\u00e9c\u00e8s de patients d\u00e9clar\u00e9s par les \u00e9tablissements<br \/>\nsanitaires du Grand Est s\u2019\u00e9l\u00e8ve \u00e0 580 en prenant en compte les personnes confirm\u00e9es virologiquement<br \/>\npositives au Coronavirus Covid-19 ainsi que les personnes non test\u00e9es mais dont le d\u00e9c\u00e8s est rapport\u00e9 \u00e0<br \/>\nune infection par Coronavirus.<br \/>\nCette \u00e9volution confirme que la situation continue de s\u2019aggraver. Il est absolument imp\u00e9ratif de<br \/>\nrester en confinement chez soi, de limiter au strict minimum ses d\u00e9placements ext\u00e9rieurs et de<br \/>\nrespecter strictement les mesures barri\u00e8res.<br \/>\nLe train sanitaire est arriv\u00e9 en gare de Nantes vers 18h00 ce jour, apr\u00e8s un arr\u00eat effectu\u00e9 \u00e0 Angers. Tous les<br \/>\npatients ont \u00e9t\u00e9 d\u00e9barqu\u00e9s dans de bonnes conditions.<br \/>\nL\u2019ARS Grand Est tient \u00e0 saluer et remercier toutes les \u00e9quipes mobilis\u00e9es pour cette op\u00e9ration.<br \/>\nRappel des consignes \u00e0 respecter<br \/>\nLe minist\u00e8re des Solidarit\u00e9s et de la Sant\u00e9 actualise ses recommandations r\u00e9guli\u00e8rement pour prot\u00e9ger<br \/>\nvotre sant\u00e9 et vous recommande les bons gestes \u00e0 adopter face au Coronavirus COVID-19. Face aux<br \/>\ninfections, il existe des gestes simples pour pr\u00e9server votre sant\u00e9 et celle de votre entourage :<br \/>\n\uf0b7 Rester chez soi,<br \/>\n\uf0b7 Se laver tr\u00e8s r\u00e9guli\u00e8rement les mains avec du savon ou utiliser une solution hydro alcoolique,<br \/>\n\uf0b7 Tousser ou \u00e9ternuer dans son coude ou dans un mouchoir,<br \/>\n\uf0b7 Utiliser un mouchoir \u00e0 usage unique et le jeter,<br \/>\n\uf0b7 Saluer sans se serrer la main et \u00e9viter les embrassades,<br \/>\n\uf0b7 DEMEURER A AU MOINS UN M\u00c8TRE D\u2019AUTRUI, EVITER LES RASSEMBLEMENTS,<br \/>\nEVITER LES DEPLACEMENTS ET LES CONTACTS : RESPECTER LE CONFINEMENT<br \/>\n2<br \/>\nVous avez des sympt\u00f4mes (toux, fi\u00e8vre) qui vous font penser au Covid-19 : restez \u00e0 domicile, \u00e9vitez les contacts, appelez un m\u00e9decin et ne vous rendez pas \u00e0 son cabinet. Vous pouvez \u00e9galement b\u00e9n\u00e9ficier d\u2019une t\u00e9l\u00e9consultation.<br \/>\nSi les sympt\u00f4mes s\u2019aggravent avec des difficult\u00e9s respiratoires et signes d\u2019\u00e9touffement, appelez le SAMU-Centre 15.<br \/>\nPour toute autre situation et information g\u00e9n\u00e9rale : appelez le num\u00e9ro vert national au 0 800 130 000 qui vous indiquera la conduite \u00e0 tenir.<br \/>\nVous retrouverez plus d\u2019informations sur les sites internet du Gouvernement du Minist\u00e8re des Solidarit\u00e9s et de la Sant\u00e9 et de Sant\u00e9 publique France.<\/p>\n","protected":false},"excerpt":{"rendered":"<p>Au 26 mars \u00e0 14h, 3292 personnes sont hospitalis\u00e9es dans le Grand Est, dont 701 en r\u00e9animation soit 50 de [&hellip;]<\/p>\n","protected":false},"author":39,"featured_media":26432,"comment_status":"open","ping_status":"open","sticky":false,"template":"","format":"standard","meta":{"footnotes":""},"categories":[26,12,18],"tags":[],"class_list":["post-26431","post","type-post","status-publish","format-standard","has-post-thumbnail","hentry","category-a-la-une","category-sante","category-vosges"],"acf":[],"yoast_head":"<!-- This site is optimized with the Yoast SEO plugin v22.5 - https:\/\/yoast.com\/wordpress\/plugins\/seo\/ -->\n<title>Covid - 19 : 3292 personnes sont hospitalis\u00e9es dans le Grand Est - Remiremont Info<\/title>\n<meta name=\"robots\" content=\"index, follow, max-snippet:-1, max-image-preview:large, max-video-preview:-1\" \/>\n<link rel=\"canonical\" href=\"https:\/\/vosgesinfo.fr\/remiremontinfo\/2020\/03\/covid-19-3292-personnes-hospitalisees-grand\/\" \/>\n<meta name=\"twitter:card\" content=\"summary_large_image\" \/>\n<meta name=\"twitter:title\" content=\"Covid - 19 : 3292 personnes sont hospitalis\u00e9es dans le Grand Est - Remiremont Info\" \/>\n<meta name=\"twitter:description\" content=\"Au 26 mars \u00e0 14h, 3292 personnes sont hospitalis\u00e9es dans le Grand Est, dont 701 en r\u00e9animation soit 50 de [&hellip;]\" \/>\n<meta name=\"twitter:image\" content=\"https:\/\/vosgesinfo.fr\/app\/uploads\/sites\/5\/2024\/09\/202003coronavirus-4914028-1920-9.jpg\" \/>\n<meta name=\"twitter:creator\" content=\"@VosgesInfo88\" \/>\n<meta name=\"twitter:site\" content=\"@VosgesInfo88\" \/>\n<meta name=\"twitter:label1\" content=\"\u00c9crit par\" \/>\n\t<meta name=\"twitter:data1\" content=\"Phj\" \/>\n\t<meta name=\"twitter:label2\" content=\"Dur\u00e9e de lecture estim\u00e9e\" \/>\n\t<meta name=\"twitter:data2\" content=\"2 minutes\" \/>\n<script type=\"application\/ld+json\" class=\"yoast-schema-graph\">{\"@context\":\"https:\/\/schema.org\",\"@graph\":[{\"@type\":\"Article\",\"@id\":\"https:\/\/vosgesinfo.fr\/remiremontinfo\/2020\/03\/covid-19-3292-personnes-hospitalisees-grand\/#article\",\"isPartOf\":{\"@id\":\"https:\/\/vosgesinfo.fr\/remiremontinfo\/2020\/03\/covid-19-3292-personnes-hospitalisees-grand\/\"},\"author\":{\"name\":\"Phj\",\"@id\":\"https:\/\/vosgesinfo.fr\/remiremontinfo\/#\/schema\/person\/4f57dc393faf2ac8b9f1cab30ad79250\"},\"headline\":\"Covid &#8211; 19 : 3292 personnes sont hospitalis\u00e9es dans le Grand Est\",\"datePublished\":\"2020-03-27T06:46:01+00:00\",\"dateModified\":\"2020-03-27T06:46:01+00:00\",\"mainEntityOfPage\":{\"@id\":\"https:\/\/vosgesinfo.fr\/remiremontinfo\/2020\/03\/covid-19-3292-personnes-hospitalisees-grand\/\"},\"wordCount\":431,\"commentCount\":0,\"publisher\":{\"@id\":\"https:\/\/vosgesinfo.fr\/remiremontinfo\/#organization\"},\"image\":{\"@id\":\"https:\/\/vosgesinfo.fr\/remiremontinfo\/2020\/03\/covid-19-3292-personnes-hospitalisees-grand\/#primaryimage\"},\"thumbnailUrl\":\"https:\/\/vosgesinfo.fr\/app\/uploads\/sites\/5\/2024\/09\/202003coronavirus-4914028-1920-9.jpg\",\"articleSection\":[\"A la Une\",\"Sant\u00e9\",\"Vosges\"],\"inLanguage\":\"fr-FR\",\"potentialAction\":[{\"@type\":\"CommentAction\",\"name\":\"Comment\",\"target\":[\"https:\/\/vosgesinfo.fr\/remiremontinfo\/2020\/03\/covid-19-3292-personnes-hospitalisees-grand\/#respond\"]}]},{\"@type\":\"WebPage\",\"@id\":\"https:\/\/vosgesinfo.fr\/remiremontinfo\/2020\/03\/covid-19-3292-personnes-hospitalisees-grand\/\",\"url\":\"https:\/\/vosgesinfo.fr\/remiremontinfo\/2020\/03\/covid-19-3292-personnes-hospitalisees-grand\/\",\"name\":\"Covid - 19 : 3292 personnes sont hospitalis\u00e9es dans le Grand Est - Remiremont Info\",\"isPartOf\":{\"@id\":\"https:\/\/vosgesinfo.fr\/remiremontinfo\/#website\"},\"primaryImageOfPage\":{\"@id\":\"https:\/\/vosgesinfo.fr\/remiremontinfo\/2020\/03\/covid-19-3292-personnes-hospitalisees-grand\/#primaryimage\"},\"image\":{\"@id\":\"https:\/\/vosgesinfo.fr\/remiremontinfo\/2020\/03\/covid-19-3292-personnes-hospitalisees-grand\/#primaryimage\"},\"thumbnailUrl\":\"https:\/\/vosgesinfo.fr\/app\/uploads\/sites\/5\/2024\/09\/202003coronavirus-4914028-1920-9.jpg\",\"datePublished\":\"2020-03-27T06:46:01+00:00\",\"dateModified\":\"2020-03-27T06:46:01+00:00\",\"breadcrumb\":{\"@id\":\"https:\/\/vosgesinfo.fr\/remiremontinfo\/2020\/03\/covid-19-3292-personnes-hospitalisees-grand\/#breadcrumb\"},\"inLanguage\":\"fr-FR\",\"potentialAction\":[{\"@type\":\"ReadAction\",\"target\":[\"https:\/\/vosgesinfo.fr\/remiremontinfo\/2020\/03\/covid-19-3292-personnes-hospitalisees-grand\/\"]}]},{\"@type\":\"ImageObject\",\"inLanguage\":\"fr-FR\",\"@id\":\"https:\/\/vosgesinfo.fr\/remiremontinfo\/2020\/03\/covid-19-3292-personnes-hospitalisees-grand\/#primaryimage\",\"url\":\"https:\/\/vosgesinfo.fr\/app\/uploads\/sites\/5\/2024\/09\/202003coronavirus-4914028-1920-9.jpg\",\"contentUrl\":\"https:\/\/vosgesinfo.fr\/app\/uploads\/sites\/5\/2024\/09\/202003coronavirus-4914028-1920-9.jpg\",\"width\":1920,\"height\":1089},{\"@type\":\"BreadcrumbList\",\"@id\":\"https:\/\/vosgesinfo.fr\/remiremontinfo\/2020\/03\/covid-19-3292-personnes-hospitalisees-grand\/#breadcrumb\",\"itemListElement\":[{\"@type\":\"ListItem\",\"position\":1,\"name\":\"Home\",\"item\":\"https:\/\/vosgesinfo.fr\/remiremontinfo\/\"},{\"@type\":\"ListItem\",\"position\":2,\"name\":\"Covid &#8211; 19 : 3292 personnes sont hospitalis\u00e9es dans le Grand Est\"}]},{\"@type\":\"WebSite\",\"@id\":\"https:\/\/vosgesinfo.fr\/remiremontinfo\/#website\",\"url\":\"https:\/\/vosgesinfo.fr\/remiremontinfo\/\",\"name\":\"Remiremont Info\",\"description\":\"Toute l&#039;actualit\u00e9 de Remiremont\",\"publisher\":{\"@id\":\"https:\/\/vosgesinfo.fr\/remiremontinfo\/#organization\"},\"alternateName\":\"Toute l'actualit\u00e9 de Remiremont\",\"potentialAction\":[{\"@type\":\"SearchAction\",\"target\":{\"@type\":\"EntryPoint\",\"urlTemplate\":\"https:\/\/vosgesinfo.fr\/remiremontinfo\/?s={search_term_string}\"},\"query-input\":\"required name=search_term_string\"}],\"inLanguage\":\"fr-FR\"},{\"@type\":\"Organization\",\"@id\":\"https:\/\/vosgesinfo.fr\/remiremontinfo\/#organization\",\"name\":\"Remiremont Info\",\"url\":\"https:\/\/vosgesinfo.fr\/remiremontinfo\/\",\"logo\":{\"@type\":\"ImageObject\",\"inLanguage\":\"fr-FR\",\"@id\":\"https:\/\/vosgesinfo.fr\/remiremontinfo\/#\/schema\/logo\/image\/\",\"url\":\"https:\/\/vosgesinfo.fr\/app\/uploads\/sites\/5\/2023\/08\/favicon-remiremontinfo.png\",\"contentUrl\":\"https:\/\/vosgesinfo.fr\/app\/uploads\/sites\/5\/2023\/08\/favicon-remiremontinfo.png\",\"width\":512,\"height\":512,\"caption\":\"Remiremont Info\"},\"image\":{\"@id\":\"https:\/\/vosgesinfo.fr\/remiremontinfo\/#\/schema\/logo\/image\/\"},\"sameAs\":[\"https:\/\/www.facebook.com\/remiremontinfo\",\"https:\/\/x.com\/VosgesInfo88\",\"https:\/\/www.youtube.com\/@vosgesinfo\"]},{\"@type\":\"Person\",\"@id\":\"https:\/\/vosgesinfo.fr\/remiremontinfo\/#\/schema\/person\/4f57dc393faf2ac8b9f1cab30ad79250\",\"name\":\"Phj\",\"image\":{\"@type\":\"ImageObject\",\"inLanguage\":\"fr-FR\",\"@id\":\"https:\/\/vosgesinfo.fr\/remiremontinfo\/#\/schema\/person\/image\/\",\"url\":\"https:\/\/secure.gravatar.com\/avatar\/ada60265080fb9a89c9809bf0abb1f448a128cb85db1c08905baa5038fbe3cfe?s=96&d=mm&r=g\",\"contentUrl\":\"https:\/\/secure.gravatar.com\/avatar\/ada60265080fb9a89c9809bf0abb1f448a128cb85db1c08905baa5038fbe3cfe?s=96&d=mm&r=g\",\"caption\":\"Phj\"},\"url\":\"https:\/\/vosgesinfo.fr\/remiremontinfo\/author\/phj\/\"}]}<\/script>\n<!-- \/ Yoast SEO plugin. -->","yoast_head_json":{"title":"Covid - 19 : 3292 personnes sont hospitalis\u00e9es dans le Grand Est - Remiremont Info","robots":{"index":"index","follow":"follow","max-snippet":"max-snippet:-1","max-image-preview":"max-image-preview:large","max-video-preview":"max-video-preview:-1"},"canonical":"https:\/\/vosgesinfo.fr\/remiremontinfo\/2020\/03\/covid-19-3292-personnes-hospitalisees-grand\/","twitter_card":"summary_large_image","twitter_title":"Covid - 19 : 3292 personnes sont hospitalis\u00e9es dans le Grand Est - Remiremont Info","twitter_description":"Au 26 mars \u00e0 14h, 3292 personnes sont hospitalis\u00e9es dans le Grand Est, dont 701 en r\u00e9animation soit 50 de [&hellip;]","twitter_image":"https:\/\/vosgesinfo.fr\/app\/uploads\/sites\/5\/2024\/09\/202003coronavirus-4914028-1920-9.jpg","twitter_creator":"@VosgesInfo88","twitter_site":"@VosgesInfo88","twitter_misc":{"\u00c9crit par":"Phj","Dur\u00e9e de lecture estim\u00e9e":"2 minutes"},"schema":{"@context":"https:\/\/schema.org","@graph":[{"@type":"Article","@id":"https:\/\/vosgesinfo.fr\/remiremontinfo\/2020\/03\/covid-19-3292-personnes-hospitalisees-grand\/#article","isPartOf":{"@id":"https:\/\/vosgesinfo.fr\/remiremontinfo\/2020\/03\/covid-19-3292-personnes-hospitalisees-grand\/"},"author":{"name":"Phj","@id":"https:\/\/vosgesinfo.fr\/remiremontinfo\/#\/schema\/person\/4f57dc393faf2ac8b9f1cab30ad79250"},"headline":"Covid &#8211; 19 : 3292 personnes sont hospitalis\u00e9es dans le Grand Est","datePublished":"2020-03-27T06:46:01+00:00","dateModified":"2020-03-27T06:46:01+00:00","mainEntityOfPage":{"@id":"https:\/\/vosgesinfo.fr\/remiremontinfo\/2020\/03\/covid-19-3292-personnes-hospitalisees-grand\/"},"wordCount":431,"commentCount":0,"publisher":{"@id":"https:\/\/vosgesinfo.fr\/remiremontinfo\/#organization"},"image":{"@id":"https:\/\/vosgesinfo.fr\/remiremontinfo\/2020\/03\/covid-19-3292-personnes-hospitalisees-grand\/#primaryimage"},"thumbnailUrl":"https:\/\/vosgesinfo.fr\/app\/uploads\/sites\/5\/2024\/09\/202003coronavirus-4914028-1920-9.jpg","articleSection":["A la Une","Sant\u00e9","Vosges"],"inLanguage":"fr-FR","potentialAction":[{"@type":"CommentAction","name":"Comment","target":["https:\/\/vosgesinfo.fr\/remiremontinfo\/2020\/03\/covid-19-3292-personnes-hospitalisees-grand\/#respond"]}]},{"@type":"WebPage","@id":"https:\/\/vosgesinfo.fr\/remiremontinfo\/2020\/03\/covid-19-3292-personnes-hospitalisees-grand\/","url":"https:\/\/vosgesinfo.fr\/remiremontinfo\/2020\/03\/covid-19-3292-personnes-hospitalisees-grand\/","name":"Covid - 19 : 3292 personnes sont hospitalis\u00e9es dans le Grand Est - Remiremont Info","isPartOf":{"@id":"https:\/\/vosgesinfo.fr\/remiremontinfo\/#website"},"primaryImageOfPage":{"@id":"https:\/\/vosgesinfo.fr\/remiremontinfo\/2020\/03\/covid-19-3292-personnes-hospitalisees-grand\/#primaryimage"},"image":{"@id":"https:\/\/vosgesinfo.fr\/remiremontinfo\/2020\/03\/covid-19-3292-personnes-hospitalisees-grand\/#primaryimage"},"thumbnailUrl":"https:\/\/vosgesinfo.fr\/app\/uploads\/sites\/5\/2024\/09\/202003coronavirus-4914028-1920-9.jpg","datePublished":"2020-03-27T06:46:01+00:00","dateModified":"2020-03-27T06:46:01+00:00","breadcrumb":{"@id":"https:\/\/vosgesinfo.fr\/remiremontinfo\/2020\/03\/covid-19-3292-personnes-hospitalisees-grand\/#breadcrumb"},"inLanguage":"fr-FR","potentialAction":[{"@type":"ReadAction","target":["https:\/\/vosgesinfo.fr\/remiremontinfo\/2020\/03\/covid-19-3292-personnes-hospitalisees-grand\/"]}]},{"@type":"ImageObject","inLanguage":"fr-FR","@id":"https:\/\/vosgesinfo.fr\/remiremontinfo\/2020\/03\/covid-19-3292-personnes-hospitalisees-grand\/#primaryimage","url":"https:\/\/vosgesinfo.fr\/app\/uploads\/sites\/5\/2024\/09\/202003coronavirus-4914028-1920-9.jpg","contentUrl":"https:\/\/vosgesinfo.fr\/app\/uploads\/sites\/5\/2024\/09\/202003coronavirus-4914028-1920-9.jpg","width":1920,"height":1089},{"@type":"BreadcrumbList","@id":"https:\/\/vosgesinfo.fr\/remiremontinfo\/2020\/03\/covid-19-3292-personnes-hospitalisees-grand\/#breadcrumb","itemListElement":[{"@type":"ListItem","position":1,"name":"Home","item":"https:\/\/vosgesinfo.fr\/remiremontinfo\/"},{"@type":"ListItem","position":2,"name":"Covid &#8211; 19 : 3292 personnes sont hospitalis\u00e9es dans le Grand Est"}]},{"@type":"WebSite","@id":"https:\/\/vosgesinfo.fr\/remiremontinfo\/#website","url":"https:\/\/vosgesinfo.fr\/remiremontinfo\/","name":"Remiremont Info","description":"Toute l&#039;actualit\u00e9 de Remiremont","publisher":{"@id":"https:\/\/vosgesinfo.fr\/remiremontinfo\/#organization"},"alternateName":"Toute l'actualit\u00e9 de Remiremont","potentialAction":[{"@type":"SearchAction","target":{"@type":"EntryPoint","urlTemplate":"https:\/\/vosgesinfo.fr\/remiremontinfo\/?s={search_term_string}"},"query-input":"required name=search_term_string"}],"inLanguage":"fr-FR"},{"@type":"Organization","@id":"https:\/\/vosgesinfo.fr\/remiremontinfo\/#organization","name":"Remiremont Info","url":"https:\/\/vosgesinfo.fr\/remiremontinfo\/","logo":{"@type":"ImageObject","inLanguage":"fr-FR","@id":"https:\/\/vosgesinfo.fr\/remiremontinfo\/#\/schema\/logo\/image\/","url":"https:\/\/vosgesinfo.fr\/app\/uploads\/sites\/5\/2023\/08\/favicon-remiremontinfo.png","contentUrl":"https:\/\/vosgesinfo.fr\/app\/uploads\/sites\/5\/2023\/08\/favicon-remiremontinfo.png","width":512,"height":512,"caption":"Remiremont Info"},"image":{"@id":"https:\/\/vosgesinfo.fr\/remiremontinfo\/#\/schema\/logo\/image\/"},"sameAs":["https:\/\/www.facebook.com\/remiremontinfo","https:\/\/x.com\/VosgesInfo88","https:\/\/www.youtube.com\/@vosgesinfo"]},{"@type":"Person","@id":"https:\/\/vosgesinfo.fr\/remiremontinfo\/#\/schema\/person\/4f57dc393faf2ac8b9f1cab30ad79250","name":"Phj","image":{"@type":"ImageObject","inLanguage":"fr-FR","@id":"https:\/\/vosgesinfo.fr\/remiremontinfo\/#\/schema\/person\/image\/","url":"https:\/\/secure.gravatar.com\/avatar\/ada60265080fb9a89c9809bf0abb1f448a128cb85db1c08905baa5038fbe3cfe?s=96&d=mm&r=g","contentUrl":"https:\/\/secure.gravatar.com\/avatar\/ada60265080fb9a89c9809bf0abb1f448a128cb85db1c08905baa5038fbe3cfe?s=96&d=mm&r=g","caption":"Phj"},"url":"https:\/\/vosgesinfo.fr\/remiremontinfo\/author\/phj\/"}]}},"_links":{"self":[{"href":"https:\/\/vosgesinfo.fr\/remiremontinfo\/wp-json\/wp\/v2\/posts\/26431","targetHints":{"allow":["GET"]}}],"collection":[{"href":"https:\/\/vosgesinfo.fr\/remiremontinfo\/wp-json\/wp\/v2\/posts"}],"about":[{"href":"https:\/\/vosgesinfo.fr\/remiremontinfo\/wp-json\/wp\/v2\/types\/post"}],"author":[{"embeddable":true,"href":"https:\/\/vosgesinfo.fr\/remiremontinfo\/wp-json\/wp\/v2\/users\/39"}],"replies":[{"embeddable":true,"href":"https:\/\/vosgesinfo.fr\/remiremontinfo\/wp-json\/wp\/v2\/comments?post=26431"}],"version-history":[{"count":0,"href":"https:\/\/vosgesinfo.fr\/remiremontinfo\/wp-json\/wp\/v2\/posts\/26431\/revisions"}],"wp:featuredmedia":[{"embeddable":true,"href":"https:\/\/vosgesinfo.fr\/remiremontinfo\/wp-json\/wp\/v2\/media\/26432"}],"wp:attachment":[{"href":"https:\/\/vosgesinfo.fr\/remiremontinfo\/wp-json\/wp\/v2\/media?parent=26431"}],"wp:term":[{"taxonomy":"category","embeddable":true,"href":"https:\/\/vosgesinfo.fr\/remiremontinfo\/wp-json\/wp\/v2\/categories?post=26431"},{"taxonomy":"post_tag","embeddable":true,"href":"https:\/\/vosgesinfo.fr\/remiremontinfo\/wp-json\/wp\/v2\/tags?post=26431"}],"curies":[{"name":"wp","href":"https:\/\/api.w.org\/{rel}","templated":true}]}}