{"id":26433,"date":"2020-03-27T07:49:48","date_gmt":"2020-03-27T06:49:48","guid":{"rendered":"https:\/\/vosgesinfo.fr\/remiremontinfo\/2020\/03\/st-nabord-remerciements-de-ensemble-acteurs-de-demain\/"},"modified":"2020-03-27T07:49:48","modified_gmt":"2020-03-27T06:49:48","slug":"st-nabord-remerciements-de-ensemble-acteurs-de-demain","status":"publish","type":"post","link":"https:\/\/vosgesinfo.fr\/remiremontinfo\/2020\/03\/st-nabord-remerciements-de-ensemble-acteurs-de-demain\/","title":{"rendered":"St-Nabord : remerciements de \u00ab Ensemble, Acteurs de Demain\u00bb"},"content":{"rendered":"<p><a href=\"https:\/\/remiremontinfo.fr\/2020\/03\/saint-nabord-liste-portee-jean-pierre-calmels-arrive-tete\/photo-de-groupe-ensemble-acteurs-de-demain3-1024x683-2\/\" rel=\"attachment wp-att-284404\"><img decoding=\"async\" class=\"alignright size-medium wp-image-284404\" src=\"\/2020\/03\/Photo-de-groupe-Ensemble-acteurs-de-demain3-1024x6831-382x255.jpg\" alt=\"Photo-de-groupe-Ensemble-acteurs-de-demain3-1024x683\" width=\"382\" height=\"255\" \/><\/a>Par ce communiqu\u00e9, nous tenions tout d\u2019abord \u00e0 remercier les 636 \u00e9lecteurs, soit plus de 47 % des votes<br \/>\nexprim\u00e9s, qui, lors du premier tour des \u00e9lections Municipales ont voulu t\u00e9moigner, par leur vote, leur confiance en<br \/>\nl\u2019\u00e9quipe \u00ab Ensemble, Acteurs de Demain\u00bb.<br \/>\nCe r\u00e9sultat nous ravit et bien \u00e9videmment nous conforte dans notre engagement du \u00ab mieux vivre \u00bb \u00e0 Saint<br \/>\nNabord.<br \/>\nUn grand merci \u00e9galement \u00e0 toutes celles et ceux, qui oeuvrent pour mieux nous faire conna\u00eetre, qui croient en<br \/>\nnous, qui nous adressent r\u00e9guli\u00e8rement des t\u00e9moignages de sympathie et d\u2019encouragement.<br \/>\nToutefois, dans un contexte sanitaire extr\u00eamement pr\u00e9occupant cr\u00e9\u00e9 par le coronavirus, le pr\u00e9sident de la<br \/>\nR\u00e9publique a annonc\u00e9 le report du second tour des \u00e9lections municipales initialement pr\u00e9vu le 22 mars 2020.<br \/>\nNous ne pouvons qu\u2019approuver et respecter cette d\u00e9cision qui nous a fort logiquement conduits \u00e0 stopper la<br \/>\ncampagne \u00e9lectorale, et ce jusqu\u2019\u00e0 nouvel ordre.<br \/>\nDepuis le mardi 17 mars midi, la France vit donc \u00e0 l\u2019heure du confinement.<br \/>\nEn r\u00e9action \u00e0 l\u2019\u00e9pid\u00e9mie due au coronavirus sur le territoire, les autorit\u00e9s ont d\u00e9cid\u00e9 d\u2019interdire les d\u00e9placements<br \/>\nnon essentiels et de demander \u00e0 chacun de rester chez soi pour une longue p\u00e9riode de plusieurs semaines.<br \/>\nNous sommes convaincus qu\u2019un strict respect des consignes ne signe pas pour autant l\u2019arr\u00eat de toute forme de<br \/>\nsolidarit\u00e9. Il est en effet toujours possible d\u2019aider, sans sortir (ou presque) de son domicile.<br \/>\nC\u2019est la raison pour laquelle, nous avons d\u00e9cid\u00e9 de nous mobiliser et de relayer sur notre page FaceBook<br \/>\ntoutes les infos utiles \u00e0 la mise en oeuvre de bonnes initiatives.<br \/>\nAinsi, pour aider les Fran\u00e7ais \u00e0 s\u2019entraider, l\u2019association VOISINS SOLIDAIRES, propose un kit gratuit \u00ab<br \/>\nCoronavirus : et si on s\u2019organisait entre voisins ? \u00bb qui a pour objectif d\u2019aider les habitants \u00e0 organiser l\u2019entraide<br \/>\n(affiche, tract, annuaire des voisins, panneau des voisins).<br \/>\nUn voisin peut en effet aller faire les courses pour une personne \u00e2g\u00e9e. Des familles peuvent \u00e0 tour de r\u00f4le garder<br \/>\nles enfants des familles voisines pour \u00e9viter une absence trop longue au bureau. On peut tous pr\u00e9parer un repas<br \/>\nou aller chercher des m\u00e9dicaments pour une personne d\u00e9pendante ou handicap\u00e9e, mutualiser l\u2019achat des<br \/>\ncourses\u2026<br \/>\nAutant de gestes simples de solidarit\u00e9 qui font du bien et permettent une \u00ab continuit\u00e9 de vie \u00bb et de parer au plus<br \/>\nurgent et au minimum vital.<br \/>\nCe kit est t\u00e9l\u00e9chargeable sur le site de l\u2019association www.voisinssolidaires.fr et celui du minist\u00e8re www.cohesionterritoires.<br \/>\ngouv.fr<br \/>\nParall\u00e8lement, et partout sur le territoire, des r\u00e9seaux de proximit\u00e9 proposent une entraide locale, et cette offre ne<br \/>\nse limite pas aux seules personnes \u00e2g\u00e9es et isol\u00e9es : le site www.enpremiereligne.fr, entre autres, propose ainsi<br \/>\nde mettre en relation des volontaires avec les travailleurs mobilis\u00e9s.<br \/>\nDe plus, alors que le minist\u00e8re de l\u2019int\u00e9rieur a pr\u00e9cis\u00e9 que seule une version papier de l\u2019attestation permettant de<br \/>\njustifier une sortie est accept\u00e9e (la nouvelle version est directement t\u00e9l\u00e9chargeable sur notre Facebook),<br \/>\nnous proposons de mettre des copies de ce formulaire \u00e0 disposition des particuliers qui n\u2019auraient pas internet ou<br \/>\nd\u2019imprimante \u00e0 leur domicile. Il suffit de nous laisser un message directement sur cette page et de nous indiquer<br \/>\nvotre adresse afin que nous puissions vous les d\u00e9poser dans votre bo\u00eete aux lettres.<br \/>\nEnfin, en \u00e9troite collaboration avec les Ambulances Navoiriaudes Arnould Bourbon, dont les agents v\u00e9hiculent<br \/>\nchaque jour des personnes qui portent les sympt\u00f4mes du Covid-19, nous lan\u00e7ons un appel aux personnes qui<br \/>\nd\u00e9tiennent des charlottes, des masques et des blouses longues \u00e0 usage unique.<br \/>\nTous les dons de ce pr\u00e9cieux mat\u00e9riel devenu un bien rare, permettraient ainsi \u00e0 chaque ambulancier de travailler<br \/>\nplus sereinement sans la crainte permanente de contaminer des patients ou ses proches.<br \/>\nNous comptons donc plus que jamais sur vous pour relayer ces informations, et \u00e9galement pour bien appliquer<br \/>\nles gestes barri\u00e8res (\u00e0 t\u00e9l\u00e9charger sur notre Facebook) et limiter au maximum les d\u00e9placements et les contacts.<br \/>\nC\u2019est avec ces actions solidaires que nous limiterons la propagation du virus, il en va de notre sant\u00e9 \u00e0 tous.<br \/>\nBien \u00e0 vous.<br \/>\n<strong>Toute l\u2019\u00e9quipe \u00ab Ensemble, Acteurs de Demain \u00bb<\/strong><\/p>\n","protected":false},"excerpt":{"rendered":"<p>Par ce communiqu\u00e9, nous tenions tout d\u2019abord \u00e0 remercier les 636 \u00e9lecteurs, soit plus de 47 % des votes exprim\u00e9s, [&hellip;]<\/p>\n","protected":false},"author":39,"featured_media":26434,"comment_status":"open","ping_status":"open","sticky":false,"template":"","format":"standard","meta":{"footnotes":""},"categories":[26,35,100],"tags":[],"class_list":["post-26433","post","type-post","status-publish","format-standard","has-post-thumbnail","hentry","category-a-la-une","category-remiremont-son-canton","category-saint-nabord"],"acf":[],"yoast_head":"<!-- This site is optimized with the Yoast SEO plugin v22.5 - https:\/\/yoast.com\/wordpress\/plugins\/seo\/ -->\n<title>St-Nabord : remerciements de \u00ab Ensemble, Acteurs de Demain\u00bb - Remiremont Info<\/title>\n<meta name=\"robots\" content=\"index, follow, max-snippet:-1, max-image-preview:large, max-video-preview:-1\" \/>\n<link rel=\"canonical\" href=\"https:\/\/vosgesinfo.fr\/remiremontinfo\/2020\/03\/st-nabord-remerciements-de-ensemble-acteurs-de-demain\/\" \/>\n<meta name=\"twitter:card\" content=\"summary_large_image\" \/>\n<meta name=\"twitter:title\" content=\"St-Nabord : remerciements de \u00ab Ensemble, Acteurs de Demain\u00bb - Remiremont Info\" \/>\n<meta name=\"twitter:description\" content=\"Par ce communiqu\u00e9, nous tenions tout d\u2019abord \u00e0 remercier les 636 \u00e9lecteurs, soit plus de 47 % des votes exprim\u00e9s, [&hellip;]\" \/>\n<meta name=\"twitter:image\" content=\"https:\/\/vosgesinfo.fr\/app\/uploads\/sites\/5\/2024\/09\/202002photo-de-groupe-ensemble-acteurs-de-demain3-1-scaled.jpg\" \/>\n<meta name=\"twitter:creator\" content=\"@VosgesInfo88\" \/>\n<meta name=\"twitter:site\" content=\"@VosgesInfo88\" \/>\n<meta name=\"twitter:label1\" content=\"\u00c9crit par\" \/>\n\t<meta name=\"twitter:data1\" content=\"Phj\" \/>\n\t<meta name=\"twitter:label2\" content=\"Dur\u00e9e de lecture estim\u00e9e\" \/>\n\t<meta name=\"twitter:data2\" content=\"4 minutes\" \/>\n<script type=\"application\/ld+json\" class=\"yoast-schema-graph\">{\"@context\":\"https:\/\/schema.org\",\"@graph\":[{\"@type\":\"Article\",\"@id\":\"https:\/\/vosgesinfo.fr\/remiremontinfo\/2020\/03\/st-nabord-remerciements-de-ensemble-acteurs-de-demain\/#article\",\"isPartOf\":{\"@id\":\"https:\/\/vosgesinfo.fr\/remiremontinfo\/2020\/03\/st-nabord-remerciements-de-ensemble-acteurs-de-demain\/\"},\"author\":{\"name\":\"Phj\",\"@id\":\"https:\/\/vosgesinfo.fr\/remiremontinfo\/#\/schema\/person\/4f57dc393faf2ac8b9f1cab30ad79250\"},\"headline\":\"St-Nabord : remerciements de \u00ab Ensemble, Acteurs de Demain\u00bb\",\"datePublished\":\"2020-03-27T06:49:48+00:00\",\"dateModified\":\"2020-03-27T06:49:48+00:00\",\"mainEntityOfPage\":{\"@id\":\"https:\/\/vosgesinfo.fr\/remiremontinfo\/2020\/03\/st-nabord-remerciements-de-ensemble-acteurs-de-demain\/\"},\"wordCount\":726,\"commentCount\":0,\"publisher\":{\"@id\":\"https:\/\/vosgesinfo.fr\/remiremontinfo\/#organization\"},\"image\":{\"@id\":\"https:\/\/vosgesinfo.fr\/remiremontinfo\/2020\/03\/st-nabord-remerciements-de-ensemble-acteurs-de-demain\/#primaryimage\"},\"thumbnailUrl\":\"https:\/\/vosgesinfo.fr\/app\/uploads\/sites\/5\/2024\/09\/202002photo-de-groupe-ensemble-acteurs-de-demain3-1-scaled.jpg\",\"articleSection\":[\"A la Une\",\"Remiremont &amp; son canton\",\"Saint-Nabord\"],\"inLanguage\":\"fr-FR\",\"potentialAction\":[{\"@type\":\"CommentAction\",\"name\":\"Comment\",\"target\":[\"https:\/\/vosgesinfo.fr\/remiremontinfo\/2020\/03\/st-nabord-remerciements-de-ensemble-acteurs-de-demain\/#respond\"]}]},{\"@type\":\"WebPage\",\"@id\":\"https:\/\/vosgesinfo.fr\/remiremontinfo\/2020\/03\/st-nabord-remerciements-de-ensemble-acteurs-de-demain\/\",\"url\":\"https:\/\/vosgesinfo.fr\/remiremontinfo\/2020\/03\/st-nabord-remerciements-de-ensemble-acteurs-de-demain\/\",\"name\":\"St-Nabord : remerciements de \u00ab Ensemble, Acteurs de Demain\u00bb - Remiremont Info\",\"isPartOf\":{\"@id\":\"https:\/\/vosgesinfo.fr\/remiremontinfo\/#website\"},\"primaryImageOfPage\":{\"@id\":\"https:\/\/vosgesinfo.fr\/remiremontinfo\/2020\/03\/st-nabord-remerciements-de-ensemble-acteurs-de-demain\/#primaryimage\"},\"image\":{\"@id\":\"https:\/\/vosgesinfo.fr\/remiremontinfo\/2020\/03\/st-nabord-remerciements-de-ensemble-acteurs-de-demain\/#primaryimage\"},\"thumbnailUrl\":\"https:\/\/vosgesinfo.fr\/app\/uploads\/sites\/5\/2024\/09\/202002photo-de-groupe-ensemble-acteurs-de-demain3-1-scaled.jpg\",\"datePublished\":\"2020-03-27T06:49:48+00:00\",\"dateModified\":\"2020-03-27T06:49:48+00:00\",\"breadcrumb\":{\"@id\":\"https:\/\/vosgesinfo.fr\/remiremontinfo\/2020\/03\/st-nabord-remerciements-de-ensemble-acteurs-de-demain\/#breadcrumb\"},\"inLanguage\":\"fr-FR\",\"potentialAction\":[{\"@type\":\"ReadAction\",\"target\":[\"https:\/\/vosgesinfo.fr\/remiremontinfo\/2020\/03\/st-nabord-remerciements-de-ensemble-acteurs-de-demain\/\"]}]},{\"@type\":\"ImageObject\",\"inLanguage\":\"fr-FR\",\"@id\":\"https:\/\/vosgesinfo.fr\/remiremontinfo\/2020\/03\/st-nabord-remerciements-de-ensemble-acteurs-de-demain\/#primaryimage\",\"url\":\"https:\/\/vosgesinfo.fr\/app\/uploads\/sites\/5\/2024\/09\/202002photo-de-groupe-ensemble-acteurs-de-demain3-1-scaled.jpg\",\"contentUrl\":\"https:\/\/vosgesinfo.fr\/app\/uploads\/sites\/5\/2024\/09\/202002photo-de-groupe-ensemble-acteurs-de-demain3-1-scaled.jpg\",\"width\":2560,\"height\":1707},{\"@type\":\"BreadcrumbList\",\"@id\":\"https:\/\/vosgesinfo.fr\/remiremontinfo\/2020\/03\/st-nabord-remerciements-de-ensemble-acteurs-de-demain\/#breadcrumb\",\"itemListElement\":[{\"@type\":\"ListItem\",\"position\":1,\"name\":\"Home\",\"item\":\"https:\/\/vosgesinfo.fr\/remiremontinfo\/\"},{\"@type\":\"ListItem\",\"position\":2,\"name\":\"St-Nabord : remerciements de \u00ab Ensemble, Acteurs de Demain\u00bb\"}]},{\"@type\":\"WebSite\",\"@id\":\"https:\/\/vosgesinfo.fr\/remiremontinfo\/#website\",\"url\":\"https:\/\/vosgesinfo.fr\/remiremontinfo\/\",\"name\":\"Remiremont Info\",\"description\":\"Toute l&#039;actualit\u00e9 de Remiremont\",\"publisher\":{\"@id\":\"https:\/\/vosgesinfo.fr\/remiremontinfo\/#organization\"},\"alternateName\":\"Toute l'actualit\u00e9 de Remiremont\",\"potentialAction\":[{\"@type\":\"SearchAction\",\"target\":{\"@type\":\"EntryPoint\",\"urlTemplate\":\"https:\/\/vosgesinfo.fr\/remiremontinfo\/?s={search_term_string}\"},\"query-input\":\"required name=search_term_string\"}],\"inLanguage\":\"fr-FR\"},{\"@type\":\"Organization\",\"@id\":\"https:\/\/vosgesinfo.fr\/remiremontinfo\/#organization\",\"name\":\"Remiremont Info\",\"url\":\"https:\/\/vosgesinfo.fr\/remiremontinfo\/\",\"logo\":{\"@type\":\"ImageObject\",\"inLanguage\":\"fr-FR\",\"@id\":\"https:\/\/vosgesinfo.fr\/remiremontinfo\/#\/schema\/logo\/image\/\",\"url\":\"https:\/\/vosgesinfo.fr\/app\/uploads\/sites\/5\/2023\/08\/favicon-remiremontinfo.png\",\"contentUrl\":\"https:\/\/vosgesinfo.fr\/app\/uploads\/sites\/5\/2023\/08\/favicon-remiremontinfo.png\",\"width\":512,\"height\":512,\"caption\":\"Remiremont Info\"},\"image\":{\"@id\":\"https:\/\/vosgesinfo.fr\/remiremontinfo\/#\/schema\/logo\/image\/\"},\"sameAs\":[\"https:\/\/www.facebook.com\/remiremontinfo\",\"https:\/\/x.com\/VosgesInfo88\",\"https:\/\/www.youtube.com\/@vosgesinfo\"]},{\"@type\":\"Person\",\"@id\":\"https:\/\/vosgesinfo.fr\/remiremontinfo\/#\/schema\/person\/4f57dc393faf2ac8b9f1cab30ad79250\",\"name\":\"Phj\",\"image\":{\"@type\":\"ImageObject\",\"inLanguage\":\"fr-FR\",\"@id\":\"https:\/\/vosgesinfo.fr\/remiremontinfo\/#\/schema\/person\/image\/\",\"url\":\"https:\/\/secure.gravatar.com\/avatar\/ada60265080fb9a89c9809bf0abb1f448a128cb85db1c08905baa5038fbe3cfe?s=96&d=mm&r=g\",\"contentUrl\":\"https:\/\/secure.gravatar.com\/avatar\/ada60265080fb9a89c9809bf0abb1f448a128cb85db1c08905baa5038fbe3cfe?s=96&d=mm&r=g\",\"caption\":\"Phj\"},\"url\":\"https:\/\/vosgesinfo.fr\/remiremontinfo\/author\/phj\/\"}]}<\/script>\n<!-- \/ Yoast SEO plugin. -->","yoast_head_json":{"title":"St-Nabord : remerciements de \u00ab Ensemble, Acteurs de Demain\u00bb - Remiremont Info","robots":{"index":"index","follow":"follow","max-snippet":"max-snippet:-1","max-image-preview":"max-image-preview:large","max-video-preview":"max-video-preview:-1"},"canonical":"https:\/\/vosgesinfo.fr\/remiremontinfo\/2020\/03\/st-nabord-remerciements-de-ensemble-acteurs-de-demain\/","twitter_card":"summary_large_image","twitter_title":"St-Nabord : remerciements de \u00ab Ensemble, Acteurs de Demain\u00bb - Remiremont Info","twitter_description":"Par ce communiqu\u00e9, nous tenions tout d\u2019abord \u00e0 remercier les 636 \u00e9lecteurs, soit plus de 47 % des votes exprim\u00e9s, [&hellip;]","twitter_image":"https:\/\/vosgesinfo.fr\/app\/uploads\/sites\/5\/2024\/09\/202002photo-de-groupe-ensemble-acteurs-de-demain3-1-scaled.jpg","twitter_creator":"@VosgesInfo88","twitter_site":"@VosgesInfo88","twitter_misc":{"\u00c9crit par":"Phj","Dur\u00e9e de lecture estim\u00e9e":"4 minutes"},"schema":{"@context":"https:\/\/schema.org","@graph":[{"@type":"Article","@id":"https:\/\/vosgesinfo.fr\/remiremontinfo\/2020\/03\/st-nabord-remerciements-de-ensemble-acteurs-de-demain\/#article","isPartOf":{"@id":"https:\/\/vosgesinfo.fr\/remiremontinfo\/2020\/03\/st-nabord-remerciements-de-ensemble-acteurs-de-demain\/"},"author":{"name":"Phj","@id":"https:\/\/vosgesinfo.fr\/remiremontinfo\/#\/schema\/person\/4f57dc393faf2ac8b9f1cab30ad79250"},"headline":"St-Nabord : remerciements de \u00ab Ensemble, Acteurs de Demain\u00bb","datePublished":"2020-03-27T06:49:48+00:00","dateModified":"2020-03-27T06:49:48+00:00","mainEntityOfPage":{"@id":"https:\/\/vosgesinfo.fr\/remiremontinfo\/2020\/03\/st-nabord-remerciements-de-ensemble-acteurs-de-demain\/"},"wordCount":726,"commentCount":0,"publisher":{"@id":"https:\/\/vosgesinfo.fr\/remiremontinfo\/#organization"},"image":{"@id":"https:\/\/vosgesinfo.fr\/remiremontinfo\/2020\/03\/st-nabord-remerciements-de-ensemble-acteurs-de-demain\/#primaryimage"},"thumbnailUrl":"https:\/\/vosgesinfo.fr\/app\/uploads\/sites\/5\/2024\/09\/202002photo-de-groupe-ensemble-acteurs-de-demain3-1-scaled.jpg","articleSection":["A la Une","Remiremont &amp; son canton","Saint-Nabord"],"inLanguage":"fr-FR","potentialAction":[{"@type":"CommentAction","name":"Comment","target":["https:\/\/vosgesinfo.fr\/remiremontinfo\/2020\/03\/st-nabord-remerciements-de-ensemble-acteurs-de-demain\/#respond"]}]},{"@type":"WebPage","@id":"https:\/\/vosgesinfo.fr\/remiremontinfo\/2020\/03\/st-nabord-remerciements-de-ensemble-acteurs-de-demain\/","url":"https:\/\/vosgesinfo.fr\/remiremontinfo\/2020\/03\/st-nabord-remerciements-de-ensemble-acteurs-de-demain\/","name":"St-Nabord : remerciements de \u00ab Ensemble, Acteurs de Demain\u00bb - Remiremont Info","isPartOf":{"@id":"https:\/\/vosgesinfo.fr\/remiremontinfo\/#website"},"primaryImageOfPage":{"@id":"https:\/\/vosgesinfo.fr\/remiremontinfo\/2020\/03\/st-nabord-remerciements-de-ensemble-acteurs-de-demain\/#primaryimage"},"image":{"@id":"https:\/\/vosgesinfo.fr\/remiremontinfo\/2020\/03\/st-nabord-remerciements-de-ensemble-acteurs-de-demain\/#primaryimage"},"thumbnailUrl":"https:\/\/vosgesinfo.fr\/app\/uploads\/sites\/5\/2024\/09\/202002photo-de-groupe-ensemble-acteurs-de-demain3-1-scaled.jpg","datePublished":"2020-03-27T06:49:48+00:00","dateModified":"2020-03-27T06:49:48+00:00","breadcrumb":{"@id":"https:\/\/vosgesinfo.fr\/remiremontinfo\/2020\/03\/st-nabord-remerciements-de-ensemble-acteurs-de-demain\/#breadcrumb"},"inLanguage":"fr-FR","potentialAction":[{"@type":"ReadAction","target":["https:\/\/vosgesinfo.fr\/remiremontinfo\/2020\/03\/st-nabord-remerciements-de-ensemble-acteurs-de-demain\/"]}]},{"@type":"ImageObject","inLanguage":"fr-FR","@id":"https:\/\/vosgesinfo.fr\/remiremontinfo\/2020\/03\/st-nabord-remerciements-de-ensemble-acteurs-de-demain\/#primaryimage","url":"https:\/\/vosgesinfo.fr\/app\/uploads\/sites\/5\/2024\/09\/202002photo-de-groupe-ensemble-acteurs-de-demain3-1-scaled.jpg","contentUrl":"https:\/\/vosgesinfo.fr\/app\/uploads\/sites\/5\/2024\/09\/202002photo-de-groupe-ensemble-acteurs-de-demain3-1-scaled.jpg","width":2560,"height":1707},{"@type":"BreadcrumbList","@id":"https:\/\/vosgesinfo.fr\/remiremontinfo\/2020\/03\/st-nabord-remerciements-de-ensemble-acteurs-de-demain\/#breadcrumb","itemListElement":[{"@type":"ListItem","position":1,"name":"Home","item":"https:\/\/vosgesinfo.fr\/remiremontinfo\/"},{"@type":"ListItem","position":2,"name":"St-Nabord : remerciements de \u00ab Ensemble, Acteurs de Demain\u00bb"}]},{"@type":"WebSite","@id":"https:\/\/vosgesinfo.fr\/remiremontinfo\/#website","url":"https:\/\/vosgesinfo.fr\/remiremontinfo\/","name":"Remiremont Info","description":"Toute l&#039;actualit\u00e9 de Remiremont","publisher":{"@id":"https:\/\/vosgesinfo.fr\/remiremontinfo\/#organization"},"alternateName":"Toute l'actualit\u00e9 de Remiremont","potentialAction":[{"@type":"SearchAction","target":{"@type":"EntryPoint","urlTemplate":"https:\/\/vosgesinfo.fr\/remiremontinfo\/?s={search_term_string}"},"query-input":"required name=search_term_string"}],"inLanguage":"fr-FR"},{"@type":"Organization","@id":"https:\/\/vosgesinfo.fr\/remiremontinfo\/#organization","name":"Remiremont Info","url":"https:\/\/vosgesinfo.fr\/remiremontinfo\/","logo":{"@type":"ImageObject","inLanguage":"fr-FR","@id":"https:\/\/vosgesinfo.fr\/remiremontinfo\/#\/schema\/logo\/image\/","url":"https:\/\/vosgesinfo.fr\/app\/uploads\/sites\/5\/2023\/08\/favicon-remiremontinfo.png","contentUrl":"https:\/\/vosgesinfo.fr\/app\/uploads\/sites\/5\/2023\/08\/favicon-remiremontinfo.png","width":512,"height":512,"caption":"Remiremont Info"},"image":{"@id":"https:\/\/vosgesinfo.fr\/remiremontinfo\/#\/schema\/logo\/image\/"},"sameAs":["https:\/\/www.facebook.com\/remiremontinfo","https:\/\/x.com\/VosgesInfo88","https:\/\/www.youtube.com\/@vosgesinfo"]},{"@type":"Person","@id":"https:\/\/vosgesinfo.fr\/remiremontinfo\/#\/schema\/person\/4f57dc393faf2ac8b9f1cab30ad79250","name":"Phj","image":{"@type":"ImageObject","inLanguage":"fr-FR","@id":"https:\/\/vosgesinfo.fr\/remiremontinfo\/#\/schema\/person\/image\/","url":"https:\/\/secure.gravatar.com\/avatar\/ada60265080fb9a89c9809bf0abb1f448a128cb85db1c08905baa5038fbe3cfe?s=96&d=mm&r=g","contentUrl":"https:\/\/secure.gravatar.com\/avatar\/ada60265080fb9a89c9809bf0abb1f448a128cb85db1c08905baa5038fbe3cfe?s=96&d=mm&r=g","caption":"Phj"},"url":"https:\/\/vosgesinfo.fr\/remiremontinfo\/author\/phj\/"}]}},"_links":{"self":[{"href":"https:\/\/vosgesinfo.fr\/remiremontinfo\/wp-json\/wp\/v2\/posts\/26433","targetHints":{"allow":["GET"]}}],"collection":[{"href":"https:\/\/vosgesinfo.fr\/remiremontinfo\/wp-json\/wp\/v2\/posts"}],"about":[{"href":"https:\/\/vosgesinfo.fr\/remiremontinfo\/wp-json\/wp\/v2\/types\/post"}],"author":[{"embeddable":true,"href":"https:\/\/vosgesinfo.fr\/remiremontinfo\/wp-json\/wp\/v2\/users\/39"}],"replies":[{"embeddable":true,"href":"https:\/\/vosgesinfo.fr\/remiremontinfo\/wp-json\/wp\/v2\/comments?post=26433"}],"version-history":[{"count":0,"href":"https:\/\/vosgesinfo.fr\/remiremontinfo\/wp-json\/wp\/v2\/posts\/26433\/revisions"}],"wp:featuredmedia":[{"embeddable":true,"href":"https:\/\/vosgesinfo.fr\/remiremontinfo\/wp-json\/wp\/v2\/media\/26434"}],"wp:attachment":[{"href":"https:\/\/vosgesinfo.fr\/remiremontinfo\/wp-json\/wp\/v2\/media?parent=26433"}],"wp:term":[{"taxonomy":"category","embeddable":true,"href":"https:\/\/vosgesinfo.fr\/remiremontinfo\/wp-json\/wp\/v2\/categories?post=26433"},{"taxonomy":"post_tag","embeddable":true,"href":"https:\/\/vosgesinfo.fr\/remiremontinfo\/wp-json\/wp\/v2\/tags?post=26433"}],"curies":[{"name":"wp","href":"https:\/\/api.w.org\/{rel}","templated":true}]}}