{"id":26439,"date":"2020-03-27T12:31:16","date_gmt":"2020-03-27T11:31:16","guid":{"rendered":"https:\/\/vosgesinfo.fr\/remiremontinfo\/2020\/03\/dispositif-dactivite-partielle\/"},"modified":"2020-03-27T12:31:16","modified_gmt":"2020-03-27T11:31:16","slug":"dispositif-dactivite-partielle","status":"publish","type":"post","link":"https:\/\/vosgesinfo.fr\/remiremontinfo\/2020\/03\/dispositif-dactivite-partielle\/","title":{"rendered":"Un dispositif d&rsquo;activit\u00e9 partielle"},"content":{"rendered":"<p>Afin de limiter les cons\u00e9quences d\u2019une baisse d\u2019activit\u00e9, li\u00e9e \u00e0 l\u2019\u00e9pid\u00e9mie de COVID-19, le Gouvernement a souhait\u00e9 redimensionner le dispositif d\u2019activit\u00e9 partielle (aussi appel\u00e9 \u00ab ch\u00f4mage partiel ou technique \u00bb).<br \/>\nEffectuez vos d\u00e9marches directement en ligne sur le portail :<br \/>\nhttps:\/\/activitepartielle.emploi.gouv.fr<br \/>\nPour toute demande d\u2019assistance t\u00e9l\u00e9phonique gratuite pour la prise en main de l\u2019outil \u00ab Activit\u00e9 partielle \u00bb :<br \/>\nNum\u00e9ro vert : 0800 705 800 pour la m\u00e9tropole de 8 h \u00e0 18 h, du lundi au vendredi.<br \/>\nPour toute demande d\u2019assistance au support technique par courriel : contactap@<br \/>\nasp-public.fr.<br \/>\nEn quoi consiste le dispositif exceptionnel d\u2019activit\u00e9 partielle?<br \/>\nL\u2019allocation d\u2019activit\u00e9 partielle vers\u00e9e par l\u2019\u00c9tat \u00e0 l\u2019entreprise, cofinanc\u00e9e par l\u2019\u00c9tat et l\u2019Unedic, n\u2019est plus forfaitaire mais proportionnelle \u00e0 la r\u00e9mun\u00e9ration des salari\u00e9s plac\u00e9s en activit\u00e9 partielle. Le reste \u00e0 charge pour l\u2019employeur est \u00e9gal \u00e0 z\u00e9ro pour tous les salari\u00e9s dont la r\u00e9mun\u00e9ration est inf\u00e9rieure \u00e0 4,5 SMIC brut.<br \/>\nLes salari\u00e9s au forfait jours et heures sur l\u2019ann\u00e9e peuvent d\u00e9sormais b\u00e9n\u00e9ficier de l\u2019activit\u00e9 partielle, en cas de r\u00e9duction de l\u2019horaire de travail et en cas de fermeture totale de l\u2019\u00e9tablissement.<br \/>\nLe nouveau d\u00e9cret pr\u00e9voit une r\u00e9duction des d\u00e9lais d\u2019instruction et une proc\u00e9dure simplifi\u00e9e :<br \/>\n\uf0b7 Vous avez d\u00e9sormais jusqu\u2019\u00e0 30 jours \u00e0 compter du jour o\u00f9 vous avez plac\u00e9 vos salari\u00e9s en activit\u00e9 partielle, pour d\u00e9poser votre demande en ligne, avec effet r\u00e9troactif. Ex. : si vous avez plac\u00e9 vos salari\u00e9s en activit\u00e9<br \/>\npartielle le 20 mars 2020, vous avez jusqu\u2019au 20 avril 2020 pour effectuer votre demande.<br \/>\n\uf0b7 Les services de l\u2019\u00c9tat (Direccte) vous r\u00e9pondent sous 48 h. L\u2019absence de r\u00e9ponse sous 48 h vaut d\u00e9cision d\u2019accord.<br \/>\n\uf0b7 L\u2019avis rendu par le comit\u00e9 social et \u00e9conomique (CSE), qui doit en principe intervenir pr\u00e9alablement au recours \u00e0 l\u2019activit\u00e9 partielle, pourra intervenir apr\u00e8s le placement des salari\u00e9s en activit\u00e9 partielle et \u00eatre adress\u00e9 dans un d\u00e9lai de 2 mois \u00e0 compter de la demande d\u2019activit\u00e9 partielle.<br \/>\n\u00c0 signaler<br \/>\nFace \u00e0 l\u2019afflux de demandes, il est possible que l\u2019extranet soit temporairement inaccessible. Une entreprise pourra signaler par messagerie \u00e0 l\u2019adresse institutionnelle de l\u2019Unit\u00e9 d\u00e9partementale de la Direccte :<\/p>\n<p>lorrai ut88.activitepartielle@<br \/>\ndireccte.gouv.fr, sa demande de placement en activit\u00e9 partielle, en<br \/>\nindiquant :<br \/>\n\uf0b7 Le nom (Raison sociale) de son entreprise<br \/>\n\uf0b7 Son Siret<br \/>\n\uf0b7 Son adresse<br \/>\n\uf0b7 Le p\u00e9riode demand\u00e9e (dans la limite d\u2019une p\u00e9riode de 6 mois maximum)<br \/>\n\uf0b7 Le nombre de salari\u00e9s concern\u00e9s<br \/>\n\uf0b7 Le volume d\u2019heures demand\u00e9es<br \/>\nL\u2019entreprise devra n\u00e9anmoins saisir sa demande sur l\u2019extranet. Celle-ci sera prise en compte r\u00e9troactivement \u00e0 la date o\u00f9 l\u2019entreprise a essay\u00e9 de se connecter pour d\u00e9poser un dossier ou \u00e0 minima \u00e0 la date de mise en oeuvre du<br \/>\ndispositif.<br \/>\nEnfin, pour rappel, le site du Minist\u00e8re du travail est r\u00e9guli\u00e8rement mis \u00e0 jour concernant les actualit\u00e9s sur le Covid-19 :<br \/>\n-Minist\u00e8re du travail : page d&rsquo;accueil<br \/>\n-Activit\u00e9 partielle : fiche pratique<\/p>\n","protected":false},"excerpt":{"rendered":"<p>Afin de limiter les cons\u00e9quences d\u2019une baisse d\u2019activit\u00e9, li\u00e9e \u00e0 l\u2019\u00e9pid\u00e9mie de COVID-19, le Gouvernement a souhait\u00e9 redimensionner le dispositif [&hellip;]<\/p>\n","protected":false},"author":39,"featured_media":26440,"comment_status":"open","ping_status":"open","sticky":false,"template":"","format":"standard","meta":{"footnotes":""},"categories":[26,18],"tags":[],"class_list":["post-26439","post","type-post","status-publish","format-standard","has-post-thumbnail","hentry","category-a-la-une","category-vosges"],"acf":[],"yoast_head":"<!-- This site is optimized with the Yoast SEO plugin v22.5 - https:\/\/yoast.com\/wordpress\/plugins\/seo\/ -->\n<title>Un dispositif d&#039;activit\u00e9 partielle - Remiremont Info<\/title>\n<meta name=\"robots\" content=\"index, follow, max-snippet:-1, max-image-preview:large, max-video-preview:-1\" \/>\n<link rel=\"canonical\" href=\"https:\/\/vosgesinfo.fr\/remiremontinfo\/2020\/03\/dispositif-dactivite-partielle\/\" \/>\n<meta name=\"twitter:card\" content=\"summary_large_image\" \/>\n<meta name=\"twitter:title\" content=\"Un dispositif d&#039;activit\u00e9 partielle - Remiremont Info\" \/>\n<meta name=\"twitter:description\" content=\"Afin de limiter les cons\u00e9quences d\u2019une baisse d\u2019activit\u00e9, li\u00e9e \u00e0 l\u2019\u00e9pid\u00e9mie de COVID-19, le Gouvernement a souhait\u00e9 redimensionner le dispositif [&hellip;]\" \/>\n<meta name=\"twitter:image\" content=\"https:\/\/vosgesinfo.fr\/app\/uploads\/sites\/5\/2024\/09\/202003activite-partiellle.jpg\" \/>\n<meta name=\"twitter:creator\" content=\"@VosgesInfo88\" \/>\n<meta name=\"twitter:site\" content=\"@VosgesInfo88\" \/>\n<meta name=\"twitter:label1\" content=\"\u00c9crit par\" \/>\n\t<meta name=\"twitter:data1\" content=\"Phj\" \/>\n\t<meta name=\"twitter:label2\" content=\"Dur\u00e9e de lecture estim\u00e9e\" \/>\n\t<meta name=\"twitter:data2\" content=\"3 minutes\" \/>\n<script type=\"application\/ld+json\" class=\"yoast-schema-graph\">{\"@context\":\"https:\/\/schema.org\",\"@graph\":[{\"@type\":\"Article\",\"@id\":\"https:\/\/vosgesinfo.fr\/remiremontinfo\/2020\/03\/dispositif-dactivite-partielle\/#article\",\"isPartOf\":{\"@id\":\"https:\/\/vosgesinfo.fr\/remiremontinfo\/2020\/03\/dispositif-dactivite-partielle\/\"},\"author\":{\"name\":\"Phj\",\"@id\":\"https:\/\/vosgesinfo.fr\/remiremontinfo\/#\/schema\/person\/4f57dc393faf2ac8b9f1cab30ad79250\"},\"headline\":\"Un dispositif d&rsquo;activit\u00e9 partielle\",\"datePublished\":\"2020-03-27T11:31:16+00:00\",\"dateModified\":\"2020-03-27T11:31:16+00:00\",\"mainEntityOfPage\":{\"@id\":\"https:\/\/vosgesinfo.fr\/remiremontinfo\/2020\/03\/dispositif-dactivite-partielle\/\"},\"wordCount\":522,\"commentCount\":0,\"publisher\":{\"@id\":\"https:\/\/vosgesinfo.fr\/remiremontinfo\/#organization\"},\"image\":{\"@id\":\"https:\/\/vosgesinfo.fr\/remiremontinfo\/2020\/03\/dispositif-dactivite-partielle\/#primaryimage\"},\"thumbnailUrl\":\"https:\/\/vosgesinfo.fr\/app\/uploads\/sites\/5\/2024\/09\/202003activite-partiellle.jpg\",\"articleSection\":[\"A la Une\",\"Vosges\"],\"inLanguage\":\"fr-FR\",\"potentialAction\":[{\"@type\":\"CommentAction\",\"name\":\"Comment\",\"target\":[\"https:\/\/vosgesinfo.fr\/remiremontinfo\/2020\/03\/dispositif-dactivite-partielle\/#respond\"]}]},{\"@type\":\"WebPage\",\"@id\":\"https:\/\/vosgesinfo.fr\/remiremontinfo\/2020\/03\/dispositif-dactivite-partielle\/\",\"url\":\"https:\/\/vosgesinfo.fr\/remiremontinfo\/2020\/03\/dispositif-dactivite-partielle\/\",\"name\":\"Un dispositif d'activit\u00e9 partielle - Remiremont Info\",\"isPartOf\":{\"@id\":\"https:\/\/vosgesinfo.fr\/remiremontinfo\/#website\"},\"primaryImageOfPage\":{\"@id\":\"https:\/\/vosgesinfo.fr\/remiremontinfo\/2020\/03\/dispositif-dactivite-partielle\/#primaryimage\"},\"image\":{\"@id\":\"https:\/\/vosgesinfo.fr\/remiremontinfo\/2020\/03\/dispositif-dactivite-partielle\/#primaryimage\"},\"thumbnailUrl\":\"https:\/\/vosgesinfo.fr\/app\/uploads\/sites\/5\/2024\/09\/202003activite-partiellle.jpg\",\"datePublished\":\"2020-03-27T11:31:16+00:00\",\"dateModified\":\"2020-03-27T11:31:16+00:00\",\"breadcrumb\":{\"@id\":\"https:\/\/vosgesinfo.fr\/remiremontinfo\/2020\/03\/dispositif-dactivite-partielle\/#breadcrumb\"},\"inLanguage\":\"fr-FR\",\"potentialAction\":[{\"@type\":\"ReadAction\",\"target\":[\"https:\/\/vosgesinfo.fr\/remiremontinfo\/2020\/03\/dispositif-dactivite-partielle\/\"]}]},{\"@type\":\"ImageObject\",\"inLanguage\":\"fr-FR\",\"@id\":\"https:\/\/vosgesinfo.fr\/remiremontinfo\/2020\/03\/dispositif-dactivite-partielle\/#primaryimage\",\"url\":\"https:\/\/vosgesinfo.fr\/app\/uploads\/sites\/5\/2024\/09\/202003activite-partiellle.jpg\",\"contentUrl\":\"https:\/\/vosgesinfo.fr\/app\/uploads\/sites\/5\/2024\/09\/202003activite-partiellle.jpg\",\"width\":600,\"height\":366},{\"@type\":\"BreadcrumbList\",\"@id\":\"https:\/\/vosgesinfo.fr\/remiremontinfo\/2020\/03\/dispositif-dactivite-partielle\/#breadcrumb\",\"itemListElement\":[{\"@type\":\"ListItem\",\"position\":1,\"name\":\"Home\",\"item\":\"https:\/\/vosgesinfo.fr\/remiremontinfo\/\"},{\"@type\":\"ListItem\",\"position\":2,\"name\":\"Un dispositif d&rsquo;activit\u00e9 partielle\"}]},{\"@type\":\"WebSite\",\"@id\":\"https:\/\/vosgesinfo.fr\/remiremontinfo\/#website\",\"url\":\"https:\/\/vosgesinfo.fr\/remiremontinfo\/\",\"name\":\"Remiremont Info\",\"description\":\"Toute l&#039;actualit\u00e9 de Remiremont\",\"publisher\":{\"@id\":\"https:\/\/vosgesinfo.fr\/remiremontinfo\/#organization\"},\"alternateName\":\"Toute l'actualit\u00e9 de Remiremont\",\"potentialAction\":[{\"@type\":\"SearchAction\",\"target\":{\"@type\":\"EntryPoint\",\"urlTemplate\":\"https:\/\/vosgesinfo.fr\/remiremontinfo\/?s={search_term_string}\"},\"query-input\":\"required name=search_term_string\"}],\"inLanguage\":\"fr-FR\"},{\"@type\":\"Organization\",\"@id\":\"https:\/\/vosgesinfo.fr\/remiremontinfo\/#organization\",\"name\":\"Remiremont Info\",\"url\":\"https:\/\/vosgesinfo.fr\/remiremontinfo\/\",\"logo\":{\"@type\":\"ImageObject\",\"inLanguage\":\"fr-FR\",\"@id\":\"https:\/\/vosgesinfo.fr\/remiremontinfo\/#\/schema\/logo\/image\/\",\"url\":\"https:\/\/vosgesinfo.fr\/app\/uploads\/sites\/5\/2023\/08\/favicon-remiremontinfo.png\",\"contentUrl\":\"https:\/\/vosgesinfo.fr\/app\/uploads\/sites\/5\/2023\/08\/favicon-remiremontinfo.png\",\"width\":512,\"height\":512,\"caption\":\"Remiremont Info\"},\"image\":{\"@id\":\"https:\/\/vosgesinfo.fr\/remiremontinfo\/#\/schema\/logo\/image\/\"},\"sameAs\":[\"https:\/\/www.facebook.com\/remiremontinfo\",\"https:\/\/x.com\/VosgesInfo88\",\"https:\/\/www.youtube.com\/@vosgesinfo\"]},{\"@type\":\"Person\",\"@id\":\"https:\/\/vosgesinfo.fr\/remiremontinfo\/#\/schema\/person\/4f57dc393faf2ac8b9f1cab30ad79250\",\"name\":\"Phj\",\"image\":{\"@type\":\"ImageObject\",\"inLanguage\":\"fr-FR\",\"@id\":\"https:\/\/vosgesinfo.fr\/remiremontinfo\/#\/schema\/person\/image\/\",\"url\":\"https:\/\/secure.gravatar.com\/avatar\/ada60265080fb9a89c9809bf0abb1f448a128cb85db1c08905baa5038fbe3cfe?s=96&d=mm&r=g\",\"contentUrl\":\"https:\/\/secure.gravatar.com\/avatar\/ada60265080fb9a89c9809bf0abb1f448a128cb85db1c08905baa5038fbe3cfe?s=96&d=mm&r=g\",\"caption\":\"Phj\"},\"url\":\"https:\/\/vosgesinfo.fr\/remiremontinfo\/author\/phj\/\"}]}<\/script>\n<!-- \/ Yoast SEO plugin. -->","yoast_head_json":{"title":"Un dispositif d'activit\u00e9 partielle - Remiremont Info","robots":{"index":"index","follow":"follow","max-snippet":"max-snippet:-1","max-image-preview":"max-image-preview:large","max-video-preview":"max-video-preview:-1"},"canonical":"https:\/\/vosgesinfo.fr\/remiremontinfo\/2020\/03\/dispositif-dactivite-partielle\/","twitter_card":"summary_large_image","twitter_title":"Un dispositif d'activit\u00e9 partielle - Remiremont Info","twitter_description":"Afin de limiter les cons\u00e9quences d\u2019une baisse d\u2019activit\u00e9, li\u00e9e \u00e0 l\u2019\u00e9pid\u00e9mie de COVID-19, le Gouvernement a souhait\u00e9 redimensionner le dispositif [&hellip;]","twitter_image":"https:\/\/vosgesinfo.fr\/app\/uploads\/sites\/5\/2024\/09\/202003activite-partiellle.jpg","twitter_creator":"@VosgesInfo88","twitter_site":"@VosgesInfo88","twitter_misc":{"\u00c9crit par":"Phj","Dur\u00e9e de lecture estim\u00e9e":"3 minutes"},"schema":{"@context":"https:\/\/schema.org","@graph":[{"@type":"Article","@id":"https:\/\/vosgesinfo.fr\/remiremontinfo\/2020\/03\/dispositif-dactivite-partielle\/#article","isPartOf":{"@id":"https:\/\/vosgesinfo.fr\/remiremontinfo\/2020\/03\/dispositif-dactivite-partielle\/"},"author":{"name":"Phj","@id":"https:\/\/vosgesinfo.fr\/remiremontinfo\/#\/schema\/person\/4f57dc393faf2ac8b9f1cab30ad79250"},"headline":"Un dispositif d&rsquo;activit\u00e9 partielle","datePublished":"2020-03-27T11:31:16+00:00","dateModified":"2020-03-27T11:31:16+00:00","mainEntityOfPage":{"@id":"https:\/\/vosgesinfo.fr\/remiremontinfo\/2020\/03\/dispositif-dactivite-partielle\/"},"wordCount":522,"commentCount":0,"publisher":{"@id":"https:\/\/vosgesinfo.fr\/remiremontinfo\/#organization"},"image":{"@id":"https:\/\/vosgesinfo.fr\/remiremontinfo\/2020\/03\/dispositif-dactivite-partielle\/#primaryimage"},"thumbnailUrl":"https:\/\/vosgesinfo.fr\/app\/uploads\/sites\/5\/2024\/09\/202003activite-partiellle.jpg","articleSection":["A la Une","Vosges"],"inLanguage":"fr-FR","potentialAction":[{"@type":"CommentAction","name":"Comment","target":["https:\/\/vosgesinfo.fr\/remiremontinfo\/2020\/03\/dispositif-dactivite-partielle\/#respond"]}]},{"@type":"WebPage","@id":"https:\/\/vosgesinfo.fr\/remiremontinfo\/2020\/03\/dispositif-dactivite-partielle\/","url":"https:\/\/vosgesinfo.fr\/remiremontinfo\/2020\/03\/dispositif-dactivite-partielle\/","name":"Un dispositif d'activit\u00e9 partielle - Remiremont Info","isPartOf":{"@id":"https:\/\/vosgesinfo.fr\/remiremontinfo\/#website"},"primaryImageOfPage":{"@id":"https:\/\/vosgesinfo.fr\/remiremontinfo\/2020\/03\/dispositif-dactivite-partielle\/#primaryimage"},"image":{"@id":"https:\/\/vosgesinfo.fr\/remiremontinfo\/2020\/03\/dispositif-dactivite-partielle\/#primaryimage"},"thumbnailUrl":"https:\/\/vosgesinfo.fr\/app\/uploads\/sites\/5\/2024\/09\/202003activite-partiellle.jpg","datePublished":"2020-03-27T11:31:16+00:00","dateModified":"2020-03-27T11:31:16+00:00","breadcrumb":{"@id":"https:\/\/vosgesinfo.fr\/remiremontinfo\/2020\/03\/dispositif-dactivite-partielle\/#breadcrumb"},"inLanguage":"fr-FR","potentialAction":[{"@type":"ReadAction","target":["https:\/\/vosgesinfo.fr\/remiremontinfo\/2020\/03\/dispositif-dactivite-partielle\/"]}]},{"@type":"ImageObject","inLanguage":"fr-FR","@id":"https:\/\/vosgesinfo.fr\/remiremontinfo\/2020\/03\/dispositif-dactivite-partielle\/#primaryimage","url":"https:\/\/vosgesinfo.fr\/app\/uploads\/sites\/5\/2024\/09\/202003activite-partiellle.jpg","contentUrl":"https:\/\/vosgesinfo.fr\/app\/uploads\/sites\/5\/2024\/09\/202003activite-partiellle.jpg","width":600,"height":366},{"@type":"BreadcrumbList","@id":"https:\/\/vosgesinfo.fr\/remiremontinfo\/2020\/03\/dispositif-dactivite-partielle\/#breadcrumb","itemListElement":[{"@type":"ListItem","position":1,"name":"Home","item":"https:\/\/vosgesinfo.fr\/remiremontinfo\/"},{"@type":"ListItem","position":2,"name":"Un dispositif d&rsquo;activit\u00e9 partielle"}]},{"@type":"WebSite","@id":"https:\/\/vosgesinfo.fr\/remiremontinfo\/#website","url":"https:\/\/vosgesinfo.fr\/remiremontinfo\/","name":"Remiremont Info","description":"Toute l&#039;actualit\u00e9 de Remiremont","publisher":{"@id":"https:\/\/vosgesinfo.fr\/remiremontinfo\/#organization"},"alternateName":"Toute l'actualit\u00e9 de Remiremont","potentialAction":[{"@type":"SearchAction","target":{"@type":"EntryPoint","urlTemplate":"https:\/\/vosgesinfo.fr\/remiremontinfo\/?s={search_term_string}"},"query-input":"required name=search_term_string"}],"inLanguage":"fr-FR"},{"@type":"Organization","@id":"https:\/\/vosgesinfo.fr\/remiremontinfo\/#organization","name":"Remiremont Info","url":"https:\/\/vosgesinfo.fr\/remiremontinfo\/","logo":{"@type":"ImageObject","inLanguage":"fr-FR","@id":"https:\/\/vosgesinfo.fr\/remiremontinfo\/#\/schema\/logo\/image\/","url":"https:\/\/vosgesinfo.fr\/app\/uploads\/sites\/5\/2023\/08\/favicon-remiremontinfo.png","contentUrl":"https:\/\/vosgesinfo.fr\/app\/uploads\/sites\/5\/2023\/08\/favicon-remiremontinfo.png","width":512,"height":512,"caption":"Remiremont Info"},"image":{"@id":"https:\/\/vosgesinfo.fr\/remiremontinfo\/#\/schema\/logo\/image\/"},"sameAs":["https:\/\/www.facebook.com\/remiremontinfo","https:\/\/x.com\/VosgesInfo88","https:\/\/www.youtube.com\/@vosgesinfo"]},{"@type":"Person","@id":"https:\/\/vosgesinfo.fr\/remiremontinfo\/#\/schema\/person\/4f57dc393faf2ac8b9f1cab30ad79250","name":"Phj","image":{"@type":"ImageObject","inLanguage":"fr-FR","@id":"https:\/\/vosgesinfo.fr\/remiremontinfo\/#\/schema\/person\/image\/","url":"https:\/\/secure.gravatar.com\/avatar\/ada60265080fb9a89c9809bf0abb1f448a128cb85db1c08905baa5038fbe3cfe?s=96&d=mm&r=g","contentUrl":"https:\/\/secure.gravatar.com\/avatar\/ada60265080fb9a89c9809bf0abb1f448a128cb85db1c08905baa5038fbe3cfe?s=96&d=mm&r=g","caption":"Phj"},"url":"https:\/\/vosgesinfo.fr\/remiremontinfo\/author\/phj\/"}]}},"_links":{"self":[{"href":"https:\/\/vosgesinfo.fr\/remiremontinfo\/wp-json\/wp\/v2\/posts\/26439","targetHints":{"allow":["GET"]}}],"collection":[{"href":"https:\/\/vosgesinfo.fr\/remiremontinfo\/wp-json\/wp\/v2\/posts"}],"about":[{"href":"https:\/\/vosgesinfo.fr\/remiremontinfo\/wp-json\/wp\/v2\/types\/post"}],"author":[{"embeddable":true,"href":"https:\/\/vosgesinfo.fr\/remiremontinfo\/wp-json\/wp\/v2\/users\/39"}],"replies":[{"embeddable":true,"href":"https:\/\/vosgesinfo.fr\/remiremontinfo\/wp-json\/wp\/v2\/comments?post=26439"}],"version-history":[{"count":0,"href":"https:\/\/vosgesinfo.fr\/remiremontinfo\/wp-json\/wp\/v2\/posts\/26439\/revisions"}],"wp:featuredmedia":[{"embeddable":true,"href":"https:\/\/vosgesinfo.fr\/remiremontinfo\/wp-json\/wp\/v2\/media\/26440"}],"wp:attachment":[{"href":"https:\/\/vosgesinfo.fr\/remiremontinfo\/wp-json\/wp\/v2\/media?parent=26439"}],"wp:term":[{"taxonomy":"category","embeddable":true,"href":"https:\/\/vosgesinfo.fr\/remiremontinfo\/wp-json\/wp\/v2\/categories?post=26439"},{"taxonomy":"post_tag","embeddable":true,"href":"https:\/\/vosgesinfo.fr\/remiremontinfo\/wp-json\/wp\/v2\/tags?post=26439"}],"curies":[{"name":"wp","href":"https:\/\/api.w.org\/{rel}","templated":true}]}}