{"id":26444,"date":"2020-03-27T16:50:16","date_gmt":"2020-03-27T15:50:16","guid":{"rendered":"https:\/\/vosgesinfo.fr\/remiremontinfo\/2020\/03\/covid-19-point-situation-ehpad-de-region\/"},"modified":"2020-03-27T16:50:16","modified_gmt":"2020-03-27T15:50:16","slug":"covid-19-point-situation-ehpad-de-region","status":"publish","type":"post","link":"https:\/\/vosgesinfo.fr\/remiremontinfo\/2020\/03\/covid-19-point-situation-ehpad-de-region\/","title":{"rendered":"Covid-19 : le point sur la situation dans les EHPAD de la R\u00e9gion"},"content":{"rendered":"<p>Afin de faire face \u00e0 l\u2019\u00e9pid\u00e9mie de COVID-19 tr\u00e8s active sur le territoire, l\u2019ARS Grand Est, en lien avec les conseils d\u00e9partementaux, met en \u0153uvre un plan d\u2019actions visant \u00e0 renforcer la pr\u00e9vention aupr\u00e8s des personnes \u00e2g\u00e9es dans les EHPAD.<br \/>\nLes personnes \u00e2g\u00e9es sont des personnes pr\u00e9sentant une vuln\u00e9rabilit\u00e9 particuli\u00e8re au virus SarsCov2 compte tenu de leur fragilit\u00e9 et des facteurs de sensibilit\u00e9 propres.<br \/>\nD\u00e8s les premiers jours de l\u2019\u00e9pid\u00e9mie, des mesures de pr\u00e9vention et de protection ont \u00e9t\u00e9 prises par les directions des EHPAD pour pr\u00e9server la sant\u00e9 des r\u00e9sidents : activation de leurs plans bleus et de leurs plans de continuit\u00e9 d\u2019activit\u00e9, stricte application des mesures barri\u00e8res et des mesures d\u2019hygi\u00e8ne, visites non autoris\u00e9es, v\u00e9rification du stock d\u2019\u00e9quipements notamment de masques chirurgicaux\u2026<br \/>\nC\u2019est pour \u00e9viter l\u2019acc\u00e9l\u00e9ration de la propagation du virus dans ces \u00e9tablissements et s\u00e9curiser la prise en charge des r\u00e9sidents que l\u2019ARS Grand Est, en lien avec les D\u00e9partements, a d\u00e9cid\u00e9 de renforcer ces mesures par les actions suivantes :<br \/>\n&#8211; Le port obligatoire de masques chirurgicaux pour tous les personnels soignants travaillant dans les EHPAD du Grand Est ;<br \/>\n&#8211; La mise en place d\u2019une astreinte m\u00e9dicale 24h\/24 7 jours\/7 d\u00e9di\u00e9e aux EHPAD par territoire. L\u2019objectif est d\u2019apporter aux m\u00e9decins exer\u00e7ant en EHPAD un appui g\u00e9riatrique face aux situations d\u2019infections COVID-19 chez des r\u00e9sidents. Cette astreinte g\u00e9riatrique reposera sur le m\u00e9decin g\u00e9riatre r\u00e9f\u00e9rent du Groupement Hospitalier de Territoire, qui en lien avec le service d\u2019infectiologie de recours, le centre 15 et les SAU du territoire, dispensera ses consignes, fournira les protocoles de soins, fera des t\u00e9l\u00e9consultations ou des t\u00e9l\u00e9prescriptions\u2026<br \/>\nCe m\u00e9decin g\u00e9riatre r\u00e9f\u00e8rent pourra \u00e9galement solliciter toutes les structures disponibles localement pour venir en appui \u00e0 l\u2019organisation de la prise en charge m\u00e9dicale des r\u00e9sidents COVID-19 au sein de l\u2019EHPAD (Hospitalisation \u00e0 Domicile, Equipes mobiles g\u00e9riatriques extrahospitali\u00e8res, R\u00e9seaux de sant\u00e9 en g\u00e9rontologie, Equipes mobiles de soins palliatifs et r\u00e9seaux de soins palliatifs).<br \/>\n&#8211; Le renforcement de personnels dans les EHPAD en mobilisant le dispositif d\u2019astreinte d\u2019Infirmiers Dipl\u00f4m\u00e9s d\u2019Etat de nuit, en mutualisant les personnels sur un territoire ou encore en recourant aux \u00e9l\u00e8ves infirmiers. D\u00e8s mercredi prochain, une plateforme de recueil de volontariat, \u00e9labor\u00e9e par l\u2019URIOPSS en partenariat avec l\u2019ARS et la DRJSCS, sera mise en ligne afin de mettre directement en relation les \u00e9tablissements m\u00e9dico-sociaux et les professionnels de sant\u00e9 volontaires. Les \u00e9tablissements m\u00e9dico-sociaux publieront ainsi leurs offres et leurs besoins en personnels et les volontaires pourront r\u00e9pondre \u00e0 ces offres.<br \/>\n2<br \/>\n&#8211; L\u2019anticipation des besoins logistiques (masques, solutions hydro alcooliques, lunettes \u00e0 usage multiples\u2026) des EHPAD et la mobilisation de mat\u00e9riels sanitaires compl\u00e9mentaires n\u00e9cessaires d\u00e8s le premier cas COVID confirm\u00e9 (oxyg\u00e8ne et a\u00e9rosol th\u00e9rapie, mat\u00e9riel de perfusion\u2026). L\u2019objectif pour l\u2019ARS, par des \u00e9changes r\u00e9guliers avec les \u00e9tablissements, est d\u2019anticiper toutes difficult\u00e9s \u00e9ventuelles d\u2019approvisionnement.<br \/>\n&#8211; Le contexte \u00e9pid\u00e9mique exceptionnel que nous vivons actuellement fait que les conditions d\u2019exercice pour les personnels soignants peuvent \u00eatre difficiles. Diff\u00e9rentes solutions de soutien psychologiques seront propos\u00e9es :<br \/>\no La mobilisation de l\u2019Espace de R\u00e9flexion Ethique Grand Est (www.erege.fr) qui a mis en place une cellule de soutien \u00e9thique,<br \/>\no La sollicitation des centres m\u00e9dico-psychologiques du territoire,<br \/>\no L\u2019utilisation du r\u00e9seau de soutien psychologique aux professionnels de sant\u00e9 : www.asso-sps.fr\/reseau-national-du-rps,<br \/>\no La sollicitation de psychologues exer\u00e7ant au sein des structures sanitaires et m\u00e9dico-sociales du territoire.<br \/>\nCes actions seront engag\u00e9es, en lien avec les partenaires et les structures m\u00e9dico-sociales, d\u00e8s ce jour.<br \/>\nContacts presse<br \/>\nARS Grand Est : ars-grandest-presse@ars.sante.fr<br \/>\nPr\u00e9fecture de la r\u00e9gion Grand Est : aurelie.contrecivile@bas-rhin.gouv.fr<\/p>\n","protected":false},"excerpt":{"rendered":"<p>Afin de faire face \u00e0 l\u2019\u00e9pid\u00e9mie de COVID-19 tr\u00e8s active sur le territoire, l\u2019ARS Grand Est, en lien avec les [&hellip;]<\/p>\n","protected":false},"author":39,"featured_media":26445,"comment_status":"open","ping_status":"open","sticky":false,"template":"","format":"standard","meta":{"footnotes":""},"categories":[26,12,18],"tags":[],"class_list":["post-26444","post","type-post","status-publish","format-standard","has-post-thumbnail","hentry","category-a-la-une","category-sante","category-vosges"],"acf":[],"yoast_head":"<!-- This site is optimized with the Yoast SEO plugin v22.5 - https:\/\/yoast.com\/wordpress\/plugins\/seo\/ -->\n<title>Covid-19 : le point sur la situation dans les EHPAD de la R\u00e9gion - Remiremont Info<\/title>\n<meta name=\"robots\" content=\"index, follow, max-snippet:-1, max-image-preview:large, max-video-preview:-1\" \/>\n<link rel=\"canonical\" href=\"https:\/\/vosgesinfo.fr\/remiremontinfo\/2020\/03\/covid-19-point-situation-ehpad-de-region\/\" \/>\n<meta name=\"twitter:card\" content=\"summary_large_image\" \/>\n<meta name=\"twitter:title\" content=\"Covid-19 : le point sur la situation dans les EHPAD de la R\u00e9gion - Remiremont Info\" \/>\n<meta name=\"twitter:description\" content=\"Afin de faire face \u00e0 l\u2019\u00e9pid\u00e9mie de COVID-19 tr\u00e8s active sur le territoire, l\u2019ARS Grand Est, en lien avec les [&hellip;]\" \/>\n<meta name=\"twitter:image\" content=\"https:\/\/vosgesinfo.fr\/app\/uploads\/sites\/5\/2024\/09\/202003coronavirus-4817450-1920-800x270-6.jpg\" \/>\n<meta name=\"twitter:creator\" content=\"@VosgesInfo88\" \/>\n<meta name=\"twitter:site\" content=\"@VosgesInfo88\" \/>\n<meta name=\"twitter:label1\" content=\"\u00c9crit par\" \/>\n\t<meta name=\"twitter:data1\" content=\"Phj\" \/>\n\t<meta name=\"twitter:label2\" content=\"Dur\u00e9e de lecture estim\u00e9e\" \/>\n\t<meta name=\"twitter:data2\" content=\"3 minutes\" \/>\n<script type=\"application\/ld+json\" class=\"yoast-schema-graph\">{\"@context\":\"https:\/\/schema.org\",\"@graph\":[{\"@type\":\"Article\",\"@id\":\"https:\/\/vosgesinfo.fr\/remiremontinfo\/2020\/03\/covid-19-point-situation-ehpad-de-region\/#article\",\"isPartOf\":{\"@id\":\"https:\/\/vosgesinfo.fr\/remiremontinfo\/2020\/03\/covid-19-point-situation-ehpad-de-region\/\"},\"author\":{\"name\":\"Phj\",\"@id\":\"https:\/\/vosgesinfo.fr\/remiremontinfo\/#\/schema\/person\/4f57dc393faf2ac8b9f1cab30ad79250\"},\"headline\":\"Covid-19 : le point sur la situation dans les EHPAD de la R\u00e9gion\",\"datePublished\":\"2020-03-27T15:50:16+00:00\",\"dateModified\":\"2020-03-27T15:50:16+00:00\",\"mainEntityOfPage\":{\"@id\":\"https:\/\/vosgesinfo.fr\/remiremontinfo\/2020\/03\/covid-19-point-situation-ehpad-de-region\/\"},\"wordCount\":699,\"commentCount\":0,\"publisher\":{\"@id\":\"https:\/\/vosgesinfo.fr\/remiremontinfo\/#organization\"},\"image\":{\"@id\":\"https:\/\/vosgesinfo.fr\/remiremontinfo\/2020\/03\/covid-19-point-situation-ehpad-de-region\/#primaryimage\"},\"thumbnailUrl\":\"https:\/\/vosgesinfo.fr\/app\/uploads\/sites\/5\/2024\/09\/202003coronavirus-4817450-1920-800x270-6.jpg\",\"articleSection\":[\"A la Une\",\"Sant\u00e9\",\"Vosges\"],\"inLanguage\":\"fr-FR\",\"potentialAction\":[{\"@type\":\"CommentAction\",\"name\":\"Comment\",\"target\":[\"https:\/\/vosgesinfo.fr\/remiremontinfo\/2020\/03\/covid-19-point-situation-ehpad-de-region\/#respond\"]}]},{\"@type\":\"WebPage\",\"@id\":\"https:\/\/vosgesinfo.fr\/remiremontinfo\/2020\/03\/covid-19-point-situation-ehpad-de-region\/\",\"url\":\"https:\/\/vosgesinfo.fr\/remiremontinfo\/2020\/03\/covid-19-point-situation-ehpad-de-region\/\",\"name\":\"Covid-19 : le point sur la situation dans les EHPAD de la R\u00e9gion - Remiremont Info\",\"isPartOf\":{\"@id\":\"https:\/\/vosgesinfo.fr\/remiremontinfo\/#website\"},\"primaryImageOfPage\":{\"@id\":\"https:\/\/vosgesinfo.fr\/remiremontinfo\/2020\/03\/covid-19-point-situation-ehpad-de-region\/#primaryimage\"},\"image\":{\"@id\":\"https:\/\/vosgesinfo.fr\/remiremontinfo\/2020\/03\/covid-19-point-situation-ehpad-de-region\/#primaryimage\"},\"thumbnailUrl\":\"https:\/\/vosgesinfo.fr\/app\/uploads\/sites\/5\/2024\/09\/202003coronavirus-4817450-1920-800x270-6.jpg\",\"datePublished\":\"2020-03-27T15:50:16+00:00\",\"dateModified\":\"2020-03-27T15:50:16+00:00\",\"breadcrumb\":{\"@id\":\"https:\/\/vosgesinfo.fr\/remiremontinfo\/2020\/03\/covid-19-point-situation-ehpad-de-region\/#breadcrumb\"},\"inLanguage\":\"fr-FR\",\"potentialAction\":[{\"@type\":\"ReadAction\",\"target\":[\"https:\/\/vosgesinfo.fr\/remiremontinfo\/2020\/03\/covid-19-point-situation-ehpad-de-region\/\"]}]},{\"@type\":\"ImageObject\",\"inLanguage\":\"fr-FR\",\"@id\":\"https:\/\/vosgesinfo.fr\/remiremontinfo\/2020\/03\/covid-19-point-situation-ehpad-de-region\/#primaryimage\",\"url\":\"https:\/\/vosgesinfo.fr\/app\/uploads\/sites\/5\/2024\/09\/202003coronavirus-4817450-1920-800x270-6.jpg\",\"contentUrl\":\"https:\/\/vosgesinfo.fr\/app\/uploads\/sites\/5\/2024\/09\/202003coronavirus-4817450-1920-800x270-6.jpg\",\"width\":800,\"height\":270},{\"@type\":\"BreadcrumbList\",\"@id\":\"https:\/\/vosgesinfo.fr\/remiremontinfo\/2020\/03\/covid-19-point-situation-ehpad-de-region\/#breadcrumb\",\"itemListElement\":[{\"@type\":\"ListItem\",\"position\":1,\"name\":\"Home\",\"item\":\"https:\/\/vosgesinfo.fr\/remiremontinfo\/\"},{\"@type\":\"ListItem\",\"position\":2,\"name\":\"Covid-19 : le point sur la situation dans les EHPAD de la R\u00e9gion\"}]},{\"@type\":\"WebSite\",\"@id\":\"https:\/\/vosgesinfo.fr\/remiremontinfo\/#website\",\"url\":\"https:\/\/vosgesinfo.fr\/remiremontinfo\/\",\"name\":\"Remiremont Info\",\"description\":\"Toute l&#039;actualit\u00e9 de Remiremont\",\"publisher\":{\"@id\":\"https:\/\/vosgesinfo.fr\/remiremontinfo\/#organization\"},\"alternateName\":\"Toute l'actualit\u00e9 de Remiremont\",\"potentialAction\":[{\"@type\":\"SearchAction\",\"target\":{\"@type\":\"EntryPoint\",\"urlTemplate\":\"https:\/\/vosgesinfo.fr\/remiremontinfo\/?s={search_term_string}\"},\"query-input\":\"required name=search_term_string\"}],\"inLanguage\":\"fr-FR\"},{\"@type\":\"Organization\",\"@id\":\"https:\/\/vosgesinfo.fr\/remiremontinfo\/#organization\",\"name\":\"Remiremont Info\",\"url\":\"https:\/\/vosgesinfo.fr\/remiremontinfo\/\",\"logo\":{\"@type\":\"ImageObject\",\"inLanguage\":\"fr-FR\",\"@id\":\"https:\/\/vosgesinfo.fr\/remiremontinfo\/#\/schema\/logo\/image\/\",\"url\":\"https:\/\/vosgesinfo.fr\/app\/uploads\/sites\/5\/2023\/08\/favicon-remiremontinfo.png\",\"contentUrl\":\"https:\/\/vosgesinfo.fr\/app\/uploads\/sites\/5\/2023\/08\/favicon-remiremontinfo.png\",\"width\":512,\"height\":512,\"caption\":\"Remiremont Info\"},\"image\":{\"@id\":\"https:\/\/vosgesinfo.fr\/remiremontinfo\/#\/schema\/logo\/image\/\"},\"sameAs\":[\"https:\/\/www.facebook.com\/remiremontinfo\",\"https:\/\/x.com\/VosgesInfo88\",\"https:\/\/www.youtube.com\/@vosgesinfo\"]},{\"@type\":\"Person\",\"@id\":\"https:\/\/vosgesinfo.fr\/remiremontinfo\/#\/schema\/person\/4f57dc393faf2ac8b9f1cab30ad79250\",\"name\":\"Phj\",\"image\":{\"@type\":\"ImageObject\",\"inLanguage\":\"fr-FR\",\"@id\":\"https:\/\/vosgesinfo.fr\/remiremontinfo\/#\/schema\/person\/image\/\",\"url\":\"https:\/\/secure.gravatar.com\/avatar\/ada60265080fb9a89c9809bf0abb1f448a128cb85db1c08905baa5038fbe3cfe?s=96&d=mm&r=g\",\"contentUrl\":\"https:\/\/secure.gravatar.com\/avatar\/ada60265080fb9a89c9809bf0abb1f448a128cb85db1c08905baa5038fbe3cfe?s=96&d=mm&r=g\",\"caption\":\"Phj\"},\"url\":\"https:\/\/vosgesinfo.fr\/remiremontinfo\/author\/phj\/\"}]}<\/script>\n<!-- \/ Yoast SEO plugin. -->","yoast_head_json":{"title":"Covid-19 : le point sur la situation dans les EHPAD de la R\u00e9gion - Remiremont Info","robots":{"index":"index","follow":"follow","max-snippet":"max-snippet:-1","max-image-preview":"max-image-preview:large","max-video-preview":"max-video-preview:-1"},"canonical":"https:\/\/vosgesinfo.fr\/remiremontinfo\/2020\/03\/covid-19-point-situation-ehpad-de-region\/","twitter_card":"summary_large_image","twitter_title":"Covid-19 : le point sur la situation dans les EHPAD de la R\u00e9gion - Remiremont Info","twitter_description":"Afin de faire face \u00e0 l\u2019\u00e9pid\u00e9mie de COVID-19 tr\u00e8s active sur le territoire, l\u2019ARS Grand Est, en lien avec les [&hellip;]","twitter_image":"https:\/\/vosgesinfo.fr\/app\/uploads\/sites\/5\/2024\/09\/202003coronavirus-4817450-1920-800x270-6.jpg","twitter_creator":"@VosgesInfo88","twitter_site":"@VosgesInfo88","twitter_misc":{"\u00c9crit par":"Phj","Dur\u00e9e de lecture estim\u00e9e":"3 minutes"},"schema":{"@context":"https:\/\/schema.org","@graph":[{"@type":"Article","@id":"https:\/\/vosgesinfo.fr\/remiremontinfo\/2020\/03\/covid-19-point-situation-ehpad-de-region\/#article","isPartOf":{"@id":"https:\/\/vosgesinfo.fr\/remiremontinfo\/2020\/03\/covid-19-point-situation-ehpad-de-region\/"},"author":{"name":"Phj","@id":"https:\/\/vosgesinfo.fr\/remiremontinfo\/#\/schema\/person\/4f57dc393faf2ac8b9f1cab30ad79250"},"headline":"Covid-19 : le point sur la situation dans les EHPAD de la R\u00e9gion","datePublished":"2020-03-27T15:50:16+00:00","dateModified":"2020-03-27T15:50:16+00:00","mainEntityOfPage":{"@id":"https:\/\/vosgesinfo.fr\/remiremontinfo\/2020\/03\/covid-19-point-situation-ehpad-de-region\/"},"wordCount":699,"commentCount":0,"publisher":{"@id":"https:\/\/vosgesinfo.fr\/remiremontinfo\/#organization"},"image":{"@id":"https:\/\/vosgesinfo.fr\/remiremontinfo\/2020\/03\/covid-19-point-situation-ehpad-de-region\/#primaryimage"},"thumbnailUrl":"https:\/\/vosgesinfo.fr\/app\/uploads\/sites\/5\/2024\/09\/202003coronavirus-4817450-1920-800x270-6.jpg","articleSection":["A la Une","Sant\u00e9","Vosges"],"inLanguage":"fr-FR","potentialAction":[{"@type":"CommentAction","name":"Comment","target":["https:\/\/vosgesinfo.fr\/remiremontinfo\/2020\/03\/covid-19-point-situation-ehpad-de-region\/#respond"]}]},{"@type":"WebPage","@id":"https:\/\/vosgesinfo.fr\/remiremontinfo\/2020\/03\/covid-19-point-situation-ehpad-de-region\/","url":"https:\/\/vosgesinfo.fr\/remiremontinfo\/2020\/03\/covid-19-point-situation-ehpad-de-region\/","name":"Covid-19 : le point sur la situation dans les EHPAD de la R\u00e9gion - Remiremont Info","isPartOf":{"@id":"https:\/\/vosgesinfo.fr\/remiremontinfo\/#website"},"primaryImageOfPage":{"@id":"https:\/\/vosgesinfo.fr\/remiremontinfo\/2020\/03\/covid-19-point-situation-ehpad-de-region\/#primaryimage"},"image":{"@id":"https:\/\/vosgesinfo.fr\/remiremontinfo\/2020\/03\/covid-19-point-situation-ehpad-de-region\/#primaryimage"},"thumbnailUrl":"https:\/\/vosgesinfo.fr\/app\/uploads\/sites\/5\/2024\/09\/202003coronavirus-4817450-1920-800x270-6.jpg","datePublished":"2020-03-27T15:50:16+00:00","dateModified":"2020-03-27T15:50:16+00:00","breadcrumb":{"@id":"https:\/\/vosgesinfo.fr\/remiremontinfo\/2020\/03\/covid-19-point-situation-ehpad-de-region\/#breadcrumb"},"inLanguage":"fr-FR","potentialAction":[{"@type":"ReadAction","target":["https:\/\/vosgesinfo.fr\/remiremontinfo\/2020\/03\/covid-19-point-situation-ehpad-de-region\/"]}]},{"@type":"ImageObject","inLanguage":"fr-FR","@id":"https:\/\/vosgesinfo.fr\/remiremontinfo\/2020\/03\/covid-19-point-situation-ehpad-de-region\/#primaryimage","url":"https:\/\/vosgesinfo.fr\/app\/uploads\/sites\/5\/2024\/09\/202003coronavirus-4817450-1920-800x270-6.jpg","contentUrl":"https:\/\/vosgesinfo.fr\/app\/uploads\/sites\/5\/2024\/09\/202003coronavirus-4817450-1920-800x270-6.jpg","width":800,"height":270},{"@type":"BreadcrumbList","@id":"https:\/\/vosgesinfo.fr\/remiremontinfo\/2020\/03\/covid-19-point-situation-ehpad-de-region\/#breadcrumb","itemListElement":[{"@type":"ListItem","position":1,"name":"Home","item":"https:\/\/vosgesinfo.fr\/remiremontinfo\/"},{"@type":"ListItem","position":2,"name":"Covid-19 : le point sur la situation dans les EHPAD de la R\u00e9gion"}]},{"@type":"WebSite","@id":"https:\/\/vosgesinfo.fr\/remiremontinfo\/#website","url":"https:\/\/vosgesinfo.fr\/remiremontinfo\/","name":"Remiremont Info","description":"Toute l&#039;actualit\u00e9 de Remiremont","publisher":{"@id":"https:\/\/vosgesinfo.fr\/remiremontinfo\/#organization"},"alternateName":"Toute l'actualit\u00e9 de Remiremont","potentialAction":[{"@type":"SearchAction","target":{"@type":"EntryPoint","urlTemplate":"https:\/\/vosgesinfo.fr\/remiremontinfo\/?s={search_term_string}"},"query-input":"required name=search_term_string"}],"inLanguage":"fr-FR"},{"@type":"Organization","@id":"https:\/\/vosgesinfo.fr\/remiremontinfo\/#organization","name":"Remiremont Info","url":"https:\/\/vosgesinfo.fr\/remiremontinfo\/","logo":{"@type":"ImageObject","inLanguage":"fr-FR","@id":"https:\/\/vosgesinfo.fr\/remiremontinfo\/#\/schema\/logo\/image\/","url":"https:\/\/vosgesinfo.fr\/app\/uploads\/sites\/5\/2023\/08\/favicon-remiremontinfo.png","contentUrl":"https:\/\/vosgesinfo.fr\/app\/uploads\/sites\/5\/2023\/08\/favicon-remiremontinfo.png","width":512,"height":512,"caption":"Remiremont Info"},"image":{"@id":"https:\/\/vosgesinfo.fr\/remiremontinfo\/#\/schema\/logo\/image\/"},"sameAs":["https:\/\/www.facebook.com\/remiremontinfo","https:\/\/x.com\/VosgesInfo88","https:\/\/www.youtube.com\/@vosgesinfo"]},{"@type":"Person","@id":"https:\/\/vosgesinfo.fr\/remiremontinfo\/#\/schema\/person\/4f57dc393faf2ac8b9f1cab30ad79250","name":"Phj","image":{"@type":"ImageObject","inLanguage":"fr-FR","@id":"https:\/\/vosgesinfo.fr\/remiremontinfo\/#\/schema\/person\/image\/","url":"https:\/\/secure.gravatar.com\/avatar\/ada60265080fb9a89c9809bf0abb1f448a128cb85db1c08905baa5038fbe3cfe?s=96&d=mm&r=g","contentUrl":"https:\/\/secure.gravatar.com\/avatar\/ada60265080fb9a89c9809bf0abb1f448a128cb85db1c08905baa5038fbe3cfe?s=96&d=mm&r=g","caption":"Phj"},"url":"https:\/\/vosgesinfo.fr\/remiremontinfo\/author\/phj\/"}]}},"_links":{"self":[{"href":"https:\/\/vosgesinfo.fr\/remiremontinfo\/wp-json\/wp\/v2\/posts\/26444","targetHints":{"allow":["GET"]}}],"collection":[{"href":"https:\/\/vosgesinfo.fr\/remiremontinfo\/wp-json\/wp\/v2\/posts"}],"about":[{"href":"https:\/\/vosgesinfo.fr\/remiremontinfo\/wp-json\/wp\/v2\/types\/post"}],"author":[{"embeddable":true,"href":"https:\/\/vosgesinfo.fr\/remiremontinfo\/wp-json\/wp\/v2\/users\/39"}],"replies":[{"embeddable":true,"href":"https:\/\/vosgesinfo.fr\/remiremontinfo\/wp-json\/wp\/v2\/comments?post=26444"}],"version-history":[{"count":0,"href":"https:\/\/vosgesinfo.fr\/remiremontinfo\/wp-json\/wp\/v2\/posts\/26444\/revisions"}],"wp:featuredmedia":[{"embeddable":true,"href":"https:\/\/vosgesinfo.fr\/remiremontinfo\/wp-json\/wp\/v2\/media\/26445"}],"wp:attachment":[{"href":"https:\/\/vosgesinfo.fr\/remiremontinfo\/wp-json\/wp\/v2\/media?parent=26444"}],"wp:term":[{"taxonomy":"category","embeddable":true,"href":"https:\/\/vosgesinfo.fr\/remiremontinfo\/wp-json\/wp\/v2\/categories?post=26444"},{"taxonomy":"post_tag","embeddable":true,"href":"https:\/\/vosgesinfo.fr\/remiremontinfo\/wp-json\/wp\/v2\/tags?post=26444"}],"curies":[{"name":"wp","href":"https:\/\/api.w.org\/{rel}","templated":true}]}}