{"id":26469,"date":"2020-03-30T09:05:52","date_gmt":"2020-03-30T07:05:52","guid":{"rendered":"https:\/\/vosgesinfo.fr\/remiremontinfo\/2020\/03\/communique-centre-hospitalier-de-remiremont\/"},"modified":"2020-03-30T09:05:52","modified_gmt":"2020-03-30T07:05:52","slug":"communique-centre-hospitalier-de-remiremont","status":"publish","type":"post","link":"https:\/\/vosgesinfo.fr\/remiremontinfo\/2020\/03\/communique-centre-hospitalier-de-remiremont\/","title":{"rendered":"Covid &#8211; 19 : Formidable personnel soignant au c\u0153ur de la bataille men\u00e9e contre la pand\u00e9mie"},"content":{"rendered":"\n<p>Alors que les malades atteints du Covid 19 sont de plus en plus nombreux dans notre secteur, le Centre Hospitalier de Remiremont est mobilis\u00e9 et s\u2019est pr\u00e9par\u00e9 au mieux \u00e0 une croissance du nombre de personnes \u00e0 prendre en charge.<\/p>\n<p>Avec l\u2019arriv\u00e9e de patients av\u00e9r\u00e9s atteints d\u00e8s d\u00e9but mars et du fait de sa situation g\u00e9ographique, le CH de Remiremont est en premi\u00e8re ligne par rapport aux autres \u00e9tablissements du d\u00e9partement et a rapidement pris la mesure des choses avec la mise en place d\u2019une cellule de crise quotidienne sous la direction de M. Julien Dubois, directeur des soins et coordinateur de cette cellule, Mme Chantal Vaxelaire, adjointe directrice des soins, le Dr Breffa, chef de service des urgences, le Dr Chammas, pr\u00e9sident de la CME et le Dr Chevalier, vice-pr\u00e9sidente de la CME.<\/p>\n<p>Un PMA, poste m\u00e9dical avanc\u00e9, a \u00e9t\u00e9 mis en place d\u00e8s le 10 mars pour permettre une juste orientation de chaque malade et l\u2019isolement de ceux-ci dans un secteur d\u00e9di\u00e9 COVID de mani\u00e8re \u00e0 limiter la propagation de l\u2019\u00e9pid\u00e9mie. Les proc\u00e9dures de prise en charge ont \u00e9t\u00e9 formalis\u00e9es et diffus\u00e9es aux professionnels avec une veille m\u00e9dicale et administrative active permettant une application imm\u00e9diate des \u00e9volutions au fur et \u00e0 mesure des connaissances sur cette maladie.<\/p>\n<p>_ _ _ _ _ _ _ _ _ _ _ _<\/p>\n<p>Les effectifs soignants, m\u00e9dicaux et logistiques sont renforc\u00e9s. Que ce soient les \u00e9l\u00e8ves infirmiers, aide-soignant ou les externes et internes en m\u00e9decine, on note une formidable mobilisation porteuse de renfort pour les \u00e9quipes en place.<\/p>\n<p>La situation est difficile, le Centre Hospitalier doit faire face \u00e0 des d\u00e9c\u00e8s (les \u00e9quipes du CH pr\u00e9sentent toutes leurs condol\u00e9ances aux familles). Pour autant, de nombreuses personnes positives au Covid 19 \u00e9voluent de fa\u00e7on satisfaisante. Depuis quelques jours, plusieurs malades rentrent quotidiennement \u00e0 domicile suite \u00e0 leur hospitalisation.<\/p>\n<p>_ _ _ _ _ _ _ _ _ _ _ _<\/p>\n<p>Concernant les besoins en mat\u00e9riels et \u00e9l\u00e9ments de protection pour les soignants, les informations sont recueillies et suivies chaque matin au Centre Hospitalier.<\/p>\n<p>Il existe des tensions sur certains mat\u00e9riels, mais jusqu\u2019\u00e0 pr\u00e9sent, l\u2019entraide entre \u00e9tablissements, l\u2019adaptabilit\u00e9 des \u00e9quipes, la g\u00e9n\u00e9rosit\u00e9 des entreprises, des communes ou autre\u2026 permet de prot\u00e9ger les soignants et prendre en charge les patients dans de bonnes conditions pour chacun.<\/p>\n<p>Pour prot\u00e9ger ses agents, le CH de Remiremont a su s\u2019adapter. Il \u00e9tudie toutes les propositions qui lui parviennent et remercie pour toutes ces initiatives. Par exemple, l\u2019h\u00f4pital a re\u00e7u des combinaisons d\u2019agents de l\u2019aviation civile initialement pr\u00e9vues pour le nettoyage des avions qui permettent de ne pas souffrir du manque de surblouses hospitali\u00e8res\u2026 Toutes ces solutions sont \u00e9videmment valid\u00e9es au pr\u00e9alable par l\u2019\u00e9quipe op\u00e9rationnelle d\u2019hygi\u00e8ne de l\u2019\u00e9tablissement.<\/p>\n<p>_ _ _ _ _ _ _ _ _ _ _ _<\/p>\n<p>Que ce soit pour l\u2019organisation des syst\u00e8mes de garde pour les enfants mis en \u0153uvre par l\u2019Education nationale et les collectivit\u00e9s locales, pour l\u2019am\u00e9nagement des horaires des supermarch\u00e9s, pour la livraison de viennoiseries, pizzas ou autres\u2026., beaucoup de gestes de soutien sont r\u00e9alis\u00e9s et cette vague de g\u00e9n\u00e9rosit\u00e9 touche les soignants qui remercient tous les donateurs et se f\u00e9licite de la bienveillance de chacun.\u00a0Pour traverser au mieux cette crise sanitaire, ils nous chargent d\u2019un message\u00a0: \u00ab\u00a0Respectez le confinement et les mesures barri\u00e8res pour limiter la propagation du virus, soyons unis\u00a0;<\/p>\n<p><strong>Comptez sur nous, \u00a0\u00a0\u00a0On compte sur vous\u00a0! \u00bb<\/strong><\/p>\n","protected":false},"excerpt":{"rendered":"<p>Alors que les malades atteints du Covid 19 sont de plus en plus nombreux dans notre secteur, le Centre Hospitalier [&hellip;]<\/p>\n","protected":false},"author":39,"featured_media":26470,"comment_status":"open","ping_status":"open","sticky":false,"template":"","format":"standard","meta":{"footnotes":""},"categories":[26,12],"tags":[],"class_list":["post-26469","post","type-post","status-publish","format-standard","has-post-thumbnail","hentry","category-a-la-une","category-sante"],"acf":[],"yoast_head":"<!-- This site is optimized with the Yoast SEO plugin v22.5 - https:\/\/yoast.com\/wordpress\/plugins\/seo\/ -->\n<title>Covid - 19 : Formidable personnel soignant au c\u0153ur de la bataille men\u00e9e contre la pand\u00e9mie - Remiremont Info<\/title>\n<meta name=\"robots\" content=\"index, follow, max-snippet:-1, max-image-preview:large, max-video-preview:-1\" \/>\n<link rel=\"canonical\" href=\"https:\/\/vosgesinfo.fr\/remiremontinfo\/2020\/03\/communique-centre-hospitalier-de-remiremont\/\" \/>\n<meta name=\"twitter:card\" content=\"summary_large_image\" \/>\n<meta name=\"twitter:title\" content=\"Covid - 19 : Formidable personnel soignant au c\u0153ur de la bataille men\u00e9e contre la pand\u00e9mie - Remiremont Info\" \/>\n<meta name=\"twitter:description\" content=\"Alors que les malades atteints du Covid 19 sont de plus en plus nombreux dans notre secteur, le Centre Hospitalier [&hellip;]\" \/>\n<meta name=\"twitter:image\" content=\"https:\/\/vosgesinfo.fr\/app\/uploads\/sites\/5\/2024\/09\/202003soignant1.jpg\" \/>\n<meta name=\"twitter:creator\" content=\"@VosgesInfo88\" \/>\n<meta name=\"twitter:site\" content=\"@VosgesInfo88\" \/>\n<meta name=\"twitter:label1\" content=\"\u00c9crit par\" \/>\n\t<meta name=\"twitter:data1\" content=\"Phj\" \/>\n\t<meta name=\"twitter:label2\" content=\"Dur\u00e9e de lecture estim\u00e9e\" \/>\n\t<meta name=\"twitter:data2\" content=\"3 minutes\" \/>\n<script type=\"application\/ld+json\" class=\"yoast-schema-graph\">{\"@context\":\"https:\/\/schema.org\",\"@graph\":[{\"@type\":\"Article\",\"@id\":\"https:\/\/vosgesinfo.fr\/remiremontinfo\/2020\/03\/communique-centre-hospitalier-de-remiremont\/#article\",\"isPartOf\":{\"@id\":\"https:\/\/vosgesinfo.fr\/remiremontinfo\/2020\/03\/communique-centre-hospitalier-de-remiremont\/\"},\"author\":{\"name\":\"Phj\",\"@id\":\"https:\/\/vosgesinfo.fr\/remiremontinfo\/#\/schema\/person\/4f57dc393faf2ac8b9f1cab30ad79250\"},\"headline\":\"Covid &#8211; 19 : Formidable personnel soignant au c\u0153ur de la bataille men\u00e9e contre la pand\u00e9mie\",\"datePublished\":\"2020-03-30T07:05:52+00:00\",\"dateModified\":\"2020-03-30T07:05:52+00:00\",\"mainEntityOfPage\":{\"@id\":\"https:\/\/vosgesinfo.fr\/remiremontinfo\/2020\/03\/communique-centre-hospitalier-de-remiremont\/\"},\"wordCount\":614,\"commentCount\":0,\"publisher\":{\"@id\":\"https:\/\/vosgesinfo.fr\/remiremontinfo\/#organization\"},\"image\":{\"@id\":\"https:\/\/vosgesinfo.fr\/remiremontinfo\/2020\/03\/communique-centre-hospitalier-de-remiremont\/#primaryimage\"},\"thumbnailUrl\":\"https:\/\/vosgesinfo.fr\/app\/uploads\/sites\/5\/2024\/09\/202003soignant1.jpg\",\"articleSection\":[\"A la Une\",\"Sant\u00e9\"],\"inLanguage\":\"fr-FR\",\"potentialAction\":[{\"@type\":\"CommentAction\",\"name\":\"Comment\",\"target\":[\"https:\/\/vosgesinfo.fr\/remiremontinfo\/2020\/03\/communique-centre-hospitalier-de-remiremont\/#respond\"]}]},{\"@type\":\"WebPage\",\"@id\":\"https:\/\/vosgesinfo.fr\/remiremontinfo\/2020\/03\/communique-centre-hospitalier-de-remiremont\/\",\"url\":\"https:\/\/vosgesinfo.fr\/remiremontinfo\/2020\/03\/communique-centre-hospitalier-de-remiremont\/\",\"name\":\"Covid - 19 : Formidable personnel soignant au c\u0153ur de la bataille men\u00e9e contre la pand\u00e9mie - Remiremont Info\",\"isPartOf\":{\"@id\":\"https:\/\/vosgesinfo.fr\/remiremontinfo\/#website\"},\"primaryImageOfPage\":{\"@id\":\"https:\/\/vosgesinfo.fr\/remiremontinfo\/2020\/03\/communique-centre-hospitalier-de-remiremont\/#primaryimage\"},\"image\":{\"@id\":\"https:\/\/vosgesinfo.fr\/remiremontinfo\/2020\/03\/communique-centre-hospitalier-de-remiremont\/#primaryimage\"},\"thumbnailUrl\":\"https:\/\/vosgesinfo.fr\/app\/uploads\/sites\/5\/2024\/09\/202003soignant1.jpg\",\"datePublished\":\"2020-03-30T07:05:52+00:00\",\"dateModified\":\"2020-03-30T07:05:52+00:00\",\"breadcrumb\":{\"@id\":\"https:\/\/vosgesinfo.fr\/remiremontinfo\/2020\/03\/communique-centre-hospitalier-de-remiremont\/#breadcrumb\"},\"inLanguage\":\"fr-FR\",\"potentialAction\":[{\"@type\":\"ReadAction\",\"target\":[\"https:\/\/vosgesinfo.fr\/remiremontinfo\/2020\/03\/communique-centre-hospitalier-de-remiremont\/\"]}]},{\"@type\":\"ImageObject\",\"inLanguage\":\"fr-FR\",\"@id\":\"https:\/\/vosgesinfo.fr\/remiremontinfo\/2020\/03\/communique-centre-hospitalier-de-remiremont\/#primaryimage\",\"url\":\"https:\/\/vosgesinfo.fr\/app\/uploads\/sites\/5\/2024\/09\/202003soignant1.jpg\",\"contentUrl\":\"https:\/\/vosgesinfo.fr\/app\/uploads\/sites\/5\/2024\/09\/202003soignant1.jpg\",\"width\":960,\"height\":720},{\"@type\":\"BreadcrumbList\",\"@id\":\"https:\/\/vosgesinfo.fr\/remiremontinfo\/2020\/03\/communique-centre-hospitalier-de-remiremont\/#breadcrumb\",\"itemListElement\":[{\"@type\":\"ListItem\",\"position\":1,\"name\":\"Home\",\"item\":\"https:\/\/vosgesinfo.fr\/remiremontinfo\/\"},{\"@type\":\"ListItem\",\"position\":2,\"name\":\"Covid &#8211; 19 : Formidable personnel soignant au c\u0153ur de la bataille men\u00e9e contre la pand\u00e9mie\"}]},{\"@type\":\"WebSite\",\"@id\":\"https:\/\/vosgesinfo.fr\/remiremontinfo\/#website\",\"url\":\"https:\/\/vosgesinfo.fr\/remiremontinfo\/\",\"name\":\"Remiremont Info\",\"description\":\"Toute l&#039;actualit\u00e9 de Remiremont\",\"publisher\":{\"@id\":\"https:\/\/vosgesinfo.fr\/remiremontinfo\/#organization\"},\"alternateName\":\"Toute l'actualit\u00e9 de Remiremont\",\"potentialAction\":[{\"@type\":\"SearchAction\",\"target\":{\"@type\":\"EntryPoint\",\"urlTemplate\":\"https:\/\/vosgesinfo.fr\/remiremontinfo\/?s={search_term_string}\"},\"query-input\":\"required name=search_term_string\"}],\"inLanguage\":\"fr-FR\"},{\"@type\":\"Organization\",\"@id\":\"https:\/\/vosgesinfo.fr\/remiremontinfo\/#organization\",\"name\":\"Remiremont Info\",\"url\":\"https:\/\/vosgesinfo.fr\/remiremontinfo\/\",\"logo\":{\"@type\":\"ImageObject\",\"inLanguage\":\"fr-FR\",\"@id\":\"https:\/\/vosgesinfo.fr\/remiremontinfo\/#\/schema\/logo\/image\/\",\"url\":\"https:\/\/vosgesinfo.fr\/app\/uploads\/sites\/5\/2023\/08\/favicon-remiremontinfo.png\",\"contentUrl\":\"https:\/\/vosgesinfo.fr\/app\/uploads\/sites\/5\/2023\/08\/favicon-remiremontinfo.png\",\"width\":512,\"height\":512,\"caption\":\"Remiremont Info\"},\"image\":{\"@id\":\"https:\/\/vosgesinfo.fr\/remiremontinfo\/#\/schema\/logo\/image\/\"},\"sameAs\":[\"https:\/\/www.facebook.com\/remiremontinfo\",\"https:\/\/x.com\/VosgesInfo88\",\"https:\/\/www.youtube.com\/@vosgesinfo\"]},{\"@type\":\"Person\",\"@id\":\"https:\/\/vosgesinfo.fr\/remiremontinfo\/#\/schema\/person\/4f57dc393faf2ac8b9f1cab30ad79250\",\"name\":\"Phj\",\"image\":{\"@type\":\"ImageObject\",\"inLanguage\":\"fr-FR\",\"@id\":\"https:\/\/vosgesinfo.fr\/remiremontinfo\/#\/schema\/person\/image\/\",\"url\":\"https:\/\/secure.gravatar.com\/avatar\/ada60265080fb9a89c9809bf0abb1f448a128cb85db1c08905baa5038fbe3cfe?s=96&d=mm&r=g\",\"contentUrl\":\"https:\/\/secure.gravatar.com\/avatar\/ada60265080fb9a89c9809bf0abb1f448a128cb85db1c08905baa5038fbe3cfe?s=96&d=mm&r=g\",\"caption\":\"Phj\"},\"url\":\"https:\/\/vosgesinfo.fr\/remiremontinfo\/author\/phj\/\"}]}<\/script>\n<!-- \/ Yoast SEO plugin. -->","yoast_head_json":{"title":"Covid - 19 : Formidable personnel soignant au c\u0153ur de la bataille men\u00e9e contre la pand\u00e9mie - Remiremont Info","robots":{"index":"index","follow":"follow","max-snippet":"max-snippet:-1","max-image-preview":"max-image-preview:large","max-video-preview":"max-video-preview:-1"},"canonical":"https:\/\/vosgesinfo.fr\/remiremontinfo\/2020\/03\/communique-centre-hospitalier-de-remiremont\/","twitter_card":"summary_large_image","twitter_title":"Covid - 19 : Formidable personnel soignant au c\u0153ur de la bataille men\u00e9e contre la pand\u00e9mie - Remiremont Info","twitter_description":"Alors que les malades atteints du Covid 19 sont de plus en plus nombreux dans notre secteur, le Centre Hospitalier [&hellip;]","twitter_image":"https:\/\/vosgesinfo.fr\/app\/uploads\/sites\/5\/2024\/09\/202003soignant1.jpg","twitter_creator":"@VosgesInfo88","twitter_site":"@VosgesInfo88","twitter_misc":{"\u00c9crit par":"Phj","Dur\u00e9e de lecture estim\u00e9e":"3 minutes"},"schema":{"@context":"https:\/\/schema.org","@graph":[{"@type":"Article","@id":"https:\/\/vosgesinfo.fr\/remiremontinfo\/2020\/03\/communique-centre-hospitalier-de-remiremont\/#article","isPartOf":{"@id":"https:\/\/vosgesinfo.fr\/remiremontinfo\/2020\/03\/communique-centre-hospitalier-de-remiremont\/"},"author":{"name":"Phj","@id":"https:\/\/vosgesinfo.fr\/remiremontinfo\/#\/schema\/person\/4f57dc393faf2ac8b9f1cab30ad79250"},"headline":"Covid &#8211; 19 : Formidable personnel soignant au c\u0153ur de la bataille men\u00e9e contre la pand\u00e9mie","datePublished":"2020-03-30T07:05:52+00:00","dateModified":"2020-03-30T07:05:52+00:00","mainEntityOfPage":{"@id":"https:\/\/vosgesinfo.fr\/remiremontinfo\/2020\/03\/communique-centre-hospitalier-de-remiremont\/"},"wordCount":614,"commentCount":0,"publisher":{"@id":"https:\/\/vosgesinfo.fr\/remiremontinfo\/#organization"},"image":{"@id":"https:\/\/vosgesinfo.fr\/remiremontinfo\/2020\/03\/communique-centre-hospitalier-de-remiremont\/#primaryimage"},"thumbnailUrl":"https:\/\/vosgesinfo.fr\/app\/uploads\/sites\/5\/2024\/09\/202003soignant1.jpg","articleSection":["A la Une","Sant\u00e9"],"inLanguage":"fr-FR","potentialAction":[{"@type":"CommentAction","name":"Comment","target":["https:\/\/vosgesinfo.fr\/remiremontinfo\/2020\/03\/communique-centre-hospitalier-de-remiremont\/#respond"]}]},{"@type":"WebPage","@id":"https:\/\/vosgesinfo.fr\/remiremontinfo\/2020\/03\/communique-centre-hospitalier-de-remiremont\/","url":"https:\/\/vosgesinfo.fr\/remiremontinfo\/2020\/03\/communique-centre-hospitalier-de-remiremont\/","name":"Covid - 19 : Formidable personnel soignant au c\u0153ur de la bataille men\u00e9e contre la pand\u00e9mie - Remiremont Info","isPartOf":{"@id":"https:\/\/vosgesinfo.fr\/remiremontinfo\/#website"},"primaryImageOfPage":{"@id":"https:\/\/vosgesinfo.fr\/remiremontinfo\/2020\/03\/communique-centre-hospitalier-de-remiremont\/#primaryimage"},"image":{"@id":"https:\/\/vosgesinfo.fr\/remiremontinfo\/2020\/03\/communique-centre-hospitalier-de-remiremont\/#primaryimage"},"thumbnailUrl":"https:\/\/vosgesinfo.fr\/app\/uploads\/sites\/5\/2024\/09\/202003soignant1.jpg","datePublished":"2020-03-30T07:05:52+00:00","dateModified":"2020-03-30T07:05:52+00:00","breadcrumb":{"@id":"https:\/\/vosgesinfo.fr\/remiremontinfo\/2020\/03\/communique-centre-hospitalier-de-remiremont\/#breadcrumb"},"inLanguage":"fr-FR","potentialAction":[{"@type":"ReadAction","target":["https:\/\/vosgesinfo.fr\/remiremontinfo\/2020\/03\/communique-centre-hospitalier-de-remiremont\/"]}]},{"@type":"ImageObject","inLanguage":"fr-FR","@id":"https:\/\/vosgesinfo.fr\/remiremontinfo\/2020\/03\/communique-centre-hospitalier-de-remiremont\/#primaryimage","url":"https:\/\/vosgesinfo.fr\/app\/uploads\/sites\/5\/2024\/09\/202003soignant1.jpg","contentUrl":"https:\/\/vosgesinfo.fr\/app\/uploads\/sites\/5\/2024\/09\/202003soignant1.jpg","width":960,"height":720},{"@type":"BreadcrumbList","@id":"https:\/\/vosgesinfo.fr\/remiremontinfo\/2020\/03\/communique-centre-hospitalier-de-remiremont\/#breadcrumb","itemListElement":[{"@type":"ListItem","position":1,"name":"Home","item":"https:\/\/vosgesinfo.fr\/remiremontinfo\/"},{"@type":"ListItem","position":2,"name":"Covid &#8211; 19 : Formidable personnel soignant au c\u0153ur de la bataille men\u00e9e contre la pand\u00e9mie"}]},{"@type":"WebSite","@id":"https:\/\/vosgesinfo.fr\/remiremontinfo\/#website","url":"https:\/\/vosgesinfo.fr\/remiremontinfo\/","name":"Remiremont Info","description":"Toute l&#039;actualit\u00e9 de Remiremont","publisher":{"@id":"https:\/\/vosgesinfo.fr\/remiremontinfo\/#organization"},"alternateName":"Toute l'actualit\u00e9 de Remiremont","potentialAction":[{"@type":"SearchAction","target":{"@type":"EntryPoint","urlTemplate":"https:\/\/vosgesinfo.fr\/remiremontinfo\/?s={search_term_string}"},"query-input":"required name=search_term_string"}],"inLanguage":"fr-FR"},{"@type":"Organization","@id":"https:\/\/vosgesinfo.fr\/remiremontinfo\/#organization","name":"Remiremont Info","url":"https:\/\/vosgesinfo.fr\/remiremontinfo\/","logo":{"@type":"ImageObject","inLanguage":"fr-FR","@id":"https:\/\/vosgesinfo.fr\/remiremontinfo\/#\/schema\/logo\/image\/","url":"https:\/\/vosgesinfo.fr\/app\/uploads\/sites\/5\/2023\/08\/favicon-remiremontinfo.png","contentUrl":"https:\/\/vosgesinfo.fr\/app\/uploads\/sites\/5\/2023\/08\/favicon-remiremontinfo.png","width":512,"height":512,"caption":"Remiremont Info"},"image":{"@id":"https:\/\/vosgesinfo.fr\/remiremontinfo\/#\/schema\/logo\/image\/"},"sameAs":["https:\/\/www.facebook.com\/remiremontinfo","https:\/\/x.com\/VosgesInfo88","https:\/\/www.youtube.com\/@vosgesinfo"]},{"@type":"Person","@id":"https:\/\/vosgesinfo.fr\/remiremontinfo\/#\/schema\/person\/4f57dc393faf2ac8b9f1cab30ad79250","name":"Phj","image":{"@type":"ImageObject","inLanguage":"fr-FR","@id":"https:\/\/vosgesinfo.fr\/remiremontinfo\/#\/schema\/person\/image\/","url":"https:\/\/secure.gravatar.com\/avatar\/ada60265080fb9a89c9809bf0abb1f448a128cb85db1c08905baa5038fbe3cfe?s=96&d=mm&r=g","contentUrl":"https:\/\/secure.gravatar.com\/avatar\/ada60265080fb9a89c9809bf0abb1f448a128cb85db1c08905baa5038fbe3cfe?s=96&d=mm&r=g","caption":"Phj"},"url":"https:\/\/vosgesinfo.fr\/remiremontinfo\/author\/phj\/"}]}},"_links":{"self":[{"href":"https:\/\/vosgesinfo.fr\/remiremontinfo\/wp-json\/wp\/v2\/posts\/26469","targetHints":{"allow":["GET"]}}],"collection":[{"href":"https:\/\/vosgesinfo.fr\/remiremontinfo\/wp-json\/wp\/v2\/posts"}],"about":[{"href":"https:\/\/vosgesinfo.fr\/remiremontinfo\/wp-json\/wp\/v2\/types\/post"}],"author":[{"embeddable":true,"href":"https:\/\/vosgesinfo.fr\/remiremontinfo\/wp-json\/wp\/v2\/users\/39"}],"replies":[{"embeddable":true,"href":"https:\/\/vosgesinfo.fr\/remiremontinfo\/wp-json\/wp\/v2\/comments?post=26469"}],"version-history":[{"count":0,"href":"https:\/\/vosgesinfo.fr\/remiremontinfo\/wp-json\/wp\/v2\/posts\/26469\/revisions"}],"wp:featuredmedia":[{"embeddable":true,"href":"https:\/\/vosgesinfo.fr\/remiremontinfo\/wp-json\/wp\/v2\/media\/26470"}],"wp:attachment":[{"href":"https:\/\/vosgesinfo.fr\/remiremontinfo\/wp-json\/wp\/v2\/media?parent=26469"}],"wp:term":[{"taxonomy":"category","embeddable":true,"href":"https:\/\/vosgesinfo.fr\/remiremontinfo\/wp-json\/wp\/v2\/categories?post=26469"},{"taxonomy":"post_tag","embeddable":true,"href":"https:\/\/vosgesinfo.fr\/remiremontinfo\/wp-json\/wp\/v2\/tags?post=26469"}],"curies":[{"name":"wp","href":"https:\/\/api.w.org\/{rel}","templated":true}]}}