{"id":2654,"date":"2023-11-13T13:02:11","date_gmt":"2023-11-13T12:02:11","guid":{"rendered":"https:\/\/vosgesinfo.fr\/remiremontinfo\/2023\/11\/remiremont-des-ateliers-sur-la-sante-environnementale-pour-les-parents-et-les-professionnels-de-la-petite-enfance\/"},"modified":"2023-11-13T13:02:11","modified_gmt":"2023-11-13T12:02:11","slug":"remiremont-des-ateliers-sur-la-sante-environnementale-pour-les-parents-et-les-professionnels-de-la-petite-enfance","status":"publish","type":"post","link":"https:\/\/vosgesinfo.fr\/remiremontinfo\/2023\/11\/remiremont-des-ateliers-sur-la-sante-environnementale-pour-les-parents-et-les-professionnels-de-la-petite-enfance\/","title":{"rendered":"Remiremont : Des ateliers sur la sant\u00e9 environnementale pour les parents et les professionnels de la petite enfance"},"content":{"rendered":"<h2><span style=\"font-size: 14pt;\">Le PETR Pays de Remiremont et de ses vall\u00e9es organise dans le cadre de son contrat local de sant\u00e9 deux ateliers destin\u00e9s\u00a0aux professionnels de la petite enfance et aux parents, les 16 et 23 novembre \u00e0 9h30 \u00e0 l&rsquo;Espace sant\u00e9, 7 rue Georges Lang \u00e0 Remiremont.\u00a0Ces ateliers gratuits aborderont les th\u00e9matiques de la sant\u00e9 environnementale : qualit\u00e9 de l&rsquo;air et chambre du b\u00e9b\u00e9, cosm\u00e9tique et alimentation favorable \u00e0 la sant\u00e9.<\/span><\/h2>\n<p><a href=\"https:\/\/remiremontinfo.fr\/wp-content\/uploads\/2023\/11\/Affiche-Petr.jpg\"><img decoding=\"async\" class=\"size-large wp-image-379465 aligncenter\" src=\"https:\/\/vosgesinfo.fr\/app\/uploads\/sites\/5\/2023\/11\/affiche-petr.jpg\" alt=\"Affiche Petr\" width=\"724\" height=\"1024\" \/><\/a><\/p>\n<div><\/div>\n<div>Inscription au : 06 49 85 62 31 ou\u00a0<a href=\"mailto:inscription@mfge.fr\" rel=\"noreferrer\">inscription@mfge.fr<\/a><\/div>\n","protected":false},"excerpt":{"rendered":"<p>Le PETR Pays de Remiremont et de ses vall\u00e9es organise dans le cadre de son contrat local de sant\u00e9 deux [&hellip;]<\/p>\n","protected":false},"author":414,"featured_media":2653,"comment_status":"open","ping_status":"open","sticky":false,"template":"","format":"standard","meta":{"footnotes":""},"categories":[26,7,35,12],"tags":[],"class_list":["post-2654","post","type-post","status-publish","format-standard","has-post-thumbnail","hentry","category-a-la-une","category-environnement","category-remiremont-son-canton","category-sante"],"acf":[],"yoast_head":"<!-- This site is optimized with the Yoast SEO plugin v22.5 - https:\/\/yoast.com\/wordpress\/plugins\/seo\/ -->\n<title>Remiremont : Des ateliers sur la sant\u00e9 environnementale pour les parents et les professionnels de la petite enfance - Remiremont Info<\/title>\n<meta name=\"robots\" content=\"index, follow, max-snippet:-1, max-image-preview:large, max-video-preview:-1\" \/>\n<link rel=\"canonical\" href=\"https:\/\/vosgesinfo.fr\/remiremontinfo\/2023\/11\/remiremont-des-ateliers-sur-la-sante-environnementale-pour-les-parents-et-les-professionnels-de-la-petite-enfance\/\" \/>\n<meta name=\"twitter:card\" content=\"summary_large_image\" \/>\n<meta name=\"twitter:title\" content=\"Remiremont : Des ateliers sur la sant\u00e9 environnementale pour les parents et les professionnels de la petite enfance - Remiremont Info\" \/>\n<meta name=\"twitter:description\" content=\"Le PETR Pays de Remiremont et de ses vall\u00e9es organise dans le cadre de son contrat local de sant\u00e9 deux [&hellip;]\" \/>\n<meta name=\"twitter:image\" content=\"https:\/\/vosgesinfo.fr\/app\/uploads\/sites\/5\/2023\/11\/affiche-petr.jpg\" \/>\n<meta name=\"twitter:creator\" content=\"@VosgesInfo88\" \/>\n<meta name=\"twitter:site\" content=\"@VosgesInfo88\" \/>\n<meta name=\"twitter:label1\" content=\"\u00c9crit par\" \/>\n\t<meta name=\"twitter:data1\" content=\"Julien Chassard\" \/>\n<script type=\"application\/ld+json\" class=\"yoast-schema-graph\">{\"@context\":\"https:\/\/schema.org\",\"@graph\":[{\"@type\":\"Article\",\"@id\":\"https:\/\/vosgesinfo.fr\/remiremontinfo\/2023\/11\/remiremont-des-ateliers-sur-la-sante-environnementale-pour-les-parents-et-les-professionnels-de-la-petite-enfance\/#article\",\"isPartOf\":{\"@id\":\"https:\/\/vosgesinfo.fr\/remiremontinfo\/2023\/11\/remiremont-des-ateliers-sur-la-sante-environnementale-pour-les-parents-et-les-professionnels-de-la-petite-enfance\/\"},\"author\":{\"name\":\"Julien Chassard\",\"@id\":\"https:\/\/vosgesinfo.fr\/remiremontinfo\/#\/schema\/person\/9f7d5afbed21dfe30e21502db85507c8\"},\"headline\":\"Remiremont : Des ateliers sur la sant\u00e9 environnementale pour les parents et les professionnels de la petite enfance\",\"datePublished\":\"2023-11-13T12:02:11+00:00\",\"dateModified\":\"2023-11-13T12:02:11+00:00\",\"mainEntityOfPage\":{\"@id\":\"https:\/\/vosgesinfo.fr\/remiremontinfo\/2023\/11\/remiremont-des-ateliers-sur-la-sante-environnementale-pour-les-parents-et-les-professionnels-de-la-petite-enfance\/\"},\"wordCount\":94,\"commentCount\":0,\"publisher\":{\"@id\":\"https:\/\/vosgesinfo.fr\/remiremontinfo\/#organization\"},\"image\":{\"@id\":\"https:\/\/vosgesinfo.fr\/remiremontinfo\/2023\/11\/remiremont-des-ateliers-sur-la-sante-environnementale-pour-les-parents-et-les-professionnels-de-la-petite-enfance\/#primaryimage\"},\"thumbnailUrl\":\"https:\/\/vosgesinfo.fr\/app\/uploads\/sites\/5\/2023\/11\/affiche-petr.jpg\",\"articleSection\":[\"A la Une\",\"Environnement\",\"Remiremont &amp; son canton\",\"Sant\u00e9\"],\"inLanguage\":\"fr-FR\",\"potentialAction\":[{\"@type\":\"CommentAction\",\"name\":\"Comment\",\"target\":[\"https:\/\/vosgesinfo.fr\/remiremontinfo\/2023\/11\/remiremont-des-ateliers-sur-la-sante-environnementale-pour-les-parents-et-les-professionnels-de-la-petite-enfance\/#respond\"]}]},{\"@type\":\"WebPage\",\"@id\":\"https:\/\/vosgesinfo.fr\/remiremontinfo\/2023\/11\/remiremont-des-ateliers-sur-la-sante-environnementale-pour-les-parents-et-les-professionnels-de-la-petite-enfance\/\",\"url\":\"https:\/\/vosgesinfo.fr\/remiremontinfo\/2023\/11\/remiremont-des-ateliers-sur-la-sante-environnementale-pour-les-parents-et-les-professionnels-de-la-petite-enfance\/\",\"name\":\"Remiremont : Des ateliers sur la sant\u00e9 environnementale pour les parents et les professionnels de la petite enfance - Remiremont Info\",\"isPartOf\":{\"@id\":\"https:\/\/vosgesinfo.fr\/remiremontinfo\/#website\"},\"primaryImageOfPage\":{\"@id\":\"https:\/\/vosgesinfo.fr\/remiremontinfo\/2023\/11\/remiremont-des-ateliers-sur-la-sante-environnementale-pour-les-parents-et-les-professionnels-de-la-petite-enfance\/#primaryimage\"},\"image\":{\"@id\":\"https:\/\/vosgesinfo.fr\/remiremontinfo\/2023\/11\/remiremont-des-ateliers-sur-la-sante-environnementale-pour-les-parents-et-les-professionnels-de-la-petite-enfance\/#primaryimage\"},\"thumbnailUrl\":\"https:\/\/vosgesinfo.fr\/app\/uploads\/sites\/5\/2023\/11\/affiche-petr.jpg\",\"datePublished\":\"2023-11-13T12:02:11+00:00\",\"dateModified\":\"2023-11-13T12:02:11+00:00\",\"breadcrumb\":{\"@id\":\"https:\/\/vosgesinfo.fr\/remiremontinfo\/2023\/11\/remiremont-des-ateliers-sur-la-sante-environnementale-pour-les-parents-et-les-professionnels-de-la-petite-enfance\/#breadcrumb\"},\"inLanguage\":\"fr-FR\",\"potentialAction\":[{\"@type\":\"ReadAction\",\"target\":[\"https:\/\/vosgesinfo.fr\/remiremontinfo\/2023\/11\/remiremont-des-ateliers-sur-la-sante-environnementale-pour-les-parents-et-les-professionnels-de-la-petite-enfance\/\"]}]},{\"@type\":\"ImageObject\",\"inLanguage\":\"fr-FR\",\"@id\":\"https:\/\/vosgesinfo.fr\/remiremontinfo\/2023\/11\/remiremont-des-ateliers-sur-la-sante-environnementale-pour-les-parents-et-les-professionnels-de-la-petite-enfance\/#primaryimage\",\"url\":\"https:\/\/vosgesinfo.fr\/app\/uploads\/sites\/5\/2023\/11\/affiche-petr.jpg\",\"contentUrl\":\"https:\/\/vosgesinfo.fr\/app\/uploads\/sites\/5\/2023\/11\/affiche-petr.jpg\",\"width\":1131,\"height\":1600},{\"@type\":\"BreadcrumbList\",\"@id\":\"https:\/\/vosgesinfo.fr\/remiremontinfo\/2023\/11\/remiremont-des-ateliers-sur-la-sante-environnementale-pour-les-parents-et-les-professionnels-de-la-petite-enfance\/#breadcrumb\",\"itemListElement\":[{\"@type\":\"ListItem\",\"position\":1,\"name\":\"Home\",\"item\":\"https:\/\/vosgesinfo.fr\/remiremontinfo\/\"},{\"@type\":\"ListItem\",\"position\":2,\"name\":\"Remiremont : Des ateliers sur la sant\u00e9 environnementale pour les parents et les professionnels de la petite enfance\"}]},{\"@type\":\"WebSite\",\"@id\":\"https:\/\/vosgesinfo.fr\/remiremontinfo\/#website\",\"url\":\"https:\/\/vosgesinfo.fr\/remiremontinfo\/\",\"name\":\"Remiremont Info\",\"description\":\"Toute l&#039;actualit\u00e9 de Remiremont\",\"publisher\":{\"@id\":\"https:\/\/vosgesinfo.fr\/remiremontinfo\/#organization\"},\"alternateName\":\"Toute l'actualit\u00e9 de Remiremont\",\"potentialAction\":[{\"@type\":\"SearchAction\",\"target\":{\"@type\":\"EntryPoint\",\"urlTemplate\":\"https:\/\/vosgesinfo.fr\/remiremontinfo\/?s={search_term_string}\"},\"query-input\":\"required name=search_term_string\"}],\"inLanguage\":\"fr-FR\"},{\"@type\":\"Organization\",\"@id\":\"https:\/\/vosgesinfo.fr\/remiremontinfo\/#organization\",\"name\":\"Remiremont Info\",\"url\":\"https:\/\/vosgesinfo.fr\/remiremontinfo\/\",\"logo\":{\"@type\":\"ImageObject\",\"inLanguage\":\"fr-FR\",\"@id\":\"https:\/\/vosgesinfo.fr\/remiremontinfo\/#\/schema\/logo\/image\/\",\"url\":\"https:\/\/vosgesinfo.fr\/app\/uploads\/sites\/5\/2023\/08\/favicon-remiremontinfo.png\",\"contentUrl\":\"https:\/\/vosgesinfo.fr\/app\/uploads\/sites\/5\/2023\/08\/favicon-remiremontinfo.png\",\"width\":512,\"height\":512,\"caption\":\"Remiremont Info\"},\"image\":{\"@id\":\"https:\/\/vosgesinfo.fr\/remiremontinfo\/#\/schema\/logo\/image\/\"},\"sameAs\":[\"https:\/\/www.facebook.com\/remiremontinfo\",\"https:\/\/x.com\/VosgesInfo88\",\"https:\/\/www.youtube.com\/@vosgesinfo\"]},{\"@type\":\"Person\",\"@id\":\"https:\/\/vosgesinfo.fr\/remiremontinfo\/#\/schema\/person\/9f7d5afbed21dfe30e21502db85507c8\",\"name\":\"Julien Chassard\",\"image\":{\"@type\":\"ImageObject\",\"inLanguage\":\"fr-FR\",\"@id\":\"https:\/\/vosgesinfo.fr\/remiremontinfo\/#\/schema\/person\/image\/\",\"url\":\"https:\/\/secure.gravatar.com\/avatar\/b1edc920568095a5269cc92a13830411052ebb396f029db539972c12276b9ba9?s=96&d=mm&r=g\",\"contentUrl\":\"https:\/\/secure.gravatar.com\/avatar\/b1edc920568095a5269cc92a13830411052ebb396f029db539972c12276b9ba9?s=96&d=mm&r=g\",\"caption\":\"Julien Chassard\"},\"url\":\"https:\/\/vosgesinfo.fr\/remiremontinfo\/author\/j-chassard882\/\"}]}<\/script>\n<!-- \/ Yoast SEO plugin. -->","yoast_head_json":{"title":"Remiremont : Des ateliers sur la sant\u00e9 environnementale pour les parents et les professionnels de la petite enfance - Remiremont Info","robots":{"index":"index","follow":"follow","max-snippet":"max-snippet:-1","max-image-preview":"max-image-preview:large","max-video-preview":"max-video-preview:-1"},"canonical":"https:\/\/vosgesinfo.fr\/remiremontinfo\/2023\/11\/remiremont-des-ateliers-sur-la-sante-environnementale-pour-les-parents-et-les-professionnels-de-la-petite-enfance\/","twitter_card":"summary_large_image","twitter_title":"Remiremont : Des ateliers sur la sant\u00e9 environnementale pour les parents et les professionnels de la petite enfance - Remiremont Info","twitter_description":"Le PETR Pays de Remiremont et de ses vall\u00e9es organise dans le cadre de son contrat local de sant\u00e9 deux [&hellip;]","twitter_image":"https:\/\/vosgesinfo.fr\/app\/uploads\/sites\/5\/2023\/11\/affiche-petr.jpg","twitter_creator":"@VosgesInfo88","twitter_site":"@VosgesInfo88","twitter_misc":{"\u00c9crit par":"Julien Chassard"},"schema":{"@context":"https:\/\/schema.org","@graph":[{"@type":"Article","@id":"https:\/\/vosgesinfo.fr\/remiremontinfo\/2023\/11\/remiremont-des-ateliers-sur-la-sante-environnementale-pour-les-parents-et-les-professionnels-de-la-petite-enfance\/#article","isPartOf":{"@id":"https:\/\/vosgesinfo.fr\/remiremontinfo\/2023\/11\/remiremont-des-ateliers-sur-la-sante-environnementale-pour-les-parents-et-les-professionnels-de-la-petite-enfance\/"},"author":{"name":"Julien Chassard","@id":"https:\/\/vosgesinfo.fr\/remiremontinfo\/#\/schema\/person\/9f7d5afbed21dfe30e21502db85507c8"},"headline":"Remiremont : Des ateliers sur la sant\u00e9 environnementale pour les parents et les professionnels de la petite enfance","datePublished":"2023-11-13T12:02:11+00:00","dateModified":"2023-11-13T12:02:11+00:00","mainEntityOfPage":{"@id":"https:\/\/vosgesinfo.fr\/remiremontinfo\/2023\/11\/remiremont-des-ateliers-sur-la-sante-environnementale-pour-les-parents-et-les-professionnels-de-la-petite-enfance\/"},"wordCount":94,"commentCount":0,"publisher":{"@id":"https:\/\/vosgesinfo.fr\/remiremontinfo\/#organization"},"image":{"@id":"https:\/\/vosgesinfo.fr\/remiremontinfo\/2023\/11\/remiremont-des-ateliers-sur-la-sante-environnementale-pour-les-parents-et-les-professionnels-de-la-petite-enfance\/#primaryimage"},"thumbnailUrl":"https:\/\/vosgesinfo.fr\/app\/uploads\/sites\/5\/2023\/11\/affiche-petr.jpg","articleSection":["A la Une","Environnement","Remiremont &amp; son canton","Sant\u00e9"],"inLanguage":"fr-FR","potentialAction":[{"@type":"CommentAction","name":"Comment","target":["https:\/\/vosgesinfo.fr\/remiremontinfo\/2023\/11\/remiremont-des-ateliers-sur-la-sante-environnementale-pour-les-parents-et-les-professionnels-de-la-petite-enfance\/#respond"]}]},{"@type":"WebPage","@id":"https:\/\/vosgesinfo.fr\/remiremontinfo\/2023\/11\/remiremont-des-ateliers-sur-la-sante-environnementale-pour-les-parents-et-les-professionnels-de-la-petite-enfance\/","url":"https:\/\/vosgesinfo.fr\/remiremontinfo\/2023\/11\/remiremont-des-ateliers-sur-la-sante-environnementale-pour-les-parents-et-les-professionnels-de-la-petite-enfance\/","name":"Remiremont : Des ateliers sur la sant\u00e9 environnementale pour les parents et les professionnels de la petite enfance - Remiremont Info","isPartOf":{"@id":"https:\/\/vosgesinfo.fr\/remiremontinfo\/#website"},"primaryImageOfPage":{"@id":"https:\/\/vosgesinfo.fr\/remiremontinfo\/2023\/11\/remiremont-des-ateliers-sur-la-sante-environnementale-pour-les-parents-et-les-professionnels-de-la-petite-enfance\/#primaryimage"},"image":{"@id":"https:\/\/vosgesinfo.fr\/remiremontinfo\/2023\/11\/remiremont-des-ateliers-sur-la-sante-environnementale-pour-les-parents-et-les-professionnels-de-la-petite-enfance\/#primaryimage"},"thumbnailUrl":"https:\/\/vosgesinfo.fr\/app\/uploads\/sites\/5\/2023\/11\/affiche-petr.jpg","datePublished":"2023-11-13T12:02:11+00:00","dateModified":"2023-11-13T12:02:11+00:00","breadcrumb":{"@id":"https:\/\/vosgesinfo.fr\/remiremontinfo\/2023\/11\/remiremont-des-ateliers-sur-la-sante-environnementale-pour-les-parents-et-les-professionnels-de-la-petite-enfance\/#breadcrumb"},"inLanguage":"fr-FR","potentialAction":[{"@type":"ReadAction","target":["https:\/\/vosgesinfo.fr\/remiremontinfo\/2023\/11\/remiremont-des-ateliers-sur-la-sante-environnementale-pour-les-parents-et-les-professionnels-de-la-petite-enfance\/"]}]},{"@type":"ImageObject","inLanguage":"fr-FR","@id":"https:\/\/vosgesinfo.fr\/remiremontinfo\/2023\/11\/remiremont-des-ateliers-sur-la-sante-environnementale-pour-les-parents-et-les-professionnels-de-la-petite-enfance\/#primaryimage","url":"https:\/\/vosgesinfo.fr\/app\/uploads\/sites\/5\/2023\/11\/affiche-petr.jpg","contentUrl":"https:\/\/vosgesinfo.fr\/app\/uploads\/sites\/5\/2023\/11\/affiche-petr.jpg","width":1131,"height":1600},{"@type":"BreadcrumbList","@id":"https:\/\/vosgesinfo.fr\/remiremontinfo\/2023\/11\/remiremont-des-ateliers-sur-la-sante-environnementale-pour-les-parents-et-les-professionnels-de-la-petite-enfance\/#breadcrumb","itemListElement":[{"@type":"ListItem","position":1,"name":"Home","item":"https:\/\/vosgesinfo.fr\/remiremontinfo\/"},{"@type":"ListItem","position":2,"name":"Remiremont : Des ateliers sur la sant\u00e9 environnementale pour les parents et les professionnels de la petite enfance"}]},{"@type":"WebSite","@id":"https:\/\/vosgesinfo.fr\/remiremontinfo\/#website","url":"https:\/\/vosgesinfo.fr\/remiremontinfo\/","name":"Remiremont Info","description":"Toute l&#039;actualit\u00e9 de Remiremont","publisher":{"@id":"https:\/\/vosgesinfo.fr\/remiremontinfo\/#organization"},"alternateName":"Toute l'actualit\u00e9 de Remiremont","potentialAction":[{"@type":"SearchAction","target":{"@type":"EntryPoint","urlTemplate":"https:\/\/vosgesinfo.fr\/remiremontinfo\/?s={search_term_string}"},"query-input":"required name=search_term_string"}],"inLanguage":"fr-FR"},{"@type":"Organization","@id":"https:\/\/vosgesinfo.fr\/remiremontinfo\/#organization","name":"Remiremont Info","url":"https:\/\/vosgesinfo.fr\/remiremontinfo\/","logo":{"@type":"ImageObject","inLanguage":"fr-FR","@id":"https:\/\/vosgesinfo.fr\/remiremontinfo\/#\/schema\/logo\/image\/","url":"https:\/\/vosgesinfo.fr\/app\/uploads\/sites\/5\/2023\/08\/favicon-remiremontinfo.png","contentUrl":"https:\/\/vosgesinfo.fr\/app\/uploads\/sites\/5\/2023\/08\/favicon-remiremontinfo.png","width":512,"height":512,"caption":"Remiremont Info"},"image":{"@id":"https:\/\/vosgesinfo.fr\/remiremontinfo\/#\/schema\/logo\/image\/"},"sameAs":["https:\/\/www.facebook.com\/remiremontinfo","https:\/\/x.com\/VosgesInfo88","https:\/\/www.youtube.com\/@vosgesinfo"]},{"@type":"Person","@id":"https:\/\/vosgesinfo.fr\/remiremontinfo\/#\/schema\/person\/9f7d5afbed21dfe30e21502db85507c8","name":"Julien Chassard","image":{"@type":"ImageObject","inLanguage":"fr-FR","@id":"https:\/\/vosgesinfo.fr\/remiremontinfo\/#\/schema\/person\/image\/","url":"https:\/\/secure.gravatar.com\/avatar\/b1edc920568095a5269cc92a13830411052ebb396f029db539972c12276b9ba9?s=96&d=mm&r=g","contentUrl":"https:\/\/secure.gravatar.com\/avatar\/b1edc920568095a5269cc92a13830411052ebb396f029db539972c12276b9ba9?s=96&d=mm&r=g","caption":"Julien Chassard"},"url":"https:\/\/vosgesinfo.fr\/remiremontinfo\/author\/j-chassard882\/"}]}},"_links":{"self":[{"href":"https:\/\/vosgesinfo.fr\/remiremontinfo\/wp-json\/wp\/v2\/posts\/2654","targetHints":{"allow":["GET"]}}],"collection":[{"href":"https:\/\/vosgesinfo.fr\/remiremontinfo\/wp-json\/wp\/v2\/posts"}],"about":[{"href":"https:\/\/vosgesinfo.fr\/remiremontinfo\/wp-json\/wp\/v2\/types\/post"}],"author":[{"embeddable":true,"href":"https:\/\/vosgesinfo.fr\/remiremontinfo\/wp-json\/wp\/v2\/users\/414"}],"replies":[{"embeddable":true,"href":"https:\/\/vosgesinfo.fr\/remiremontinfo\/wp-json\/wp\/v2\/comments?post=2654"}],"version-history":[{"count":0,"href":"https:\/\/vosgesinfo.fr\/remiremontinfo\/wp-json\/wp\/v2\/posts\/2654\/revisions"}],"wp:featuredmedia":[{"embeddable":true,"href":"https:\/\/vosgesinfo.fr\/remiremontinfo\/wp-json\/wp\/v2\/media\/2653"}],"wp:attachment":[{"href":"https:\/\/vosgesinfo.fr\/remiremontinfo\/wp-json\/wp\/v2\/media?parent=2654"}],"wp:term":[{"taxonomy":"category","embeddable":true,"href":"https:\/\/vosgesinfo.fr\/remiremontinfo\/wp-json\/wp\/v2\/categories?post=2654"},{"taxonomy":"post_tag","embeddable":true,"href":"https:\/\/vosgesinfo.fr\/remiremontinfo\/wp-json\/wp\/v2\/tags?post=2654"}],"curies":[{"name":"wp","href":"https:\/\/api.w.org\/{rel}","templated":true}]}}