{"id":2658,"date":"2023-11-13T15:41:27","date_gmt":"2023-11-13T14:41:27","guid":{"rendered":"https:\/\/vosgesinfo.fr\/remiremontinfo\/2023\/11\/lartiste-peintre-vosgien-willy-humanise-les-mannequins-dun-musee\/"},"modified":"2023-11-13T15:41:27","modified_gmt":"2023-11-13T14:41:27","slug":"lartiste-peintre-vosgien-willy-humanise-les-mannequins-dun-musee","status":"publish","type":"post","link":"https:\/\/vosgesinfo.fr\/remiremontinfo\/2023\/11\/lartiste-peintre-vosgien-willy-humanise-les-mannequins-dun-musee\/","title":{"rendered":"L\u2019artiste-peintre vosgien Willy humanise les mannequins d\u2019un mus\u00e9e"},"content":{"rendered":"<h2><strong>Les d\u00e9fis ne font pas peur \u00e0 William Etienne, alias Willy\u2026 bien au contraire. Preuve en est une fois encore avec le projet que l\u2019artiste-peintre d\u00e9odatien m\u00e8ne depuis l\u2019\u00e9t\u00e9 2022 avec le Mus\u00e9e M\u00e9morial des Combats de la Poche de Colmar, situ\u00e9 \u00e0 Turckheim.<\/strong><\/h2>\n","protected":false},"excerpt":{"rendered":"<p>Les d\u00e9fis ne font pas peur \u00e0 William Etienne, alias Willy\u2026 bien au contraire. Preuve en est une fois encore [&hellip;]<\/p>\n","protected":false},"author":414,"featured_media":2659,"comment_status":"open","ping_status":"open","sticky":false,"template":"","format":"standard","meta":{"footnotes":""},"categories":[26,362],"tags":[],"class_list":["post-2658","post","type-post","status-publish","format-standard","has-post-thumbnail","hentry","category-a-la-une","category-saint-die"],"acf":[],"yoast_head":"<!-- This site is optimized with the Yoast SEO plugin v22.5 - https:\/\/yoast.com\/wordpress\/plugins\/seo\/ -->\n<title>L\u2019artiste-peintre vosgien Willy humanise les mannequins d\u2019un mus\u00e9e - Remiremont Info<\/title>\n<meta name=\"robots\" content=\"index, follow, max-snippet:-1, max-image-preview:large, max-video-preview:-1\" \/>\n<link rel=\"canonical\" href=\"https:\/\/vosgesinfo.fr\/remiremontinfo\/2023\/11\/lartiste-peintre-vosgien-willy-humanise-les-mannequins-dun-musee\/\" \/>\n<meta name=\"twitter:card\" content=\"summary_large_image\" \/>\n<meta name=\"twitter:title\" content=\"L\u2019artiste-peintre vosgien Willy humanise les mannequins d\u2019un mus\u00e9e - Remiremont Info\" \/>\n<meta name=\"twitter:description\" content=\"Les d\u00e9fis ne font pas peur \u00e0 William Etienne, alias Willy\u2026 bien au contraire. Preuve en est une fois encore [&hellip;]\" \/>\n<meta name=\"twitter:image\" content=\"https:\/\/vosgesinfo.fr\/app\/uploads\/sites\/5\/2023\/11\/willy-mannequins-musee-poche-colmar-31-1014x1024-1.jpeg\" \/>\n<meta name=\"twitter:creator\" content=\"@VosgesInfo88\" \/>\n<meta name=\"twitter:site\" content=\"@VosgesInfo88\" \/>\n<meta name=\"twitter:label1\" content=\"\u00c9crit par\" \/>\n\t<meta name=\"twitter:data1\" content=\"Julien Chassard\" \/>\n<script type=\"application\/ld+json\" class=\"yoast-schema-graph\">{\"@context\":\"https:\/\/schema.org\",\"@graph\":[{\"@type\":\"Article\",\"@id\":\"https:\/\/vosgesinfo.fr\/remiremontinfo\/2023\/11\/lartiste-peintre-vosgien-willy-humanise-les-mannequins-dun-musee\/#article\",\"isPartOf\":{\"@id\":\"https:\/\/vosgesinfo.fr\/remiremontinfo\/2023\/11\/lartiste-peintre-vosgien-willy-humanise-les-mannequins-dun-musee\/\"},\"author\":{\"name\":\"Julien Chassard\",\"@id\":\"https:\/\/vosgesinfo.fr\/remiremontinfo\/#\/schema\/person\/9f7d5afbed21dfe30e21502db85507c8\"},\"headline\":\"L\u2019artiste-peintre vosgien Willy humanise les mannequins d\u2019un mus\u00e9e\",\"datePublished\":\"2023-11-13T14:41:27+00:00\",\"dateModified\":\"2023-11-13T14:41:27+00:00\",\"mainEntityOfPage\":{\"@id\":\"https:\/\/vosgesinfo.fr\/remiremontinfo\/2023\/11\/lartiste-peintre-vosgien-willy-humanise-les-mannequins-dun-musee\/\"},\"wordCount\":59,\"commentCount\":0,\"publisher\":{\"@id\":\"https:\/\/vosgesinfo.fr\/remiremontinfo\/#organization\"},\"image\":{\"@id\":\"https:\/\/vosgesinfo.fr\/remiremontinfo\/2023\/11\/lartiste-peintre-vosgien-willy-humanise-les-mannequins-dun-musee\/#primaryimage\"},\"thumbnailUrl\":\"https:\/\/vosgesinfo.fr\/app\/uploads\/sites\/5\/2023\/11\/willy-mannequins-musee-poche-colmar-31-1014x1024-1.jpeg\",\"articleSection\":[\"A la Une\",\"Saint-di\u00e9\"],\"inLanguage\":\"fr-FR\",\"potentialAction\":[{\"@type\":\"CommentAction\",\"name\":\"Comment\",\"target\":[\"https:\/\/vosgesinfo.fr\/remiremontinfo\/2023\/11\/lartiste-peintre-vosgien-willy-humanise-les-mannequins-dun-musee\/#respond\"]}]},{\"@type\":\"WebPage\",\"@id\":\"https:\/\/vosgesinfo.fr\/remiremontinfo\/2023\/11\/lartiste-peintre-vosgien-willy-humanise-les-mannequins-dun-musee\/\",\"url\":\"https:\/\/vosgesinfo.fr\/remiremontinfo\/2023\/11\/lartiste-peintre-vosgien-willy-humanise-les-mannequins-dun-musee\/\",\"name\":\"L\u2019artiste-peintre vosgien Willy humanise les mannequins d\u2019un mus\u00e9e - Remiremont Info\",\"isPartOf\":{\"@id\":\"https:\/\/vosgesinfo.fr\/remiremontinfo\/#website\"},\"primaryImageOfPage\":{\"@id\":\"https:\/\/vosgesinfo.fr\/remiremontinfo\/2023\/11\/lartiste-peintre-vosgien-willy-humanise-les-mannequins-dun-musee\/#primaryimage\"},\"image\":{\"@id\":\"https:\/\/vosgesinfo.fr\/remiremontinfo\/2023\/11\/lartiste-peintre-vosgien-willy-humanise-les-mannequins-dun-musee\/#primaryimage\"},\"thumbnailUrl\":\"https:\/\/vosgesinfo.fr\/app\/uploads\/sites\/5\/2023\/11\/willy-mannequins-musee-poche-colmar-31-1014x1024-1.jpeg\",\"datePublished\":\"2023-11-13T14:41:27+00:00\",\"dateModified\":\"2023-11-13T14:41:27+00:00\",\"breadcrumb\":{\"@id\":\"https:\/\/vosgesinfo.fr\/remiremontinfo\/2023\/11\/lartiste-peintre-vosgien-willy-humanise-les-mannequins-dun-musee\/#breadcrumb\"},\"inLanguage\":\"fr-FR\",\"potentialAction\":[{\"@type\":\"ReadAction\",\"target\":[\"https:\/\/vosgesinfo.fr\/remiremontinfo\/2023\/11\/lartiste-peintre-vosgien-willy-humanise-les-mannequins-dun-musee\/\"]}]},{\"@type\":\"ImageObject\",\"inLanguage\":\"fr-FR\",\"@id\":\"https:\/\/vosgesinfo.fr\/remiremontinfo\/2023\/11\/lartiste-peintre-vosgien-willy-humanise-les-mannequins-dun-musee\/#primaryimage\",\"url\":\"https:\/\/vosgesinfo.fr\/app\/uploads\/sites\/5\/2023\/11\/willy-mannequins-musee-poche-colmar-31-1014x1024-1.jpeg\",\"contentUrl\":\"https:\/\/vosgesinfo.fr\/app\/uploads\/sites\/5\/2023\/11\/willy-mannequins-musee-poche-colmar-31-1014x1024-1.jpeg\",\"width\":1014,\"height\":1024},{\"@type\":\"BreadcrumbList\",\"@id\":\"https:\/\/vosgesinfo.fr\/remiremontinfo\/2023\/11\/lartiste-peintre-vosgien-willy-humanise-les-mannequins-dun-musee\/#breadcrumb\",\"itemListElement\":[{\"@type\":\"ListItem\",\"position\":1,\"name\":\"Home\",\"item\":\"https:\/\/vosgesinfo.fr\/remiremontinfo\/\"},{\"@type\":\"ListItem\",\"position\":2,\"name\":\"L\u2019artiste-peintre vosgien Willy humanise les mannequins d\u2019un mus\u00e9e\"}]},{\"@type\":\"WebSite\",\"@id\":\"https:\/\/vosgesinfo.fr\/remiremontinfo\/#website\",\"url\":\"https:\/\/vosgesinfo.fr\/remiremontinfo\/\",\"name\":\"Remiremont Info\",\"description\":\"Toute l&#039;actualit\u00e9 de Remiremont\",\"publisher\":{\"@id\":\"https:\/\/vosgesinfo.fr\/remiremontinfo\/#organization\"},\"alternateName\":\"Toute l'actualit\u00e9 de Remiremont\",\"potentialAction\":[{\"@type\":\"SearchAction\",\"target\":{\"@type\":\"EntryPoint\",\"urlTemplate\":\"https:\/\/vosgesinfo.fr\/remiremontinfo\/?s={search_term_string}\"},\"query-input\":\"required name=search_term_string\"}],\"inLanguage\":\"fr-FR\"},{\"@type\":\"Organization\",\"@id\":\"https:\/\/vosgesinfo.fr\/remiremontinfo\/#organization\",\"name\":\"Remiremont Info\",\"url\":\"https:\/\/vosgesinfo.fr\/remiremontinfo\/\",\"logo\":{\"@type\":\"ImageObject\",\"inLanguage\":\"fr-FR\",\"@id\":\"https:\/\/vosgesinfo.fr\/remiremontinfo\/#\/schema\/logo\/image\/\",\"url\":\"https:\/\/vosgesinfo.fr\/app\/uploads\/sites\/5\/2023\/08\/favicon-remiremontinfo.png\",\"contentUrl\":\"https:\/\/vosgesinfo.fr\/app\/uploads\/sites\/5\/2023\/08\/favicon-remiremontinfo.png\",\"width\":512,\"height\":512,\"caption\":\"Remiremont Info\"},\"image\":{\"@id\":\"https:\/\/vosgesinfo.fr\/remiremontinfo\/#\/schema\/logo\/image\/\"},\"sameAs\":[\"https:\/\/www.facebook.com\/remiremontinfo\",\"https:\/\/x.com\/VosgesInfo88\",\"https:\/\/www.youtube.com\/@vosgesinfo\"]},{\"@type\":\"Person\",\"@id\":\"https:\/\/vosgesinfo.fr\/remiremontinfo\/#\/schema\/person\/9f7d5afbed21dfe30e21502db85507c8\",\"name\":\"Julien Chassard\",\"image\":{\"@type\":\"ImageObject\",\"inLanguage\":\"fr-FR\",\"@id\":\"https:\/\/vosgesinfo.fr\/remiremontinfo\/#\/schema\/person\/image\/\",\"url\":\"https:\/\/secure.gravatar.com\/avatar\/b1edc920568095a5269cc92a13830411052ebb396f029db539972c12276b9ba9?s=96&d=mm&r=g\",\"contentUrl\":\"https:\/\/secure.gravatar.com\/avatar\/b1edc920568095a5269cc92a13830411052ebb396f029db539972c12276b9ba9?s=96&d=mm&r=g\",\"caption\":\"Julien Chassard\"},\"url\":\"https:\/\/vosgesinfo.fr\/remiremontinfo\/author\/j-chassard882\/\"}]}<\/script>\n<!-- \/ Yoast SEO plugin. -->","yoast_head_json":{"title":"L\u2019artiste-peintre vosgien Willy humanise les mannequins d\u2019un mus\u00e9e - Remiremont Info","robots":{"index":"index","follow":"follow","max-snippet":"max-snippet:-1","max-image-preview":"max-image-preview:large","max-video-preview":"max-video-preview:-1"},"canonical":"https:\/\/vosgesinfo.fr\/remiremontinfo\/2023\/11\/lartiste-peintre-vosgien-willy-humanise-les-mannequins-dun-musee\/","twitter_card":"summary_large_image","twitter_title":"L\u2019artiste-peintre vosgien Willy humanise les mannequins d\u2019un mus\u00e9e - Remiremont Info","twitter_description":"Les d\u00e9fis ne font pas peur \u00e0 William Etienne, alias Willy\u2026 bien au contraire. Preuve en est une fois encore [&hellip;]","twitter_image":"https:\/\/vosgesinfo.fr\/app\/uploads\/sites\/5\/2023\/11\/willy-mannequins-musee-poche-colmar-31-1014x1024-1.jpeg","twitter_creator":"@VosgesInfo88","twitter_site":"@VosgesInfo88","twitter_misc":{"\u00c9crit par":"Julien Chassard"},"schema":{"@context":"https:\/\/schema.org","@graph":[{"@type":"Article","@id":"https:\/\/vosgesinfo.fr\/remiremontinfo\/2023\/11\/lartiste-peintre-vosgien-willy-humanise-les-mannequins-dun-musee\/#article","isPartOf":{"@id":"https:\/\/vosgesinfo.fr\/remiremontinfo\/2023\/11\/lartiste-peintre-vosgien-willy-humanise-les-mannequins-dun-musee\/"},"author":{"name":"Julien Chassard","@id":"https:\/\/vosgesinfo.fr\/remiremontinfo\/#\/schema\/person\/9f7d5afbed21dfe30e21502db85507c8"},"headline":"L\u2019artiste-peintre vosgien Willy humanise les mannequins d\u2019un mus\u00e9e","datePublished":"2023-11-13T14:41:27+00:00","dateModified":"2023-11-13T14:41:27+00:00","mainEntityOfPage":{"@id":"https:\/\/vosgesinfo.fr\/remiremontinfo\/2023\/11\/lartiste-peintre-vosgien-willy-humanise-les-mannequins-dun-musee\/"},"wordCount":59,"commentCount":0,"publisher":{"@id":"https:\/\/vosgesinfo.fr\/remiremontinfo\/#organization"},"image":{"@id":"https:\/\/vosgesinfo.fr\/remiremontinfo\/2023\/11\/lartiste-peintre-vosgien-willy-humanise-les-mannequins-dun-musee\/#primaryimage"},"thumbnailUrl":"https:\/\/vosgesinfo.fr\/app\/uploads\/sites\/5\/2023\/11\/willy-mannequins-musee-poche-colmar-31-1014x1024-1.jpeg","articleSection":["A la Une","Saint-di\u00e9"],"inLanguage":"fr-FR","potentialAction":[{"@type":"CommentAction","name":"Comment","target":["https:\/\/vosgesinfo.fr\/remiremontinfo\/2023\/11\/lartiste-peintre-vosgien-willy-humanise-les-mannequins-dun-musee\/#respond"]}]},{"@type":"WebPage","@id":"https:\/\/vosgesinfo.fr\/remiremontinfo\/2023\/11\/lartiste-peintre-vosgien-willy-humanise-les-mannequins-dun-musee\/","url":"https:\/\/vosgesinfo.fr\/remiremontinfo\/2023\/11\/lartiste-peintre-vosgien-willy-humanise-les-mannequins-dun-musee\/","name":"L\u2019artiste-peintre vosgien Willy humanise les mannequins d\u2019un mus\u00e9e - Remiremont Info","isPartOf":{"@id":"https:\/\/vosgesinfo.fr\/remiremontinfo\/#website"},"primaryImageOfPage":{"@id":"https:\/\/vosgesinfo.fr\/remiremontinfo\/2023\/11\/lartiste-peintre-vosgien-willy-humanise-les-mannequins-dun-musee\/#primaryimage"},"image":{"@id":"https:\/\/vosgesinfo.fr\/remiremontinfo\/2023\/11\/lartiste-peintre-vosgien-willy-humanise-les-mannequins-dun-musee\/#primaryimage"},"thumbnailUrl":"https:\/\/vosgesinfo.fr\/app\/uploads\/sites\/5\/2023\/11\/willy-mannequins-musee-poche-colmar-31-1014x1024-1.jpeg","datePublished":"2023-11-13T14:41:27+00:00","dateModified":"2023-11-13T14:41:27+00:00","breadcrumb":{"@id":"https:\/\/vosgesinfo.fr\/remiremontinfo\/2023\/11\/lartiste-peintre-vosgien-willy-humanise-les-mannequins-dun-musee\/#breadcrumb"},"inLanguage":"fr-FR","potentialAction":[{"@type":"ReadAction","target":["https:\/\/vosgesinfo.fr\/remiremontinfo\/2023\/11\/lartiste-peintre-vosgien-willy-humanise-les-mannequins-dun-musee\/"]}]},{"@type":"ImageObject","inLanguage":"fr-FR","@id":"https:\/\/vosgesinfo.fr\/remiremontinfo\/2023\/11\/lartiste-peintre-vosgien-willy-humanise-les-mannequins-dun-musee\/#primaryimage","url":"https:\/\/vosgesinfo.fr\/app\/uploads\/sites\/5\/2023\/11\/willy-mannequins-musee-poche-colmar-31-1014x1024-1.jpeg","contentUrl":"https:\/\/vosgesinfo.fr\/app\/uploads\/sites\/5\/2023\/11\/willy-mannequins-musee-poche-colmar-31-1014x1024-1.jpeg","width":1014,"height":1024},{"@type":"BreadcrumbList","@id":"https:\/\/vosgesinfo.fr\/remiremontinfo\/2023\/11\/lartiste-peintre-vosgien-willy-humanise-les-mannequins-dun-musee\/#breadcrumb","itemListElement":[{"@type":"ListItem","position":1,"name":"Home","item":"https:\/\/vosgesinfo.fr\/remiremontinfo\/"},{"@type":"ListItem","position":2,"name":"L\u2019artiste-peintre vosgien Willy humanise les mannequins d\u2019un mus\u00e9e"}]},{"@type":"WebSite","@id":"https:\/\/vosgesinfo.fr\/remiremontinfo\/#website","url":"https:\/\/vosgesinfo.fr\/remiremontinfo\/","name":"Remiremont Info","description":"Toute l&#039;actualit\u00e9 de Remiremont","publisher":{"@id":"https:\/\/vosgesinfo.fr\/remiremontinfo\/#organization"},"alternateName":"Toute l'actualit\u00e9 de Remiremont","potentialAction":[{"@type":"SearchAction","target":{"@type":"EntryPoint","urlTemplate":"https:\/\/vosgesinfo.fr\/remiremontinfo\/?s={search_term_string}"},"query-input":"required name=search_term_string"}],"inLanguage":"fr-FR"},{"@type":"Organization","@id":"https:\/\/vosgesinfo.fr\/remiremontinfo\/#organization","name":"Remiremont Info","url":"https:\/\/vosgesinfo.fr\/remiremontinfo\/","logo":{"@type":"ImageObject","inLanguage":"fr-FR","@id":"https:\/\/vosgesinfo.fr\/remiremontinfo\/#\/schema\/logo\/image\/","url":"https:\/\/vosgesinfo.fr\/app\/uploads\/sites\/5\/2023\/08\/favicon-remiremontinfo.png","contentUrl":"https:\/\/vosgesinfo.fr\/app\/uploads\/sites\/5\/2023\/08\/favicon-remiremontinfo.png","width":512,"height":512,"caption":"Remiremont Info"},"image":{"@id":"https:\/\/vosgesinfo.fr\/remiremontinfo\/#\/schema\/logo\/image\/"},"sameAs":["https:\/\/www.facebook.com\/remiremontinfo","https:\/\/x.com\/VosgesInfo88","https:\/\/www.youtube.com\/@vosgesinfo"]},{"@type":"Person","@id":"https:\/\/vosgesinfo.fr\/remiremontinfo\/#\/schema\/person\/9f7d5afbed21dfe30e21502db85507c8","name":"Julien Chassard","image":{"@type":"ImageObject","inLanguage":"fr-FR","@id":"https:\/\/vosgesinfo.fr\/remiremontinfo\/#\/schema\/person\/image\/","url":"https:\/\/secure.gravatar.com\/avatar\/b1edc920568095a5269cc92a13830411052ebb396f029db539972c12276b9ba9?s=96&d=mm&r=g","contentUrl":"https:\/\/secure.gravatar.com\/avatar\/b1edc920568095a5269cc92a13830411052ebb396f029db539972c12276b9ba9?s=96&d=mm&r=g","caption":"Julien Chassard"},"url":"https:\/\/vosgesinfo.fr\/remiremontinfo\/author\/j-chassard882\/"}]}},"_links":{"self":[{"href":"https:\/\/vosgesinfo.fr\/remiremontinfo\/wp-json\/wp\/v2\/posts\/2658","targetHints":{"allow":["GET"]}}],"collection":[{"href":"https:\/\/vosgesinfo.fr\/remiremontinfo\/wp-json\/wp\/v2\/posts"}],"about":[{"href":"https:\/\/vosgesinfo.fr\/remiremontinfo\/wp-json\/wp\/v2\/types\/post"}],"author":[{"embeddable":true,"href":"https:\/\/vosgesinfo.fr\/remiremontinfo\/wp-json\/wp\/v2\/users\/414"}],"replies":[{"embeddable":true,"href":"https:\/\/vosgesinfo.fr\/remiremontinfo\/wp-json\/wp\/v2\/comments?post=2658"}],"version-history":[{"count":0,"href":"https:\/\/vosgesinfo.fr\/remiremontinfo\/wp-json\/wp\/v2\/posts\/2658\/revisions"}],"wp:featuredmedia":[{"embeddable":true,"href":"https:\/\/vosgesinfo.fr\/remiremontinfo\/wp-json\/wp\/v2\/media\/2659"}],"wp:attachment":[{"href":"https:\/\/vosgesinfo.fr\/remiremontinfo\/wp-json\/wp\/v2\/media?parent=2658"}],"wp:term":[{"taxonomy":"category","embeddable":true,"href":"https:\/\/vosgesinfo.fr\/remiremontinfo\/wp-json\/wp\/v2\/categories?post=2658"},{"taxonomy":"post_tag","embeddable":true,"href":"https:\/\/vosgesinfo.fr\/remiremontinfo\/wp-json\/wp\/v2\/tags?post=2658"}],"curies":[{"name":"wp","href":"https:\/\/api.w.org\/{rel}","templated":true}]}}