{"id":26592,"date":"2020-04-06T15:06:39","date_gmt":"2020-04-06T13:06:39","guid":{"rendered":"https:\/\/vosgesinfo.fr\/remiremontinfo\/2020\/04\/pele-mele-dinfos-nouvelles-secteur-de-bresse\/"},"modified":"2020-04-06T15:06:39","modified_gmt":"2020-04-06T13:06:39","slug":"pele-mele-dinfos-nouvelles-secteur-de-bresse","status":"publish","type":"post","link":"https:\/\/vosgesinfo.fr\/remiremontinfo\/2020\/04\/pele-mele-dinfos-nouvelles-secteur-de-bresse\/","title":{"rendered":"P\u00caLE-M\u00caLE D&rsquo;INFOS NOUVELLES sur le secteur de La Bresse"},"content":{"rendered":"<h3 style=\"text-align: center;\">P\u00caLE-M\u00caLE D&rsquo;INFOS NOUVELLES<\/h3>\n<p><strong>Modification de la tourn\u00e9e de collecte des ordures m\u00e9nag\u00e8res<\/strong><br \/>\nEn raison du jour f\u00e9ri\u00e9 du Lundi de P\u00e2ques, le 13 avril prochain, la collecte des ordures m\u00e9nag\u00e8res pr\u00e9vue le lundi sera avanc\u00e9e au samedi 11 avril. Pour les personnes concern\u00e9es par la tourn\u00e9e du lundi, pensez \u00e0 sortir vos containers ce vendredi 10 avril au soir !<\/p>\n<p><strong>Ouverture des magasins de bricolage<\/strong><br \/>\nLes magasins de bricolage sont ouverts sous forme de drive pour les produits de premi\u00e8re n\u00e9cessit\u00e9 :<br \/>\nCATENA &#8211; sur RDV en appelant le 03.29.23.75.76 \/ Un client \u00e0 la fois dans le magasin<br \/>\nLES BRICONAUTES &#8211; T\u00e9l : 03.29.25.41.21 \/ Un client \u00e0 la fois dans le magasin.<br \/>\nDu lundi au vendredi de 9h \u00e0 12h et de 14h \u00e0 16h &#8211; le samedi de 9h \u00e0 12h.<\/p>\n<p><strong>Le magasin GITEM est ouvert sous forme de DRIVE.<\/strong><\/p>\n<p>T\u00e9l : 03 29 25 67 67\u00a0 &#8211; 9 rte de Cornimont<\/p>\n<p>\u00c9lectrom\u00e9nager, Informatique, TV, Antenne &#8211; LIVRAISON POSSIBLE.<br \/>\nD\u00c9PANNAGES ASSURES pour les produits de premi\u00e8re n\u00e9cessit\u00e9.<br \/>\nAppel pr\u00e9alable n\u00e9cessaire pour prise de RDV. Si r\u00e9pondeur, laissez votre message.<\/p>\n<p>Le tout dans le respect des consignes en vigueurs.<\/p>\n<p><strong>Annulation du forum des emplois<\/strong><br \/>\nEn raison de l&rsquo;\u00e9pid\u00e9mie du virus COVID-19 et les mesures de confinement, le forum des emplois, initialement pr\u00e9vu le jeudi 23 avril est annul\u00e9.<br \/>\nNe pouvant \u00eatre report\u00e9 pour le moment, il n&rsquo;y aura pas de forum ce printemps. Le prochain rendez-vous \u00ab\u00a0emplois\u00a0\u00bb aura lieu en octobre 2020.<br \/>\nPour rappel, la Mairie organise deux fois par an (avril et octobre) un Forum des Emplois, en partenariat avec P\u00f4le Emploi.<\/p>\n","protected":false},"excerpt":{"rendered":"<p>P\u00caLE-M\u00caLE D&rsquo;INFOS NOUVELLES Modification de la tourn\u00e9e de collecte des ordures m\u00e9nag\u00e8res En raison du jour f\u00e9ri\u00e9 du Lundi de [&hellip;]<\/p>\n","protected":false},"author":39,"featured_media":26593,"comment_status":"open","ping_status":"open","sticky":false,"template":"","format":"standard","meta":{"footnotes":""},"categories":[26,25],"tags":[],"class_list":["post-26592","post","type-post","status-publish","format-standard","has-post-thumbnail","hentry","category-a-la-une","category-la-bresse-son-canton"],"acf":[],"yoast_head":"<!-- This site is optimized with the Yoast SEO plugin v22.5 - https:\/\/yoast.com\/wordpress\/plugins\/seo\/ -->\n<title>P\u00caLE-M\u00caLE D&#039;INFOS NOUVELLES sur le secteur de La Bresse - Remiremont Info<\/title>\n<meta name=\"robots\" content=\"index, follow, max-snippet:-1, max-image-preview:large, max-video-preview:-1\" \/>\n<link rel=\"canonical\" href=\"https:\/\/vosgesinfo.fr\/remiremontinfo\/2020\/04\/pele-mele-dinfos-nouvelles-secteur-de-bresse\/\" \/>\n<meta name=\"twitter:card\" content=\"summary_large_image\" \/>\n<meta name=\"twitter:title\" content=\"P\u00caLE-M\u00caLE D&#039;INFOS NOUVELLES sur le secteur de La Bresse - Remiremont Info\" \/>\n<meta name=\"twitter:description\" content=\"P\u00caLE-M\u00caLE D&rsquo;INFOS NOUVELLES Modification de la tourn\u00e9e de collecte des ordures m\u00e9nag\u00e8res En raison du jour f\u00e9ri\u00e9 du Lundi de [&hellip;]\" \/>\n<meta name=\"twitter:image\" content=\"https:\/\/vosgesinfo.fr\/app\/uploads\/sites\/5\/2024\/09\/2019091920px-la-bresse-le-centre-1.jpg\" \/>\n<meta name=\"twitter:creator\" content=\"@VosgesInfo88\" \/>\n<meta name=\"twitter:site\" content=\"@VosgesInfo88\" \/>\n<meta name=\"twitter:label1\" content=\"\u00c9crit par\" \/>\n\t<meta name=\"twitter:data1\" content=\"Phj\" \/>\n\t<meta name=\"twitter:label2\" content=\"Dur\u00e9e de lecture estim\u00e9e\" \/>\n\t<meta name=\"twitter:data2\" content=\"1 minute\" \/>\n<script type=\"application\/ld+json\" class=\"yoast-schema-graph\">{\"@context\":\"https:\/\/schema.org\",\"@graph\":[{\"@type\":\"Article\",\"@id\":\"https:\/\/vosgesinfo.fr\/remiremontinfo\/2020\/04\/pele-mele-dinfos-nouvelles-secteur-de-bresse\/#article\",\"isPartOf\":{\"@id\":\"https:\/\/vosgesinfo.fr\/remiremontinfo\/2020\/04\/pele-mele-dinfos-nouvelles-secteur-de-bresse\/\"},\"author\":{\"name\":\"Phj\",\"@id\":\"https:\/\/vosgesinfo.fr\/remiremontinfo\/#\/schema\/person\/4f57dc393faf2ac8b9f1cab30ad79250\"},\"headline\":\"P\u00caLE-M\u00caLE D&rsquo;INFOS NOUVELLES sur le secteur de La Bresse\",\"datePublished\":\"2020-04-06T13:06:39+00:00\",\"dateModified\":\"2020-04-06T13:06:39+00:00\",\"mainEntityOfPage\":{\"@id\":\"https:\/\/vosgesinfo.fr\/remiremontinfo\/2020\/04\/pele-mele-dinfos-nouvelles-secteur-de-bresse\/\"},\"wordCount\":282,\"commentCount\":0,\"publisher\":{\"@id\":\"https:\/\/vosgesinfo.fr\/remiremontinfo\/#organization\"},\"image\":{\"@id\":\"https:\/\/vosgesinfo.fr\/remiremontinfo\/2020\/04\/pele-mele-dinfos-nouvelles-secteur-de-bresse\/#primaryimage\"},\"thumbnailUrl\":\"https:\/\/vosgesinfo.fr\/app\/uploads\/sites\/5\/2024\/09\/2019091920px-la-bresse-le-centre-1.jpg\",\"articleSection\":[\"A la Une\",\"La Bresse &amp; son canton\"],\"inLanguage\":\"fr-FR\",\"potentialAction\":[{\"@type\":\"CommentAction\",\"name\":\"Comment\",\"target\":[\"https:\/\/vosgesinfo.fr\/remiremontinfo\/2020\/04\/pele-mele-dinfos-nouvelles-secteur-de-bresse\/#respond\"]}]},{\"@type\":\"WebPage\",\"@id\":\"https:\/\/vosgesinfo.fr\/remiremontinfo\/2020\/04\/pele-mele-dinfos-nouvelles-secteur-de-bresse\/\",\"url\":\"https:\/\/vosgesinfo.fr\/remiremontinfo\/2020\/04\/pele-mele-dinfos-nouvelles-secteur-de-bresse\/\",\"name\":\"P\u00caLE-M\u00caLE D'INFOS NOUVELLES sur le secteur de La Bresse - Remiremont Info\",\"isPartOf\":{\"@id\":\"https:\/\/vosgesinfo.fr\/remiremontinfo\/#website\"},\"primaryImageOfPage\":{\"@id\":\"https:\/\/vosgesinfo.fr\/remiremontinfo\/2020\/04\/pele-mele-dinfos-nouvelles-secteur-de-bresse\/#primaryimage\"},\"image\":{\"@id\":\"https:\/\/vosgesinfo.fr\/remiremontinfo\/2020\/04\/pele-mele-dinfos-nouvelles-secteur-de-bresse\/#primaryimage\"},\"thumbnailUrl\":\"https:\/\/vosgesinfo.fr\/app\/uploads\/sites\/5\/2024\/09\/2019091920px-la-bresse-le-centre-1.jpg\",\"datePublished\":\"2020-04-06T13:06:39+00:00\",\"dateModified\":\"2020-04-06T13:06:39+00:00\",\"breadcrumb\":{\"@id\":\"https:\/\/vosgesinfo.fr\/remiremontinfo\/2020\/04\/pele-mele-dinfos-nouvelles-secteur-de-bresse\/#breadcrumb\"},\"inLanguage\":\"fr-FR\",\"potentialAction\":[{\"@type\":\"ReadAction\",\"target\":[\"https:\/\/vosgesinfo.fr\/remiremontinfo\/2020\/04\/pele-mele-dinfos-nouvelles-secteur-de-bresse\/\"]}]},{\"@type\":\"ImageObject\",\"inLanguage\":\"fr-FR\",\"@id\":\"https:\/\/vosgesinfo.fr\/remiremontinfo\/2020\/04\/pele-mele-dinfos-nouvelles-secteur-de-bresse\/#primaryimage\",\"url\":\"https:\/\/vosgesinfo.fr\/app\/uploads\/sites\/5\/2024\/09\/2019091920px-la-bresse-le-centre-1.jpg\",\"contentUrl\":\"https:\/\/vosgesinfo.fr\/app\/uploads\/sites\/5\/2024\/09\/2019091920px-la-bresse-le-centre-1.jpg\",\"width\":1920,\"height\":1280},{\"@type\":\"BreadcrumbList\",\"@id\":\"https:\/\/vosgesinfo.fr\/remiremontinfo\/2020\/04\/pele-mele-dinfos-nouvelles-secteur-de-bresse\/#breadcrumb\",\"itemListElement\":[{\"@type\":\"ListItem\",\"position\":1,\"name\":\"Home\",\"item\":\"https:\/\/vosgesinfo.fr\/remiremontinfo\/\"},{\"@type\":\"ListItem\",\"position\":2,\"name\":\"P\u00caLE-M\u00caLE D&rsquo;INFOS NOUVELLES sur le secteur de La Bresse\"}]},{\"@type\":\"WebSite\",\"@id\":\"https:\/\/vosgesinfo.fr\/remiremontinfo\/#website\",\"url\":\"https:\/\/vosgesinfo.fr\/remiremontinfo\/\",\"name\":\"Remiremont Info\",\"description\":\"Toute l&#039;actualit\u00e9 de Remiremont\",\"publisher\":{\"@id\":\"https:\/\/vosgesinfo.fr\/remiremontinfo\/#organization\"},\"alternateName\":\"Toute l'actualit\u00e9 de Remiremont\",\"potentialAction\":[{\"@type\":\"SearchAction\",\"target\":{\"@type\":\"EntryPoint\",\"urlTemplate\":\"https:\/\/vosgesinfo.fr\/remiremontinfo\/?s={search_term_string}\"},\"query-input\":\"required name=search_term_string\"}],\"inLanguage\":\"fr-FR\"},{\"@type\":\"Organization\",\"@id\":\"https:\/\/vosgesinfo.fr\/remiremontinfo\/#organization\",\"name\":\"Remiremont Info\",\"url\":\"https:\/\/vosgesinfo.fr\/remiremontinfo\/\",\"logo\":{\"@type\":\"ImageObject\",\"inLanguage\":\"fr-FR\",\"@id\":\"https:\/\/vosgesinfo.fr\/remiremontinfo\/#\/schema\/logo\/image\/\",\"url\":\"https:\/\/vosgesinfo.fr\/app\/uploads\/sites\/5\/2023\/08\/favicon-remiremontinfo.png\",\"contentUrl\":\"https:\/\/vosgesinfo.fr\/app\/uploads\/sites\/5\/2023\/08\/favicon-remiremontinfo.png\",\"width\":512,\"height\":512,\"caption\":\"Remiremont Info\"},\"image\":{\"@id\":\"https:\/\/vosgesinfo.fr\/remiremontinfo\/#\/schema\/logo\/image\/\"},\"sameAs\":[\"https:\/\/www.facebook.com\/remiremontinfo\",\"https:\/\/x.com\/VosgesInfo88\",\"https:\/\/www.youtube.com\/@vosgesinfo\"]},{\"@type\":\"Person\",\"@id\":\"https:\/\/vosgesinfo.fr\/remiremontinfo\/#\/schema\/person\/4f57dc393faf2ac8b9f1cab30ad79250\",\"name\":\"Phj\",\"image\":{\"@type\":\"ImageObject\",\"inLanguage\":\"fr-FR\",\"@id\":\"https:\/\/vosgesinfo.fr\/remiremontinfo\/#\/schema\/person\/image\/\",\"url\":\"https:\/\/secure.gravatar.com\/avatar\/ada60265080fb9a89c9809bf0abb1f448a128cb85db1c08905baa5038fbe3cfe?s=96&d=mm&r=g\",\"contentUrl\":\"https:\/\/secure.gravatar.com\/avatar\/ada60265080fb9a89c9809bf0abb1f448a128cb85db1c08905baa5038fbe3cfe?s=96&d=mm&r=g\",\"caption\":\"Phj\"},\"url\":\"https:\/\/vosgesinfo.fr\/remiremontinfo\/author\/phj\/\"}]}<\/script>\n<!-- \/ Yoast SEO plugin. -->","yoast_head_json":{"title":"P\u00caLE-M\u00caLE D'INFOS NOUVELLES sur le secteur de La Bresse - Remiremont Info","robots":{"index":"index","follow":"follow","max-snippet":"max-snippet:-1","max-image-preview":"max-image-preview:large","max-video-preview":"max-video-preview:-1"},"canonical":"https:\/\/vosgesinfo.fr\/remiremontinfo\/2020\/04\/pele-mele-dinfos-nouvelles-secteur-de-bresse\/","twitter_card":"summary_large_image","twitter_title":"P\u00caLE-M\u00caLE D'INFOS NOUVELLES sur le secteur de La Bresse - Remiremont Info","twitter_description":"P\u00caLE-M\u00caLE D&rsquo;INFOS NOUVELLES Modification de la tourn\u00e9e de collecte des ordures m\u00e9nag\u00e8res En raison du jour f\u00e9ri\u00e9 du Lundi de [&hellip;]","twitter_image":"https:\/\/vosgesinfo.fr\/app\/uploads\/sites\/5\/2024\/09\/2019091920px-la-bresse-le-centre-1.jpg","twitter_creator":"@VosgesInfo88","twitter_site":"@VosgesInfo88","twitter_misc":{"\u00c9crit par":"Phj","Dur\u00e9e de lecture estim\u00e9e":"1 minute"},"schema":{"@context":"https:\/\/schema.org","@graph":[{"@type":"Article","@id":"https:\/\/vosgesinfo.fr\/remiremontinfo\/2020\/04\/pele-mele-dinfos-nouvelles-secteur-de-bresse\/#article","isPartOf":{"@id":"https:\/\/vosgesinfo.fr\/remiremontinfo\/2020\/04\/pele-mele-dinfos-nouvelles-secteur-de-bresse\/"},"author":{"name":"Phj","@id":"https:\/\/vosgesinfo.fr\/remiremontinfo\/#\/schema\/person\/4f57dc393faf2ac8b9f1cab30ad79250"},"headline":"P\u00caLE-M\u00caLE D&rsquo;INFOS NOUVELLES sur le secteur de La Bresse","datePublished":"2020-04-06T13:06:39+00:00","dateModified":"2020-04-06T13:06:39+00:00","mainEntityOfPage":{"@id":"https:\/\/vosgesinfo.fr\/remiremontinfo\/2020\/04\/pele-mele-dinfos-nouvelles-secteur-de-bresse\/"},"wordCount":282,"commentCount":0,"publisher":{"@id":"https:\/\/vosgesinfo.fr\/remiremontinfo\/#organization"},"image":{"@id":"https:\/\/vosgesinfo.fr\/remiremontinfo\/2020\/04\/pele-mele-dinfos-nouvelles-secteur-de-bresse\/#primaryimage"},"thumbnailUrl":"https:\/\/vosgesinfo.fr\/app\/uploads\/sites\/5\/2024\/09\/2019091920px-la-bresse-le-centre-1.jpg","articleSection":["A la Une","La Bresse &amp; son canton"],"inLanguage":"fr-FR","potentialAction":[{"@type":"CommentAction","name":"Comment","target":["https:\/\/vosgesinfo.fr\/remiremontinfo\/2020\/04\/pele-mele-dinfos-nouvelles-secteur-de-bresse\/#respond"]}]},{"@type":"WebPage","@id":"https:\/\/vosgesinfo.fr\/remiremontinfo\/2020\/04\/pele-mele-dinfos-nouvelles-secteur-de-bresse\/","url":"https:\/\/vosgesinfo.fr\/remiremontinfo\/2020\/04\/pele-mele-dinfos-nouvelles-secteur-de-bresse\/","name":"P\u00caLE-M\u00caLE D'INFOS NOUVELLES sur le secteur de La Bresse - Remiremont Info","isPartOf":{"@id":"https:\/\/vosgesinfo.fr\/remiremontinfo\/#website"},"primaryImageOfPage":{"@id":"https:\/\/vosgesinfo.fr\/remiremontinfo\/2020\/04\/pele-mele-dinfos-nouvelles-secteur-de-bresse\/#primaryimage"},"image":{"@id":"https:\/\/vosgesinfo.fr\/remiremontinfo\/2020\/04\/pele-mele-dinfos-nouvelles-secteur-de-bresse\/#primaryimage"},"thumbnailUrl":"https:\/\/vosgesinfo.fr\/app\/uploads\/sites\/5\/2024\/09\/2019091920px-la-bresse-le-centre-1.jpg","datePublished":"2020-04-06T13:06:39+00:00","dateModified":"2020-04-06T13:06:39+00:00","breadcrumb":{"@id":"https:\/\/vosgesinfo.fr\/remiremontinfo\/2020\/04\/pele-mele-dinfos-nouvelles-secteur-de-bresse\/#breadcrumb"},"inLanguage":"fr-FR","potentialAction":[{"@type":"ReadAction","target":["https:\/\/vosgesinfo.fr\/remiremontinfo\/2020\/04\/pele-mele-dinfos-nouvelles-secteur-de-bresse\/"]}]},{"@type":"ImageObject","inLanguage":"fr-FR","@id":"https:\/\/vosgesinfo.fr\/remiremontinfo\/2020\/04\/pele-mele-dinfos-nouvelles-secteur-de-bresse\/#primaryimage","url":"https:\/\/vosgesinfo.fr\/app\/uploads\/sites\/5\/2024\/09\/2019091920px-la-bresse-le-centre-1.jpg","contentUrl":"https:\/\/vosgesinfo.fr\/app\/uploads\/sites\/5\/2024\/09\/2019091920px-la-bresse-le-centre-1.jpg","width":1920,"height":1280},{"@type":"BreadcrumbList","@id":"https:\/\/vosgesinfo.fr\/remiremontinfo\/2020\/04\/pele-mele-dinfos-nouvelles-secteur-de-bresse\/#breadcrumb","itemListElement":[{"@type":"ListItem","position":1,"name":"Home","item":"https:\/\/vosgesinfo.fr\/remiremontinfo\/"},{"@type":"ListItem","position":2,"name":"P\u00caLE-M\u00caLE D&rsquo;INFOS NOUVELLES sur le secteur de La Bresse"}]},{"@type":"WebSite","@id":"https:\/\/vosgesinfo.fr\/remiremontinfo\/#website","url":"https:\/\/vosgesinfo.fr\/remiremontinfo\/","name":"Remiremont Info","description":"Toute l&#039;actualit\u00e9 de Remiremont","publisher":{"@id":"https:\/\/vosgesinfo.fr\/remiremontinfo\/#organization"},"alternateName":"Toute l'actualit\u00e9 de Remiremont","potentialAction":[{"@type":"SearchAction","target":{"@type":"EntryPoint","urlTemplate":"https:\/\/vosgesinfo.fr\/remiremontinfo\/?s={search_term_string}"},"query-input":"required name=search_term_string"}],"inLanguage":"fr-FR"},{"@type":"Organization","@id":"https:\/\/vosgesinfo.fr\/remiremontinfo\/#organization","name":"Remiremont Info","url":"https:\/\/vosgesinfo.fr\/remiremontinfo\/","logo":{"@type":"ImageObject","inLanguage":"fr-FR","@id":"https:\/\/vosgesinfo.fr\/remiremontinfo\/#\/schema\/logo\/image\/","url":"https:\/\/vosgesinfo.fr\/app\/uploads\/sites\/5\/2023\/08\/favicon-remiremontinfo.png","contentUrl":"https:\/\/vosgesinfo.fr\/app\/uploads\/sites\/5\/2023\/08\/favicon-remiremontinfo.png","width":512,"height":512,"caption":"Remiremont Info"},"image":{"@id":"https:\/\/vosgesinfo.fr\/remiremontinfo\/#\/schema\/logo\/image\/"},"sameAs":["https:\/\/www.facebook.com\/remiremontinfo","https:\/\/x.com\/VosgesInfo88","https:\/\/www.youtube.com\/@vosgesinfo"]},{"@type":"Person","@id":"https:\/\/vosgesinfo.fr\/remiremontinfo\/#\/schema\/person\/4f57dc393faf2ac8b9f1cab30ad79250","name":"Phj","image":{"@type":"ImageObject","inLanguage":"fr-FR","@id":"https:\/\/vosgesinfo.fr\/remiremontinfo\/#\/schema\/person\/image\/","url":"https:\/\/secure.gravatar.com\/avatar\/ada60265080fb9a89c9809bf0abb1f448a128cb85db1c08905baa5038fbe3cfe?s=96&d=mm&r=g","contentUrl":"https:\/\/secure.gravatar.com\/avatar\/ada60265080fb9a89c9809bf0abb1f448a128cb85db1c08905baa5038fbe3cfe?s=96&d=mm&r=g","caption":"Phj"},"url":"https:\/\/vosgesinfo.fr\/remiremontinfo\/author\/phj\/"}]}},"_links":{"self":[{"href":"https:\/\/vosgesinfo.fr\/remiremontinfo\/wp-json\/wp\/v2\/posts\/26592","targetHints":{"allow":["GET"]}}],"collection":[{"href":"https:\/\/vosgesinfo.fr\/remiremontinfo\/wp-json\/wp\/v2\/posts"}],"about":[{"href":"https:\/\/vosgesinfo.fr\/remiremontinfo\/wp-json\/wp\/v2\/types\/post"}],"author":[{"embeddable":true,"href":"https:\/\/vosgesinfo.fr\/remiremontinfo\/wp-json\/wp\/v2\/users\/39"}],"replies":[{"embeddable":true,"href":"https:\/\/vosgesinfo.fr\/remiremontinfo\/wp-json\/wp\/v2\/comments?post=26592"}],"version-history":[{"count":0,"href":"https:\/\/vosgesinfo.fr\/remiremontinfo\/wp-json\/wp\/v2\/posts\/26592\/revisions"}],"wp:featuredmedia":[{"embeddable":true,"href":"https:\/\/vosgesinfo.fr\/remiremontinfo\/wp-json\/wp\/v2\/media\/26593"}],"wp:attachment":[{"href":"https:\/\/vosgesinfo.fr\/remiremontinfo\/wp-json\/wp\/v2\/media?parent=26592"}],"wp:term":[{"taxonomy":"category","embeddable":true,"href":"https:\/\/vosgesinfo.fr\/remiremontinfo\/wp-json\/wp\/v2\/categories?post=26592"},{"taxonomy":"post_tag","embeddable":true,"href":"https:\/\/vosgesinfo.fr\/remiremontinfo\/wp-json\/wp\/v2\/tags?post=26592"}],"curies":[{"name":"wp","href":"https:\/\/api.w.org\/{rel}","templated":true}]}}