{"id":26597,"date":"2020-04-07T06:30:13","date_gmt":"2020-04-07T04:30:13","guid":{"rendered":"https:\/\/vosgesinfo.fr\/remiremontinfo\/2020\/04\/covid-19-point-situation-lest\/"},"modified":"2020-04-07T06:30:13","modified_gmt":"2020-04-07T04:30:13","slug":"covid-19-point-situation-lest","status":"publish","type":"post","link":"https:\/\/vosgesinfo.fr\/remiremontinfo\/2020\/04\/covid-19-point-situation-lest\/","title":{"rendered":"Covid -19&#8230;le point sur la situation dans l&rsquo;Est"},"content":{"rendered":"<p><a href=\"https:\/\/remiremontinfo.fr\/2020\/03\/nouvelle-situation-coronavirus-grand\/coro100\/\" rel=\"attachment wp-att-284947\"><img decoding=\"async\" class=\"aligncenter size-full wp-image-284947\" src=\"\/2020\/03\/coro100.jpg\" alt=\"coro100\" width=\"1200\" height=\"674\" \/><\/a>Au 5 avril 2020, 4 739 personnes sont hospitalis\u00e9es pour Covid-19 dans le Grand Est, dont 950 en<br \/>\nr\u00e9animation.<br \/>\n2 953 (+152) personnes ont pu sortir de l\u2019h\u00f4pital, leur \u00e9tat de sant\u00e9 ayant \u00e9t\u00e9 consid\u00e9r\u00e9 comme rassurant.<br \/>\nDepuis le d\u00e9but de l\u2019\u00e9pid\u00e9mie, le nombre total de d\u00e9c\u00e8s de patients d\u00e9clar\u00e9s par les \u00e9tablissements<br \/>\nsanitaires du Grand Est s\u2019\u00e9l\u00e8ve \u00e0 1 471 en prenant en compte les personnes confirm\u00e9es virologiquement<br \/>\npositives ainsi que les personnes non test\u00e9es mais dont le d\u00e9c\u00e8s est rapport\u00e9 \u00e0 une infection par<br \/>\nCoronavirus.<br \/>\nPour une pr\u00e9sentation des chiffres par d\u00e9partement, vous pouvez consulter le site gouvernement<br \/>\n(https:\/\/www.gouvernement.fr\/info-coronavirus\/carte-et-donnees)<br \/>\n<strong>RESTONS TOUJOURS VIGILANTS :<\/strong><br \/>\n<strong>CONTINUONS \u00c0 RESPECTER LE CONFINEMENT<\/strong><br \/>\nL\u2019action de tous est indispensable pour continuer \u00e0 freiner la propagation du virus. Pour esp\u00e9rer<br \/>\nmaintenir cette tendance \u00e0 la stabilisation des entr\u00e9es en r\u00e9animation, l\u2019ARS Grand Est rappelle qu\u2019il<br \/>\nfaut absolument continuer \u00e0 observer le respect du confinement et des mesures barri\u00e8res.<br \/>\n\uf0b7 Rester chez soi,<br \/>\n\uf0b7 Se laver tr\u00e8s r\u00e9guli\u00e8rement les mains avec du savon ou utiliser une solution hydro alcoolique,<br \/>\n\uf0b7 Tousser ou \u00e9ternuer dans son coude ou dans un mouchoir,<br \/>\n\uf0b7 Utiliser un mouchoir \u00e0 usage unique et le jeter,<br \/>\n\uf0b7 Saluer sans se serrer la main et \u00e9viter les embrassades,<br \/>\n\uf0b7 DEMEURER A AU MOINS UN METRE D\u2019AUTRUI, EVITER LES RASSEMBLEMENTS,<br \/>\nEVITER LES DEPLACEMENTS ET LES CONTACTS : RESPECTER LE CONFINEMENT<br \/>\nVous avez des sympt\u00f4mes (toux, fi\u00e8vre) qui vous font penser au Covid-19 : restez \u00e0 domicile, \u00e9vitez<br \/>\nles contacts, appelez un m\u00e9decin et ne vous rendez pas \u00e0 son cabinet. Vous pouvez \u00e9galement<br \/>\nb\u00e9n\u00e9ficier d\u2019une t\u00e9l\u00e9consultation.<br \/>\nSi les sympt\u00f4mes s\u2019aggravent avec des difficult\u00e9s respiratoires et signes d\u2019\u00e9touffement, appelez le<br \/>\nSAMU-Centre 15.<\/p>\n<p>Pour toute autre situation et information g\u00e9n\u00e9rale : appelez le num\u00e9ro vert national au 0 800 130 000 qui vous indiquera la conduite \u00e0 tenir.<br \/>\nVous retrouverez plus d\u2019informations sur les sites internet du Gouvernement du Minist\u00e8re des Solidarit\u00e9s et de la Sant\u00e9 et de Sant\u00e9 publique France.<\/p>\n","protected":false},"excerpt":{"rendered":"<p>Au 5 avril 2020, 4 739 personnes sont hospitalis\u00e9es pour Covid-19 dans le Grand Est, dont 950 en r\u00e9animation. 2 [&hellip;]<\/p>\n","protected":false},"author":39,"featured_media":26598,"comment_status":"open","ping_status":"open","sticky":false,"template":"","format":"standard","meta":{"footnotes":""},"categories":[26,12,18],"tags":[],"class_list":["post-26597","post","type-post","status-publish","format-standard","has-post-thumbnail","hentry","category-a-la-une","category-sante","category-vosges"],"acf":[],"yoast_head":"<!-- This site is optimized with the Yoast SEO plugin v22.5 - https:\/\/yoast.com\/wordpress\/plugins\/seo\/ -->\n<title>Covid -19...le point sur la situation dans l&#039;Est - Remiremont Info<\/title>\n<meta name=\"robots\" content=\"index, follow, max-snippet:-1, max-image-preview:large, max-video-preview:-1\" \/>\n<link rel=\"canonical\" href=\"https:\/\/vosgesinfo.fr\/remiremontinfo\/2020\/04\/covid-19-point-situation-lest\/\" \/>\n<meta name=\"twitter:card\" content=\"summary_large_image\" \/>\n<meta name=\"twitter:title\" content=\"Covid -19...le point sur la situation dans l&#039;Est - Remiremont Info\" \/>\n<meta name=\"twitter:description\" content=\"Au 5 avril 2020, 4 739 personnes sont hospitalis\u00e9es pour Covid-19 dans le Grand Est, dont 950 en r\u00e9animation. 2 [&hellip;]\" \/>\n<meta name=\"twitter:image\" content=\"https:\/\/vosgesinfo.fr\/app\/uploads\/sites\/5\/2024\/09\/202003coro100-5.jpg\" \/>\n<meta name=\"twitter:creator\" content=\"@VosgesInfo88\" \/>\n<meta name=\"twitter:site\" content=\"@VosgesInfo88\" \/>\n<meta name=\"twitter:label1\" content=\"\u00c9crit par\" \/>\n\t<meta name=\"twitter:data1\" content=\"Phj\" \/>\n\t<meta name=\"twitter:label2\" content=\"Dur\u00e9e de lecture estim\u00e9e\" \/>\n\t<meta name=\"twitter:data2\" content=\"2 minutes\" \/>\n<script type=\"application\/ld+json\" class=\"yoast-schema-graph\">{\"@context\":\"https:\/\/schema.org\",\"@graph\":[{\"@type\":\"Article\",\"@id\":\"https:\/\/vosgesinfo.fr\/remiremontinfo\/2020\/04\/covid-19-point-situation-lest\/#article\",\"isPartOf\":{\"@id\":\"https:\/\/vosgesinfo.fr\/remiremontinfo\/2020\/04\/covid-19-point-situation-lest\/\"},\"author\":{\"name\":\"Phj\",\"@id\":\"https:\/\/vosgesinfo.fr\/remiremontinfo\/#\/schema\/person\/4f57dc393faf2ac8b9f1cab30ad79250\"},\"headline\":\"Covid -19&#8230;le point sur la situation dans l&rsquo;Est\",\"datePublished\":\"2020-04-07T04:30:13+00:00\",\"dateModified\":\"2020-04-07T04:30:13+00:00\",\"mainEntityOfPage\":{\"@id\":\"https:\/\/vosgesinfo.fr\/remiremontinfo\/2020\/04\/covid-19-point-situation-lest\/\"},\"wordCount\":354,\"commentCount\":0,\"publisher\":{\"@id\":\"https:\/\/vosgesinfo.fr\/remiremontinfo\/#organization\"},\"image\":{\"@id\":\"https:\/\/vosgesinfo.fr\/remiremontinfo\/2020\/04\/covid-19-point-situation-lest\/#primaryimage\"},\"thumbnailUrl\":\"https:\/\/vosgesinfo.fr\/app\/uploads\/sites\/5\/2024\/09\/202003coro100-5.jpg\",\"articleSection\":[\"A la Une\",\"Sant\u00e9\",\"Vosges\"],\"inLanguage\":\"fr-FR\",\"potentialAction\":[{\"@type\":\"CommentAction\",\"name\":\"Comment\",\"target\":[\"https:\/\/vosgesinfo.fr\/remiremontinfo\/2020\/04\/covid-19-point-situation-lest\/#respond\"]}]},{\"@type\":\"WebPage\",\"@id\":\"https:\/\/vosgesinfo.fr\/remiremontinfo\/2020\/04\/covid-19-point-situation-lest\/\",\"url\":\"https:\/\/vosgesinfo.fr\/remiremontinfo\/2020\/04\/covid-19-point-situation-lest\/\",\"name\":\"Covid -19...le point sur la situation dans l'Est - Remiremont Info\",\"isPartOf\":{\"@id\":\"https:\/\/vosgesinfo.fr\/remiremontinfo\/#website\"},\"primaryImageOfPage\":{\"@id\":\"https:\/\/vosgesinfo.fr\/remiremontinfo\/2020\/04\/covid-19-point-situation-lest\/#primaryimage\"},\"image\":{\"@id\":\"https:\/\/vosgesinfo.fr\/remiremontinfo\/2020\/04\/covid-19-point-situation-lest\/#primaryimage\"},\"thumbnailUrl\":\"https:\/\/vosgesinfo.fr\/app\/uploads\/sites\/5\/2024\/09\/202003coro100-5.jpg\",\"datePublished\":\"2020-04-07T04:30:13+00:00\",\"dateModified\":\"2020-04-07T04:30:13+00:00\",\"breadcrumb\":{\"@id\":\"https:\/\/vosgesinfo.fr\/remiremontinfo\/2020\/04\/covid-19-point-situation-lest\/#breadcrumb\"},\"inLanguage\":\"fr-FR\",\"potentialAction\":[{\"@type\":\"ReadAction\",\"target\":[\"https:\/\/vosgesinfo.fr\/remiremontinfo\/2020\/04\/covid-19-point-situation-lest\/\"]}]},{\"@type\":\"ImageObject\",\"inLanguage\":\"fr-FR\",\"@id\":\"https:\/\/vosgesinfo.fr\/remiremontinfo\/2020\/04\/covid-19-point-situation-lest\/#primaryimage\",\"url\":\"https:\/\/vosgesinfo.fr\/app\/uploads\/sites\/5\/2024\/09\/202003coro100-5.jpg\",\"contentUrl\":\"https:\/\/vosgesinfo.fr\/app\/uploads\/sites\/5\/2024\/09\/202003coro100-5.jpg\",\"width\":1200,\"height\":674},{\"@type\":\"BreadcrumbList\",\"@id\":\"https:\/\/vosgesinfo.fr\/remiremontinfo\/2020\/04\/covid-19-point-situation-lest\/#breadcrumb\",\"itemListElement\":[{\"@type\":\"ListItem\",\"position\":1,\"name\":\"Home\",\"item\":\"https:\/\/vosgesinfo.fr\/remiremontinfo\/\"},{\"@type\":\"ListItem\",\"position\":2,\"name\":\"Covid -19&#8230;le point sur la situation dans l&rsquo;Est\"}]},{\"@type\":\"WebSite\",\"@id\":\"https:\/\/vosgesinfo.fr\/remiremontinfo\/#website\",\"url\":\"https:\/\/vosgesinfo.fr\/remiremontinfo\/\",\"name\":\"Remiremont Info\",\"description\":\"Toute l&#039;actualit\u00e9 de Remiremont\",\"publisher\":{\"@id\":\"https:\/\/vosgesinfo.fr\/remiremontinfo\/#organization\"},\"alternateName\":\"Toute l'actualit\u00e9 de Remiremont\",\"potentialAction\":[{\"@type\":\"SearchAction\",\"target\":{\"@type\":\"EntryPoint\",\"urlTemplate\":\"https:\/\/vosgesinfo.fr\/remiremontinfo\/?s={search_term_string}\"},\"query-input\":\"required name=search_term_string\"}],\"inLanguage\":\"fr-FR\"},{\"@type\":\"Organization\",\"@id\":\"https:\/\/vosgesinfo.fr\/remiremontinfo\/#organization\",\"name\":\"Remiremont Info\",\"url\":\"https:\/\/vosgesinfo.fr\/remiremontinfo\/\",\"logo\":{\"@type\":\"ImageObject\",\"inLanguage\":\"fr-FR\",\"@id\":\"https:\/\/vosgesinfo.fr\/remiremontinfo\/#\/schema\/logo\/image\/\",\"url\":\"https:\/\/vosgesinfo.fr\/app\/uploads\/sites\/5\/2023\/08\/favicon-remiremontinfo.png\",\"contentUrl\":\"https:\/\/vosgesinfo.fr\/app\/uploads\/sites\/5\/2023\/08\/favicon-remiremontinfo.png\",\"width\":512,\"height\":512,\"caption\":\"Remiremont Info\"},\"image\":{\"@id\":\"https:\/\/vosgesinfo.fr\/remiremontinfo\/#\/schema\/logo\/image\/\"},\"sameAs\":[\"https:\/\/www.facebook.com\/remiremontinfo\",\"https:\/\/x.com\/VosgesInfo88\",\"https:\/\/www.youtube.com\/@vosgesinfo\"]},{\"@type\":\"Person\",\"@id\":\"https:\/\/vosgesinfo.fr\/remiremontinfo\/#\/schema\/person\/4f57dc393faf2ac8b9f1cab30ad79250\",\"name\":\"Phj\",\"image\":{\"@type\":\"ImageObject\",\"inLanguage\":\"fr-FR\",\"@id\":\"https:\/\/vosgesinfo.fr\/remiremontinfo\/#\/schema\/person\/image\/\",\"url\":\"https:\/\/secure.gravatar.com\/avatar\/ada60265080fb9a89c9809bf0abb1f448a128cb85db1c08905baa5038fbe3cfe?s=96&d=mm&r=g\",\"contentUrl\":\"https:\/\/secure.gravatar.com\/avatar\/ada60265080fb9a89c9809bf0abb1f448a128cb85db1c08905baa5038fbe3cfe?s=96&d=mm&r=g\",\"caption\":\"Phj\"},\"url\":\"https:\/\/vosgesinfo.fr\/remiremontinfo\/author\/phj\/\"}]}<\/script>\n<!-- \/ Yoast SEO plugin. -->","yoast_head_json":{"title":"Covid -19...le point sur la situation dans l'Est - Remiremont Info","robots":{"index":"index","follow":"follow","max-snippet":"max-snippet:-1","max-image-preview":"max-image-preview:large","max-video-preview":"max-video-preview:-1"},"canonical":"https:\/\/vosgesinfo.fr\/remiremontinfo\/2020\/04\/covid-19-point-situation-lest\/","twitter_card":"summary_large_image","twitter_title":"Covid -19...le point sur la situation dans l'Est - Remiremont Info","twitter_description":"Au 5 avril 2020, 4 739 personnes sont hospitalis\u00e9es pour Covid-19 dans le Grand Est, dont 950 en r\u00e9animation. 2 [&hellip;]","twitter_image":"https:\/\/vosgesinfo.fr\/app\/uploads\/sites\/5\/2024\/09\/202003coro100-5.jpg","twitter_creator":"@VosgesInfo88","twitter_site":"@VosgesInfo88","twitter_misc":{"\u00c9crit par":"Phj","Dur\u00e9e de lecture estim\u00e9e":"2 minutes"},"schema":{"@context":"https:\/\/schema.org","@graph":[{"@type":"Article","@id":"https:\/\/vosgesinfo.fr\/remiremontinfo\/2020\/04\/covid-19-point-situation-lest\/#article","isPartOf":{"@id":"https:\/\/vosgesinfo.fr\/remiremontinfo\/2020\/04\/covid-19-point-situation-lest\/"},"author":{"name":"Phj","@id":"https:\/\/vosgesinfo.fr\/remiremontinfo\/#\/schema\/person\/4f57dc393faf2ac8b9f1cab30ad79250"},"headline":"Covid -19&#8230;le point sur la situation dans l&rsquo;Est","datePublished":"2020-04-07T04:30:13+00:00","dateModified":"2020-04-07T04:30:13+00:00","mainEntityOfPage":{"@id":"https:\/\/vosgesinfo.fr\/remiremontinfo\/2020\/04\/covid-19-point-situation-lest\/"},"wordCount":354,"commentCount":0,"publisher":{"@id":"https:\/\/vosgesinfo.fr\/remiremontinfo\/#organization"},"image":{"@id":"https:\/\/vosgesinfo.fr\/remiremontinfo\/2020\/04\/covid-19-point-situation-lest\/#primaryimage"},"thumbnailUrl":"https:\/\/vosgesinfo.fr\/app\/uploads\/sites\/5\/2024\/09\/202003coro100-5.jpg","articleSection":["A la Une","Sant\u00e9","Vosges"],"inLanguage":"fr-FR","potentialAction":[{"@type":"CommentAction","name":"Comment","target":["https:\/\/vosgesinfo.fr\/remiremontinfo\/2020\/04\/covid-19-point-situation-lest\/#respond"]}]},{"@type":"WebPage","@id":"https:\/\/vosgesinfo.fr\/remiremontinfo\/2020\/04\/covid-19-point-situation-lest\/","url":"https:\/\/vosgesinfo.fr\/remiremontinfo\/2020\/04\/covid-19-point-situation-lest\/","name":"Covid -19...le point sur la situation dans l'Est - Remiremont Info","isPartOf":{"@id":"https:\/\/vosgesinfo.fr\/remiremontinfo\/#website"},"primaryImageOfPage":{"@id":"https:\/\/vosgesinfo.fr\/remiremontinfo\/2020\/04\/covid-19-point-situation-lest\/#primaryimage"},"image":{"@id":"https:\/\/vosgesinfo.fr\/remiremontinfo\/2020\/04\/covid-19-point-situation-lest\/#primaryimage"},"thumbnailUrl":"https:\/\/vosgesinfo.fr\/app\/uploads\/sites\/5\/2024\/09\/202003coro100-5.jpg","datePublished":"2020-04-07T04:30:13+00:00","dateModified":"2020-04-07T04:30:13+00:00","breadcrumb":{"@id":"https:\/\/vosgesinfo.fr\/remiremontinfo\/2020\/04\/covid-19-point-situation-lest\/#breadcrumb"},"inLanguage":"fr-FR","potentialAction":[{"@type":"ReadAction","target":["https:\/\/vosgesinfo.fr\/remiremontinfo\/2020\/04\/covid-19-point-situation-lest\/"]}]},{"@type":"ImageObject","inLanguage":"fr-FR","@id":"https:\/\/vosgesinfo.fr\/remiremontinfo\/2020\/04\/covid-19-point-situation-lest\/#primaryimage","url":"https:\/\/vosgesinfo.fr\/app\/uploads\/sites\/5\/2024\/09\/202003coro100-5.jpg","contentUrl":"https:\/\/vosgesinfo.fr\/app\/uploads\/sites\/5\/2024\/09\/202003coro100-5.jpg","width":1200,"height":674},{"@type":"BreadcrumbList","@id":"https:\/\/vosgesinfo.fr\/remiremontinfo\/2020\/04\/covid-19-point-situation-lest\/#breadcrumb","itemListElement":[{"@type":"ListItem","position":1,"name":"Home","item":"https:\/\/vosgesinfo.fr\/remiremontinfo\/"},{"@type":"ListItem","position":2,"name":"Covid -19&#8230;le point sur la situation dans l&rsquo;Est"}]},{"@type":"WebSite","@id":"https:\/\/vosgesinfo.fr\/remiremontinfo\/#website","url":"https:\/\/vosgesinfo.fr\/remiremontinfo\/","name":"Remiremont Info","description":"Toute l&#039;actualit\u00e9 de Remiremont","publisher":{"@id":"https:\/\/vosgesinfo.fr\/remiremontinfo\/#organization"},"alternateName":"Toute l'actualit\u00e9 de Remiremont","potentialAction":[{"@type":"SearchAction","target":{"@type":"EntryPoint","urlTemplate":"https:\/\/vosgesinfo.fr\/remiremontinfo\/?s={search_term_string}"},"query-input":"required name=search_term_string"}],"inLanguage":"fr-FR"},{"@type":"Organization","@id":"https:\/\/vosgesinfo.fr\/remiremontinfo\/#organization","name":"Remiremont Info","url":"https:\/\/vosgesinfo.fr\/remiremontinfo\/","logo":{"@type":"ImageObject","inLanguage":"fr-FR","@id":"https:\/\/vosgesinfo.fr\/remiremontinfo\/#\/schema\/logo\/image\/","url":"https:\/\/vosgesinfo.fr\/app\/uploads\/sites\/5\/2023\/08\/favicon-remiremontinfo.png","contentUrl":"https:\/\/vosgesinfo.fr\/app\/uploads\/sites\/5\/2023\/08\/favicon-remiremontinfo.png","width":512,"height":512,"caption":"Remiremont Info"},"image":{"@id":"https:\/\/vosgesinfo.fr\/remiremontinfo\/#\/schema\/logo\/image\/"},"sameAs":["https:\/\/www.facebook.com\/remiremontinfo","https:\/\/x.com\/VosgesInfo88","https:\/\/www.youtube.com\/@vosgesinfo"]},{"@type":"Person","@id":"https:\/\/vosgesinfo.fr\/remiremontinfo\/#\/schema\/person\/4f57dc393faf2ac8b9f1cab30ad79250","name":"Phj","image":{"@type":"ImageObject","inLanguage":"fr-FR","@id":"https:\/\/vosgesinfo.fr\/remiremontinfo\/#\/schema\/person\/image\/","url":"https:\/\/secure.gravatar.com\/avatar\/ada60265080fb9a89c9809bf0abb1f448a128cb85db1c08905baa5038fbe3cfe?s=96&d=mm&r=g","contentUrl":"https:\/\/secure.gravatar.com\/avatar\/ada60265080fb9a89c9809bf0abb1f448a128cb85db1c08905baa5038fbe3cfe?s=96&d=mm&r=g","caption":"Phj"},"url":"https:\/\/vosgesinfo.fr\/remiremontinfo\/author\/phj\/"}]}},"_links":{"self":[{"href":"https:\/\/vosgesinfo.fr\/remiremontinfo\/wp-json\/wp\/v2\/posts\/26597","targetHints":{"allow":["GET"]}}],"collection":[{"href":"https:\/\/vosgesinfo.fr\/remiremontinfo\/wp-json\/wp\/v2\/posts"}],"about":[{"href":"https:\/\/vosgesinfo.fr\/remiremontinfo\/wp-json\/wp\/v2\/types\/post"}],"author":[{"embeddable":true,"href":"https:\/\/vosgesinfo.fr\/remiremontinfo\/wp-json\/wp\/v2\/users\/39"}],"replies":[{"embeddable":true,"href":"https:\/\/vosgesinfo.fr\/remiremontinfo\/wp-json\/wp\/v2\/comments?post=26597"}],"version-history":[{"count":0,"href":"https:\/\/vosgesinfo.fr\/remiremontinfo\/wp-json\/wp\/v2\/posts\/26597\/revisions"}],"wp:featuredmedia":[{"embeddable":true,"href":"https:\/\/vosgesinfo.fr\/remiremontinfo\/wp-json\/wp\/v2\/media\/26598"}],"wp:attachment":[{"href":"https:\/\/vosgesinfo.fr\/remiremontinfo\/wp-json\/wp\/v2\/media?parent=26597"}],"wp:term":[{"taxonomy":"category","embeddable":true,"href":"https:\/\/vosgesinfo.fr\/remiremontinfo\/wp-json\/wp\/v2\/categories?post=26597"},{"taxonomy":"post_tag","embeddable":true,"href":"https:\/\/vosgesinfo.fr\/remiremontinfo\/wp-json\/wp\/v2\/tags?post=26597"}],"curies":[{"name":"wp","href":"https:\/\/api.w.org\/{rel}","templated":true}]}}