{"id":26599,"date":"2020-04-07T06:35:40","date_gmt":"2020-04-07T04:35:40","guid":{"rendered":"https:\/\/vosgesinfo.fr\/remiremontinfo\/2020\/04\/paques-petits-producteurs\/"},"modified":"2020-04-07T06:35:40","modified_gmt":"2020-04-07T04:35:40","slug":"paques-petits-producteurs","status":"publish","type":"post","link":"https:\/\/vosgesinfo.fr\/remiremontinfo\/2020\/04\/paques-petits-producteurs\/","title":{"rendered":"P\u00e2ques avec des petits producteurs"},"content":{"rendered":"<p>Le dimanche 12 avril prochain, les cloches ou le li\u00e8vre de P\u00e2ques parcourront les Vosges pour g\u00e2ter les petits &amp; les grands.<br \/>\nPour regrouper une grande tabl\u00e9e, ce n\u2019est que partie remise pour bon nombre de familles vosgiennes. Si cette ann\u00e9e la crise sanitaire et les mesures de confinement auront raison du repas dominical et des grandes chasses \u00e0 l\u2019\u0153uf au village, personne n\u2019a dit qu\u2019il ne fallait pas se r\u00e9galer ! Focus sur quelques producteurs fermiers et artisans qui continuent leur activit\u00e9\u2026<br \/>\nLe traditionnel agneau pascal, \u00e0 cuisiner ou d\u00e9j\u00e0 pr\u00e9par\u00e9 ?<br \/>\nFerme Entre les Gouttes \u2013 LA BRESSE : Une viande d\u2019agneau go\u00fbteuse en direct de la ferme\u2026 \u00c0 cuisiner traditionnel ou en burger original au hach\u00e9 d\u2019agneau ! Et apr\u00e8s le repas, un plateau de fromage avec tomme de brebis ou fromage frais, \u00e7a vous tente ? Livraison possible<br \/>\nJean-Yves POIROT, Lucie WEYER &#8211; 06 81 96 16 61<br \/>\nLe Go\u00fbt des Pr\u00e9s \u2013 HOU\u00c9COURT : Poitrine d\u2019agneau &amp; flageolets, il n\u2019y a qu\u2019\u00e0 r\u00e9chauffer !Ou en ap\u00e9ro avec des terrines aux multiples saveurs : myrtilles, cognac, poivre vert\u2026<br \/>\nD\u00e9borah BARR\u00c9 \u201307 85 54 27 81<br \/>\nBergerie des Chalots \u2013 LE GIRMONT VAL D\u2019AJOL : Agneau frais \u00e0 cuisiner ou en terrine pour l\u2019entr\u00e9e, avec une bonne tomme \u00e0 la fin\u2026 Livraison possible en group\u00e9. Aur\u00e9lie LEPOUTRE, Christophe PORTELETTE &#8211; 06 32 28 02 08<br \/>\nBergerie St R\u00e9my \u2013 SAINT REMY : Des tranches de gigot d\u2019agneau marin\u00e9 \u00e0 l\u2019ail des ours, ou encore une bonne tourte du berger, \u00e7a vous dit ? Et bien s\u00fbr, en terrine, saucisson, ou morceau\u2026 Tous ses produits sont au Drive Fermier de Saint Di\u00e9 Emmanuel SERTELET \u2013 0626 49 06 33<br \/>\nUn nid de p\u00e2ques glac\u00e9 au bon lait de la ferme ?<br \/>\nLes Glaces de Christelle \u2013 AUTREY : Christelle vous propose un dessert glac\u00e9 in\u00e9dit en portions individuelles, aux saveurs chocolat\u00e9es\u2026 Au Drive Fermier de Saint Di\u00e9 \u00e9galement\u2026<br \/>\nChristelle DIEUDONN\u00c9 \u2013 06 84 31 44 14<br \/>\nEt les chocolats, on y pense ?<br \/>\nLamielle Chocolatiers \u2013 \u00c9PINAL : Il n\u2019y a pas de raison pour ne pas g\u00e2ter les enfants etfaire plaisir aux adultes\u2026 Pi\u00e8ce fantaisie sur place ou commande en ligne possible autres chocolats + drive \u2013 06 84 31 44 14<br \/>\nR\u00e9galer les gourmands, c\u2019est ce que les 102 adh\u00e9rents aux r\u00e9seaux Je vois la vie en Vosges et Bienvenue \u00e0 la ferme continuent de faire. \u00c0 travers les drives &amp; magasins fermiers, les livraisons \u00e0 domicile ou les boutiques \u00e0 la ferme, les producteurs s\u2019adaptent pour satisfaire besoins &amp; envies ! En ce moment plus que jamais ils ont besoin des<br \/>\nvosgiens\u2026<br \/>\nP\u00e2ques &#8211; Confin\u00e9 mais pas que\u2026<br \/>\nSe faire plaisir en mangeant local, c\u2019est possible !<\/p>\n","protected":false},"excerpt":{"rendered":"<p>Le dimanche 12 avril prochain, les cloches ou le li\u00e8vre de P\u00e2ques parcourront les Vosges pour g\u00e2ter les petits &amp; [&hellip;]<\/p>\n","protected":false},"author":39,"featured_media":26600,"comment_status":"open","ping_status":"open","sticky":false,"template":"","format":"standard","meta":{"footnotes":""},"categories":[26,18],"tags":[],"class_list":["post-26599","post","type-post","status-publish","format-standard","has-post-thumbnail","hentry","category-a-la-une","category-vosges"],"acf":[],"yoast_head":"<!-- This site is optimized with the Yoast SEO plugin v22.5 - https:\/\/yoast.com\/wordpress\/plugins\/seo\/ -->\n<title>P\u00e2ques avec des petits producteurs - Remiremont Info<\/title>\n<meta name=\"robots\" content=\"index, follow, max-snippet:-1, max-image-preview:large, max-video-preview:-1\" \/>\n<link rel=\"canonical\" href=\"https:\/\/vosgesinfo.fr\/remiremontinfo\/2020\/04\/paques-petits-producteurs\/\" \/>\n<meta name=\"twitter:card\" content=\"summary_large_image\" \/>\n<meta name=\"twitter:title\" content=\"P\u00e2ques avec des petits producteurs - Remiremont Info\" \/>\n<meta name=\"twitter:description\" content=\"Le dimanche 12 avril prochain, les cloches ou le li\u00e8vre de P\u00e2ques parcourront les Vosges pour g\u00e2ter les petits &amp; [&hellip;]\" \/>\n<meta name=\"twitter:image\" content=\"https:\/\/vosgesinfo.fr\/app\/uploads\/sites\/5\/2024\/09\/202004logo-88-horizontal.jpg\" \/>\n<meta name=\"twitter:creator\" content=\"@VosgesInfo88\" \/>\n<meta name=\"twitter:site\" content=\"@VosgesInfo88\" \/>\n<meta name=\"twitter:label1\" content=\"\u00c9crit par\" \/>\n\t<meta name=\"twitter:data1\" content=\"Phj\" \/>\n\t<meta name=\"twitter:label2\" content=\"Dur\u00e9e de lecture estim\u00e9e\" \/>\n\t<meta name=\"twitter:data2\" content=\"2 minutes\" \/>\n<script type=\"application\/ld+json\" class=\"yoast-schema-graph\">{\"@context\":\"https:\/\/schema.org\",\"@graph\":[{\"@type\":\"Article\",\"@id\":\"https:\/\/vosgesinfo.fr\/remiremontinfo\/2020\/04\/paques-petits-producteurs\/#article\",\"isPartOf\":{\"@id\":\"https:\/\/vosgesinfo.fr\/remiremontinfo\/2020\/04\/paques-petits-producteurs\/\"},\"author\":{\"name\":\"Phj\",\"@id\":\"https:\/\/vosgesinfo.fr\/remiremontinfo\/#\/schema\/person\/4f57dc393faf2ac8b9f1cab30ad79250\"},\"headline\":\"P\u00e2ques avec des petits producteurs\",\"datePublished\":\"2020-04-07T04:35:40+00:00\",\"dateModified\":\"2020-04-07T04:35:40+00:00\",\"mainEntityOfPage\":{\"@id\":\"https:\/\/vosgesinfo.fr\/remiremontinfo\/2020\/04\/paques-petits-producteurs\/\"},\"wordCount\":436,\"commentCount\":0,\"publisher\":{\"@id\":\"https:\/\/vosgesinfo.fr\/remiremontinfo\/#organization\"},\"image\":{\"@id\":\"https:\/\/vosgesinfo.fr\/remiremontinfo\/2020\/04\/paques-petits-producteurs\/#primaryimage\"},\"thumbnailUrl\":\"https:\/\/vosgesinfo.fr\/app\/uploads\/sites\/5\/2024\/09\/202004logo-88-horizontal.jpg\",\"articleSection\":[\"A la Une\",\"Vosges\"],\"inLanguage\":\"fr-FR\",\"potentialAction\":[{\"@type\":\"CommentAction\",\"name\":\"Comment\",\"target\":[\"https:\/\/vosgesinfo.fr\/remiremontinfo\/2020\/04\/paques-petits-producteurs\/#respond\"]}]},{\"@type\":\"WebPage\",\"@id\":\"https:\/\/vosgesinfo.fr\/remiremontinfo\/2020\/04\/paques-petits-producteurs\/\",\"url\":\"https:\/\/vosgesinfo.fr\/remiremontinfo\/2020\/04\/paques-petits-producteurs\/\",\"name\":\"P\u00e2ques avec des petits producteurs - Remiremont Info\",\"isPartOf\":{\"@id\":\"https:\/\/vosgesinfo.fr\/remiremontinfo\/#website\"},\"primaryImageOfPage\":{\"@id\":\"https:\/\/vosgesinfo.fr\/remiremontinfo\/2020\/04\/paques-petits-producteurs\/#primaryimage\"},\"image\":{\"@id\":\"https:\/\/vosgesinfo.fr\/remiremontinfo\/2020\/04\/paques-petits-producteurs\/#primaryimage\"},\"thumbnailUrl\":\"https:\/\/vosgesinfo.fr\/app\/uploads\/sites\/5\/2024\/09\/202004logo-88-horizontal.jpg\",\"datePublished\":\"2020-04-07T04:35:40+00:00\",\"dateModified\":\"2020-04-07T04:35:40+00:00\",\"breadcrumb\":{\"@id\":\"https:\/\/vosgesinfo.fr\/remiremontinfo\/2020\/04\/paques-petits-producteurs\/#breadcrumb\"},\"inLanguage\":\"fr-FR\",\"potentialAction\":[{\"@type\":\"ReadAction\",\"target\":[\"https:\/\/vosgesinfo.fr\/remiremontinfo\/2020\/04\/paques-petits-producteurs\/\"]}]},{\"@type\":\"ImageObject\",\"inLanguage\":\"fr-FR\",\"@id\":\"https:\/\/vosgesinfo.fr\/remiremontinfo\/2020\/04\/paques-petits-producteurs\/#primaryimage\",\"url\":\"https:\/\/vosgesinfo.fr\/app\/uploads\/sites\/5\/2024\/09\/202004logo-88-horizontal.jpg\",\"contentUrl\":\"https:\/\/vosgesinfo.fr\/app\/uploads\/sites\/5\/2024\/09\/202004logo-88-horizontal.jpg\",\"width\":1280,\"height\":519},{\"@type\":\"BreadcrumbList\",\"@id\":\"https:\/\/vosgesinfo.fr\/remiremontinfo\/2020\/04\/paques-petits-producteurs\/#breadcrumb\",\"itemListElement\":[{\"@type\":\"ListItem\",\"position\":1,\"name\":\"Home\",\"item\":\"https:\/\/vosgesinfo.fr\/remiremontinfo\/\"},{\"@type\":\"ListItem\",\"position\":2,\"name\":\"P\u00e2ques avec des petits producteurs\"}]},{\"@type\":\"WebSite\",\"@id\":\"https:\/\/vosgesinfo.fr\/remiremontinfo\/#website\",\"url\":\"https:\/\/vosgesinfo.fr\/remiremontinfo\/\",\"name\":\"Remiremont Info\",\"description\":\"Toute l&#039;actualit\u00e9 de Remiremont\",\"publisher\":{\"@id\":\"https:\/\/vosgesinfo.fr\/remiremontinfo\/#organization\"},\"alternateName\":\"Toute l'actualit\u00e9 de Remiremont\",\"potentialAction\":[{\"@type\":\"SearchAction\",\"target\":{\"@type\":\"EntryPoint\",\"urlTemplate\":\"https:\/\/vosgesinfo.fr\/remiremontinfo\/?s={search_term_string}\"},\"query-input\":\"required name=search_term_string\"}],\"inLanguage\":\"fr-FR\"},{\"@type\":\"Organization\",\"@id\":\"https:\/\/vosgesinfo.fr\/remiremontinfo\/#organization\",\"name\":\"Remiremont Info\",\"url\":\"https:\/\/vosgesinfo.fr\/remiremontinfo\/\",\"logo\":{\"@type\":\"ImageObject\",\"inLanguage\":\"fr-FR\",\"@id\":\"https:\/\/vosgesinfo.fr\/remiremontinfo\/#\/schema\/logo\/image\/\",\"url\":\"https:\/\/vosgesinfo.fr\/app\/uploads\/sites\/5\/2023\/08\/favicon-remiremontinfo.png\",\"contentUrl\":\"https:\/\/vosgesinfo.fr\/app\/uploads\/sites\/5\/2023\/08\/favicon-remiremontinfo.png\",\"width\":512,\"height\":512,\"caption\":\"Remiremont Info\"},\"image\":{\"@id\":\"https:\/\/vosgesinfo.fr\/remiremontinfo\/#\/schema\/logo\/image\/\"},\"sameAs\":[\"https:\/\/www.facebook.com\/remiremontinfo\",\"https:\/\/x.com\/VosgesInfo88\",\"https:\/\/www.youtube.com\/@vosgesinfo\"]},{\"@type\":\"Person\",\"@id\":\"https:\/\/vosgesinfo.fr\/remiremontinfo\/#\/schema\/person\/4f57dc393faf2ac8b9f1cab30ad79250\",\"name\":\"Phj\",\"image\":{\"@type\":\"ImageObject\",\"inLanguage\":\"fr-FR\",\"@id\":\"https:\/\/vosgesinfo.fr\/remiremontinfo\/#\/schema\/person\/image\/\",\"url\":\"https:\/\/secure.gravatar.com\/avatar\/ada60265080fb9a89c9809bf0abb1f448a128cb85db1c08905baa5038fbe3cfe?s=96&d=mm&r=g\",\"contentUrl\":\"https:\/\/secure.gravatar.com\/avatar\/ada60265080fb9a89c9809bf0abb1f448a128cb85db1c08905baa5038fbe3cfe?s=96&d=mm&r=g\",\"caption\":\"Phj\"},\"url\":\"https:\/\/vosgesinfo.fr\/remiremontinfo\/author\/phj\/\"}]}<\/script>\n<!-- \/ Yoast SEO plugin. -->","yoast_head_json":{"title":"P\u00e2ques avec des petits producteurs - Remiremont Info","robots":{"index":"index","follow":"follow","max-snippet":"max-snippet:-1","max-image-preview":"max-image-preview:large","max-video-preview":"max-video-preview:-1"},"canonical":"https:\/\/vosgesinfo.fr\/remiremontinfo\/2020\/04\/paques-petits-producteurs\/","twitter_card":"summary_large_image","twitter_title":"P\u00e2ques avec des petits producteurs - Remiremont Info","twitter_description":"Le dimanche 12 avril prochain, les cloches ou le li\u00e8vre de P\u00e2ques parcourront les Vosges pour g\u00e2ter les petits &amp; [&hellip;]","twitter_image":"https:\/\/vosgesinfo.fr\/app\/uploads\/sites\/5\/2024\/09\/202004logo-88-horizontal.jpg","twitter_creator":"@VosgesInfo88","twitter_site":"@VosgesInfo88","twitter_misc":{"\u00c9crit par":"Phj","Dur\u00e9e de lecture estim\u00e9e":"2 minutes"},"schema":{"@context":"https:\/\/schema.org","@graph":[{"@type":"Article","@id":"https:\/\/vosgesinfo.fr\/remiremontinfo\/2020\/04\/paques-petits-producteurs\/#article","isPartOf":{"@id":"https:\/\/vosgesinfo.fr\/remiremontinfo\/2020\/04\/paques-petits-producteurs\/"},"author":{"name":"Phj","@id":"https:\/\/vosgesinfo.fr\/remiremontinfo\/#\/schema\/person\/4f57dc393faf2ac8b9f1cab30ad79250"},"headline":"P\u00e2ques avec des petits producteurs","datePublished":"2020-04-07T04:35:40+00:00","dateModified":"2020-04-07T04:35:40+00:00","mainEntityOfPage":{"@id":"https:\/\/vosgesinfo.fr\/remiremontinfo\/2020\/04\/paques-petits-producteurs\/"},"wordCount":436,"commentCount":0,"publisher":{"@id":"https:\/\/vosgesinfo.fr\/remiremontinfo\/#organization"},"image":{"@id":"https:\/\/vosgesinfo.fr\/remiremontinfo\/2020\/04\/paques-petits-producteurs\/#primaryimage"},"thumbnailUrl":"https:\/\/vosgesinfo.fr\/app\/uploads\/sites\/5\/2024\/09\/202004logo-88-horizontal.jpg","articleSection":["A la Une","Vosges"],"inLanguage":"fr-FR","potentialAction":[{"@type":"CommentAction","name":"Comment","target":["https:\/\/vosgesinfo.fr\/remiremontinfo\/2020\/04\/paques-petits-producteurs\/#respond"]}]},{"@type":"WebPage","@id":"https:\/\/vosgesinfo.fr\/remiremontinfo\/2020\/04\/paques-petits-producteurs\/","url":"https:\/\/vosgesinfo.fr\/remiremontinfo\/2020\/04\/paques-petits-producteurs\/","name":"P\u00e2ques avec des petits producteurs - Remiremont Info","isPartOf":{"@id":"https:\/\/vosgesinfo.fr\/remiremontinfo\/#website"},"primaryImageOfPage":{"@id":"https:\/\/vosgesinfo.fr\/remiremontinfo\/2020\/04\/paques-petits-producteurs\/#primaryimage"},"image":{"@id":"https:\/\/vosgesinfo.fr\/remiremontinfo\/2020\/04\/paques-petits-producteurs\/#primaryimage"},"thumbnailUrl":"https:\/\/vosgesinfo.fr\/app\/uploads\/sites\/5\/2024\/09\/202004logo-88-horizontal.jpg","datePublished":"2020-04-07T04:35:40+00:00","dateModified":"2020-04-07T04:35:40+00:00","breadcrumb":{"@id":"https:\/\/vosgesinfo.fr\/remiremontinfo\/2020\/04\/paques-petits-producteurs\/#breadcrumb"},"inLanguage":"fr-FR","potentialAction":[{"@type":"ReadAction","target":["https:\/\/vosgesinfo.fr\/remiremontinfo\/2020\/04\/paques-petits-producteurs\/"]}]},{"@type":"ImageObject","inLanguage":"fr-FR","@id":"https:\/\/vosgesinfo.fr\/remiremontinfo\/2020\/04\/paques-petits-producteurs\/#primaryimage","url":"https:\/\/vosgesinfo.fr\/app\/uploads\/sites\/5\/2024\/09\/202004logo-88-horizontal.jpg","contentUrl":"https:\/\/vosgesinfo.fr\/app\/uploads\/sites\/5\/2024\/09\/202004logo-88-horizontal.jpg","width":1280,"height":519},{"@type":"BreadcrumbList","@id":"https:\/\/vosgesinfo.fr\/remiremontinfo\/2020\/04\/paques-petits-producteurs\/#breadcrumb","itemListElement":[{"@type":"ListItem","position":1,"name":"Home","item":"https:\/\/vosgesinfo.fr\/remiremontinfo\/"},{"@type":"ListItem","position":2,"name":"P\u00e2ques avec des petits producteurs"}]},{"@type":"WebSite","@id":"https:\/\/vosgesinfo.fr\/remiremontinfo\/#website","url":"https:\/\/vosgesinfo.fr\/remiremontinfo\/","name":"Remiremont Info","description":"Toute l&#039;actualit\u00e9 de Remiremont","publisher":{"@id":"https:\/\/vosgesinfo.fr\/remiremontinfo\/#organization"},"alternateName":"Toute l'actualit\u00e9 de Remiremont","potentialAction":[{"@type":"SearchAction","target":{"@type":"EntryPoint","urlTemplate":"https:\/\/vosgesinfo.fr\/remiremontinfo\/?s={search_term_string}"},"query-input":"required name=search_term_string"}],"inLanguage":"fr-FR"},{"@type":"Organization","@id":"https:\/\/vosgesinfo.fr\/remiremontinfo\/#organization","name":"Remiremont Info","url":"https:\/\/vosgesinfo.fr\/remiremontinfo\/","logo":{"@type":"ImageObject","inLanguage":"fr-FR","@id":"https:\/\/vosgesinfo.fr\/remiremontinfo\/#\/schema\/logo\/image\/","url":"https:\/\/vosgesinfo.fr\/app\/uploads\/sites\/5\/2023\/08\/favicon-remiremontinfo.png","contentUrl":"https:\/\/vosgesinfo.fr\/app\/uploads\/sites\/5\/2023\/08\/favicon-remiremontinfo.png","width":512,"height":512,"caption":"Remiremont Info"},"image":{"@id":"https:\/\/vosgesinfo.fr\/remiremontinfo\/#\/schema\/logo\/image\/"},"sameAs":["https:\/\/www.facebook.com\/remiremontinfo","https:\/\/x.com\/VosgesInfo88","https:\/\/www.youtube.com\/@vosgesinfo"]},{"@type":"Person","@id":"https:\/\/vosgesinfo.fr\/remiremontinfo\/#\/schema\/person\/4f57dc393faf2ac8b9f1cab30ad79250","name":"Phj","image":{"@type":"ImageObject","inLanguage":"fr-FR","@id":"https:\/\/vosgesinfo.fr\/remiremontinfo\/#\/schema\/person\/image\/","url":"https:\/\/secure.gravatar.com\/avatar\/ada60265080fb9a89c9809bf0abb1f448a128cb85db1c08905baa5038fbe3cfe?s=96&d=mm&r=g","contentUrl":"https:\/\/secure.gravatar.com\/avatar\/ada60265080fb9a89c9809bf0abb1f448a128cb85db1c08905baa5038fbe3cfe?s=96&d=mm&r=g","caption":"Phj"},"url":"https:\/\/vosgesinfo.fr\/remiremontinfo\/author\/phj\/"}]}},"_links":{"self":[{"href":"https:\/\/vosgesinfo.fr\/remiremontinfo\/wp-json\/wp\/v2\/posts\/26599","targetHints":{"allow":["GET"]}}],"collection":[{"href":"https:\/\/vosgesinfo.fr\/remiremontinfo\/wp-json\/wp\/v2\/posts"}],"about":[{"href":"https:\/\/vosgesinfo.fr\/remiremontinfo\/wp-json\/wp\/v2\/types\/post"}],"author":[{"embeddable":true,"href":"https:\/\/vosgesinfo.fr\/remiremontinfo\/wp-json\/wp\/v2\/users\/39"}],"replies":[{"embeddable":true,"href":"https:\/\/vosgesinfo.fr\/remiremontinfo\/wp-json\/wp\/v2\/comments?post=26599"}],"version-history":[{"count":0,"href":"https:\/\/vosgesinfo.fr\/remiremontinfo\/wp-json\/wp\/v2\/posts\/26599\/revisions"}],"wp:featuredmedia":[{"embeddable":true,"href":"https:\/\/vosgesinfo.fr\/remiremontinfo\/wp-json\/wp\/v2\/media\/26600"}],"wp:attachment":[{"href":"https:\/\/vosgesinfo.fr\/remiremontinfo\/wp-json\/wp\/v2\/media?parent=26599"}],"wp:term":[{"taxonomy":"category","embeddable":true,"href":"https:\/\/vosgesinfo.fr\/remiremontinfo\/wp-json\/wp\/v2\/categories?post=26599"},{"taxonomy":"post_tag","embeddable":true,"href":"https:\/\/vosgesinfo.fr\/remiremontinfo\/wp-json\/wp\/v2\/tags?post=26599"}],"curies":[{"name":"wp","href":"https:\/\/api.w.org\/{rel}","templated":true}]}}