{"id":26785,"date":"2020-05-05T13:31:14","date_gmt":"2020-05-05T11:31:14","guid":{"rendered":"https:\/\/vosgesinfo.fr\/remiremontinfo\/2020\/05\/vosges-protection-civile-recrute-volontaires-de-service-civique\/"},"modified":"2020-05-05T13:31:14","modified_gmt":"2020-05-05T11:31:14","slug":"vosges-protection-civile-recrute-volontaires-de-service-civique","status":"publish","type":"post","link":"https:\/\/vosgesinfo.fr\/remiremontinfo\/2020\/05\/vosges-protection-civile-recrute-volontaires-de-service-civique\/","title":{"rendered":"Vosges : la Protection Civile recrute des volontaires de Service Civique"},"content":{"rendered":"<p><a href=\"\/2020\/04\/66402402_2366509446928895_1612446231768858624_n.jpg\"><img decoding=\"async\" class=\"alignleft wp-image-285703\" src=\"\/2020\/04\/66402402_2366509446928895_1612446231768858624_n-342x255.jpg\" alt=\"66402402_2366509446928895_1612446231768858624_n\" width=\"424\" height=\"316\" \/><\/a>Recrutement de volontaires de service civique pour une dur\u00e9e de 8 mois afin de Promouvoir la s\u00e9curit\u00e9 civile aupr\u00e8s de la population, notamment les jeunes, pour une mission d\u00e9marrant le 1er juin et le 01 juillet 2020.<\/p>\n<p>A titre principal, le volontaire sera en charge de contribuer \u00e0 l&rsquo;\u00e9laboration d&rsquo;outils et d&rsquo;\u00e9tudes. Il devra participer au projet d&rsquo;actions de pr\u00e9vention des risques de s\u00e9curit\u00e9 civile. A ce titre il pourra intervenir dans les \u00e9coles afin de sensibiliser les jeunes sur la s\u00e9curit\u00e9 civile et sur la protection des biens et de l&rsquo;environnement.<\/p>\n<p>A titre secondaire, le volontaire assistera les \u00e9quipiers dans les secours de personnes, dans des op\u00e9rations de secours d&rsquo;urgence, dans la v\u00e9rification du mat\u00e9riel, sur des manifestations afin de d\u00e9couvrir la structure, d&rsquo;acqu\u00e9rir et perfectionner des comp\u00e9tences dans ce domaine.<\/p>\n<p>Pour faire parvenir votre candidature, envoyez votre CV et lettre de motivation en cliquant sur le lien suivant :<\/p>\n<p>Missions du 1er juin 2020 : <a href=\"https:\/\/www.service-civique.gouv.fr\/missions\/promouvoir-la-securite-civile-aupres-de-la-population-notamment-les-jeunes-49?fbclid=IwAR0-QaE0xbTdG3UcbeoYDBxkb5V5LicrSIzU9UQ8XcnbFV4tva11M2dY4qE\" target=\"_blank\" rel=\"noopener nofollow\">https:\/\/www.service-civique.gouv.fr\/\u2026\/promouvoir-la-securit\u2026<\/a><\/p>\n<p>Missions du 01 juillet 2020 : <a href=\"https:\/\/www.service-civique.gouv.fr\/missions\/promouvoir-la-securite-civile-aupres-de-la-population-notamment-les-jeunes-50?fbclid=IwAR1bIM120Zp29BbpAVk2zi8cJTMJNy1OZBMmmVxJOqdNoJkIX7csNYS8zMU\" target=\"_blank\" rel=\"noopener nofollow\">https:\/\/www.service-civique.gouv.fr\/\u2026\/promouvoir-la-securit\u2026<\/a><\/p>\n","protected":false},"excerpt":{"rendered":"<p>Recrutement de volontaires de service civique pour une dur\u00e9e de 8 mois afin de Promouvoir la s\u00e9curit\u00e9 civile aupr\u00e8s de [&hellip;]<\/p>\n","protected":false},"author":56,"featured_media":26786,"comment_status":"open","ping_status":"open","sticky":false,"template":"","format":"standard","meta":{"footnotes":""},"categories":[26,18],"tags":[1984,1368],"class_list":["post-26785","post","type-post","status-publish","format-standard","has-post-thumbnail","hentry","category-a-la-une","category-vosges","tag-protection-civile-des-vosges","tag-service-civique"],"acf":[],"yoast_head":"<!-- This site is optimized with the Yoast SEO plugin v22.5 - https:\/\/yoast.com\/wordpress\/plugins\/seo\/ -->\n<title>Vosges : la Protection Civile recrute des volontaires de Service Civique - Remiremont Info<\/title>\n<meta name=\"robots\" content=\"index, follow, max-snippet:-1, max-image-preview:large, max-video-preview:-1\" \/>\n<link rel=\"canonical\" href=\"https:\/\/vosgesinfo.fr\/remiremontinfo\/2020\/05\/vosges-protection-civile-recrute-volontaires-de-service-civique\/\" \/>\n<meta name=\"twitter:card\" content=\"summary_large_image\" \/>\n<meta name=\"twitter:title\" content=\"Vosges : la Protection Civile recrute des volontaires de Service Civique - Remiremont Info\" \/>\n<meta name=\"twitter:description\" content=\"Recrutement de volontaires de service civique pour une dur\u00e9e de 8 mois afin de Promouvoir la s\u00e9curit\u00e9 civile aupr\u00e8s de [&hellip;]\" \/>\n<meta name=\"twitter:image\" content=\"https:\/\/vosgesinfo.fr\/app\/uploads\/sites\/5\/2024\/09\/202005p1260624.jpg\" \/>\n<meta name=\"twitter:creator\" content=\"@VosgesInfo88\" \/>\n<meta name=\"twitter:site\" content=\"@VosgesInfo88\" \/>\n<meta name=\"twitter:label1\" content=\"\u00c9crit par\" \/>\n\t<meta name=\"twitter:data1\" content=\"adpc88\" \/>\n\t<meta name=\"twitter:label2\" content=\"Dur\u00e9e de lecture estim\u00e9e\" \/>\n\t<meta name=\"twitter:data2\" content=\"1 minute\" \/>\n<script type=\"application\/ld+json\" class=\"yoast-schema-graph\">{\"@context\":\"https:\/\/schema.org\",\"@graph\":[{\"@type\":\"Article\",\"@id\":\"https:\/\/vosgesinfo.fr\/remiremontinfo\/2020\/05\/vosges-protection-civile-recrute-volontaires-de-service-civique\/#article\",\"isPartOf\":{\"@id\":\"https:\/\/vosgesinfo.fr\/remiremontinfo\/2020\/05\/vosges-protection-civile-recrute-volontaires-de-service-civique\/\"},\"author\":{\"name\":\"adpc88\",\"@id\":\"https:\/\/vosgesinfo.fr\/remiremontinfo\/#\/schema\/person\/1ff69b0fb381e95d8ce635c1af9eb14f\"},\"headline\":\"Vosges : la Protection Civile recrute des volontaires de Service Civique\",\"datePublished\":\"2020-05-05T11:31:14+00:00\",\"dateModified\":\"2020-05-05T11:31:14+00:00\",\"mainEntityOfPage\":{\"@id\":\"https:\/\/vosgesinfo.fr\/remiremontinfo\/2020\/05\/vosges-protection-civile-recrute-volontaires-de-service-civique\/\"},\"wordCount\":195,\"commentCount\":0,\"publisher\":{\"@id\":\"https:\/\/vosgesinfo.fr\/remiremontinfo\/#organization\"},\"image\":{\"@id\":\"https:\/\/vosgesinfo.fr\/remiremontinfo\/2020\/05\/vosges-protection-civile-recrute-volontaires-de-service-civique\/#primaryimage\"},\"thumbnailUrl\":\"https:\/\/vosgesinfo.fr\/app\/uploads\/sites\/5\/2024\/09\/202005p1260624.jpg\",\"keywords\":[\"Protection Civile des Vosges\",\"service civique\"],\"articleSection\":[\"A la Une\",\"Vosges\"],\"inLanguage\":\"fr-FR\",\"potentialAction\":[{\"@type\":\"CommentAction\",\"name\":\"Comment\",\"target\":[\"https:\/\/vosgesinfo.fr\/remiremontinfo\/2020\/05\/vosges-protection-civile-recrute-volontaires-de-service-civique\/#respond\"]}]},{\"@type\":\"WebPage\",\"@id\":\"https:\/\/vosgesinfo.fr\/remiremontinfo\/2020\/05\/vosges-protection-civile-recrute-volontaires-de-service-civique\/\",\"url\":\"https:\/\/vosgesinfo.fr\/remiremontinfo\/2020\/05\/vosges-protection-civile-recrute-volontaires-de-service-civique\/\",\"name\":\"Vosges : la Protection Civile recrute des volontaires de Service Civique - Remiremont Info\",\"isPartOf\":{\"@id\":\"https:\/\/vosgesinfo.fr\/remiremontinfo\/#website\"},\"primaryImageOfPage\":{\"@id\":\"https:\/\/vosgesinfo.fr\/remiremontinfo\/2020\/05\/vosges-protection-civile-recrute-volontaires-de-service-civique\/#primaryimage\"},\"image\":{\"@id\":\"https:\/\/vosgesinfo.fr\/remiremontinfo\/2020\/05\/vosges-protection-civile-recrute-volontaires-de-service-civique\/#primaryimage\"},\"thumbnailUrl\":\"https:\/\/vosgesinfo.fr\/app\/uploads\/sites\/5\/2024\/09\/202005p1260624.jpg\",\"datePublished\":\"2020-05-05T11:31:14+00:00\",\"dateModified\":\"2020-05-05T11:31:14+00:00\",\"breadcrumb\":{\"@id\":\"https:\/\/vosgesinfo.fr\/remiremontinfo\/2020\/05\/vosges-protection-civile-recrute-volontaires-de-service-civique\/#breadcrumb\"},\"inLanguage\":\"fr-FR\",\"potentialAction\":[{\"@type\":\"ReadAction\",\"target\":[\"https:\/\/vosgesinfo.fr\/remiremontinfo\/2020\/05\/vosges-protection-civile-recrute-volontaires-de-service-civique\/\"]}]},{\"@type\":\"ImageObject\",\"inLanguage\":\"fr-FR\",\"@id\":\"https:\/\/vosgesinfo.fr\/remiremontinfo\/2020\/05\/vosges-protection-civile-recrute-volontaires-de-service-civique\/#primaryimage\",\"url\":\"https:\/\/vosgesinfo.fr\/app\/uploads\/sites\/5\/2024\/09\/202005p1260624.jpg\",\"contentUrl\":\"https:\/\/vosgesinfo.fr\/app\/uploads\/sites\/5\/2024\/09\/202005p1260624.jpg\",\"width\":800,\"height\":600},{\"@type\":\"BreadcrumbList\",\"@id\":\"https:\/\/vosgesinfo.fr\/remiremontinfo\/2020\/05\/vosges-protection-civile-recrute-volontaires-de-service-civique\/#breadcrumb\",\"itemListElement\":[{\"@type\":\"ListItem\",\"position\":1,\"name\":\"Home\",\"item\":\"https:\/\/vosgesinfo.fr\/remiremontinfo\/\"},{\"@type\":\"ListItem\",\"position\":2,\"name\":\"Vosges : la Protection Civile recrute des volontaires de Service Civique\"}]},{\"@type\":\"WebSite\",\"@id\":\"https:\/\/vosgesinfo.fr\/remiremontinfo\/#website\",\"url\":\"https:\/\/vosgesinfo.fr\/remiremontinfo\/\",\"name\":\"Remiremont Info\",\"description\":\"Toute l&#039;actualit\u00e9 de Remiremont\",\"publisher\":{\"@id\":\"https:\/\/vosgesinfo.fr\/remiremontinfo\/#organization\"},\"alternateName\":\"Toute l'actualit\u00e9 de Remiremont\",\"potentialAction\":[{\"@type\":\"SearchAction\",\"target\":{\"@type\":\"EntryPoint\",\"urlTemplate\":\"https:\/\/vosgesinfo.fr\/remiremontinfo\/?s={search_term_string}\"},\"query-input\":\"required name=search_term_string\"}],\"inLanguage\":\"fr-FR\"},{\"@type\":\"Organization\",\"@id\":\"https:\/\/vosgesinfo.fr\/remiremontinfo\/#organization\",\"name\":\"Remiremont Info\",\"url\":\"https:\/\/vosgesinfo.fr\/remiremontinfo\/\",\"logo\":{\"@type\":\"ImageObject\",\"inLanguage\":\"fr-FR\",\"@id\":\"https:\/\/vosgesinfo.fr\/remiremontinfo\/#\/schema\/logo\/image\/\",\"url\":\"https:\/\/vosgesinfo.fr\/app\/uploads\/sites\/5\/2023\/08\/favicon-remiremontinfo.png\",\"contentUrl\":\"https:\/\/vosgesinfo.fr\/app\/uploads\/sites\/5\/2023\/08\/favicon-remiremontinfo.png\",\"width\":512,\"height\":512,\"caption\":\"Remiremont Info\"},\"image\":{\"@id\":\"https:\/\/vosgesinfo.fr\/remiremontinfo\/#\/schema\/logo\/image\/\"},\"sameAs\":[\"https:\/\/www.facebook.com\/remiremontinfo\",\"https:\/\/x.com\/VosgesInfo88\",\"https:\/\/www.youtube.com\/@vosgesinfo\"]},{\"@type\":\"Person\",\"@id\":\"https:\/\/vosgesinfo.fr\/remiremontinfo\/#\/schema\/person\/1ff69b0fb381e95d8ce635c1af9eb14f\",\"name\":\"adpc88\",\"image\":{\"@type\":\"ImageObject\",\"inLanguage\":\"fr-FR\",\"@id\":\"https:\/\/vosgesinfo.fr\/remiremontinfo\/#\/schema\/person\/image\/\",\"url\":\"https:\/\/secure.gravatar.com\/avatar\/d693213d9b95c7d960c7674e653b6b02b303bfd96653313cfb5a7f188b680ac5?s=96&d=mm&r=g\",\"contentUrl\":\"https:\/\/secure.gravatar.com\/avatar\/d693213d9b95c7d960c7674e653b6b02b303bfd96653313cfb5a7f188b680ac5?s=96&d=mm&r=g\",\"caption\":\"adpc88\"},\"url\":\"https:\/\/vosgesinfo.fr\/remiremontinfo\/author\/adpc88\/\"}]}<\/script>\n<!-- \/ Yoast SEO plugin. -->","yoast_head_json":{"title":"Vosges : la Protection Civile recrute des volontaires de Service Civique - Remiremont Info","robots":{"index":"index","follow":"follow","max-snippet":"max-snippet:-1","max-image-preview":"max-image-preview:large","max-video-preview":"max-video-preview:-1"},"canonical":"https:\/\/vosgesinfo.fr\/remiremontinfo\/2020\/05\/vosges-protection-civile-recrute-volontaires-de-service-civique\/","twitter_card":"summary_large_image","twitter_title":"Vosges : la Protection Civile recrute des volontaires de Service Civique - Remiremont Info","twitter_description":"Recrutement de volontaires de service civique pour une dur\u00e9e de 8 mois afin de Promouvoir la s\u00e9curit\u00e9 civile aupr\u00e8s de [&hellip;]","twitter_image":"https:\/\/vosgesinfo.fr\/app\/uploads\/sites\/5\/2024\/09\/202005p1260624.jpg","twitter_creator":"@VosgesInfo88","twitter_site":"@VosgesInfo88","twitter_misc":{"\u00c9crit par":"adpc88","Dur\u00e9e de lecture estim\u00e9e":"1 minute"},"schema":{"@context":"https:\/\/schema.org","@graph":[{"@type":"Article","@id":"https:\/\/vosgesinfo.fr\/remiremontinfo\/2020\/05\/vosges-protection-civile-recrute-volontaires-de-service-civique\/#article","isPartOf":{"@id":"https:\/\/vosgesinfo.fr\/remiremontinfo\/2020\/05\/vosges-protection-civile-recrute-volontaires-de-service-civique\/"},"author":{"name":"adpc88","@id":"https:\/\/vosgesinfo.fr\/remiremontinfo\/#\/schema\/person\/1ff69b0fb381e95d8ce635c1af9eb14f"},"headline":"Vosges : la Protection Civile recrute des volontaires de Service Civique","datePublished":"2020-05-05T11:31:14+00:00","dateModified":"2020-05-05T11:31:14+00:00","mainEntityOfPage":{"@id":"https:\/\/vosgesinfo.fr\/remiremontinfo\/2020\/05\/vosges-protection-civile-recrute-volontaires-de-service-civique\/"},"wordCount":195,"commentCount":0,"publisher":{"@id":"https:\/\/vosgesinfo.fr\/remiremontinfo\/#organization"},"image":{"@id":"https:\/\/vosgesinfo.fr\/remiremontinfo\/2020\/05\/vosges-protection-civile-recrute-volontaires-de-service-civique\/#primaryimage"},"thumbnailUrl":"https:\/\/vosgesinfo.fr\/app\/uploads\/sites\/5\/2024\/09\/202005p1260624.jpg","keywords":["Protection Civile des Vosges","service civique"],"articleSection":["A la Une","Vosges"],"inLanguage":"fr-FR","potentialAction":[{"@type":"CommentAction","name":"Comment","target":["https:\/\/vosgesinfo.fr\/remiremontinfo\/2020\/05\/vosges-protection-civile-recrute-volontaires-de-service-civique\/#respond"]}]},{"@type":"WebPage","@id":"https:\/\/vosgesinfo.fr\/remiremontinfo\/2020\/05\/vosges-protection-civile-recrute-volontaires-de-service-civique\/","url":"https:\/\/vosgesinfo.fr\/remiremontinfo\/2020\/05\/vosges-protection-civile-recrute-volontaires-de-service-civique\/","name":"Vosges : la Protection Civile recrute des volontaires de Service Civique - Remiremont Info","isPartOf":{"@id":"https:\/\/vosgesinfo.fr\/remiremontinfo\/#website"},"primaryImageOfPage":{"@id":"https:\/\/vosgesinfo.fr\/remiremontinfo\/2020\/05\/vosges-protection-civile-recrute-volontaires-de-service-civique\/#primaryimage"},"image":{"@id":"https:\/\/vosgesinfo.fr\/remiremontinfo\/2020\/05\/vosges-protection-civile-recrute-volontaires-de-service-civique\/#primaryimage"},"thumbnailUrl":"https:\/\/vosgesinfo.fr\/app\/uploads\/sites\/5\/2024\/09\/202005p1260624.jpg","datePublished":"2020-05-05T11:31:14+00:00","dateModified":"2020-05-05T11:31:14+00:00","breadcrumb":{"@id":"https:\/\/vosgesinfo.fr\/remiremontinfo\/2020\/05\/vosges-protection-civile-recrute-volontaires-de-service-civique\/#breadcrumb"},"inLanguage":"fr-FR","potentialAction":[{"@type":"ReadAction","target":["https:\/\/vosgesinfo.fr\/remiremontinfo\/2020\/05\/vosges-protection-civile-recrute-volontaires-de-service-civique\/"]}]},{"@type":"ImageObject","inLanguage":"fr-FR","@id":"https:\/\/vosgesinfo.fr\/remiremontinfo\/2020\/05\/vosges-protection-civile-recrute-volontaires-de-service-civique\/#primaryimage","url":"https:\/\/vosgesinfo.fr\/app\/uploads\/sites\/5\/2024\/09\/202005p1260624.jpg","contentUrl":"https:\/\/vosgesinfo.fr\/app\/uploads\/sites\/5\/2024\/09\/202005p1260624.jpg","width":800,"height":600},{"@type":"BreadcrumbList","@id":"https:\/\/vosgesinfo.fr\/remiremontinfo\/2020\/05\/vosges-protection-civile-recrute-volontaires-de-service-civique\/#breadcrumb","itemListElement":[{"@type":"ListItem","position":1,"name":"Home","item":"https:\/\/vosgesinfo.fr\/remiremontinfo\/"},{"@type":"ListItem","position":2,"name":"Vosges : la Protection Civile recrute des volontaires de Service Civique"}]},{"@type":"WebSite","@id":"https:\/\/vosgesinfo.fr\/remiremontinfo\/#website","url":"https:\/\/vosgesinfo.fr\/remiremontinfo\/","name":"Remiremont Info","description":"Toute l&#039;actualit\u00e9 de Remiremont","publisher":{"@id":"https:\/\/vosgesinfo.fr\/remiremontinfo\/#organization"},"alternateName":"Toute l'actualit\u00e9 de Remiremont","potentialAction":[{"@type":"SearchAction","target":{"@type":"EntryPoint","urlTemplate":"https:\/\/vosgesinfo.fr\/remiremontinfo\/?s={search_term_string}"},"query-input":"required name=search_term_string"}],"inLanguage":"fr-FR"},{"@type":"Organization","@id":"https:\/\/vosgesinfo.fr\/remiremontinfo\/#organization","name":"Remiremont Info","url":"https:\/\/vosgesinfo.fr\/remiremontinfo\/","logo":{"@type":"ImageObject","inLanguage":"fr-FR","@id":"https:\/\/vosgesinfo.fr\/remiremontinfo\/#\/schema\/logo\/image\/","url":"https:\/\/vosgesinfo.fr\/app\/uploads\/sites\/5\/2023\/08\/favicon-remiremontinfo.png","contentUrl":"https:\/\/vosgesinfo.fr\/app\/uploads\/sites\/5\/2023\/08\/favicon-remiremontinfo.png","width":512,"height":512,"caption":"Remiremont Info"},"image":{"@id":"https:\/\/vosgesinfo.fr\/remiremontinfo\/#\/schema\/logo\/image\/"},"sameAs":["https:\/\/www.facebook.com\/remiremontinfo","https:\/\/x.com\/VosgesInfo88","https:\/\/www.youtube.com\/@vosgesinfo"]},{"@type":"Person","@id":"https:\/\/vosgesinfo.fr\/remiremontinfo\/#\/schema\/person\/1ff69b0fb381e95d8ce635c1af9eb14f","name":"adpc88","image":{"@type":"ImageObject","inLanguage":"fr-FR","@id":"https:\/\/vosgesinfo.fr\/remiremontinfo\/#\/schema\/person\/image\/","url":"https:\/\/secure.gravatar.com\/avatar\/d693213d9b95c7d960c7674e653b6b02b303bfd96653313cfb5a7f188b680ac5?s=96&d=mm&r=g","contentUrl":"https:\/\/secure.gravatar.com\/avatar\/d693213d9b95c7d960c7674e653b6b02b303bfd96653313cfb5a7f188b680ac5?s=96&d=mm&r=g","caption":"adpc88"},"url":"https:\/\/vosgesinfo.fr\/remiremontinfo\/author\/adpc88\/"}]}},"_links":{"self":[{"href":"https:\/\/vosgesinfo.fr\/remiremontinfo\/wp-json\/wp\/v2\/posts\/26785","targetHints":{"allow":["GET"]}}],"collection":[{"href":"https:\/\/vosgesinfo.fr\/remiremontinfo\/wp-json\/wp\/v2\/posts"}],"about":[{"href":"https:\/\/vosgesinfo.fr\/remiremontinfo\/wp-json\/wp\/v2\/types\/post"}],"author":[{"embeddable":true,"href":"https:\/\/vosgesinfo.fr\/remiremontinfo\/wp-json\/wp\/v2\/users\/56"}],"replies":[{"embeddable":true,"href":"https:\/\/vosgesinfo.fr\/remiremontinfo\/wp-json\/wp\/v2\/comments?post=26785"}],"version-history":[{"count":0,"href":"https:\/\/vosgesinfo.fr\/remiremontinfo\/wp-json\/wp\/v2\/posts\/26785\/revisions"}],"wp:featuredmedia":[{"embeddable":true,"href":"https:\/\/vosgesinfo.fr\/remiremontinfo\/wp-json\/wp\/v2\/media\/26786"}],"wp:attachment":[{"href":"https:\/\/vosgesinfo.fr\/remiremontinfo\/wp-json\/wp\/v2\/media?parent=26785"}],"wp:term":[{"taxonomy":"category","embeddable":true,"href":"https:\/\/vosgesinfo.fr\/remiremontinfo\/wp-json\/wp\/v2\/categories?post=26785"},{"taxonomy":"post_tag","embeddable":true,"href":"https:\/\/vosgesinfo.fr\/remiremontinfo\/wp-json\/wp\/v2\/tags?post=26785"}],"curies":[{"name":"wp","href":"https:\/\/api.w.org\/{rel}","templated":true}]}}