{"id":2680,"date":"2023-11-14T12:32:08","date_gmt":"2023-11-14T11:32:08","guid":{"rendered":"https:\/\/vosgesinfo.fr\/remiremontinfo\/2023\/11\/saulxures-sur-moselotte-le-lycee-andre-malraux-victime-dune-inondation\/"},"modified":"2023-11-14T12:32:08","modified_gmt":"2023-11-14T11:32:08","slug":"saulxures-sur-moselotte-le-lycee-andre-malraux-victime-dune-inondation","status":"publish","type":"post","link":"https:\/\/vosgesinfo.fr\/remiremontinfo\/2023\/11\/saulxures-sur-moselotte-le-lycee-andre-malraux-victime-dune-inondation\/","title":{"rendered":"Saulxures-sur-Moselotte &#8211; Le lyc\u00e9e Andr\u00e9 Malraux victime d&rsquo;une inondation"},"content":{"rendered":"<h2><span style=\"font-size: 14pt;\"><a href=\"https:\/\/remiremontinfo.fr\/wp-content\/uploads\/2023\/11\/Lyc\u00e9e-Inondation-5.jpeg\"><img decoding=\"async\" class=\"alignnone size-large wp-image-379537 aligncenter\" src=\"https:\/\/vosgesinfo.fr\/app\/uploads\/sites\/5\/2023\/11\/lycee-inondation-5.jpeg\" alt=\"Lyc\u00e9e Inondation 5\" width=\"960\" height=\"720\" \/><\/a>Le site de Saulxures-sur-Moselotte du Lyc\u00e9e Andr\u00e9 Malraux a \u00e9t\u00e9 victime d&rsquo;une inondation dans la nuit de lundi \u00e0 mardi. A l&rsquo;origine de la catastrophe, une crue du ruisseau du Rupt-de-B\u00e2mont, caus\u00e9e par les fortes pr\u00e9cipitions qui s&rsquo;abattent sur le d\u00e9partement des Vosges.\u00a0<\/span><\/h2>\n<p>C&rsquo;est vers 21h30 ce lundi que le ruisseau du Rupt-de-B\u00e2mont, qui passe non loin du Lyc\u00e9e Professionnel Andr\u00e9 Malraux de Saulxures-sur-Moselotte, est sorti de son lit. Une crue, engendr\u00e9e par les pr\u00e9cipitations exceptionnelles qui se sont abattues dans la nuit de lundi \u00e0 mardi dans les Vosges,\u00a0 qui a entrain\u00e9 l&rsquo;inondation de l&rsquo;\u00e9tablissement saulxuron dans la soir\u00e9e. L&rsquo;eau se serait engouffr\u00e9e par l&rsquo;arri\u00e8re du b\u00e2timent avant de recouvrir, de plus d&rsquo;un m\u00e8tre par endroits, les cuisines comme les anciennes salles p\u00e9dagogiques mais aussi les salles des machines, sur lesquelles op\u00e8rent les \u00e9l\u00e8ves de la fili\u00e8re bois du site.<\/p>\n\n<p>Rapidement sur les lieux, les Sapeurs-pompiers ont pu proc\u00e9der \u00e0 la protection des machines. Appuy\u00e9s par quatorze membres de l&rsquo;\u00e9quipe de soutien (des pompiers \u00e0 la retraite) et des membres du personnel de l&rsquo;\u00e9tablissement, les quinze pompiers sur les lieux ont r\u00e9alis\u00e9 des travaux d&rsquo;assainissement et de d\u00e9sembouage des locaux durant toute la nuit puis dans la matin\u00e9e. Les op\u00e9rations devraient se poursuivre jusqu&rsquo;\u00e0 la fin de l&rsquo;apr\u00e8s-midi avant qu&rsquo;une entreprise priv\u00e9e ne prenne le relais. Pour l&rsquo;heure, impossible de chiffrer le co\u00fbt des d\u00e9g\u00e2ts ni d&rsquo;avancer une date pour la r\u00e9ouverture du lyc\u00e9e.<\/p>\n\n<p>J.C<\/p>\n","protected":false},"excerpt":{"rendered":"<p>Le site de Saulxures-sur-Moselotte du Lyc\u00e9e Andr\u00e9 Malraux a \u00e9t\u00e9 victime d&rsquo;une inondation dans la nuit de lundi \u00e0 mardi. [&hellip;]<\/p>\n","protected":false},"author":414,"featured_media":2681,"comment_status":"open","ping_status":"open","sticky":false,"template":"","format":"standard","meta":{"footnotes":""},"categories":[26,8,25,127,68],"tags":[],"class_list":["post-2680","post","type-post","status-publish","format-standard","has-post-thumbnail","hentry","category-a-la-une","category-faits-divers","category-la-bresse-son-canton","category-meteo","category-saulxures-sur-moselotte"],"acf":[],"yoast_head":"<!-- This site is optimized with the Yoast SEO plugin v22.5 - https:\/\/yoast.com\/wordpress\/plugins\/seo\/ -->\n<title>Saulxures-sur-Moselotte - Le lyc\u00e9e Andr\u00e9 Malraux victime d&#039;une inondation - Remiremont Info<\/title>\n<meta name=\"robots\" content=\"index, follow, max-snippet:-1, max-image-preview:large, max-video-preview:-1\" \/>\n<link rel=\"canonical\" href=\"https:\/\/vosgesinfo.fr\/remiremontinfo\/2023\/11\/saulxures-sur-moselotte-le-lycee-andre-malraux-victime-dune-inondation\/\" \/>\n<meta name=\"twitter:card\" content=\"summary_large_image\" \/>\n<meta name=\"twitter:title\" content=\"Saulxures-sur-Moselotte - Le lyc\u00e9e Andr\u00e9 Malraux victime d&#039;une inondation - Remiremont Info\" \/>\n<meta name=\"twitter:description\" content=\"Le site de Saulxures-sur-Moselotte du Lyc\u00e9e Andr\u00e9 Malraux a \u00e9t\u00e9 victime d&rsquo;une inondation dans la nuit de lundi \u00e0 mardi. [&hellip;]\" \/>\n<meta name=\"twitter:image\" content=\"https:\/\/vosgesinfo.fr\/app\/uploads\/sites\/5\/2023\/11\/lycee-inondation-8-2.jpeg\" \/>\n<meta name=\"twitter:creator\" content=\"@VosgesInfo88\" \/>\n<meta name=\"twitter:site\" content=\"@VosgesInfo88\" \/>\n<meta name=\"twitter:label1\" content=\"\u00c9crit par\" \/>\n\t<meta name=\"twitter:data1\" content=\"Julien Chassard\" \/>\n\t<meta name=\"twitter:label2\" content=\"Dur\u00e9e de lecture estim\u00e9e\" \/>\n\t<meta name=\"twitter:data2\" content=\"1 minute\" \/>\n<script type=\"application\/ld+json\" class=\"yoast-schema-graph\">{\"@context\":\"https:\/\/schema.org\",\"@graph\":[{\"@type\":\"Article\",\"@id\":\"https:\/\/vosgesinfo.fr\/remiremontinfo\/2023\/11\/saulxures-sur-moselotte-le-lycee-andre-malraux-victime-dune-inondation\/#article\",\"isPartOf\":{\"@id\":\"https:\/\/vosgesinfo.fr\/remiremontinfo\/2023\/11\/saulxures-sur-moselotte-le-lycee-andre-malraux-victime-dune-inondation\/\"},\"author\":{\"name\":\"Julien Chassard\",\"@id\":\"https:\/\/vosgesinfo.fr\/remiremontinfo\/#\/schema\/person\/9f7d5afbed21dfe30e21502db85507c8\"},\"headline\":\"Saulxures-sur-Moselotte &#8211; Le lyc\u00e9e Andr\u00e9 Malraux victime d&rsquo;une inondation\",\"datePublished\":\"2023-11-14T11:32:08+00:00\",\"dateModified\":\"2023-11-14T11:32:08+00:00\",\"mainEntityOfPage\":{\"@id\":\"https:\/\/vosgesinfo.fr\/remiremontinfo\/2023\/11\/saulxures-sur-moselotte-le-lycee-andre-malraux-victime-dune-inondation\/\"},\"wordCount\":299,\"commentCount\":0,\"publisher\":{\"@id\":\"https:\/\/vosgesinfo.fr\/remiremontinfo\/#organization\"},\"image\":{\"@id\":\"https:\/\/vosgesinfo.fr\/remiremontinfo\/2023\/11\/saulxures-sur-moselotte-le-lycee-andre-malraux-victime-dune-inondation\/#primaryimage\"},\"thumbnailUrl\":\"https:\/\/vosgesinfo.fr\/app\/uploads\/sites\/5\/2023\/11\/lycee-inondation-8-2.jpeg\",\"articleSection\":[\"A la Une\",\"Faits-divers\",\"La Bresse &amp; son canton\",\"M\u00e9t\u00e9o\",\"Saulxures-Sur-Moselotte\"],\"inLanguage\":\"fr-FR\",\"potentialAction\":[{\"@type\":\"CommentAction\",\"name\":\"Comment\",\"target\":[\"https:\/\/vosgesinfo.fr\/remiremontinfo\/2023\/11\/saulxures-sur-moselotte-le-lycee-andre-malraux-victime-dune-inondation\/#respond\"]}]},{\"@type\":\"WebPage\",\"@id\":\"https:\/\/vosgesinfo.fr\/remiremontinfo\/2023\/11\/saulxures-sur-moselotte-le-lycee-andre-malraux-victime-dune-inondation\/\",\"url\":\"https:\/\/vosgesinfo.fr\/remiremontinfo\/2023\/11\/saulxures-sur-moselotte-le-lycee-andre-malraux-victime-dune-inondation\/\",\"name\":\"Saulxures-sur-Moselotte - Le lyc\u00e9e Andr\u00e9 Malraux victime d'une inondation - Remiremont Info\",\"isPartOf\":{\"@id\":\"https:\/\/vosgesinfo.fr\/remiremontinfo\/#website\"},\"primaryImageOfPage\":{\"@id\":\"https:\/\/vosgesinfo.fr\/remiremontinfo\/2023\/11\/saulxures-sur-moselotte-le-lycee-andre-malraux-victime-dune-inondation\/#primaryimage\"},\"image\":{\"@id\":\"https:\/\/vosgesinfo.fr\/remiremontinfo\/2023\/11\/saulxures-sur-moselotte-le-lycee-andre-malraux-victime-dune-inondation\/#primaryimage\"},\"thumbnailUrl\":\"https:\/\/vosgesinfo.fr\/app\/uploads\/sites\/5\/2023\/11\/lycee-inondation-8-2.jpeg\",\"datePublished\":\"2023-11-14T11:32:08+00:00\",\"dateModified\":\"2023-11-14T11:32:08+00:00\",\"breadcrumb\":{\"@id\":\"https:\/\/vosgesinfo.fr\/remiremontinfo\/2023\/11\/saulxures-sur-moselotte-le-lycee-andre-malraux-victime-dune-inondation\/#breadcrumb\"},\"inLanguage\":\"fr-FR\",\"potentialAction\":[{\"@type\":\"ReadAction\",\"target\":[\"https:\/\/vosgesinfo.fr\/remiremontinfo\/2023\/11\/saulxures-sur-moselotte-le-lycee-andre-malraux-victime-dune-inondation\/\"]}]},{\"@type\":\"ImageObject\",\"inLanguage\":\"fr-FR\",\"@id\":\"https:\/\/vosgesinfo.fr\/remiremontinfo\/2023\/11\/saulxures-sur-moselotte-le-lycee-andre-malraux-victime-dune-inondation\/#primaryimage\",\"url\":\"https:\/\/vosgesinfo.fr\/app\/uploads\/sites\/5\/2023\/11\/lycee-inondation-8-2.jpeg\",\"contentUrl\":\"https:\/\/vosgesinfo.fr\/app\/uploads\/sites\/5\/2023\/11\/lycee-inondation-8-2.jpeg\",\"width\":2048,\"height\":1536},{\"@type\":\"BreadcrumbList\",\"@id\":\"https:\/\/vosgesinfo.fr\/remiremontinfo\/2023\/11\/saulxures-sur-moselotte-le-lycee-andre-malraux-victime-dune-inondation\/#breadcrumb\",\"itemListElement\":[{\"@type\":\"ListItem\",\"position\":1,\"name\":\"Home\",\"item\":\"https:\/\/vosgesinfo.fr\/remiremontinfo\/\"},{\"@type\":\"ListItem\",\"position\":2,\"name\":\"Saulxures-sur-Moselotte &#8211; Le lyc\u00e9e Andr\u00e9 Malraux victime d&rsquo;une inondation\"}]},{\"@type\":\"WebSite\",\"@id\":\"https:\/\/vosgesinfo.fr\/remiremontinfo\/#website\",\"url\":\"https:\/\/vosgesinfo.fr\/remiremontinfo\/\",\"name\":\"Remiremont Info\",\"description\":\"Toute l&#039;actualit\u00e9 de Remiremont\",\"publisher\":{\"@id\":\"https:\/\/vosgesinfo.fr\/remiremontinfo\/#organization\"},\"alternateName\":\"Toute l'actualit\u00e9 de Remiremont\",\"potentialAction\":[{\"@type\":\"SearchAction\",\"target\":{\"@type\":\"EntryPoint\",\"urlTemplate\":\"https:\/\/vosgesinfo.fr\/remiremontinfo\/?s={search_term_string}\"},\"query-input\":\"required name=search_term_string\"}],\"inLanguage\":\"fr-FR\"},{\"@type\":\"Organization\",\"@id\":\"https:\/\/vosgesinfo.fr\/remiremontinfo\/#organization\",\"name\":\"Remiremont Info\",\"url\":\"https:\/\/vosgesinfo.fr\/remiremontinfo\/\",\"logo\":{\"@type\":\"ImageObject\",\"inLanguage\":\"fr-FR\",\"@id\":\"https:\/\/vosgesinfo.fr\/remiremontinfo\/#\/schema\/logo\/image\/\",\"url\":\"https:\/\/vosgesinfo.fr\/app\/uploads\/sites\/5\/2023\/08\/favicon-remiremontinfo.png\",\"contentUrl\":\"https:\/\/vosgesinfo.fr\/app\/uploads\/sites\/5\/2023\/08\/favicon-remiremontinfo.png\",\"width\":512,\"height\":512,\"caption\":\"Remiremont Info\"},\"image\":{\"@id\":\"https:\/\/vosgesinfo.fr\/remiremontinfo\/#\/schema\/logo\/image\/\"},\"sameAs\":[\"https:\/\/www.facebook.com\/remiremontinfo\",\"https:\/\/x.com\/VosgesInfo88\",\"https:\/\/www.youtube.com\/@vosgesinfo\"]},{\"@type\":\"Person\",\"@id\":\"https:\/\/vosgesinfo.fr\/remiremontinfo\/#\/schema\/person\/9f7d5afbed21dfe30e21502db85507c8\",\"name\":\"Julien Chassard\",\"image\":{\"@type\":\"ImageObject\",\"inLanguage\":\"fr-FR\",\"@id\":\"https:\/\/vosgesinfo.fr\/remiremontinfo\/#\/schema\/person\/image\/\",\"url\":\"https:\/\/secure.gravatar.com\/avatar\/b1edc920568095a5269cc92a13830411052ebb396f029db539972c12276b9ba9?s=96&d=mm&r=g\",\"contentUrl\":\"https:\/\/secure.gravatar.com\/avatar\/b1edc920568095a5269cc92a13830411052ebb396f029db539972c12276b9ba9?s=96&d=mm&r=g\",\"caption\":\"Julien Chassard\"},\"url\":\"https:\/\/vosgesinfo.fr\/remiremontinfo\/author\/j-chassard882\/\"}]}<\/script>\n<!-- \/ Yoast SEO plugin. -->","yoast_head_json":{"title":"Saulxures-sur-Moselotte - Le lyc\u00e9e Andr\u00e9 Malraux victime d'une inondation - Remiremont Info","robots":{"index":"index","follow":"follow","max-snippet":"max-snippet:-1","max-image-preview":"max-image-preview:large","max-video-preview":"max-video-preview:-1"},"canonical":"https:\/\/vosgesinfo.fr\/remiremontinfo\/2023\/11\/saulxures-sur-moselotte-le-lycee-andre-malraux-victime-dune-inondation\/","twitter_card":"summary_large_image","twitter_title":"Saulxures-sur-Moselotte - Le lyc\u00e9e Andr\u00e9 Malraux victime d'une inondation - Remiremont Info","twitter_description":"Le site de Saulxures-sur-Moselotte du Lyc\u00e9e Andr\u00e9 Malraux a \u00e9t\u00e9 victime d&rsquo;une inondation dans la nuit de lundi \u00e0 mardi. [&hellip;]","twitter_image":"https:\/\/vosgesinfo.fr\/app\/uploads\/sites\/5\/2023\/11\/lycee-inondation-8-2.jpeg","twitter_creator":"@VosgesInfo88","twitter_site":"@VosgesInfo88","twitter_misc":{"\u00c9crit par":"Julien Chassard","Dur\u00e9e de lecture estim\u00e9e":"1 minute"},"schema":{"@context":"https:\/\/schema.org","@graph":[{"@type":"Article","@id":"https:\/\/vosgesinfo.fr\/remiremontinfo\/2023\/11\/saulxures-sur-moselotte-le-lycee-andre-malraux-victime-dune-inondation\/#article","isPartOf":{"@id":"https:\/\/vosgesinfo.fr\/remiremontinfo\/2023\/11\/saulxures-sur-moselotte-le-lycee-andre-malraux-victime-dune-inondation\/"},"author":{"name":"Julien Chassard","@id":"https:\/\/vosgesinfo.fr\/remiremontinfo\/#\/schema\/person\/9f7d5afbed21dfe30e21502db85507c8"},"headline":"Saulxures-sur-Moselotte &#8211; Le lyc\u00e9e Andr\u00e9 Malraux victime d&rsquo;une inondation","datePublished":"2023-11-14T11:32:08+00:00","dateModified":"2023-11-14T11:32:08+00:00","mainEntityOfPage":{"@id":"https:\/\/vosgesinfo.fr\/remiremontinfo\/2023\/11\/saulxures-sur-moselotte-le-lycee-andre-malraux-victime-dune-inondation\/"},"wordCount":299,"commentCount":0,"publisher":{"@id":"https:\/\/vosgesinfo.fr\/remiremontinfo\/#organization"},"image":{"@id":"https:\/\/vosgesinfo.fr\/remiremontinfo\/2023\/11\/saulxures-sur-moselotte-le-lycee-andre-malraux-victime-dune-inondation\/#primaryimage"},"thumbnailUrl":"https:\/\/vosgesinfo.fr\/app\/uploads\/sites\/5\/2023\/11\/lycee-inondation-8-2.jpeg","articleSection":["A la Une","Faits-divers","La Bresse &amp; son canton","M\u00e9t\u00e9o","Saulxures-Sur-Moselotte"],"inLanguage":"fr-FR","potentialAction":[{"@type":"CommentAction","name":"Comment","target":["https:\/\/vosgesinfo.fr\/remiremontinfo\/2023\/11\/saulxures-sur-moselotte-le-lycee-andre-malraux-victime-dune-inondation\/#respond"]}]},{"@type":"WebPage","@id":"https:\/\/vosgesinfo.fr\/remiremontinfo\/2023\/11\/saulxures-sur-moselotte-le-lycee-andre-malraux-victime-dune-inondation\/","url":"https:\/\/vosgesinfo.fr\/remiremontinfo\/2023\/11\/saulxures-sur-moselotte-le-lycee-andre-malraux-victime-dune-inondation\/","name":"Saulxures-sur-Moselotte - Le lyc\u00e9e Andr\u00e9 Malraux victime d'une inondation - Remiremont Info","isPartOf":{"@id":"https:\/\/vosgesinfo.fr\/remiremontinfo\/#website"},"primaryImageOfPage":{"@id":"https:\/\/vosgesinfo.fr\/remiremontinfo\/2023\/11\/saulxures-sur-moselotte-le-lycee-andre-malraux-victime-dune-inondation\/#primaryimage"},"image":{"@id":"https:\/\/vosgesinfo.fr\/remiremontinfo\/2023\/11\/saulxures-sur-moselotte-le-lycee-andre-malraux-victime-dune-inondation\/#primaryimage"},"thumbnailUrl":"https:\/\/vosgesinfo.fr\/app\/uploads\/sites\/5\/2023\/11\/lycee-inondation-8-2.jpeg","datePublished":"2023-11-14T11:32:08+00:00","dateModified":"2023-11-14T11:32:08+00:00","breadcrumb":{"@id":"https:\/\/vosgesinfo.fr\/remiremontinfo\/2023\/11\/saulxures-sur-moselotte-le-lycee-andre-malraux-victime-dune-inondation\/#breadcrumb"},"inLanguage":"fr-FR","potentialAction":[{"@type":"ReadAction","target":["https:\/\/vosgesinfo.fr\/remiremontinfo\/2023\/11\/saulxures-sur-moselotte-le-lycee-andre-malraux-victime-dune-inondation\/"]}]},{"@type":"ImageObject","inLanguage":"fr-FR","@id":"https:\/\/vosgesinfo.fr\/remiremontinfo\/2023\/11\/saulxures-sur-moselotte-le-lycee-andre-malraux-victime-dune-inondation\/#primaryimage","url":"https:\/\/vosgesinfo.fr\/app\/uploads\/sites\/5\/2023\/11\/lycee-inondation-8-2.jpeg","contentUrl":"https:\/\/vosgesinfo.fr\/app\/uploads\/sites\/5\/2023\/11\/lycee-inondation-8-2.jpeg","width":2048,"height":1536},{"@type":"BreadcrumbList","@id":"https:\/\/vosgesinfo.fr\/remiremontinfo\/2023\/11\/saulxures-sur-moselotte-le-lycee-andre-malraux-victime-dune-inondation\/#breadcrumb","itemListElement":[{"@type":"ListItem","position":1,"name":"Home","item":"https:\/\/vosgesinfo.fr\/remiremontinfo\/"},{"@type":"ListItem","position":2,"name":"Saulxures-sur-Moselotte &#8211; Le lyc\u00e9e Andr\u00e9 Malraux victime d&rsquo;une inondation"}]},{"@type":"WebSite","@id":"https:\/\/vosgesinfo.fr\/remiremontinfo\/#website","url":"https:\/\/vosgesinfo.fr\/remiremontinfo\/","name":"Remiremont Info","description":"Toute l&#039;actualit\u00e9 de Remiremont","publisher":{"@id":"https:\/\/vosgesinfo.fr\/remiremontinfo\/#organization"},"alternateName":"Toute l'actualit\u00e9 de Remiremont","potentialAction":[{"@type":"SearchAction","target":{"@type":"EntryPoint","urlTemplate":"https:\/\/vosgesinfo.fr\/remiremontinfo\/?s={search_term_string}"},"query-input":"required name=search_term_string"}],"inLanguage":"fr-FR"},{"@type":"Organization","@id":"https:\/\/vosgesinfo.fr\/remiremontinfo\/#organization","name":"Remiremont Info","url":"https:\/\/vosgesinfo.fr\/remiremontinfo\/","logo":{"@type":"ImageObject","inLanguage":"fr-FR","@id":"https:\/\/vosgesinfo.fr\/remiremontinfo\/#\/schema\/logo\/image\/","url":"https:\/\/vosgesinfo.fr\/app\/uploads\/sites\/5\/2023\/08\/favicon-remiremontinfo.png","contentUrl":"https:\/\/vosgesinfo.fr\/app\/uploads\/sites\/5\/2023\/08\/favicon-remiremontinfo.png","width":512,"height":512,"caption":"Remiremont Info"},"image":{"@id":"https:\/\/vosgesinfo.fr\/remiremontinfo\/#\/schema\/logo\/image\/"},"sameAs":["https:\/\/www.facebook.com\/remiremontinfo","https:\/\/x.com\/VosgesInfo88","https:\/\/www.youtube.com\/@vosgesinfo"]},{"@type":"Person","@id":"https:\/\/vosgesinfo.fr\/remiremontinfo\/#\/schema\/person\/9f7d5afbed21dfe30e21502db85507c8","name":"Julien Chassard","image":{"@type":"ImageObject","inLanguage":"fr-FR","@id":"https:\/\/vosgesinfo.fr\/remiremontinfo\/#\/schema\/person\/image\/","url":"https:\/\/secure.gravatar.com\/avatar\/b1edc920568095a5269cc92a13830411052ebb396f029db539972c12276b9ba9?s=96&d=mm&r=g","contentUrl":"https:\/\/secure.gravatar.com\/avatar\/b1edc920568095a5269cc92a13830411052ebb396f029db539972c12276b9ba9?s=96&d=mm&r=g","caption":"Julien Chassard"},"url":"https:\/\/vosgesinfo.fr\/remiremontinfo\/author\/j-chassard882\/"}]}},"_links":{"self":[{"href":"https:\/\/vosgesinfo.fr\/remiremontinfo\/wp-json\/wp\/v2\/posts\/2680","targetHints":{"allow":["GET"]}}],"collection":[{"href":"https:\/\/vosgesinfo.fr\/remiremontinfo\/wp-json\/wp\/v2\/posts"}],"about":[{"href":"https:\/\/vosgesinfo.fr\/remiremontinfo\/wp-json\/wp\/v2\/types\/post"}],"author":[{"embeddable":true,"href":"https:\/\/vosgesinfo.fr\/remiremontinfo\/wp-json\/wp\/v2\/users\/414"}],"replies":[{"embeddable":true,"href":"https:\/\/vosgesinfo.fr\/remiremontinfo\/wp-json\/wp\/v2\/comments?post=2680"}],"version-history":[{"count":0,"href":"https:\/\/vosgesinfo.fr\/remiremontinfo\/wp-json\/wp\/v2\/posts\/2680\/revisions"}],"wp:featuredmedia":[{"embeddable":true,"href":"https:\/\/vosgesinfo.fr\/remiremontinfo\/wp-json\/wp\/v2\/media\/2681"}],"wp:attachment":[{"href":"https:\/\/vosgesinfo.fr\/remiremontinfo\/wp-json\/wp\/v2\/media?parent=2680"}],"wp:term":[{"taxonomy":"category","embeddable":true,"href":"https:\/\/vosgesinfo.fr\/remiremontinfo\/wp-json\/wp\/v2\/categories?post=2680"},{"taxonomy":"post_tag","embeddable":true,"href":"https:\/\/vosgesinfo.fr\/remiremontinfo\/wp-json\/wp\/v2\/tags?post=2680"}],"curies":[{"name":"wp","href":"https:\/\/api.w.org\/{rel}","templated":true}]}}