{"id":26823,"date":"2020-04-23T15:58:01","date_gmt":"2020-04-23T13:58:01","guid":{"rendered":"https:\/\/vosgesinfo.fr\/remiremontinfo\/2020\/04\/remiremont-masques-vosgiens-solidaires\/"},"modified":"2020-04-23T15:58:01","modified_gmt":"2020-04-23T13:58:01","slug":"remiremont-masques-vosgiens-solidaires","status":"publish","type":"post","link":"https:\/\/vosgesinfo.fr\/remiremontinfo\/2020\/04\/remiremont-masques-vosgiens-solidaires\/","title":{"rendered":"Remiremont : des masques vosgiens solidaires"},"content":{"rendered":"<div id=\"attachment_285794\" style=\"width: 970px\" class=\"wp-caption alignnone\"><a href=\"\/2020\/04\/94491798_2627918560818295_980472717926989824_o2.jpg\"><img decoding=\"async\" aria-describedby=\"caption-attachment-285794\" class=\"size-large wp-image-285794\" src=\"\/2020\/04\/94491798_2627918560818295_980472717926989824_o2-1024x577.jpg\" alt=\"Photo de la muncipalit\u00e9 de Remiremont\" width=\"960\" height=\"541\" \/><\/a><p id=\"caption-attachment-285794\" class=\"wp-caption-text\"><em>Photo de la municipalit\u00e9 de Remiremont<\/em><\/p><\/div>\n<h2><span style=\"font-size: 12pt;\"><strong>Jean Hingray et son \u00e9quipe souhaitent que chaque Romarimontain puisse \u00eatre \u00e9quip\u00e9 gracieusement d\u2019un masque. La solution choisie est originale car elle allie une entreprise locale, \u00ab Le Drap fran\u00e7ais \u00bb, \u00e0 une association d\u2019insertion et d\u2019aide au retour \u00e0 l\u2019emploi, l\u2019ARES, tout en favorisant le commerce de centre-ville.<\/strong><\/span><\/h2>\n<div><\/div>\n<div>L\u2019ARES vient de lancer la soci\u00e9t\u00e9 \u00ab ARES et vous\u00bb et d\u2019investir les locaux de l\u2019ancienne boutique \u00ab Chic et Charme d\u00e9co \u00bb, place De Lattre de Tassigny, afin d\u2019y installer un atelier de confection de masques. Dans le contexte de la pand\u00e9mie de covid-19, la demande en masques est tr\u00e8s forte. L\u2019ARES, qui emploie environ 700 personnes dans les Vosges, mais qui n\u2019a plus de travail \u00e0 leur donner actuellement, a donc saut\u00e9 sur\u00a0 l\u2019occasion pour offrir de nouvelles missions.<\/div>\n<div><\/div>\n<div>La solidarit\u00e9 s\u2019est alors mise en place tr\u00e8s rapidement : Olivier Colin, de l\u2019agence Century 21, leur a trouv\u00e9 un local et a offert les actes du bail ; Fran\u00e7ois Canaple, le propri\u00e9taire de la boutique, a offert les deux premiers mois de loyer, l\u2019association ABI pr\u00e9sid\u00e9e par Eddy Chevrier a mis \u00e0 disposition du personnel pour former les salari\u00e9s \u00e0 la production et \u00e0 la vente. Et pour lancer l\u2019affaire, la Ville de Remiremont vient de leur commander 8000 masques ! D\u2019autres commandes sont en cours \u00e9galement.<\/div>\n<div><\/div>\n<div>Quand les salari\u00e9s seront au point, avec leurs 4 surjeteuses et leurs 2 piqueuses, ils produiront plus de 200 masques par heure ! \u00c0 noter que les masques assembl\u00e9s dans cet atelier s\u2019appuient sur les ressources du \u00ab Drap Fran\u00e7ais \u00bb, avec des tissus fabriqu\u00e9s au Thillot et d\u00e9coup\u00e9s \u00e0 Dogneville. C\u2019est donc une activit\u00e9 100% vosgienne et empreinte de solidarit\u00e9 \u00e0 tous les niveaux qui se met en place. Alors que la relocalisation est une cl\u00e9 souhait\u00e9e, Remiremont suit la voie trac\u00e9e en son temps par l\u2019illustre Jules M\u00e9line, qui militait pour un + protectionnisme dans le domaine du textile !<\/div>\n<div><\/div>\n<div>L\u2019atelier fera aussi office de boutique pour le linge de maison haut de gamme \u00ab Le Drap Fran\u00e7ais \u00bb, et gr\u00e2ce \u00e0 sa position privil\u00e9gi\u00e9e au centre-ville, pourra proposer une palette de nouveaux services : livraison de courses, panier de repassage, location de v\u00e9lo \u00e9lectrique&#8230; La Ville informera prochainement l\u2019ensemble de la population sur la d\u00e9marche \u00e0 suivre pour r\u00e9cup\u00e9rer un masque vosgien solidaire.<\/div>\n<div><\/div>\n<p><em>Communiqu\u00e9 de la municipalit\u00e9 de Remiremont<\/em><\/p>\n","protected":false},"excerpt":{"rendered":"<p>Jean Hingray et son \u00e9quipe souhaitent que chaque Romarimontain puisse \u00eatre \u00e9quip\u00e9 gracieusement d\u2019un masque. La solution choisie est originale [&hellip;]<\/p>\n","protected":false},"author":391,"featured_media":26824,"comment_status":"open","ping_status":"open","sticky":false,"template":"","format":"standard","meta":{"footnotes":""},"categories":[26,1556,35],"tags":[],"class_list":["post-26823","post","type-post","status-publish","format-standard","has-post-thumbnail","hentry","category-a-la-une","category-remiremont-remiremont-son-canton-2","category-remiremont-son-canton"],"acf":[],"yoast_head":"<!-- This site is optimized with the Yoast SEO plugin v22.5 - https:\/\/yoast.com\/wordpress\/plugins\/seo\/ -->\n<title>Remiremont : des masques vosgiens solidaires - Remiremont Info<\/title>\n<meta name=\"robots\" content=\"index, follow, max-snippet:-1, max-image-preview:large, max-video-preview:-1\" \/>\n<link rel=\"canonical\" href=\"https:\/\/vosgesinfo.fr\/remiremontinfo\/2020\/04\/remiremont-masques-vosgiens-solidaires\/\" \/>\n<meta name=\"twitter:card\" content=\"summary_large_image\" \/>\n<meta name=\"twitter:title\" content=\"Remiremont : des masques vosgiens solidaires - Remiremont Info\" \/>\n<meta name=\"twitter:description\" content=\"Jean Hingray et son \u00e9quipe souhaitent que chaque Romarimontain puisse \u00eatre \u00e9quip\u00e9 gracieusement d\u2019un masque. La solution choisie est originale [&hellip;]\" \/>\n<meta name=\"twitter:image\" content=\"https:\/\/vosgesinfo.fr\/app\/uploads\/sites\/5\/2024\/09\/20200494491798-2627918560818295-980472717926989824-o2.jpg\" \/>\n<meta name=\"twitter:creator\" content=\"@VosgesInfo88\" \/>\n<meta name=\"twitter:site\" content=\"@VosgesInfo88\" \/>\n<meta name=\"twitter:label1\" content=\"\u00c9crit par\" \/>\n\t<meta name=\"twitter:data1\" content=\"La redaction\" \/>\n\t<meta name=\"twitter:label2\" content=\"Dur\u00e9e de lecture estim\u00e9e\" \/>\n\t<meta name=\"twitter:data2\" content=\"2 minutes\" \/>\n<script type=\"application\/ld+json\" class=\"yoast-schema-graph\">{\"@context\":\"https:\/\/schema.org\",\"@graph\":[{\"@type\":\"Article\",\"@id\":\"https:\/\/vosgesinfo.fr\/remiremontinfo\/2020\/04\/remiremont-masques-vosgiens-solidaires\/#article\",\"isPartOf\":{\"@id\":\"https:\/\/vosgesinfo.fr\/remiremontinfo\/2020\/04\/remiremont-masques-vosgiens-solidaires\/\"},\"author\":{\"name\":\"La redaction\",\"@id\":\"https:\/\/vosgesinfo.fr\/remiremontinfo\/#\/schema\/person\/27a3695b06db98895b354c0765cdfc31\"},\"headline\":\"Remiremont : des masques vosgiens solidaires\",\"datePublished\":\"2020-04-23T13:58:01+00:00\",\"dateModified\":\"2020-04-23T13:58:01+00:00\",\"mainEntityOfPage\":{\"@id\":\"https:\/\/vosgesinfo.fr\/remiremontinfo\/2020\/04\/remiremont-masques-vosgiens-solidaires\/\"},\"wordCount\":424,\"commentCount\":0,\"publisher\":{\"@id\":\"https:\/\/vosgesinfo.fr\/remiremontinfo\/#organization\"},\"image\":{\"@id\":\"https:\/\/vosgesinfo.fr\/remiremontinfo\/2020\/04\/remiremont-masques-vosgiens-solidaires\/#primaryimage\"},\"thumbnailUrl\":\"https:\/\/vosgesinfo.fr\/app\/uploads\/sites\/5\/2024\/09\/20200494491798-2627918560818295-980472717926989824-o2.jpg\",\"articleSection\":[\"A la Une\",\"Remiremont\",\"Remiremont &amp; son canton\"],\"inLanguage\":\"fr-FR\",\"potentialAction\":[{\"@type\":\"CommentAction\",\"name\":\"Comment\",\"target\":[\"https:\/\/vosgesinfo.fr\/remiremontinfo\/2020\/04\/remiremont-masques-vosgiens-solidaires\/#respond\"]}]},{\"@type\":\"WebPage\",\"@id\":\"https:\/\/vosgesinfo.fr\/remiremontinfo\/2020\/04\/remiremont-masques-vosgiens-solidaires\/\",\"url\":\"https:\/\/vosgesinfo.fr\/remiremontinfo\/2020\/04\/remiremont-masques-vosgiens-solidaires\/\",\"name\":\"Remiremont : des masques vosgiens solidaires - Remiremont Info\",\"isPartOf\":{\"@id\":\"https:\/\/vosgesinfo.fr\/remiremontinfo\/#website\"},\"primaryImageOfPage\":{\"@id\":\"https:\/\/vosgesinfo.fr\/remiremontinfo\/2020\/04\/remiremont-masques-vosgiens-solidaires\/#primaryimage\"},\"image\":{\"@id\":\"https:\/\/vosgesinfo.fr\/remiremontinfo\/2020\/04\/remiremont-masques-vosgiens-solidaires\/#primaryimage\"},\"thumbnailUrl\":\"https:\/\/vosgesinfo.fr\/app\/uploads\/sites\/5\/2024\/09\/20200494491798-2627918560818295-980472717926989824-o2.jpg\",\"datePublished\":\"2020-04-23T13:58:01+00:00\",\"dateModified\":\"2020-04-23T13:58:01+00:00\",\"breadcrumb\":{\"@id\":\"https:\/\/vosgesinfo.fr\/remiremontinfo\/2020\/04\/remiremont-masques-vosgiens-solidaires\/#breadcrumb\"},\"inLanguage\":\"fr-FR\",\"potentialAction\":[{\"@type\":\"ReadAction\",\"target\":[\"https:\/\/vosgesinfo.fr\/remiremontinfo\/2020\/04\/remiremont-masques-vosgiens-solidaires\/\"]}]},{\"@type\":\"ImageObject\",\"inLanguage\":\"fr-FR\",\"@id\":\"https:\/\/vosgesinfo.fr\/remiremontinfo\/2020\/04\/remiremont-masques-vosgiens-solidaires\/#primaryimage\",\"url\":\"https:\/\/vosgesinfo.fr\/app\/uploads\/sites\/5\/2024\/09\/20200494491798-2627918560818295-980472717926989824-o2.jpg\",\"contentUrl\":\"https:\/\/vosgesinfo.fr\/app\/uploads\/sites\/5\/2024\/09\/20200494491798-2627918560818295-980472717926989824-o2.jpg\",\"width\":1677,\"height\":945},{\"@type\":\"BreadcrumbList\",\"@id\":\"https:\/\/vosgesinfo.fr\/remiremontinfo\/2020\/04\/remiremont-masques-vosgiens-solidaires\/#breadcrumb\",\"itemListElement\":[{\"@type\":\"ListItem\",\"position\":1,\"name\":\"Home\",\"item\":\"https:\/\/vosgesinfo.fr\/remiremontinfo\/\"},{\"@type\":\"ListItem\",\"position\":2,\"name\":\"Remiremont : des masques vosgiens solidaires\"}]},{\"@type\":\"WebSite\",\"@id\":\"https:\/\/vosgesinfo.fr\/remiremontinfo\/#website\",\"url\":\"https:\/\/vosgesinfo.fr\/remiremontinfo\/\",\"name\":\"Remiremont Info\",\"description\":\"Toute l&#039;actualit\u00e9 de Remiremont\",\"publisher\":{\"@id\":\"https:\/\/vosgesinfo.fr\/remiremontinfo\/#organization\"},\"alternateName\":\"Toute l'actualit\u00e9 de Remiremont\",\"potentialAction\":[{\"@type\":\"SearchAction\",\"target\":{\"@type\":\"EntryPoint\",\"urlTemplate\":\"https:\/\/vosgesinfo.fr\/remiremontinfo\/?s={search_term_string}\"},\"query-input\":\"required name=search_term_string\"}],\"inLanguage\":\"fr-FR\"},{\"@type\":\"Organization\",\"@id\":\"https:\/\/vosgesinfo.fr\/remiremontinfo\/#organization\",\"name\":\"Remiremont Info\",\"url\":\"https:\/\/vosgesinfo.fr\/remiremontinfo\/\",\"logo\":{\"@type\":\"ImageObject\",\"inLanguage\":\"fr-FR\",\"@id\":\"https:\/\/vosgesinfo.fr\/remiremontinfo\/#\/schema\/logo\/image\/\",\"url\":\"https:\/\/vosgesinfo.fr\/app\/uploads\/sites\/5\/2023\/08\/favicon-remiremontinfo.png\",\"contentUrl\":\"https:\/\/vosgesinfo.fr\/app\/uploads\/sites\/5\/2023\/08\/favicon-remiremontinfo.png\",\"width\":512,\"height\":512,\"caption\":\"Remiremont Info\"},\"image\":{\"@id\":\"https:\/\/vosgesinfo.fr\/remiremontinfo\/#\/schema\/logo\/image\/\"},\"sameAs\":[\"https:\/\/www.facebook.com\/remiremontinfo\",\"https:\/\/x.com\/VosgesInfo88\",\"https:\/\/www.youtube.com\/@vosgesinfo\"]},{\"@type\":\"Person\",\"@id\":\"https:\/\/vosgesinfo.fr\/remiremontinfo\/#\/schema\/person\/27a3695b06db98895b354c0765cdfc31\",\"name\":\"La redaction\",\"image\":{\"@type\":\"ImageObject\",\"inLanguage\":\"fr-FR\",\"@id\":\"https:\/\/vosgesinfo.fr\/remiremontinfo\/#\/schema\/person\/image\/\",\"url\":\"https:\/\/secure.gravatar.com\/avatar\/64c76a78e501cedee55736f43f332df901e1896ae9cd8fad269ae2236dd0e8b6?s=96&d=mm&r=g\",\"contentUrl\":\"https:\/\/secure.gravatar.com\/avatar\/64c76a78e501cedee55736f43f332df901e1896ae9cd8fad269ae2236dd0e8b6?s=96&d=mm&r=g\",\"caption\":\"La redaction\"},\"url\":\"https:\/\/vosgesinfo.fr\/remiremontinfo\/author\/la-redaction\/\"}]}<\/script>\n<!-- \/ Yoast SEO plugin. -->","yoast_head_json":{"title":"Remiremont : des masques vosgiens solidaires - Remiremont Info","robots":{"index":"index","follow":"follow","max-snippet":"max-snippet:-1","max-image-preview":"max-image-preview:large","max-video-preview":"max-video-preview:-1"},"canonical":"https:\/\/vosgesinfo.fr\/remiremontinfo\/2020\/04\/remiremont-masques-vosgiens-solidaires\/","twitter_card":"summary_large_image","twitter_title":"Remiremont : des masques vosgiens solidaires - Remiremont Info","twitter_description":"Jean Hingray et son \u00e9quipe souhaitent que chaque Romarimontain puisse \u00eatre \u00e9quip\u00e9 gracieusement d\u2019un masque. La solution choisie est originale [&hellip;]","twitter_image":"https:\/\/vosgesinfo.fr\/app\/uploads\/sites\/5\/2024\/09\/20200494491798-2627918560818295-980472717926989824-o2.jpg","twitter_creator":"@VosgesInfo88","twitter_site":"@VosgesInfo88","twitter_misc":{"\u00c9crit par":"La redaction","Dur\u00e9e de lecture estim\u00e9e":"2 minutes"},"schema":{"@context":"https:\/\/schema.org","@graph":[{"@type":"Article","@id":"https:\/\/vosgesinfo.fr\/remiremontinfo\/2020\/04\/remiremont-masques-vosgiens-solidaires\/#article","isPartOf":{"@id":"https:\/\/vosgesinfo.fr\/remiremontinfo\/2020\/04\/remiremont-masques-vosgiens-solidaires\/"},"author":{"name":"La redaction","@id":"https:\/\/vosgesinfo.fr\/remiremontinfo\/#\/schema\/person\/27a3695b06db98895b354c0765cdfc31"},"headline":"Remiremont : des masques vosgiens solidaires","datePublished":"2020-04-23T13:58:01+00:00","dateModified":"2020-04-23T13:58:01+00:00","mainEntityOfPage":{"@id":"https:\/\/vosgesinfo.fr\/remiremontinfo\/2020\/04\/remiremont-masques-vosgiens-solidaires\/"},"wordCount":424,"commentCount":0,"publisher":{"@id":"https:\/\/vosgesinfo.fr\/remiremontinfo\/#organization"},"image":{"@id":"https:\/\/vosgesinfo.fr\/remiremontinfo\/2020\/04\/remiremont-masques-vosgiens-solidaires\/#primaryimage"},"thumbnailUrl":"https:\/\/vosgesinfo.fr\/app\/uploads\/sites\/5\/2024\/09\/20200494491798-2627918560818295-980472717926989824-o2.jpg","articleSection":["A la Une","Remiremont","Remiremont &amp; son canton"],"inLanguage":"fr-FR","potentialAction":[{"@type":"CommentAction","name":"Comment","target":["https:\/\/vosgesinfo.fr\/remiremontinfo\/2020\/04\/remiremont-masques-vosgiens-solidaires\/#respond"]}]},{"@type":"WebPage","@id":"https:\/\/vosgesinfo.fr\/remiremontinfo\/2020\/04\/remiremont-masques-vosgiens-solidaires\/","url":"https:\/\/vosgesinfo.fr\/remiremontinfo\/2020\/04\/remiremont-masques-vosgiens-solidaires\/","name":"Remiremont : des masques vosgiens solidaires - Remiremont Info","isPartOf":{"@id":"https:\/\/vosgesinfo.fr\/remiremontinfo\/#website"},"primaryImageOfPage":{"@id":"https:\/\/vosgesinfo.fr\/remiremontinfo\/2020\/04\/remiremont-masques-vosgiens-solidaires\/#primaryimage"},"image":{"@id":"https:\/\/vosgesinfo.fr\/remiremontinfo\/2020\/04\/remiremont-masques-vosgiens-solidaires\/#primaryimage"},"thumbnailUrl":"https:\/\/vosgesinfo.fr\/app\/uploads\/sites\/5\/2024\/09\/20200494491798-2627918560818295-980472717926989824-o2.jpg","datePublished":"2020-04-23T13:58:01+00:00","dateModified":"2020-04-23T13:58:01+00:00","breadcrumb":{"@id":"https:\/\/vosgesinfo.fr\/remiremontinfo\/2020\/04\/remiremont-masques-vosgiens-solidaires\/#breadcrumb"},"inLanguage":"fr-FR","potentialAction":[{"@type":"ReadAction","target":["https:\/\/vosgesinfo.fr\/remiremontinfo\/2020\/04\/remiremont-masques-vosgiens-solidaires\/"]}]},{"@type":"ImageObject","inLanguage":"fr-FR","@id":"https:\/\/vosgesinfo.fr\/remiremontinfo\/2020\/04\/remiremont-masques-vosgiens-solidaires\/#primaryimage","url":"https:\/\/vosgesinfo.fr\/app\/uploads\/sites\/5\/2024\/09\/20200494491798-2627918560818295-980472717926989824-o2.jpg","contentUrl":"https:\/\/vosgesinfo.fr\/app\/uploads\/sites\/5\/2024\/09\/20200494491798-2627918560818295-980472717926989824-o2.jpg","width":1677,"height":945},{"@type":"BreadcrumbList","@id":"https:\/\/vosgesinfo.fr\/remiremontinfo\/2020\/04\/remiremont-masques-vosgiens-solidaires\/#breadcrumb","itemListElement":[{"@type":"ListItem","position":1,"name":"Home","item":"https:\/\/vosgesinfo.fr\/remiremontinfo\/"},{"@type":"ListItem","position":2,"name":"Remiremont : des masques vosgiens solidaires"}]},{"@type":"WebSite","@id":"https:\/\/vosgesinfo.fr\/remiremontinfo\/#website","url":"https:\/\/vosgesinfo.fr\/remiremontinfo\/","name":"Remiremont Info","description":"Toute l&#039;actualit\u00e9 de Remiremont","publisher":{"@id":"https:\/\/vosgesinfo.fr\/remiremontinfo\/#organization"},"alternateName":"Toute l'actualit\u00e9 de Remiremont","potentialAction":[{"@type":"SearchAction","target":{"@type":"EntryPoint","urlTemplate":"https:\/\/vosgesinfo.fr\/remiremontinfo\/?s={search_term_string}"},"query-input":"required name=search_term_string"}],"inLanguage":"fr-FR"},{"@type":"Organization","@id":"https:\/\/vosgesinfo.fr\/remiremontinfo\/#organization","name":"Remiremont Info","url":"https:\/\/vosgesinfo.fr\/remiremontinfo\/","logo":{"@type":"ImageObject","inLanguage":"fr-FR","@id":"https:\/\/vosgesinfo.fr\/remiremontinfo\/#\/schema\/logo\/image\/","url":"https:\/\/vosgesinfo.fr\/app\/uploads\/sites\/5\/2023\/08\/favicon-remiremontinfo.png","contentUrl":"https:\/\/vosgesinfo.fr\/app\/uploads\/sites\/5\/2023\/08\/favicon-remiremontinfo.png","width":512,"height":512,"caption":"Remiremont Info"},"image":{"@id":"https:\/\/vosgesinfo.fr\/remiremontinfo\/#\/schema\/logo\/image\/"},"sameAs":["https:\/\/www.facebook.com\/remiremontinfo","https:\/\/x.com\/VosgesInfo88","https:\/\/www.youtube.com\/@vosgesinfo"]},{"@type":"Person","@id":"https:\/\/vosgesinfo.fr\/remiremontinfo\/#\/schema\/person\/27a3695b06db98895b354c0765cdfc31","name":"La redaction","image":{"@type":"ImageObject","inLanguage":"fr-FR","@id":"https:\/\/vosgesinfo.fr\/remiremontinfo\/#\/schema\/person\/image\/","url":"https:\/\/secure.gravatar.com\/avatar\/64c76a78e501cedee55736f43f332df901e1896ae9cd8fad269ae2236dd0e8b6?s=96&d=mm&r=g","contentUrl":"https:\/\/secure.gravatar.com\/avatar\/64c76a78e501cedee55736f43f332df901e1896ae9cd8fad269ae2236dd0e8b6?s=96&d=mm&r=g","caption":"La redaction"},"url":"https:\/\/vosgesinfo.fr\/remiremontinfo\/author\/la-redaction\/"}]}},"_links":{"self":[{"href":"https:\/\/vosgesinfo.fr\/remiremontinfo\/wp-json\/wp\/v2\/posts\/26823","targetHints":{"allow":["GET"]}}],"collection":[{"href":"https:\/\/vosgesinfo.fr\/remiremontinfo\/wp-json\/wp\/v2\/posts"}],"about":[{"href":"https:\/\/vosgesinfo.fr\/remiremontinfo\/wp-json\/wp\/v2\/types\/post"}],"author":[{"embeddable":true,"href":"https:\/\/vosgesinfo.fr\/remiremontinfo\/wp-json\/wp\/v2\/users\/391"}],"replies":[{"embeddable":true,"href":"https:\/\/vosgesinfo.fr\/remiremontinfo\/wp-json\/wp\/v2\/comments?post=26823"}],"version-history":[{"count":0,"href":"https:\/\/vosgesinfo.fr\/remiremontinfo\/wp-json\/wp\/v2\/posts\/26823\/revisions"}],"wp:featuredmedia":[{"embeddable":true,"href":"https:\/\/vosgesinfo.fr\/remiremontinfo\/wp-json\/wp\/v2\/media\/26824"}],"wp:attachment":[{"href":"https:\/\/vosgesinfo.fr\/remiremontinfo\/wp-json\/wp\/v2\/media?parent=26823"}],"wp:term":[{"taxonomy":"category","embeddable":true,"href":"https:\/\/vosgesinfo.fr\/remiremontinfo\/wp-json\/wp\/v2\/categories?post=26823"},{"taxonomy":"post_tag","embeddable":true,"href":"https:\/\/vosgesinfo.fr\/remiremontinfo\/wp-json\/wp\/v2\/tags?post=26823"}],"curies":[{"name":"wp","href":"https:\/\/api.w.org\/{rel}","templated":true}]}}