{"id":26826,"date":"2020-04-23T17:46:30","date_gmt":"2020-04-23T15:46:30","guid":{"rendered":"https:\/\/vosgesinfo.fr\/remiremontinfo\/2020\/04\/portage-repas-collecte-ordures-menageres-cchv-reste-ope\/"},"modified":"2020-04-23T17:46:30","modified_gmt":"2020-04-23T15:46:30","slug":"portage-repas-collecte-ordures-menageres-cchv-reste-ope","status":"publish","type":"post","link":"https:\/\/vosgesinfo.fr\/remiremontinfo\/2020\/04\/portage-repas-collecte-ordures-menageres-cchv-reste-ope\/","title":{"rendered":"Portage des repas &#038; collecte des ordures m\u00e9nag\u00e8res : la CCHV reste \u00ab op\u00e9 \u00bb"},"content":{"rendered":"\n<h3>En d\u00e9pit de la crise sanitaire et du confinement, la Communaut\u00e9 de Commune des Hautes Vosges ne l\u00e8ve pas le pieds avec notamment deux services qui agissent actuellement sur le terrain : le portage de repas \u00e0 domicile, dont l\u2019utilit\u00e9 et plus que jamais d\u2019actualit\u00e9, et la collecte des ordures m\u00e9nag\u00e8res dont la population ne peut \u00e9videmment pas se passer.<\/h3>\n<div>\n<div>\n<div><\/div>\n<div>Concernant le service de portage de repas \u00e0 domicile, sachez que ce dernier\u00a0 livre des plateaux repas aux plus fragiles, \u00e0 l\u2019occurrence les personnes de plus de 70 ans, les personnes handicap\u00e9es, et les femmes enceintes. Il couvre les communes de\u00a0Champdray, G\u00e9rardmer, Granges-Aumontzey, Le Tholy, Le Valtin, Li\u00e9zey, Rehaupal, Tendon, Xonrupt-Longemer. Actuellement, ce sont environ 160 repas qui sont servis quotidiennement par deux \u00e9quipes de deux agents de la CCHV. Ce service public est assur\u00e9, comme en temps normal, en coordination avec le service de restauration de l\u2019h\u00f4pital de G\u00e9rardmer. Si le personnel a \u00e9t\u00e9 en partie touch\u00e9 par les mesures de confinement, certains agents de la CCHV ont pu remplacer leurs coll\u00e8gues contraints de rester \u00e0 leur domicile pour maintenir la continuit\u00e9 du portage. Chaque jour, de nouvelles inscriptions sont enregistr\u00e9es, permettant ainsi aux plus expos\u00e9s de rester chez eux et d\u2019\u00e9viter les risques de contamination ; aux familles qui sont \u00e9loign\u00e9es de prendre en charge le quotidien de leurs a\u00een\u00e9s ; et de nourrir les enfants des soignants qui sont pris en charge par la cr\u00e8che de Granges-Aumontzey.<\/div>\n<\/div>\n<div><\/div>\n<div>Pour sa part, le service de collecte des ordures m\u00e9nag\u00e8res a \u00e9t\u00e9 durement touch\u00e9 par la propagation du Covid-19. L\u00e0 aussi, la solidarit\u00e9 est de mise et des remplacements ont \u00e9t\u00e9 assur\u00e9s par des coll\u00e8gues d\u2019autres services (environnement, am\u00e9nagement du territoire et m\u00eame le service communication habitu\u00e9 \u00e0 prendre l\u2019air\u2026). Cela a permis de maintenir les collectes dans les 22 communes du territoire et de r\u00e9pondre aux enjeux de salubrit\u00e9 publique. Le service de collecte des cartons (communes de G\u00e9rardmer, Granges-Aumontzey, Xonrupt-Longemer, Le Valtin, Li\u00e9zey, Le Tholy) a \u00e9t\u00e9 maintenu lui aussi, mais r\u00e9duit suite \u00e0 la baisse d\u2019activit\u00e9 des commerces. Il est pour l\u2019instant concentr\u00e9 sur la journ\u00e9e du mercredi. De mani\u00e8re g\u00e9n\u00e9rale, pr\u00e9cisons enfin les agents sont r\u00e9confort\u00e9s dans leur mission par de nombreux messages de soutien : paroles chaleureuses de remerciement, dessins d\u2019enfants, mots et mails gentils, ce qui contribue \u00e0 renforcer les liens et \u00e0\u00a0fournir une \u00e9nergie pr\u00e9cieuse dans ce contexte. Souhaitons que cette reconnaissance et ce soutien perdurent une fois que la crise sanitaire s\u2019estompera\u2026<\/div>\n<p>Par ailleurs, la CCHV souhaite apporter quelques pr\u00e9cisions et recommandations, facilitant le fonctionnement du service :<br \/>\n\u2013 les d\u00e9ch\u00e8teries ont \u00e9t\u00e9 ferm\u00e9es pour prot\u00e9ger les usagers ainsi que les agents et \u00e9viter les d\u00e9placements superflus, ces d\u00e9chets inertes\u00a0peuvent facilement \u00eatre stock\u00e9s \u00e0 domicile pour ne pas surcharger les collectes des d\u00e9chets courants ;<\/p>\n<\/div>\n<div>\n<p>\u2013 pour les d\u00e9chets verts, pratiquer le compostage ou le paillage plut\u00f4t que le br\u00fblage.<\/p>\n<\/div>\n","protected":false},"excerpt":{"rendered":"<p>En d\u00e9pit de la crise sanitaire et du confinement, la Communaut\u00e9 de Commune des Hautes Vosges ne l\u00e8ve pas le [&hellip;]<\/p>\n","protected":false},"author":391,"featured_media":26827,"comment_status":"open","ping_status":"open","sticky":false,"template":"","format":"standard","meta":{"footnotes":""},"categories":[26,18],"tags":[],"class_list":["post-26826","post","type-post","status-publish","format-standard","has-post-thumbnail","hentry","category-a-la-une","category-vosges"],"acf":[],"yoast_head":"<!-- This site is optimized with the Yoast SEO plugin v22.5 - https:\/\/yoast.com\/wordpress\/plugins\/seo\/ -->\n<title>Portage des repas &amp; collecte des ordures m\u00e9nag\u00e8res : la CCHV reste \u00ab op\u00e9 \u00bb - Remiremont Info<\/title>\n<meta name=\"robots\" content=\"index, follow, max-snippet:-1, max-image-preview:large, max-video-preview:-1\" \/>\n<link rel=\"canonical\" href=\"https:\/\/vosgesinfo.fr\/remiremontinfo\/2020\/04\/portage-repas-collecte-ordures-menageres-cchv-reste-ope\/\" \/>\n<meta name=\"twitter:card\" content=\"summary_large_image\" \/>\n<meta name=\"twitter:title\" content=\"Portage des repas &amp; collecte des ordures m\u00e9nag\u00e8res : la CCHV reste \u00ab op\u00e9 \u00bb - Remiremont Info\" \/>\n<meta name=\"twitter:description\" content=\"En d\u00e9pit de la crise sanitaire et du confinement, la Communaut\u00e9 de Commune des Hautes Vosges ne l\u00e8ve pas le [&hellip;]\" \/>\n<meta name=\"twitter:image\" content=\"https:\/\/vosgesinfo.fr\/app\/uploads\/sites\/5\/2024\/09\/202004service-de-collecte-des-ordures-menageres-banderole-covid-19-avec-messages-de-remerciements-et-encouragements-site-de-gerardmer-1-pres2.jpg\" \/>\n<meta name=\"twitter:creator\" content=\"@VosgesInfo88\" \/>\n<meta name=\"twitter:site\" content=\"@VosgesInfo88\" \/>\n<meta name=\"twitter:label1\" content=\"\u00c9crit par\" \/>\n\t<meta name=\"twitter:data1\" content=\"La redaction\" \/>\n\t<meta name=\"twitter:label2\" content=\"Dur\u00e9e de lecture estim\u00e9e\" \/>\n\t<meta name=\"twitter:data2\" content=\"3 minutes\" \/>\n<script type=\"application\/ld+json\" class=\"yoast-schema-graph\">{\"@context\":\"https:\/\/schema.org\",\"@graph\":[{\"@type\":\"Article\",\"@id\":\"https:\/\/vosgesinfo.fr\/remiremontinfo\/2020\/04\/portage-repas-collecte-ordures-menageres-cchv-reste-ope\/#article\",\"isPartOf\":{\"@id\":\"https:\/\/vosgesinfo.fr\/remiremontinfo\/2020\/04\/portage-repas-collecte-ordures-menageres-cchv-reste-ope\/\"},\"author\":{\"name\":\"La redaction\",\"@id\":\"https:\/\/vosgesinfo.fr\/remiremontinfo\/#\/schema\/person\/27a3695b06db98895b354c0765cdfc31\"},\"headline\":\"Portage des repas &#038; collecte des ordures m\u00e9nag\u00e8res : la CCHV reste \u00ab op\u00e9 \u00bb\",\"datePublished\":\"2020-04-23T15:46:30+00:00\",\"dateModified\":\"2020-04-23T15:46:30+00:00\",\"mainEntityOfPage\":{\"@id\":\"https:\/\/vosgesinfo.fr\/remiremontinfo\/2020\/04\/portage-repas-collecte-ordures-menageres-cchv-reste-ope\/\"},\"wordCount\":539,\"commentCount\":0,\"publisher\":{\"@id\":\"https:\/\/vosgesinfo.fr\/remiremontinfo\/#organization\"},\"image\":{\"@id\":\"https:\/\/vosgesinfo.fr\/remiremontinfo\/2020\/04\/portage-repas-collecte-ordures-menageres-cchv-reste-ope\/#primaryimage\"},\"thumbnailUrl\":\"https:\/\/vosgesinfo.fr\/app\/uploads\/sites\/5\/2024\/09\/202004service-de-collecte-des-ordures-menageres-banderole-covid-19-avec-messages-de-remerciements-et-encouragements-site-de-gerardmer-1-pres2.jpg\",\"articleSection\":[\"A la Une\",\"Vosges\"],\"inLanguage\":\"fr-FR\",\"potentialAction\":[{\"@type\":\"CommentAction\",\"name\":\"Comment\",\"target\":[\"https:\/\/vosgesinfo.fr\/remiremontinfo\/2020\/04\/portage-repas-collecte-ordures-menageres-cchv-reste-ope\/#respond\"]}]},{\"@type\":\"WebPage\",\"@id\":\"https:\/\/vosgesinfo.fr\/remiremontinfo\/2020\/04\/portage-repas-collecte-ordures-menageres-cchv-reste-ope\/\",\"url\":\"https:\/\/vosgesinfo.fr\/remiremontinfo\/2020\/04\/portage-repas-collecte-ordures-menageres-cchv-reste-ope\/\",\"name\":\"Portage des repas & collecte des ordures m\u00e9nag\u00e8res : la CCHV reste \u00ab op\u00e9 \u00bb - Remiremont Info\",\"isPartOf\":{\"@id\":\"https:\/\/vosgesinfo.fr\/remiremontinfo\/#website\"},\"primaryImageOfPage\":{\"@id\":\"https:\/\/vosgesinfo.fr\/remiremontinfo\/2020\/04\/portage-repas-collecte-ordures-menageres-cchv-reste-ope\/#primaryimage\"},\"image\":{\"@id\":\"https:\/\/vosgesinfo.fr\/remiremontinfo\/2020\/04\/portage-repas-collecte-ordures-menageres-cchv-reste-ope\/#primaryimage\"},\"thumbnailUrl\":\"https:\/\/vosgesinfo.fr\/app\/uploads\/sites\/5\/2024\/09\/202004service-de-collecte-des-ordures-menageres-banderole-covid-19-avec-messages-de-remerciements-et-encouragements-site-de-gerardmer-1-pres2.jpg\",\"datePublished\":\"2020-04-23T15:46:30+00:00\",\"dateModified\":\"2020-04-23T15:46:30+00:00\",\"breadcrumb\":{\"@id\":\"https:\/\/vosgesinfo.fr\/remiremontinfo\/2020\/04\/portage-repas-collecte-ordures-menageres-cchv-reste-ope\/#breadcrumb\"},\"inLanguage\":\"fr-FR\",\"potentialAction\":[{\"@type\":\"ReadAction\",\"target\":[\"https:\/\/vosgesinfo.fr\/remiremontinfo\/2020\/04\/portage-repas-collecte-ordures-menageres-cchv-reste-ope\/\"]}]},{\"@type\":\"ImageObject\",\"inLanguage\":\"fr-FR\",\"@id\":\"https:\/\/vosgesinfo.fr\/remiremontinfo\/2020\/04\/portage-repas-collecte-ordures-menageres-cchv-reste-ope\/#primaryimage\",\"url\":\"https:\/\/vosgesinfo.fr\/app\/uploads\/sites\/5\/2024\/09\/202004service-de-collecte-des-ordures-menageres-banderole-covid-19-avec-messages-de-remerciements-et-encouragements-site-de-gerardmer-1-pres2.jpg\",\"contentUrl\":\"https:\/\/vosgesinfo.fr\/app\/uploads\/sites\/5\/2024\/09\/202004service-de-collecte-des-ordures-menageres-banderole-covid-19-avec-messages-de-remerciements-et-encouragements-site-de-gerardmer-1-pres2.jpg\",\"width\":800,\"height\":533},{\"@type\":\"BreadcrumbList\",\"@id\":\"https:\/\/vosgesinfo.fr\/remiremontinfo\/2020\/04\/portage-repas-collecte-ordures-menageres-cchv-reste-ope\/#breadcrumb\",\"itemListElement\":[{\"@type\":\"ListItem\",\"position\":1,\"name\":\"Home\",\"item\":\"https:\/\/vosgesinfo.fr\/remiremontinfo\/\"},{\"@type\":\"ListItem\",\"position\":2,\"name\":\"Portage des repas &#038; collecte des ordures m\u00e9nag\u00e8res : la CCHV reste \u00ab op\u00e9 \u00bb\"}]},{\"@type\":\"WebSite\",\"@id\":\"https:\/\/vosgesinfo.fr\/remiremontinfo\/#website\",\"url\":\"https:\/\/vosgesinfo.fr\/remiremontinfo\/\",\"name\":\"Remiremont Info\",\"description\":\"Toute l&#039;actualit\u00e9 de Remiremont\",\"publisher\":{\"@id\":\"https:\/\/vosgesinfo.fr\/remiremontinfo\/#organization\"},\"alternateName\":\"Toute l'actualit\u00e9 de Remiremont\",\"potentialAction\":[{\"@type\":\"SearchAction\",\"target\":{\"@type\":\"EntryPoint\",\"urlTemplate\":\"https:\/\/vosgesinfo.fr\/remiremontinfo\/?s={search_term_string}\"},\"query-input\":\"required name=search_term_string\"}],\"inLanguage\":\"fr-FR\"},{\"@type\":\"Organization\",\"@id\":\"https:\/\/vosgesinfo.fr\/remiremontinfo\/#organization\",\"name\":\"Remiremont Info\",\"url\":\"https:\/\/vosgesinfo.fr\/remiremontinfo\/\",\"logo\":{\"@type\":\"ImageObject\",\"inLanguage\":\"fr-FR\",\"@id\":\"https:\/\/vosgesinfo.fr\/remiremontinfo\/#\/schema\/logo\/image\/\",\"url\":\"https:\/\/vosgesinfo.fr\/app\/uploads\/sites\/5\/2023\/08\/favicon-remiremontinfo.png\",\"contentUrl\":\"https:\/\/vosgesinfo.fr\/app\/uploads\/sites\/5\/2023\/08\/favicon-remiremontinfo.png\",\"width\":512,\"height\":512,\"caption\":\"Remiremont Info\"},\"image\":{\"@id\":\"https:\/\/vosgesinfo.fr\/remiremontinfo\/#\/schema\/logo\/image\/\"},\"sameAs\":[\"https:\/\/www.facebook.com\/remiremontinfo\",\"https:\/\/x.com\/VosgesInfo88\",\"https:\/\/www.youtube.com\/@vosgesinfo\"]},{\"@type\":\"Person\",\"@id\":\"https:\/\/vosgesinfo.fr\/remiremontinfo\/#\/schema\/person\/27a3695b06db98895b354c0765cdfc31\",\"name\":\"La redaction\",\"image\":{\"@type\":\"ImageObject\",\"inLanguage\":\"fr-FR\",\"@id\":\"https:\/\/vosgesinfo.fr\/remiremontinfo\/#\/schema\/person\/image\/\",\"url\":\"https:\/\/secure.gravatar.com\/avatar\/64c76a78e501cedee55736f43f332df901e1896ae9cd8fad269ae2236dd0e8b6?s=96&d=mm&r=g\",\"contentUrl\":\"https:\/\/secure.gravatar.com\/avatar\/64c76a78e501cedee55736f43f332df901e1896ae9cd8fad269ae2236dd0e8b6?s=96&d=mm&r=g\",\"caption\":\"La redaction\"},\"url\":\"https:\/\/vosgesinfo.fr\/remiremontinfo\/author\/la-redaction\/\"}]}<\/script>\n<!-- \/ Yoast SEO plugin. -->","yoast_head_json":{"title":"Portage des repas & collecte des ordures m\u00e9nag\u00e8res : la CCHV reste \u00ab op\u00e9 \u00bb - Remiremont Info","robots":{"index":"index","follow":"follow","max-snippet":"max-snippet:-1","max-image-preview":"max-image-preview:large","max-video-preview":"max-video-preview:-1"},"canonical":"https:\/\/vosgesinfo.fr\/remiremontinfo\/2020\/04\/portage-repas-collecte-ordures-menageres-cchv-reste-ope\/","twitter_card":"summary_large_image","twitter_title":"Portage des repas & collecte des ordures m\u00e9nag\u00e8res : la CCHV reste \u00ab op\u00e9 \u00bb - Remiremont Info","twitter_description":"En d\u00e9pit de la crise sanitaire et du confinement, la Communaut\u00e9 de Commune des Hautes Vosges ne l\u00e8ve pas le [&hellip;]","twitter_image":"https:\/\/vosgesinfo.fr\/app\/uploads\/sites\/5\/2024\/09\/202004service-de-collecte-des-ordures-menageres-banderole-covid-19-avec-messages-de-remerciements-et-encouragements-site-de-gerardmer-1-pres2.jpg","twitter_creator":"@VosgesInfo88","twitter_site":"@VosgesInfo88","twitter_misc":{"\u00c9crit par":"La redaction","Dur\u00e9e de lecture estim\u00e9e":"3 minutes"},"schema":{"@context":"https:\/\/schema.org","@graph":[{"@type":"Article","@id":"https:\/\/vosgesinfo.fr\/remiremontinfo\/2020\/04\/portage-repas-collecte-ordures-menageres-cchv-reste-ope\/#article","isPartOf":{"@id":"https:\/\/vosgesinfo.fr\/remiremontinfo\/2020\/04\/portage-repas-collecte-ordures-menageres-cchv-reste-ope\/"},"author":{"name":"La redaction","@id":"https:\/\/vosgesinfo.fr\/remiremontinfo\/#\/schema\/person\/27a3695b06db98895b354c0765cdfc31"},"headline":"Portage des repas &#038; collecte des ordures m\u00e9nag\u00e8res : la CCHV reste \u00ab op\u00e9 \u00bb","datePublished":"2020-04-23T15:46:30+00:00","dateModified":"2020-04-23T15:46:30+00:00","mainEntityOfPage":{"@id":"https:\/\/vosgesinfo.fr\/remiremontinfo\/2020\/04\/portage-repas-collecte-ordures-menageres-cchv-reste-ope\/"},"wordCount":539,"commentCount":0,"publisher":{"@id":"https:\/\/vosgesinfo.fr\/remiremontinfo\/#organization"},"image":{"@id":"https:\/\/vosgesinfo.fr\/remiremontinfo\/2020\/04\/portage-repas-collecte-ordures-menageres-cchv-reste-ope\/#primaryimage"},"thumbnailUrl":"https:\/\/vosgesinfo.fr\/app\/uploads\/sites\/5\/2024\/09\/202004service-de-collecte-des-ordures-menageres-banderole-covid-19-avec-messages-de-remerciements-et-encouragements-site-de-gerardmer-1-pres2.jpg","articleSection":["A la Une","Vosges"],"inLanguage":"fr-FR","potentialAction":[{"@type":"CommentAction","name":"Comment","target":["https:\/\/vosgesinfo.fr\/remiremontinfo\/2020\/04\/portage-repas-collecte-ordures-menageres-cchv-reste-ope\/#respond"]}]},{"@type":"WebPage","@id":"https:\/\/vosgesinfo.fr\/remiremontinfo\/2020\/04\/portage-repas-collecte-ordures-menageres-cchv-reste-ope\/","url":"https:\/\/vosgesinfo.fr\/remiremontinfo\/2020\/04\/portage-repas-collecte-ordures-menageres-cchv-reste-ope\/","name":"Portage des repas & collecte des ordures m\u00e9nag\u00e8res : la CCHV reste \u00ab op\u00e9 \u00bb - Remiremont Info","isPartOf":{"@id":"https:\/\/vosgesinfo.fr\/remiremontinfo\/#website"},"primaryImageOfPage":{"@id":"https:\/\/vosgesinfo.fr\/remiremontinfo\/2020\/04\/portage-repas-collecte-ordures-menageres-cchv-reste-ope\/#primaryimage"},"image":{"@id":"https:\/\/vosgesinfo.fr\/remiremontinfo\/2020\/04\/portage-repas-collecte-ordures-menageres-cchv-reste-ope\/#primaryimage"},"thumbnailUrl":"https:\/\/vosgesinfo.fr\/app\/uploads\/sites\/5\/2024\/09\/202004service-de-collecte-des-ordures-menageres-banderole-covid-19-avec-messages-de-remerciements-et-encouragements-site-de-gerardmer-1-pres2.jpg","datePublished":"2020-04-23T15:46:30+00:00","dateModified":"2020-04-23T15:46:30+00:00","breadcrumb":{"@id":"https:\/\/vosgesinfo.fr\/remiremontinfo\/2020\/04\/portage-repas-collecte-ordures-menageres-cchv-reste-ope\/#breadcrumb"},"inLanguage":"fr-FR","potentialAction":[{"@type":"ReadAction","target":["https:\/\/vosgesinfo.fr\/remiremontinfo\/2020\/04\/portage-repas-collecte-ordures-menageres-cchv-reste-ope\/"]}]},{"@type":"ImageObject","inLanguage":"fr-FR","@id":"https:\/\/vosgesinfo.fr\/remiremontinfo\/2020\/04\/portage-repas-collecte-ordures-menageres-cchv-reste-ope\/#primaryimage","url":"https:\/\/vosgesinfo.fr\/app\/uploads\/sites\/5\/2024\/09\/202004service-de-collecte-des-ordures-menageres-banderole-covid-19-avec-messages-de-remerciements-et-encouragements-site-de-gerardmer-1-pres2.jpg","contentUrl":"https:\/\/vosgesinfo.fr\/app\/uploads\/sites\/5\/2024\/09\/202004service-de-collecte-des-ordures-menageres-banderole-covid-19-avec-messages-de-remerciements-et-encouragements-site-de-gerardmer-1-pres2.jpg","width":800,"height":533},{"@type":"BreadcrumbList","@id":"https:\/\/vosgesinfo.fr\/remiremontinfo\/2020\/04\/portage-repas-collecte-ordures-menageres-cchv-reste-ope\/#breadcrumb","itemListElement":[{"@type":"ListItem","position":1,"name":"Home","item":"https:\/\/vosgesinfo.fr\/remiremontinfo\/"},{"@type":"ListItem","position":2,"name":"Portage des repas &#038; collecte des ordures m\u00e9nag\u00e8res : la CCHV reste \u00ab op\u00e9 \u00bb"}]},{"@type":"WebSite","@id":"https:\/\/vosgesinfo.fr\/remiremontinfo\/#website","url":"https:\/\/vosgesinfo.fr\/remiremontinfo\/","name":"Remiremont Info","description":"Toute l&#039;actualit\u00e9 de Remiremont","publisher":{"@id":"https:\/\/vosgesinfo.fr\/remiremontinfo\/#organization"},"alternateName":"Toute l'actualit\u00e9 de Remiremont","potentialAction":[{"@type":"SearchAction","target":{"@type":"EntryPoint","urlTemplate":"https:\/\/vosgesinfo.fr\/remiremontinfo\/?s={search_term_string}"},"query-input":"required name=search_term_string"}],"inLanguage":"fr-FR"},{"@type":"Organization","@id":"https:\/\/vosgesinfo.fr\/remiremontinfo\/#organization","name":"Remiremont Info","url":"https:\/\/vosgesinfo.fr\/remiremontinfo\/","logo":{"@type":"ImageObject","inLanguage":"fr-FR","@id":"https:\/\/vosgesinfo.fr\/remiremontinfo\/#\/schema\/logo\/image\/","url":"https:\/\/vosgesinfo.fr\/app\/uploads\/sites\/5\/2023\/08\/favicon-remiremontinfo.png","contentUrl":"https:\/\/vosgesinfo.fr\/app\/uploads\/sites\/5\/2023\/08\/favicon-remiremontinfo.png","width":512,"height":512,"caption":"Remiremont Info"},"image":{"@id":"https:\/\/vosgesinfo.fr\/remiremontinfo\/#\/schema\/logo\/image\/"},"sameAs":["https:\/\/www.facebook.com\/remiremontinfo","https:\/\/x.com\/VosgesInfo88","https:\/\/www.youtube.com\/@vosgesinfo"]},{"@type":"Person","@id":"https:\/\/vosgesinfo.fr\/remiremontinfo\/#\/schema\/person\/27a3695b06db98895b354c0765cdfc31","name":"La redaction","image":{"@type":"ImageObject","inLanguage":"fr-FR","@id":"https:\/\/vosgesinfo.fr\/remiremontinfo\/#\/schema\/person\/image\/","url":"https:\/\/secure.gravatar.com\/avatar\/64c76a78e501cedee55736f43f332df901e1896ae9cd8fad269ae2236dd0e8b6?s=96&d=mm&r=g","contentUrl":"https:\/\/secure.gravatar.com\/avatar\/64c76a78e501cedee55736f43f332df901e1896ae9cd8fad269ae2236dd0e8b6?s=96&d=mm&r=g","caption":"La redaction"},"url":"https:\/\/vosgesinfo.fr\/remiremontinfo\/author\/la-redaction\/"}]}},"_links":{"self":[{"href":"https:\/\/vosgesinfo.fr\/remiremontinfo\/wp-json\/wp\/v2\/posts\/26826","targetHints":{"allow":["GET"]}}],"collection":[{"href":"https:\/\/vosgesinfo.fr\/remiremontinfo\/wp-json\/wp\/v2\/posts"}],"about":[{"href":"https:\/\/vosgesinfo.fr\/remiremontinfo\/wp-json\/wp\/v2\/types\/post"}],"author":[{"embeddable":true,"href":"https:\/\/vosgesinfo.fr\/remiremontinfo\/wp-json\/wp\/v2\/users\/391"}],"replies":[{"embeddable":true,"href":"https:\/\/vosgesinfo.fr\/remiremontinfo\/wp-json\/wp\/v2\/comments?post=26826"}],"version-history":[{"count":0,"href":"https:\/\/vosgesinfo.fr\/remiremontinfo\/wp-json\/wp\/v2\/posts\/26826\/revisions"}],"wp:featuredmedia":[{"embeddable":true,"href":"https:\/\/vosgesinfo.fr\/remiremontinfo\/wp-json\/wp\/v2\/media\/26827"}],"wp:attachment":[{"href":"https:\/\/vosgesinfo.fr\/remiremontinfo\/wp-json\/wp\/v2\/media?parent=26826"}],"wp:term":[{"taxonomy":"category","embeddable":true,"href":"https:\/\/vosgesinfo.fr\/remiremontinfo\/wp-json\/wp\/v2\/categories?post=26826"},{"taxonomy":"post_tag","embeddable":true,"href":"https:\/\/vosgesinfo.fr\/remiremontinfo\/wp-json\/wp\/v2\/tags?post=26826"}],"curies":[{"name":"wp","href":"https:\/\/api.w.org\/{rel}","templated":true}]}}