{"id":26885,"date":"2020-04-28T16:08:08","date_gmt":"2020-04-28T14:08:08","guid":{"rendered":"https:\/\/vosgesinfo.fr\/remiremontinfo\/2020\/04\/covid-19-aide-faveur-beneficiaires-rsa-de-lagriculture\/"},"modified":"2020-04-28T16:08:08","modified_gmt":"2020-04-28T14:08:08","slug":"covid-19-aide-faveur-beneficiaires-rsa-de-lagriculture","status":"publish","type":"post","link":"https:\/\/vosgesinfo.fr\/remiremontinfo\/2020\/04\/covid-19-aide-faveur-beneficiaires-rsa-de-lagriculture\/","title":{"rendered":"COVID-19 : Aide en faveur des b\u00e9n\u00e9ficiaires du RSA et de l\u2019Agriculture"},"content":{"rendered":"<p><a href=\"\/2020\/04\/conseil-departemental-vosges-800x450.jpg\"><img decoding=\"async\" class=\"alignnone size-full wp-image-286000\" src=\"\/2020\/04\/conseil-departemental-vosges-800x450.jpg\" alt=\"conseil-departemental-vosges-800x450\" width=\"800\" height=\"450\" \/><\/a><\/p>\n<h2>Lors de la commission permanente du 27 avril apr\u00e8s-midi, les \u00e9lus ont approuv\u00e9 diff\u00e9rents dossiers permettant de soutenir la culture, les entreprises, le Tourisme, les citoyens en difficult\u00e9s\u2026<\/h2>\n<p><strong>Covid : Aide en faveur des b\u00e9n\u00e9ficiaires du RSA et de l\u2019Agriculture<\/strong><\/p>\n<p><strong>\u00a0<\/strong><strong>Le D\u00e9partement a d\u00e9cid\u00e9 d\u2019autoriser pour la p\u00e9riode du 1<\/strong><strong><sup>er<\/sup><\/strong><strong> mai au 31 octobre, le cumul du rev<\/strong><strong>e<\/strong><strong>nu de Solidarit\u00e9 Active (RSA) avec les revenus issus d\u2019un contrat de travail saisonnier dans le secteur agricole<\/strong>. Ainsi le b\u00e9n\u00e9ficiaire du RSA pourra recevoir son allocation RSA et 100% du revenu li\u00e9 \u00e0 son activit\u00e9 saisonni\u00e8re. En effet, l\u2019Agriculture doit faire face \u00e0 une baisse des d\u00e9bouch\u00e9s et \u00e0 des probl\u00e8mes de main d\u2019\u0153uvre dans cette crise sanitaire li\u00e9e au coronavirus. <strong>Avec ce dispositif, le D<\/strong><strong>\u00e9<\/strong><strong>partement vise le double objectif de favoriser la reprise d\u2019activit\u00e9 des b\u00e9n\u00e9ficiaires du RSA et d\u2019aider le secteur agricole \u00e0 faire face \u00e0 la crise sanitaire.<\/strong> Les agriculteurs devront, via la Chambre d\u2019Agriculture, d\u00e9poser leurs offres d\u2019emplois sur la plateforme emploi \u00ab\u00a0Boss&amp;Vous\u00a0\u00bb ouverte aux b\u00e9n\u00e9ficiaires du RSA du d\u00e9partement.<\/p>\n<p><strong>Covid : Aide en faveur<\/strong> <strong>des Services d\u2019Aides \u00e0 Domicile<\/strong><\/p>\n<p><strong>Toujours dans le cadre de la crise du Coronavirus, le D\u00e9partement a d\u00e9cid\u00e9 de soutenir l\u2019activit\u00e9 des Services d\u2019Aides \u00e0 Domicile non tarif\u00e9s.<\/strong> Ces structures accompagnent les personnes \u00e2g\u00e9es, handicap\u00e9es ou d\u00e9pendantes afin de les aider dans tous les actes de la vie quotidienne et faciliter leur maintien \u00e0 domicile dans les meilleures conditions.<\/p>\n<p><strong>En raison de cette crise, certaines structures ont vu leur activit\u00e9 diminuer. Le D\u00e9partement co<\/strong><strong>n<\/strong><strong>tinuera de financer ses structures sur la base de la moyenne des frais pris en charge durant les mois de d\u00e9cembre 2019, janvier 2020 et f\u00e9vrier 2020, afin de leur permettre de traverser cette crise et ses r\u00e9percussions \u00e9conomiques.<\/strong><\/p>\n<p><strong>Covid : Aide en faveur des associations<\/strong><\/p>\n<p>Le D\u00e9partement sera aussi aux c\u00f4t\u00e9s des associations sportives, culturelles, touristiques (\u2026). Les associations soutenues par le d\u00e9partement , ayant annul\u00e9 leur \u00e9v\u00e8nement en raison de la crise, mais ayant engag\u00e9 des frais pourront recevoir un versement de leur subvention. Les modalit\u00e9s sont en cours de d\u00e9finition.<\/p>\n<p><strong>\u00a0D\u00e9partement et CCI travaillent en collaboration<\/strong><\/p>\n<p><strong>Le D\u00e9partement des Vosges et la Chambre de Commerce et d\u2019industrie (CCI) unissent leurs e<\/strong><strong>f<\/strong><strong>forts dans le secteur du tourisme, du num\u00e9rique en soutien \u00e0 l\u2019activit\u00e9 commerciale afin de fav<\/strong><strong>o<\/strong><strong>riser l\u2019attractivit\u00e9.<\/strong> En 2020, la CCI d\u00e9veloppera des projets innovants en direction de la silver \u00e9conomie, renforcera l\u2019action de l\u2019institut de promotion de la montagne ou encore encouragera la transition num\u00e9rique et d\u00e9veloppera un incubateur e-tourisme. <strong>Le D\u00e9partement financera ce projet \u00e0 ha<\/strong><strong>u<\/strong><strong>teur de 90.000 euros.<\/strong><\/p>\n<p><strong>Soutien \u00e0 l\u2019\u00e9conomie<\/strong><\/p>\n<p><strong>De plus, le d\u00e9partement continue de soutenir son \u00e9conomie \u00e0 travers ses dispositifs existants. Ainsi, 156\u00a0460 euros permettront de soutenir l\u2019investissement immobilier \u00e9conomique et 96.000 euros l\u2019immobilier touristique. <\/strong>Ces sommes participeront \u00e0 la cr\u00e9ation d\u2019un meubl\u00e9 de tourisme, la r\u00e9novation d\u2019un h\u00f4tel, l\u2019extension d\u2019un b\u00e2timent permettant de d\u00e9velopper la production d\u2019une entreprise\u2026<\/p>\n<p><strong>Le D\u00e9partement soutient la production audiovisuelle<\/strong><\/p>\n<p>Enfin, le D\u00e9partement soutient la production audiovisuelle et cin\u00e9matographie via une convention sign\u00e9e entre l\u2019Agence Culturelle Grand Est, la R\u00e9gion Grand Est, le D\u00e9partement des Vosges et la participation du Centre National du Cin\u00e9ma. <strong>Le Conseil d\u00e9partemental attribue 108.000 euros afin de soutenir 4 \u0153uvres\u00a0:<\/strong><\/p>\n<p>\u2013\u00a0\u00a0\u00a0\u00a0\u00a0\u00a0\u00a0\u00a0\u00a0 Le Documentaire\u00a0\u00ab\u00a0vieillir chez soi\u00a0\u00bb de Virginie Saclier et Johann Michalczak, subvention de 9.000 euros<\/p>\n<p>\u2013\u00a0\u00a0\u00a0\u00a0\u00a0\u00a0\u00a0\u00a0\u00a0 Le t\u00e9l\u00e9film Capitaine Marleau r\u00e9alis\u00e9 par Jos\u00e9e Dayan, subvention de 21.000 euros<\/p>\n<p>\u2013\u00a0\u00a0\u00a0\u00a0\u00a0\u00a0\u00a0\u00a0\u00a0 Le t\u00e9l\u00e9film Le Voyageur, le Village assassin\u00e9 de St\u00e9phanie Murat, subvention de 30.000 euros<\/p>\n<p>\u2013\u00a0\u00a0\u00a0\u00a0\u00a0\u00a0\u00a0\u00a0\u00a0 Le long m\u00e9trage Chi-Fou-Mi de Romain Cogitore, subvention de 48.000 euros<\/p>\n","protected":false},"excerpt":{"rendered":"<p>Lors de la commission permanente du 27 avril apr\u00e8s-midi, les \u00e9lus ont approuv\u00e9 diff\u00e9rents dossiers permettant de soutenir la culture, [&hellip;]<\/p>\n","protected":false},"author":391,"featured_media":26886,"comment_status":"open","ping_status":"open","sticky":false,"template":"","format":"standard","meta":{"footnotes":""},"categories":[26,18],"tags":[],"class_list":["post-26885","post","type-post","status-publish","format-standard","has-post-thumbnail","hentry","category-a-la-une","category-vosges"],"acf":[],"yoast_head":"<!-- This site is optimized with the Yoast SEO plugin v22.5 - https:\/\/yoast.com\/wordpress\/plugins\/seo\/ -->\n<title>COVID-19 : Aide en faveur des b\u00e9n\u00e9ficiaires du RSA et de l\u2019Agriculture - Remiremont Info<\/title>\n<meta name=\"robots\" content=\"index, follow, max-snippet:-1, max-image-preview:large, max-video-preview:-1\" \/>\n<link rel=\"canonical\" href=\"https:\/\/vosgesinfo.fr\/remiremontinfo\/2020\/04\/covid-19-aide-faveur-beneficiaires-rsa-de-lagriculture\/\" \/>\n<meta name=\"twitter:card\" content=\"summary_large_image\" \/>\n<meta name=\"twitter:title\" content=\"COVID-19 : Aide en faveur des b\u00e9n\u00e9ficiaires du RSA et de l\u2019Agriculture - Remiremont Info\" \/>\n<meta name=\"twitter:description\" content=\"Lors de la commission permanente du 27 avril apr\u00e8s-midi, les \u00e9lus ont approuv\u00e9 diff\u00e9rents dossiers permettant de soutenir la culture, [&hellip;]\" \/>\n<meta name=\"twitter:image\" content=\"https:\/\/vosgesinfo.fr\/app\/uploads\/sites\/5\/2024\/09\/202004conseil-departemental-vosges-800x450-1.jpg\" \/>\n<meta name=\"twitter:creator\" content=\"@VosgesInfo88\" \/>\n<meta name=\"twitter:site\" content=\"@VosgesInfo88\" \/>\n<meta name=\"twitter:label1\" content=\"\u00c9crit par\" \/>\n\t<meta name=\"twitter:data1\" content=\"La redaction\" \/>\n\t<meta name=\"twitter:label2\" content=\"Dur\u00e9e de lecture estim\u00e9e\" \/>\n\t<meta name=\"twitter:data2\" content=\"3 minutes\" \/>\n<script type=\"application\/ld+json\" class=\"yoast-schema-graph\">{\"@context\":\"https:\/\/schema.org\",\"@graph\":[{\"@type\":\"Article\",\"@id\":\"https:\/\/vosgesinfo.fr\/remiremontinfo\/2020\/04\/covid-19-aide-faveur-beneficiaires-rsa-de-lagriculture\/#article\",\"isPartOf\":{\"@id\":\"https:\/\/vosgesinfo.fr\/remiremontinfo\/2020\/04\/covid-19-aide-faveur-beneficiaires-rsa-de-lagriculture\/\"},\"author\":{\"name\":\"La redaction\",\"@id\":\"https:\/\/vosgesinfo.fr\/remiremontinfo\/#\/schema\/person\/27a3695b06db98895b354c0765cdfc31\"},\"headline\":\"COVID-19 : Aide en faveur des b\u00e9n\u00e9ficiaires du RSA et de l\u2019Agriculture\",\"datePublished\":\"2020-04-28T14:08:08+00:00\",\"dateModified\":\"2020-04-28T14:08:08+00:00\",\"mainEntityOfPage\":{\"@id\":\"https:\/\/vosgesinfo.fr\/remiremontinfo\/2020\/04\/covid-19-aide-faveur-beneficiaires-rsa-de-lagriculture\/\"},\"wordCount\":668,\"commentCount\":0,\"publisher\":{\"@id\":\"https:\/\/vosgesinfo.fr\/remiremontinfo\/#organization\"},\"image\":{\"@id\":\"https:\/\/vosgesinfo.fr\/remiremontinfo\/2020\/04\/covid-19-aide-faveur-beneficiaires-rsa-de-lagriculture\/#primaryimage\"},\"thumbnailUrl\":\"https:\/\/vosgesinfo.fr\/app\/uploads\/sites\/5\/2024\/09\/202004conseil-departemental-vosges-800x450-1.jpg\",\"articleSection\":[\"A la Une\",\"Vosges\"],\"inLanguage\":\"fr-FR\",\"potentialAction\":[{\"@type\":\"CommentAction\",\"name\":\"Comment\",\"target\":[\"https:\/\/vosgesinfo.fr\/remiremontinfo\/2020\/04\/covid-19-aide-faveur-beneficiaires-rsa-de-lagriculture\/#respond\"]}]},{\"@type\":\"WebPage\",\"@id\":\"https:\/\/vosgesinfo.fr\/remiremontinfo\/2020\/04\/covid-19-aide-faveur-beneficiaires-rsa-de-lagriculture\/\",\"url\":\"https:\/\/vosgesinfo.fr\/remiremontinfo\/2020\/04\/covid-19-aide-faveur-beneficiaires-rsa-de-lagriculture\/\",\"name\":\"COVID-19 : Aide en faveur des b\u00e9n\u00e9ficiaires du RSA et de l\u2019Agriculture - Remiremont Info\",\"isPartOf\":{\"@id\":\"https:\/\/vosgesinfo.fr\/remiremontinfo\/#website\"},\"primaryImageOfPage\":{\"@id\":\"https:\/\/vosgesinfo.fr\/remiremontinfo\/2020\/04\/covid-19-aide-faveur-beneficiaires-rsa-de-lagriculture\/#primaryimage\"},\"image\":{\"@id\":\"https:\/\/vosgesinfo.fr\/remiremontinfo\/2020\/04\/covid-19-aide-faveur-beneficiaires-rsa-de-lagriculture\/#primaryimage\"},\"thumbnailUrl\":\"https:\/\/vosgesinfo.fr\/app\/uploads\/sites\/5\/2024\/09\/202004conseil-departemental-vosges-800x450-1.jpg\",\"datePublished\":\"2020-04-28T14:08:08+00:00\",\"dateModified\":\"2020-04-28T14:08:08+00:00\",\"breadcrumb\":{\"@id\":\"https:\/\/vosgesinfo.fr\/remiremontinfo\/2020\/04\/covid-19-aide-faveur-beneficiaires-rsa-de-lagriculture\/#breadcrumb\"},\"inLanguage\":\"fr-FR\",\"potentialAction\":[{\"@type\":\"ReadAction\",\"target\":[\"https:\/\/vosgesinfo.fr\/remiremontinfo\/2020\/04\/covid-19-aide-faveur-beneficiaires-rsa-de-lagriculture\/\"]}]},{\"@type\":\"ImageObject\",\"inLanguage\":\"fr-FR\",\"@id\":\"https:\/\/vosgesinfo.fr\/remiremontinfo\/2020\/04\/covid-19-aide-faveur-beneficiaires-rsa-de-lagriculture\/#primaryimage\",\"url\":\"https:\/\/vosgesinfo.fr\/app\/uploads\/sites\/5\/2024\/09\/202004conseil-departemental-vosges-800x450-1.jpg\",\"contentUrl\":\"https:\/\/vosgesinfo.fr\/app\/uploads\/sites\/5\/2024\/09\/202004conseil-departemental-vosges-800x450-1.jpg\",\"width\":800,\"height\":450},{\"@type\":\"BreadcrumbList\",\"@id\":\"https:\/\/vosgesinfo.fr\/remiremontinfo\/2020\/04\/covid-19-aide-faveur-beneficiaires-rsa-de-lagriculture\/#breadcrumb\",\"itemListElement\":[{\"@type\":\"ListItem\",\"position\":1,\"name\":\"Home\",\"item\":\"https:\/\/vosgesinfo.fr\/remiremontinfo\/\"},{\"@type\":\"ListItem\",\"position\":2,\"name\":\"COVID-19 : Aide en faveur des b\u00e9n\u00e9ficiaires du RSA et de l\u2019Agriculture\"}]},{\"@type\":\"WebSite\",\"@id\":\"https:\/\/vosgesinfo.fr\/remiremontinfo\/#website\",\"url\":\"https:\/\/vosgesinfo.fr\/remiremontinfo\/\",\"name\":\"Remiremont Info\",\"description\":\"Toute l&#039;actualit\u00e9 de Remiremont\",\"publisher\":{\"@id\":\"https:\/\/vosgesinfo.fr\/remiremontinfo\/#organization\"},\"alternateName\":\"Toute l'actualit\u00e9 de Remiremont\",\"potentialAction\":[{\"@type\":\"SearchAction\",\"target\":{\"@type\":\"EntryPoint\",\"urlTemplate\":\"https:\/\/vosgesinfo.fr\/remiremontinfo\/?s={search_term_string}\"},\"query-input\":\"required name=search_term_string\"}],\"inLanguage\":\"fr-FR\"},{\"@type\":\"Organization\",\"@id\":\"https:\/\/vosgesinfo.fr\/remiremontinfo\/#organization\",\"name\":\"Remiremont Info\",\"url\":\"https:\/\/vosgesinfo.fr\/remiremontinfo\/\",\"logo\":{\"@type\":\"ImageObject\",\"inLanguage\":\"fr-FR\",\"@id\":\"https:\/\/vosgesinfo.fr\/remiremontinfo\/#\/schema\/logo\/image\/\",\"url\":\"https:\/\/vosgesinfo.fr\/app\/uploads\/sites\/5\/2023\/08\/favicon-remiremontinfo.png\",\"contentUrl\":\"https:\/\/vosgesinfo.fr\/app\/uploads\/sites\/5\/2023\/08\/favicon-remiremontinfo.png\",\"width\":512,\"height\":512,\"caption\":\"Remiremont Info\"},\"image\":{\"@id\":\"https:\/\/vosgesinfo.fr\/remiremontinfo\/#\/schema\/logo\/image\/\"},\"sameAs\":[\"https:\/\/www.facebook.com\/remiremontinfo\",\"https:\/\/x.com\/VosgesInfo88\",\"https:\/\/www.youtube.com\/@vosgesinfo\"]},{\"@type\":\"Person\",\"@id\":\"https:\/\/vosgesinfo.fr\/remiremontinfo\/#\/schema\/person\/27a3695b06db98895b354c0765cdfc31\",\"name\":\"La redaction\",\"image\":{\"@type\":\"ImageObject\",\"inLanguage\":\"fr-FR\",\"@id\":\"https:\/\/vosgesinfo.fr\/remiremontinfo\/#\/schema\/person\/image\/\",\"url\":\"https:\/\/secure.gravatar.com\/avatar\/64c76a78e501cedee55736f43f332df901e1896ae9cd8fad269ae2236dd0e8b6?s=96&d=mm&r=g\",\"contentUrl\":\"https:\/\/secure.gravatar.com\/avatar\/64c76a78e501cedee55736f43f332df901e1896ae9cd8fad269ae2236dd0e8b6?s=96&d=mm&r=g\",\"caption\":\"La redaction\"},\"url\":\"https:\/\/vosgesinfo.fr\/remiremontinfo\/author\/la-redaction\/\"}]}<\/script>\n<!-- \/ Yoast SEO plugin. -->","yoast_head_json":{"title":"COVID-19 : Aide en faveur des b\u00e9n\u00e9ficiaires du RSA et de l\u2019Agriculture - Remiremont Info","robots":{"index":"index","follow":"follow","max-snippet":"max-snippet:-1","max-image-preview":"max-image-preview:large","max-video-preview":"max-video-preview:-1"},"canonical":"https:\/\/vosgesinfo.fr\/remiremontinfo\/2020\/04\/covid-19-aide-faveur-beneficiaires-rsa-de-lagriculture\/","twitter_card":"summary_large_image","twitter_title":"COVID-19 : Aide en faveur des b\u00e9n\u00e9ficiaires du RSA et de l\u2019Agriculture - Remiremont Info","twitter_description":"Lors de la commission permanente du 27 avril apr\u00e8s-midi, les \u00e9lus ont approuv\u00e9 diff\u00e9rents dossiers permettant de soutenir la culture, [&hellip;]","twitter_image":"https:\/\/vosgesinfo.fr\/app\/uploads\/sites\/5\/2024\/09\/202004conseil-departemental-vosges-800x450-1.jpg","twitter_creator":"@VosgesInfo88","twitter_site":"@VosgesInfo88","twitter_misc":{"\u00c9crit par":"La redaction","Dur\u00e9e de lecture estim\u00e9e":"3 minutes"},"schema":{"@context":"https:\/\/schema.org","@graph":[{"@type":"Article","@id":"https:\/\/vosgesinfo.fr\/remiremontinfo\/2020\/04\/covid-19-aide-faveur-beneficiaires-rsa-de-lagriculture\/#article","isPartOf":{"@id":"https:\/\/vosgesinfo.fr\/remiremontinfo\/2020\/04\/covid-19-aide-faveur-beneficiaires-rsa-de-lagriculture\/"},"author":{"name":"La redaction","@id":"https:\/\/vosgesinfo.fr\/remiremontinfo\/#\/schema\/person\/27a3695b06db98895b354c0765cdfc31"},"headline":"COVID-19 : Aide en faveur des b\u00e9n\u00e9ficiaires du RSA et de l\u2019Agriculture","datePublished":"2020-04-28T14:08:08+00:00","dateModified":"2020-04-28T14:08:08+00:00","mainEntityOfPage":{"@id":"https:\/\/vosgesinfo.fr\/remiremontinfo\/2020\/04\/covid-19-aide-faveur-beneficiaires-rsa-de-lagriculture\/"},"wordCount":668,"commentCount":0,"publisher":{"@id":"https:\/\/vosgesinfo.fr\/remiremontinfo\/#organization"},"image":{"@id":"https:\/\/vosgesinfo.fr\/remiremontinfo\/2020\/04\/covid-19-aide-faveur-beneficiaires-rsa-de-lagriculture\/#primaryimage"},"thumbnailUrl":"https:\/\/vosgesinfo.fr\/app\/uploads\/sites\/5\/2024\/09\/202004conseil-departemental-vosges-800x450-1.jpg","articleSection":["A la Une","Vosges"],"inLanguage":"fr-FR","potentialAction":[{"@type":"CommentAction","name":"Comment","target":["https:\/\/vosgesinfo.fr\/remiremontinfo\/2020\/04\/covid-19-aide-faveur-beneficiaires-rsa-de-lagriculture\/#respond"]}]},{"@type":"WebPage","@id":"https:\/\/vosgesinfo.fr\/remiremontinfo\/2020\/04\/covid-19-aide-faveur-beneficiaires-rsa-de-lagriculture\/","url":"https:\/\/vosgesinfo.fr\/remiremontinfo\/2020\/04\/covid-19-aide-faveur-beneficiaires-rsa-de-lagriculture\/","name":"COVID-19 : Aide en faveur des b\u00e9n\u00e9ficiaires du RSA et de l\u2019Agriculture - Remiremont Info","isPartOf":{"@id":"https:\/\/vosgesinfo.fr\/remiremontinfo\/#website"},"primaryImageOfPage":{"@id":"https:\/\/vosgesinfo.fr\/remiremontinfo\/2020\/04\/covid-19-aide-faveur-beneficiaires-rsa-de-lagriculture\/#primaryimage"},"image":{"@id":"https:\/\/vosgesinfo.fr\/remiremontinfo\/2020\/04\/covid-19-aide-faveur-beneficiaires-rsa-de-lagriculture\/#primaryimage"},"thumbnailUrl":"https:\/\/vosgesinfo.fr\/app\/uploads\/sites\/5\/2024\/09\/202004conseil-departemental-vosges-800x450-1.jpg","datePublished":"2020-04-28T14:08:08+00:00","dateModified":"2020-04-28T14:08:08+00:00","breadcrumb":{"@id":"https:\/\/vosgesinfo.fr\/remiremontinfo\/2020\/04\/covid-19-aide-faveur-beneficiaires-rsa-de-lagriculture\/#breadcrumb"},"inLanguage":"fr-FR","potentialAction":[{"@type":"ReadAction","target":["https:\/\/vosgesinfo.fr\/remiremontinfo\/2020\/04\/covid-19-aide-faveur-beneficiaires-rsa-de-lagriculture\/"]}]},{"@type":"ImageObject","inLanguage":"fr-FR","@id":"https:\/\/vosgesinfo.fr\/remiremontinfo\/2020\/04\/covid-19-aide-faveur-beneficiaires-rsa-de-lagriculture\/#primaryimage","url":"https:\/\/vosgesinfo.fr\/app\/uploads\/sites\/5\/2024\/09\/202004conseil-departemental-vosges-800x450-1.jpg","contentUrl":"https:\/\/vosgesinfo.fr\/app\/uploads\/sites\/5\/2024\/09\/202004conseil-departemental-vosges-800x450-1.jpg","width":800,"height":450},{"@type":"BreadcrumbList","@id":"https:\/\/vosgesinfo.fr\/remiremontinfo\/2020\/04\/covid-19-aide-faveur-beneficiaires-rsa-de-lagriculture\/#breadcrumb","itemListElement":[{"@type":"ListItem","position":1,"name":"Home","item":"https:\/\/vosgesinfo.fr\/remiremontinfo\/"},{"@type":"ListItem","position":2,"name":"COVID-19 : Aide en faveur des b\u00e9n\u00e9ficiaires du RSA et de l\u2019Agriculture"}]},{"@type":"WebSite","@id":"https:\/\/vosgesinfo.fr\/remiremontinfo\/#website","url":"https:\/\/vosgesinfo.fr\/remiremontinfo\/","name":"Remiremont Info","description":"Toute l&#039;actualit\u00e9 de Remiremont","publisher":{"@id":"https:\/\/vosgesinfo.fr\/remiremontinfo\/#organization"},"alternateName":"Toute l'actualit\u00e9 de Remiremont","potentialAction":[{"@type":"SearchAction","target":{"@type":"EntryPoint","urlTemplate":"https:\/\/vosgesinfo.fr\/remiremontinfo\/?s={search_term_string}"},"query-input":"required name=search_term_string"}],"inLanguage":"fr-FR"},{"@type":"Organization","@id":"https:\/\/vosgesinfo.fr\/remiremontinfo\/#organization","name":"Remiremont Info","url":"https:\/\/vosgesinfo.fr\/remiremontinfo\/","logo":{"@type":"ImageObject","inLanguage":"fr-FR","@id":"https:\/\/vosgesinfo.fr\/remiremontinfo\/#\/schema\/logo\/image\/","url":"https:\/\/vosgesinfo.fr\/app\/uploads\/sites\/5\/2023\/08\/favicon-remiremontinfo.png","contentUrl":"https:\/\/vosgesinfo.fr\/app\/uploads\/sites\/5\/2023\/08\/favicon-remiremontinfo.png","width":512,"height":512,"caption":"Remiremont Info"},"image":{"@id":"https:\/\/vosgesinfo.fr\/remiremontinfo\/#\/schema\/logo\/image\/"},"sameAs":["https:\/\/www.facebook.com\/remiremontinfo","https:\/\/x.com\/VosgesInfo88","https:\/\/www.youtube.com\/@vosgesinfo"]},{"@type":"Person","@id":"https:\/\/vosgesinfo.fr\/remiremontinfo\/#\/schema\/person\/27a3695b06db98895b354c0765cdfc31","name":"La redaction","image":{"@type":"ImageObject","inLanguage":"fr-FR","@id":"https:\/\/vosgesinfo.fr\/remiremontinfo\/#\/schema\/person\/image\/","url":"https:\/\/secure.gravatar.com\/avatar\/64c76a78e501cedee55736f43f332df901e1896ae9cd8fad269ae2236dd0e8b6?s=96&d=mm&r=g","contentUrl":"https:\/\/secure.gravatar.com\/avatar\/64c76a78e501cedee55736f43f332df901e1896ae9cd8fad269ae2236dd0e8b6?s=96&d=mm&r=g","caption":"La redaction"},"url":"https:\/\/vosgesinfo.fr\/remiremontinfo\/author\/la-redaction\/"}]}},"_links":{"self":[{"href":"https:\/\/vosgesinfo.fr\/remiremontinfo\/wp-json\/wp\/v2\/posts\/26885","targetHints":{"allow":["GET"]}}],"collection":[{"href":"https:\/\/vosgesinfo.fr\/remiremontinfo\/wp-json\/wp\/v2\/posts"}],"about":[{"href":"https:\/\/vosgesinfo.fr\/remiremontinfo\/wp-json\/wp\/v2\/types\/post"}],"author":[{"embeddable":true,"href":"https:\/\/vosgesinfo.fr\/remiremontinfo\/wp-json\/wp\/v2\/users\/391"}],"replies":[{"embeddable":true,"href":"https:\/\/vosgesinfo.fr\/remiremontinfo\/wp-json\/wp\/v2\/comments?post=26885"}],"version-history":[{"count":0,"href":"https:\/\/vosgesinfo.fr\/remiremontinfo\/wp-json\/wp\/v2\/posts\/26885\/revisions"}],"wp:featuredmedia":[{"embeddable":true,"href":"https:\/\/vosgesinfo.fr\/remiremontinfo\/wp-json\/wp\/v2\/media\/26886"}],"wp:attachment":[{"href":"https:\/\/vosgesinfo.fr\/remiremontinfo\/wp-json\/wp\/v2\/media?parent=26885"}],"wp:term":[{"taxonomy":"category","embeddable":true,"href":"https:\/\/vosgesinfo.fr\/remiremontinfo\/wp-json\/wp\/v2\/categories?post=26885"},{"taxonomy":"post_tag","embeddable":true,"href":"https:\/\/vosgesinfo.fr\/remiremontinfo\/wp-json\/wp\/v2\/tags?post=26885"}],"curies":[{"name":"wp","href":"https:\/\/api.w.org\/{rel}","templated":true}]}}