{"id":26891,"date":"2020-04-28T16:11:11","date_gmt":"2020-04-28T14:11:11","guid":{"rendered":"https:\/\/vosgesinfo.fr\/remiremontinfo\/2020\/04\/victimes-covid-grand-representation-specialisee-assuree\/"},"modified":"2020-04-28T16:11:11","modified_gmt":"2020-04-28T14:11:11","slug":"victimes-covid-grand-representation-specialisee-assuree","status":"publish","type":"post","link":"https:\/\/vosgesinfo.fr\/remiremontinfo\/2020\/04\/victimes-covid-grand-representation-specialisee-assuree\/","title":{"rendered":"Victimes du Covid dans le Grand Est, leur repr\u00e9sentation sp\u00e9cialis\u00e9e est assur\u00e9e"},"content":{"rendered":"<p><a href=\"\/2020\/04\/thumbnail_Avocats-fondateurs-800x533.jpg\"><img decoding=\"async\" class=\"alignnone size-full wp-image-286009\" src=\"\/2020\/04\/thumbnail_Avocats-fondateurs-800x533.jpg\" alt=\"thumbnail_Avocats-fondateurs-800x533\" width=\"800\" height=\"533\" \/><\/a><\/p>\n<h2>Une premi\u00e8re association de d\u00e9fense des victimes du Covid-19 vient d\u2019\u00eatre cr\u00e9\u00e9e \u00e0 Metz. Cinq avocats, deux \u00e9lus locaux et un m\u00e9decin se sont regroup\u00e9s au sein de \u00ab l\u2019association Grand Est d\u2019aide aux victimes du Covid-19 \u00bb pour faire entendre au niveau social et juridique la voix des victimes de la pand\u00e9mie.<\/h2>\n<p>Ils voulaient aider, dans leur domaine de comp\u00e9tence, celles et ceux qui, directement ou indirectement, sont victimes du coronavirus ou qui prennent des risques que la l\u00e9gislation du travail n\u2019a pas organis\u00e9. Et ceci afin d\u2019assurer la continuit\u00e9 des services indispensables \u00e0 la vie en soci\u00e9t\u00e9 : services de s\u00e9curit\u00e9 ou administratifs, sanitaire et social, travailleurs dans la distribution, le transport ou la manutention qui dans bien des cas peuvent risquer d\u2019\u00eatre contamin\u00e9s.<\/p>\n<h3>Touch\u00e9 par le Covid-19 : est-ce un accident du travail ?<\/h3>\n<p>Dans ses statut l\u2019association souhaite contribuer \u00e0 apporter au d\u00e9bat relatif \u00e0 la prise en charge au titre de la l\u00e9gislation sur la maladie professionnelle des pr\u00e9judices support\u00e9s par les personnes des secteurs publics et priv\u00e9s. Lesquels ont contribu\u00e9 au fonctionnement essentiel de la soci\u00e9t\u00e9, ainsi qu\u2019aux \u00e9lus des collectivit\u00e9s locales engag\u00e9s sur le terrain (lors du premier tour des \u00e9lections municipales et ensuite dans le cadre de la mise en \u0153uvre des mesures mises en place en faveur des populations). La loi de 1898 n\u2019ayant pas \u00e9t\u00e9 pens\u00e9e pour faire face \u00e0 une \u00e9pid\u00e9mie. Le Covid-19 peut \u00eatre juridiquement assimil\u00e9 \u00e0 un gigantesque accident du travail. <em>\u00ab Il faudrait pour cela que le Covid-19 soit r\u00e9pertori\u00e9 comme maladie professionnelle \u00bb<\/em> argumente Maitre Laurent Pat\u00e9, Pr\u00e9sident de l\u2019association.<\/p>\n<h3>Solidarit\u00e9 et organisation pr\u00e9ventive sont n\u00e9cessaires<\/h3>\n<p>Sur un autre plan juridique l\u2019association souhaite assister et obtenir une juste indemnisation des victimes sur la base du principe \u00e9nonc\u00e9 dans le Pr\u00e9ambule de la Constitution du 27 octobre 1946 qui pr\u00e9voit que <em>\u00ab La Nation proclame la solidarit\u00e9 et l\u2019\u00e9galit\u00e9 de tous les Fran\u00e7ais devant les charges qui r\u00e9sultent des calamit\u00e9s nationales \u00bb<\/em>. Et enfin sur le plan organisationnel, l\u2019association souhaite assister les structures et les salari\u00e9s dans la mise en \u0153uvre des plans de pr\u00e9vention au travail, ainsi que les structures \u00e9conomiques relativement aux difficult\u00e9s induites par la crise.<\/p>\n<p><strong>COVID-19 GRAND EST<\/strong><\/p>\n<p><strong>Asssociation de droit local<\/strong><\/p>\n<p><strong>7, rue du G\u00e9nie<\/strong><\/p>\n<p><strong>57000 METZ Mail : contact@covid-grand-est.fr Site : www.covid-grand-est.fr<\/strong><\/p>\n<p>A.V.P<\/p>\n","protected":false},"excerpt":{"rendered":"<p>Une premi\u00e8re association de d\u00e9fense des victimes du Covid-19 vient d\u2019\u00eatre cr\u00e9\u00e9e \u00e0 Metz. Cinq avocats, deux \u00e9lus locaux et [&hellip;]<\/p>\n","protected":false},"author":391,"featured_media":26892,"comment_status":"open","ping_status":"open","sticky":false,"template":"","format":"standard","meta":{"footnotes":""},"categories":[26,18],"tags":[],"class_list":["post-26891","post","type-post","status-publish","format-standard","has-post-thumbnail","hentry","category-a-la-une","category-vosges"],"acf":[],"yoast_head":"<!-- This site is optimized with the Yoast SEO plugin v22.5 - https:\/\/yoast.com\/wordpress\/plugins\/seo\/ -->\n<title>Victimes du Covid dans le Grand Est, leur repr\u00e9sentation sp\u00e9cialis\u00e9e est assur\u00e9e - Remiremont Info<\/title>\n<meta name=\"robots\" content=\"index, follow, max-snippet:-1, max-image-preview:large, max-video-preview:-1\" \/>\n<link rel=\"canonical\" href=\"https:\/\/vosgesinfo.fr\/remiremontinfo\/2020\/04\/victimes-covid-grand-representation-specialisee-assuree\/\" \/>\n<meta name=\"twitter:card\" content=\"summary_large_image\" \/>\n<meta name=\"twitter:title\" content=\"Victimes du Covid dans le Grand Est, leur repr\u00e9sentation sp\u00e9cialis\u00e9e est assur\u00e9e - Remiremont Info\" \/>\n<meta name=\"twitter:description\" content=\"Une premi\u00e8re association de d\u00e9fense des victimes du Covid-19 vient d\u2019\u00eatre cr\u00e9\u00e9e \u00e0 Metz. Cinq avocats, deux \u00e9lus locaux et [&hellip;]\" \/>\n<meta name=\"twitter:image\" content=\"https:\/\/vosgesinfo.fr\/app\/uploads\/sites\/5\/2024\/09\/202004thumbnail-avocats-fondateurs-800x533-1.jpg\" \/>\n<meta name=\"twitter:creator\" content=\"@VosgesInfo88\" \/>\n<meta name=\"twitter:site\" content=\"@VosgesInfo88\" \/>\n<meta name=\"twitter:label1\" content=\"\u00c9crit par\" \/>\n\t<meta name=\"twitter:data1\" content=\"La redaction\" \/>\n\t<meta name=\"twitter:label2\" content=\"Dur\u00e9e de lecture estim\u00e9e\" \/>\n\t<meta name=\"twitter:data2\" content=\"2 minutes\" \/>\n<script type=\"application\/ld+json\" class=\"yoast-schema-graph\">{\"@context\":\"https:\/\/schema.org\",\"@graph\":[{\"@type\":\"Article\",\"@id\":\"https:\/\/vosgesinfo.fr\/remiremontinfo\/2020\/04\/victimes-covid-grand-representation-specialisee-assuree\/#article\",\"isPartOf\":{\"@id\":\"https:\/\/vosgesinfo.fr\/remiremontinfo\/2020\/04\/victimes-covid-grand-representation-specialisee-assuree\/\"},\"author\":{\"name\":\"La redaction\",\"@id\":\"https:\/\/vosgesinfo.fr\/remiremontinfo\/#\/schema\/person\/27a3695b06db98895b354c0765cdfc31\"},\"headline\":\"Victimes du Covid dans le Grand Est, leur repr\u00e9sentation sp\u00e9cialis\u00e9e est assur\u00e9e\",\"datePublished\":\"2020-04-28T14:11:11+00:00\",\"dateModified\":\"2020-04-28T14:11:11+00:00\",\"mainEntityOfPage\":{\"@id\":\"https:\/\/vosgesinfo.fr\/remiremontinfo\/2020\/04\/victimes-covid-grand-representation-specialisee-assuree\/\"},\"wordCount\":430,\"commentCount\":0,\"publisher\":{\"@id\":\"https:\/\/vosgesinfo.fr\/remiremontinfo\/#organization\"},\"image\":{\"@id\":\"https:\/\/vosgesinfo.fr\/remiremontinfo\/2020\/04\/victimes-covid-grand-representation-specialisee-assuree\/#primaryimage\"},\"thumbnailUrl\":\"https:\/\/vosgesinfo.fr\/app\/uploads\/sites\/5\/2024\/09\/202004thumbnail-avocats-fondateurs-800x533-1.jpg\",\"articleSection\":[\"A la Une\",\"Vosges\"],\"inLanguage\":\"fr-FR\",\"potentialAction\":[{\"@type\":\"CommentAction\",\"name\":\"Comment\",\"target\":[\"https:\/\/vosgesinfo.fr\/remiremontinfo\/2020\/04\/victimes-covid-grand-representation-specialisee-assuree\/#respond\"]}]},{\"@type\":\"WebPage\",\"@id\":\"https:\/\/vosgesinfo.fr\/remiremontinfo\/2020\/04\/victimes-covid-grand-representation-specialisee-assuree\/\",\"url\":\"https:\/\/vosgesinfo.fr\/remiremontinfo\/2020\/04\/victimes-covid-grand-representation-specialisee-assuree\/\",\"name\":\"Victimes du Covid dans le Grand Est, leur repr\u00e9sentation sp\u00e9cialis\u00e9e est assur\u00e9e - Remiremont Info\",\"isPartOf\":{\"@id\":\"https:\/\/vosgesinfo.fr\/remiremontinfo\/#website\"},\"primaryImageOfPage\":{\"@id\":\"https:\/\/vosgesinfo.fr\/remiremontinfo\/2020\/04\/victimes-covid-grand-representation-specialisee-assuree\/#primaryimage\"},\"image\":{\"@id\":\"https:\/\/vosgesinfo.fr\/remiremontinfo\/2020\/04\/victimes-covid-grand-representation-specialisee-assuree\/#primaryimage\"},\"thumbnailUrl\":\"https:\/\/vosgesinfo.fr\/app\/uploads\/sites\/5\/2024\/09\/202004thumbnail-avocats-fondateurs-800x533-1.jpg\",\"datePublished\":\"2020-04-28T14:11:11+00:00\",\"dateModified\":\"2020-04-28T14:11:11+00:00\",\"breadcrumb\":{\"@id\":\"https:\/\/vosgesinfo.fr\/remiremontinfo\/2020\/04\/victimes-covid-grand-representation-specialisee-assuree\/#breadcrumb\"},\"inLanguage\":\"fr-FR\",\"potentialAction\":[{\"@type\":\"ReadAction\",\"target\":[\"https:\/\/vosgesinfo.fr\/remiremontinfo\/2020\/04\/victimes-covid-grand-representation-specialisee-assuree\/\"]}]},{\"@type\":\"ImageObject\",\"inLanguage\":\"fr-FR\",\"@id\":\"https:\/\/vosgesinfo.fr\/remiremontinfo\/2020\/04\/victimes-covid-grand-representation-specialisee-assuree\/#primaryimage\",\"url\":\"https:\/\/vosgesinfo.fr\/app\/uploads\/sites\/5\/2024\/09\/202004thumbnail-avocats-fondateurs-800x533-1.jpg\",\"contentUrl\":\"https:\/\/vosgesinfo.fr\/app\/uploads\/sites\/5\/2024\/09\/202004thumbnail-avocats-fondateurs-800x533-1.jpg\",\"width\":800,\"height\":533},{\"@type\":\"BreadcrumbList\",\"@id\":\"https:\/\/vosgesinfo.fr\/remiremontinfo\/2020\/04\/victimes-covid-grand-representation-specialisee-assuree\/#breadcrumb\",\"itemListElement\":[{\"@type\":\"ListItem\",\"position\":1,\"name\":\"Home\",\"item\":\"https:\/\/vosgesinfo.fr\/remiremontinfo\/\"},{\"@type\":\"ListItem\",\"position\":2,\"name\":\"Victimes du Covid dans le Grand Est, leur repr\u00e9sentation sp\u00e9cialis\u00e9e est assur\u00e9e\"}]},{\"@type\":\"WebSite\",\"@id\":\"https:\/\/vosgesinfo.fr\/remiremontinfo\/#website\",\"url\":\"https:\/\/vosgesinfo.fr\/remiremontinfo\/\",\"name\":\"Remiremont Info\",\"description\":\"Toute l&#039;actualit\u00e9 de Remiremont\",\"publisher\":{\"@id\":\"https:\/\/vosgesinfo.fr\/remiremontinfo\/#organization\"},\"alternateName\":\"Toute l'actualit\u00e9 de Remiremont\",\"potentialAction\":[{\"@type\":\"SearchAction\",\"target\":{\"@type\":\"EntryPoint\",\"urlTemplate\":\"https:\/\/vosgesinfo.fr\/remiremontinfo\/?s={search_term_string}\"},\"query-input\":\"required name=search_term_string\"}],\"inLanguage\":\"fr-FR\"},{\"@type\":\"Organization\",\"@id\":\"https:\/\/vosgesinfo.fr\/remiremontinfo\/#organization\",\"name\":\"Remiremont Info\",\"url\":\"https:\/\/vosgesinfo.fr\/remiremontinfo\/\",\"logo\":{\"@type\":\"ImageObject\",\"inLanguage\":\"fr-FR\",\"@id\":\"https:\/\/vosgesinfo.fr\/remiremontinfo\/#\/schema\/logo\/image\/\",\"url\":\"https:\/\/vosgesinfo.fr\/app\/uploads\/sites\/5\/2023\/08\/favicon-remiremontinfo.png\",\"contentUrl\":\"https:\/\/vosgesinfo.fr\/app\/uploads\/sites\/5\/2023\/08\/favicon-remiremontinfo.png\",\"width\":512,\"height\":512,\"caption\":\"Remiremont Info\"},\"image\":{\"@id\":\"https:\/\/vosgesinfo.fr\/remiremontinfo\/#\/schema\/logo\/image\/\"},\"sameAs\":[\"https:\/\/www.facebook.com\/remiremontinfo\",\"https:\/\/x.com\/VosgesInfo88\",\"https:\/\/www.youtube.com\/@vosgesinfo\"]},{\"@type\":\"Person\",\"@id\":\"https:\/\/vosgesinfo.fr\/remiremontinfo\/#\/schema\/person\/27a3695b06db98895b354c0765cdfc31\",\"name\":\"La redaction\",\"image\":{\"@type\":\"ImageObject\",\"inLanguage\":\"fr-FR\",\"@id\":\"https:\/\/vosgesinfo.fr\/remiremontinfo\/#\/schema\/person\/image\/\",\"url\":\"https:\/\/secure.gravatar.com\/avatar\/64c76a78e501cedee55736f43f332df901e1896ae9cd8fad269ae2236dd0e8b6?s=96&d=mm&r=g\",\"contentUrl\":\"https:\/\/secure.gravatar.com\/avatar\/64c76a78e501cedee55736f43f332df901e1896ae9cd8fad269ae2236dd0e8b6?s=96&d=mm&r=g\",\"caption\":\"La redaction\"},\"url\":\"https:\/\/vosgesinfo.fr\/remiremontinfo\/author\/la-redaction\/\"}]}<\/script>\n<!-- \/ Yoast SEO plugin. -->","yoast_head_json":{"title":"Victimes du Covid dans le Grand Est, leur repr\u00e9sentation sp\u00e9cialis\u00e9e est assur\u00e9e - Remiremont Info","robots":{"index":"index","follow":"follow","max-snippet":"max-snippet:-1","max-image-preview":"max-image-preview:large","max-video-preview":"max-video-preview:-1"},"canonical":"https:\/\/vosgesinfo.fr\/remiremontinfo\/2020\/04\/victimes-covid-grand-representation-specialisee-assuree\/","twitter_card":"summary_large_image","twitter_title":"Victimes du Covid dans le Grand Est, leur repr\u00e9sentation sp\u00e9cialis\u00e9e est assur\u00e9e - Remiremont Info","twitter_description":"Une premi\u00e8re association de d\u00e9fense des victimes du Covid-19 vient d\u2019\u00eatre cr\u00e9\u00e9e \u00e0 Metz. Cinq avocats, deux \u00e9lus locaux et [&hellip;]","twitter_image":"https:\/\/vosgesinfo.fr\/app\/uploads\/sites\/5\/2024\/09\/202004thumbnail-avocats-fondateurs-800x533-1.jpg","twitter_creator":"@VosgesInfo88","twitter_site":"@VosgesInfo88","twitter_misc":{"\u00c9crit par":"La redaction","Dur\u00e9e de lecture estim\u00e9e":"2 minutes"},"schema":{"@context":"https:\/\/schema.org","@graph":[{"@type":"Article","@id":"https:\/\/vosgesinfo.fr\/remiremontinfo\/2020\/04\/victimes-covid-grand-representation-specialisee-assuree\/#article","isPartOf":{"@id":"https:\/\/vosgesinfo.fr\/remiremontinfo\/2020\/04\/victimes-covid-grand-representation-specialisee-assuree\/"},"author":{"name":"La redaction","@id":"https:\/\/vosgesinfo.fr\/remiremontinfo\/#\/schema\/person\/27a3695b06db98895b354c0765cdfc31"},"headline":"Victimes du Covid dans le Grand Est, leur repr\u00e9sentation sp\u00e9cialis\u00e9e est assur\u00e9e","datePublished":"2020-04-28T14:11:11+00:00","dateModified":"2020-04-28T14:11:11+00:00","mainEntityOfPage":{"@id":"https:\/\/vosgesinfo.fr\/remiremontinfo\/2020\/04\/victimes-covid-grand-representation-specialisee-assuree\/"},"wordCount":430,"commentCount":0,"publisher":{"@id":"https:\/\/vosgesinfo.fr\/remiremontinfo\/#organization"},"image":{"@id":"https:\/\/vosgesinfo.fr\/remiremontinfo\/2020\/04\/victimes-covid-grand-representation-specialisee-assuree\/#primaryimage"},"thumbnailUrl":"https:\/\/vosgesinfo.fr\/app\/uploads\/sites\/5\/2024\/09\/202004thumbnail-avocats-fondateurs-800x533-1.jpg","articleSection":["A la Une","Vosges"],"inLanguage":"fr-FR","potentialAction":[{"@type":"CommentAction","name":"Comment","target":["https:\/\/vosgesinfo.fr\/remiremontinfo\/2020\/04\/victimes-covid-grand-representation-specialisee-assuree\/#respond"]}]},{"@type":"WebPage","@id":"https:\/\/vosgesinfo.fr\/remiremontinfo\/2020\/04\/victimes-covid-grand-representation-specialisee-assuree\/","url":"https:\/\/vosgesinfo.fr\/remiremontinfo\/2020\/04\/victimes-covid-grand-representation-specialisee-assuree\/","name":"Victimes du Covid dans le Grand Est, leur repr\u00e9sentation sp\u00e9cialis\u00e9e est assur\u00e9e - Remiremont Info","isPartOf":{"@id":"https:\/\/vosgesinfo.fr\/remiremontinfo\/#website"},"primaryImageOfPage":{"@id":"https:\/\/vosgesinfo.fr\/remiremontinfo\/2020\/04\/victimes-covid-grand-representation-specialisee-assuree\/#primaryimage"},"image":{"@id":"https:\/\/vosgesinfo.fr\/remiremontinfo\/2020\/04\/victimes-covid-grand-representation-specialisee-assuree\/#primaryimage"},"thumbnailUrl":"https:\/\/vosgesinfo.fr\/app\/uploads\/sites\/5\/2024\/09\/202004thumbnail-avocats-fondateurs-800x533-1.jpg","datePublished":"2020-04-28T14:11:11+00:00","dateModified":"2020-04-28T14:11:11+00:00","breadcrumb":{"@id":"https:\/\/vosgesinfo.fr\/remiremontinfo\/2020\/04\/victimes-covid-grand-representation-specialisee-assuree\/#breadcrumb"},"inLanguage":"fr-FR","potentialAction":[{"@type":"ReadAction","target":["https:\/\/vosgesinfo.fr\/remiremontinfo\/2020\/04\/victimes-covid-grand-representation-specialisee-assuree\/"]}]},{"@type":"ImageObject","inLanguage":"fr-FR","@id":"https:\/\/vosgesinfo.fr\/remiremontinfo\/2020\/04\/victimes-covid-grand-representation-specialisee-assuree\/#primaryimage","url":"https:\/\/vosgesinfo.fr\/app\/uploads\/sites\/5\/2024\/09\/202004thumbnail-avocats-fondateurs-800x533-1.jpg","contentUrl":"https:\/\/vosgesinfo.fr\/app\/uploads\/sites\/5\/2024\/09\/202004thumbnail-avocats-fondateurs-800x533-1.jpg","width":800,"height":533},{"@type":"BreadcrumbList","@id":"https:\/\/vosgesinfo.fr\/remiremontinfo\/2020\/04\/victimes-covid-grand-representation-specialisee-assuree\/#breadcrumb","itemListElement":[{"@type":"ListItem","position":1,"name":"Home","item":"https:\/\/vosgesinfo.fr\/remiremontinfo\/"},{"@type":"ListItem","position":2,"name":"Victimes du Covid dans le Grand Est, leur repr\u00e9sentation sp\u00e9cialis\u00e9e est assur\u00e9e"}]},{"@type":"WebSite","@id":"https:\/\/vosgesinfo.fr\/remiremontinfo\/#website","url":"https:\/\/vosgesinfo.fr\/remiremontinfo\/","name":"Remiremont Info","description":"Toute l&#039;actualit\u00e9 de Remiremont","publisher":{"@id":"https:\/\/vosgesinfo.fr\/remiremontinfo\/#organization"},"alternateName":"Toute l'actualit\u00e9 de Remiremont","potentialAction":[{"@type":"SearchAction","target":{"@type":"EntryPoint","urlTemplate":"https:\/\/vosgesinfo.fr\/remiremontinfo\/?s={search_term_string}"},"query-input":"required name=search_term_string"}],"inLanguage":"fr-FR"},{"@type":"Organization","@id":"https:\/\/vosgesinfo.fr\/remiremontinfo\/#organization","name":"Remiremont Info","url":"https:\/\/vosgesinfo.fr\/remiremontinfo\/","logo":{"@type":"ImageObject","inLanguage":"fr-FR","@id":"https:\/\/vosgesinfo.fr\/remiremontinfo\/#\/schema\/logo\/image\/","url":"https:\/\/vosgesinfo.fr\/app\/uploads\/sites\/5\/2023\/08\/favicon-remiremontinfo.png","contentUrl":"https:\/\/vosgesinfo.fr\/app\/uploads\/sites\/5\/2023\/08\/favicon-remiremontinfo.png","width":512,"height":512,"caption":"Remiremont Info"},"image":{"@id":"https:\/\/vosgesinfo.fr\/remiremontinfo\/#\/schema\/logo\/image\/"},"sameAs":["https:\/\/www.facebook.com\/remiremontinfo","https:\/\/x.com\/VosgesInfo88","https:\/\/www.youtube.com\/@vosgesinfo"]},{"@type":"Person","@id":"https:\/\/vosgesinfo.fr\/remiremontinfo\/#\/schema\/person\/27a3695b06db98895b354c0765cdfc31","name":"La redaction","image":{"@type":"ImageObject","inLanguage":"fr-FR","@id":"https:\/\/vosgesinfo.fr\/remiremontinfo\/#\/schema\/person\/image\/","url":"https:\/\/secure.gravatar.com\/avatar\/64c76a78e501cedee55736f43f332df901e1896ae9cd8fad269ae2236dd0e8b6?s=96&d=mm&r=g","contentUrl":"https:\/\/secure.gravatar.com\/avatar\/64c76a78e501cedee55736f43f332df901e1896ae9cd8fad269ae2236dd0e8b6?s=96&d=mm&r=g","caption":"La redaction"},"url":"https:\/\/vosgesinfo.fr\/remiremontinfo\/author\/la-redaction\/"}]}},"_links":{"self":[{"href":"https:\/\/vosgesinfo.fr\/remiremontinfo\/wp-json\/wp\/v2\/posts\/26891","targetHints":{"allow":["GET"]}}],"collection":[{"href":"https:\/\/vosgesinfo.fr\/remiremontinfo\/wp-json\/wp\/v2\/posts"}],"about":[{"href":"https:\/\/vosgesinfo.fr\/remiremontinfo\/wp-json\/wp\/v2\/types\/post"}],"author":[{"embeddable":true,"href":"https:\/\/vosgesinfo.fr\/remiremontinfo\/wp-json\/wp\/v2\/users\/391"}],"replies":[{"embeddable":true,"href":"https:\/\/vosgesinfo.fr\/remiremontinfo\/wp-json\/wp\/v2\/comments?post=26891"}],"version-history":[{"count":0,"href":"https:\/\/vosgesinfo.fr\/remiremontinfo\/wp-json\/wp\/v2\/posts\/26891\/revisions"}],"wp:featuredmedia":[{"embeddable":true,"href":"https:\/\/vosgesinfo.fr\/remiremontinfo\/wp-json\/wp\/v2\/media\/26892"}],"wp:attachment":[{"href":"https:\/\/vosgesinfo.fr\/remiremontinfo\/wp-json\/wp\/v2\/media?parent=26891"}],"wp:term":[{"taxonomy":"category","embeddable":true,"href":"https:\/\/vosgesinfo.fr\/remiremontinfo\/wp-json\/wp\/v2\/categories?post=26891"},{"taxonomy":"post_tag","embeddable":true,"href":"https:\/\/vosgesinfo.fr\/remiremontinfo\/wp-json\/wp\/v2\/tags?post=26891"}],"curies":[{"name":"wp","href":"https:\/\/api.w.org\/{rel}","templated":true}]}}