{"id":26961,"date":"2020-05-02T08:38:11","date_gmt":"2020-05-02T06:38:11","guid":{"rendered":"https:\/\/vosgesinfo.fr\/remiremontinfo\/2020\/05\/masques-coup-de-gueule-pharmaciens\/"},"modified":"2020-05-02T08:38:11","modified_gmt":"2020-05-02T06:38:11","slug":"masques-coup-de-gueule-pharmaciens","status":"publish","type":"post","link":"https:\/\/vosgesinfo.fr\/remiremontinfo\/2020\/05\/masques-coup-de-gueule-pharmaciens\/","title":{"rendered":"Masques : le coup de gueule des pharmaciens !"},"content":{"rendered":"<p style=\"text-align: center;\"><a href=\"\/2020\/05\/pharmacie-2-800x533.jpg\"><img decoding=\"async\" class=\"alignnone size-full wp-image-286166\" src=\"\/2020\/05\/pharmacie-2-800x533.jpg\" alt=\"pharmacie-2-800x533\" width=\"800\" height=\"533\" \/><\/a><\/p>\n<h2>Le Conseil r\u00e9gional de l\u2019Ordre des pharmaciens est en col\u00e8re. Dans un communiqu\u00e9 adress\u00e9 \u00e0 la presse, les pharmaciens se disent \u00ab\u00a0constern\u00e9s\u00a0\u00bb et \u00ab\u00a0d\u00e9go\u00fbt\u00e9s\u00a0\u00bb.<\/h2>\n<p><em>\u00ab\u00a0Notre pays connait une crise sanitaire sans pr\u00e9c\u00e9dent. Un \u00e9tat de guerre suivant les mots du Pr\u00e9sident de la R\u00e9publique. Comme en 1870, il ne devait pas manquer un bouton de gu\u00eatre \u00e0 nos combattants. On a vu ce qu\u2019il en a \u00e9t\u00e9. Des soignants d\u00e9sempar\u00e9s par le manque d\u2019\u00e9quipement de base et notamment les masques. Nos soignants de la premi\u00e8re ligne ont d\u00fb faire face \u00e0 la p\u00e9nurie. <\/em><\/p>\n<p><em>Une mobilisation g\u00e9n\u00e9rale a \u00e9t\u00e9 organis\u00e9e pour essayer d\u2019am\u00e9liorer la situation des personnes les plus expos\u00e9es. Tous les professionnels de sant\u00e9 ont d\u00fb faire face \u00e0 l\u2019inqui\u00e9tude. La leur, de devoir assurer leur mission, au nom de l\u2019id\u00e9al de sant\u00e9 publique qu\u2019ils d\u00e9fendent. <\/em><\/p>\n<p><em>Celle qu\u2019ils ressentaient intens\u00e9ment pour leur entourage proche avec cette crainte permanente d\u2019\u00eatre porteur d\u2019une contamination pour ceux qui leur sont chers. Et celles enfin de leurs patients \u00e0 qui il a fallu expliquer sans rel\u00e2che qu\u2019on n\u2019avait pas les moyens de les prot\u00e9ger comme il le faudrait, soit le contraire m\u00eame de ce qui fonde nos m\u00e9tiers. <\/em><\/p>\n<p><em>Courageusement, l\u2019ensemble des professionnels de sant\u00e9 ont soutenu et assum\u00e9 sans faiblir cette ligne. Oubliant les insultes, les proc\u00e8s en irresponsabilit\u00e9 ou incomp\u00e9tence, les vindictes anonymes ou, peut-\u00eatre pire encore, celles qui ne le sont pas, ils ont tenu la tranch\u00e9e. Aujourd\u2019hui, la consternation s\u2019allie au d\u00e9go\u00fbt. Toute guerre a ses profiteurs. <\/em><\/p>\n<p><em>C\u2019est malheureusement une loi intangible de nos conflits. Comment s\u2019expliquer que nos soignants n\u2019aient pas pu \u00eatre dot\u00e9s de masques quand on annonce \u00e0 grand renfort de communication tapageuse des chiffres sid\u00e9rants de masques vendus au public par certains circuits de distribution. <\/em><\/p>\n<p><em>O\u00f9 \u00e9taient ces masques quand nos m\u00e9decins, nos infirmiers, nos pharmaciens, nos chirurgiens dentistes, nos masseurs-kin\u00e9sith\u00e9rapeutes, nos p\u00e9dicures-podologues, nos sages-femmes mais aussi tous nos personnels en prise directe avec la maladie tremblaient et tombaient chaque matin ? <\/em><\/p>\n<p><em>Comment nos patients, notamment les plus fragiles, \u00e0 qui l\u2019on expliquait jusqu\u2019\u00e0 hier qu\u2019ils ne pourraient b\u00e9n\u00e9ficier d\u2019une protection adapt\u00e9e, vont-ils comprendre que ce qui n\u2019existait pas hier\u00a0tombe \u00e0 profusion aujourd\u2019hui.<\/em><\/p>\n<p><em> 100 millions par ici, 50 millions par l\u00e0. Qui dit mieux ? C\u2019est la surench\u00e8re de l\u2019ind\u00e9cence. Nul n\u2019aurait reproch\u00e9 \u00e0 des circuits de distribution grand public de distribuer des masques grand public. C\u2019\u00e9tait l\u00e0 un compl\u00e9ment essentiel qui serait venu compl\u00e9ter utilement l\u2019arsenal de d\u00e9fense contre le virus. Derri\u00e8re le masque, se trouve le vrai visage. Nous, nous garderons celui de la dignit\u00e9.<\/em><\/p>\n<p><em> Celui-ci ne se retrouvera dans aucun rayonnage. L\u2019heure viendra, nous l\u2019esp\u00e9rons, de rendre des comptes. En attendant, nous allons poursuivre notre mission de professionnels de sant\u00e9, car c\u2019est notre engagement. Avec n\u00e9anmoins l\u2019amertume de se dire que la responsabilit\u00e9 n\u2019est pas la mieux partag\u00e9e de toutes les vertus.\u00a0\u00bb<\/em><\/p>\n<p>Signataires :<\/p>\n<p>Patrick BOUET, Pr\u00e9sident du Conseil National de l\u2019Ordre des M\u00e9decins<\/p>\n<p>Anne-Marie CURAT, Pr\u00e9sidente du Conseil National de l\u2019Ordre des Sages-Femmes<\/p>\n<p>Patrick CHAMBOREDON, Pr\u00e9sident du Conseil national de l\u2019Ordre des Infirmiers<\/p>\n<p>Serge FOURNIER, Pr\u00e9sident du Conseil National de l\u2019Ordre des Chirurgiens-Dentistes<\/p>\n<p>Pascale MATHIEU, Pr\u00e9sidente du Conseil National de l\u2019Ordre des Masseurs-Kin\u00e9sith\u00e9rapeutes<\/p>\n<p>Eric PROU, Pr\u00e9sident du Conseil National de l\u2019Ordre des p\u00e9dicures-podologues<\/p>\n<p>Carine WOLF-THAL, Pr\u00e9sidente du Conseil national de l\u2019Ordre des pharmaciens<\/p>\n","protected":false},"excerpt":{"rendered":"<p>Le Conseil r\u00e9gional de l\u2019Ordre des pharmaciens est en col\u00e8re. Dans un communiqu\u00e9 adress\u00e9 \u00e0 la presse, les pharmaciens se [&hellip;]<\/p>\n","protected":false},"author":391,"featured_media":26962,"comment_status":"open","ping_status":"open","sticky":false,"template":"","format":"standard","meta":{"footnotes":""},"categories":[26,18],"tags":[],"class_list":["post-26961","post","type-post","status-publish","format-standard","has-post-thumbnail","hentry","category-a-la-une","category-vosges"],"acf":[],"yoast_head":"<!-- This site is optimized with the Yoast SEO plugin v22.5 - https:\/\/yoast.com\/wordpress\/plugins\/seo\/ -->\n<title>Masques : le coup de gueule des pharmaciens ! - Remiremont Info<\/title>\n<meta name=\"robots\" content=\"index, follow, max-snippet:-1, max-image-preview:large, max-video-preview:-1\" \/>\n<link rel=\"canonical\" href=\"https:\/\/vosgesinfo.fr\/remiremontinfo\/2020\/05\/masques-coup-de-gueule-pharmaciens\/\" \/>\n<meta name=\"twitter:card\" content=\"summary_large_image\" \/>\n<meta name=\"twitter:title\" content=\"Masques : le coup de gueule des pharmaciens ! - Remiremont Info\" \/>\n<meta name=\"twitter:description\" content=\"Le Conseil r\u00e9gional de l\u2019Ordre des pharmaciens est en col\u00e8re. Dans un communiqu\u00e9 adress\u00e9 \u00e0 la presse, les pharmaciens se [&hellip;]\" \/>\n<meta name=\"twitter:image\" content=\"https:\/\/vosgesinfo.fr\/app\/uploads\/sites\/5\/2024\/09\/202005pharmacie-2-800x533-1.jpg\" \/>\n<meta name=\"twitter:creator\" content=\"@VosgesInfo88\" \/>\n<meta name=\"twitter:site\" content=\"@VosgesInfo88\" \/>\n<meta name=\"twitter:label1\" content=\"\u00c9crit par\" \/>\n\t<meta name=\"twitter:data1\" content=\"La redaction\" \/>\n\t<meta name=\"twitter:label2\" content=\"Dur\u00e9e de lecture estim\u00e9e\" \/>\n\t<meta name=\"twitter:data2\" content=\"3 minutes\" \/>\n<script type=\"application\/ld+json\" class=\"yoast-schema-graph\">{\"@context\":\"https:\/\/schema.org\",\"@graph\":[{\"@type\":\"Article\",\"@id\":\"https:\/\/vosgesinfo.fr\/remiremontinfo\/2020\/05\/masques-coup-de-gueule-pharmaciens\/#article\",\"isPartOf\":{\"@id\":\"https:\/\/vosgesinfo.fr\/remiremontinfo\/2020\/05\/masques-coup-de-gueule-pharmaciens\/\"},\"author\":{\"name\":\"La redaction\",\"@id\":\"https:\/\/vosgesinfo.fr\/remiremontinfo\/#\/schema\/person\/27a3695b06db98895b354c0765cdfc31\"},\"headline\":\"Masques : le coup de gueule des pharmaciens !\",\"datePublished\":\"2020-05-02T06:38:11+00:00\",\"dateModified\":\"2020-05-02T06:38:11+00:00\",\"mainEntityOfPage\":{\"@id\":\"https:\/\/vosgesinfo.fr\/remiremontinfo\/2020\/05\/masques-coup-de-gueule-pharmaciens\/\"},\"wordCount\":636,\"commentCount\":0,\"publisher\":{\"@id\":\"https:\/\/vosgesinfo.fr\/remiremontinfo\/#organization\"},\"image\":{\"@id\":\"https:\/\/vosgesinfo.fr\/remiremontinfo\/2020\/05\/masques-coup-de-gueule-pharmaciens\/#primaryimage\"},\"thumbnailUrl\":\"https:\/\/vosgesinfo.fr\/app\/uploads\/sites\/5\/2024\/09\/202005pharmacie-2-800x533-1.jpg\",\"articleSection\":[\"A la Une\",\"Vosges\"],\"inLanguage\":\"fr-FR\",\"potentialAction\":[{\"@type\":\"CommentAction\",\"name\":\"Comment\",\"target\":[\"https:\/\/vosgesinfo.fr\/remiremontinfo\/2020\/05\/masques-coup-de-gueule-pharmaciens\/#respond\"]}]},{\"@type\":\"WebPage\",\"@id\":\"https:\/\/vosgesinfo.fr\/remiremontinfo\/2020\/05\/masques-coup-de-gueule-pharmaciens\/\",\"url\":\"https:\/\/vosgesinfo.fr\/remiremontinfo\/2020\/05\/masques-coup-de-gueule-pharmaciens\/\",\"name\":\"Masques : le coup de gueule des pharmaciens ! - Remiremont Info\",\"isPartOf\":{\"@id\":\"https:\/\/vosgesinfo.fr\/remiremontinfo\/#website\"},\"primaryImageOfPage\":{\"@id\":\"https:\/\/vosgesinfo.fr\/remiremontinfo\/2020\/05\/masques-coup-de-gueule-pharmaciens\/#primaryimage\"},\"image\":{\"@id\":\"https:\/\/vosgesinfo.fr\/remiremontinfo\/2020\/05\/masques-coup-de-gueule-pharmaciens\/#primaryimage\"},\"thumbnailUrl\":\"https:\/\/vosgesinfo.fr\/app\/uploads\/sites\/5\/2024\/09\/202005pharmacie-2-800x533-1.jpg\",\"datePublished\":\"2020-05-02T06:38:11+00:00\",\"dateModified\":\"2020-05-02T06:38:11+00:00\",\"breadcrumb\":{\"@id\":\"https:\/\/vosgesinfo.fr\/remiremontinfo\/2020\/05\/masques-coup-de-gueule-pharmaciens\/#breadcrumb\"},\"inLanguage\":\"fr-FR\",\"potentialAction\":[{\"@type\":\"ReadAction\",\"target\":[\"https:\/\/vosgesinfo.fr\/remiremontinfo\/2020\/05\/masques-coup-de-gueule-pharmaciens\/\"]}]},{\"@type\":\"ImageObject\",\"inLanguage\":\"fr-FR\",\"@id\":\"https:\/\/vosgesinfo.fr\/remiremontinfo\/2020\/05\/masques-coup-de-gueule-pharmaciens\/#primaryimage\",\"url\":\"https:\/\/vosgesinfo.fr\/app\/uploads\/sites\/5\/2024\/09\/202005pharmacie-2-800x533-1.jpg\",\"contentUrl\":\"https:\/\/vosgesinfo.fr\/app\/uploads\/sites\/5\/2024\/09\/202005pharmacie-2-800x533-1.jpg\",\"width\":800,\"height\":533},{\"@type\":\"BreadcrumbList\",\"@id\":\"https:\/\/vosgesinfo.fr\/remiremontinfo\/2020\/05\/masques-coup-de-gueule-pharmaciens\/#breadcrumb\",\"itemListElement\":[{\"@type\":\"ListItem\",\"position\":1,\"name\":\"Home\",\"item\":\"https:\/\/vosgesinfo.fr\/remiremontinfo\/\"},{\"@type\":\"ListItem\",\"position\":2,\"name\":\"Masques : le coup de gueule des pharmaciens !\"}]},{\"@type\":\"WebSite\",\"@id\":\"https:\/\/vosgesinfo.fr\/remiremontinfo\/#website\",\"url\":\"https:\/\/vosgesinfo.fr\/remiremontinfo\/\",\"name\":\"Remiremont Info\",\"description\":\"Toute l&#039;actualit\u00e9 de Remiremont\",\"publisher\":{\"@id\":\"https:\/\/vosgesinfo.fr\/remiremontinfo\/#organization\"},\"alternateName\":\"Toute l'actualit\u00e9 de Remiremont\",\"potentialAction\":[{\"@type\":\"SearchAction\",\"target\":{\"@type\":\"EntryPoint\",\"urlTemplate\":\"https:\/\/vosgesinfo.fr\/remiremontinfo\/?s={search_term_string}\"},\"query-input\":\"required name=search_term_string\"}],\"inLanguage\":\"fr-FR\"},{\"@type\":\"Organization\",\"@id\":\"https:\/\/vosgesinfo.fr\/remiremontinfo\/#organization\",\"name\":\"Remiremont Info\",\"url\":\"https:\/\/vosgesinfo.fr\/remiremontinfo\/\",\"logo\":{\"@type\":\"ImageObject\",\"inLanguage\":\"fr-FR\",\"@id\":\"https:\/\/vosgesinfo.fr\/remiremontinfo\/#\/schema\/logo\/image\/\",\"url\":\"https:\/\/vosgesinfo.fr\/app\/uploads\/sites\/5\/2023\/08\/favicon-remiremontinfo.png\",\"contentUrl\":\"https:\/\/vosgesinfo.fr\/app\/uploads\/sites\/5\/2023\/08\/favicon-remiremontinfo.png\",\"width\":512,\"height\":512,\"caption\":\"Remiremont Info\"},\"image\":{\"@id\":\"https:\/\/vosgesinfo.fr\/remiremontinfo\/#\/schema\/logo\/image\/\"},\"sameAs\":[\"https:\/\/www.facebook.com\/remiremontinfo\",\"https:\/\/x.com\/VosgesInfo88\",\"https:\/\/www.youtube.com\/@vosgesinfo\"]},{\"@type\":\"Person\",\"@id\":\"https:\/\/vosgesinfo.fr\/remiremontinfo\/#\/schema\/person\/27a3695b06db98895b354c0765cdfc31\",\"name\":\"La redaction\",\"image\":{\"@type\":\"ImageObject\",\"inLanguage\":\"fr-FR\",\"@id\":\"https:\/\/vosgesinfo.fr\/remiremontinfo\/#\/schema\/person\/image\/\",\"url\":\"https:\/\/secure.gravatar.com\/avatar\/64c76a78e501cedee55736f43f332df901e1896ae9cd8fad269ae2236dd0e8b6?s=96&d=mm&r=g\",\"contentUrl\":\"https:\/\/secure.gravatar.com\/avatar\/64c76a78e501cedee55736f43f332df901e1896ae9cd8fad269ae2236dd0e8b6?s=96&d=mm&r=g\",\"caption\":\"La redaction\"},\"url\":\"https:\/\/vosgesinfo.fr\/remiremontinfo\/author\/la-redaction\/\"}]}<\/script>\n<!-- \/ Yoast SEO plugin. -->","yoast_head_json":{"title":"Masques : le coup de gueule des pharmaciens ! - Remiremont Info","robots":{"index":"index","follow":"follow","max-snippet":"max-snippet:-1","max-image-preview":"max-image-preview:large","max-video-preview":"max-video-preview:-1"},"canonical":"https:\/\/vosgesinfo.fr\/remiremontinfo\/2020\/05\/masques-coup-de-gueule-pharmaciens\/","twitter_card":"summary_large_image","twitter_title":"Masques : le coup de gueule des pharmaciens ! - Remiremont Info","twitter_description":"Le Conseil r\u00e9gional de l\u2019Ordre des pharmaciens est en col\u00e8re. Dans un communiqu\u00e9 adress\u00e9 \u00e0 la presse, les pharmaciens se [&hellip;]","twitter_image":"https:\/\/vosgesinfo.fr\/app\/uploads\/sites\/5\/2024\/09\/202005pharmacie-2-800x533-1.jpg","twitter_creator":"@VosgesInfo88","twitter_site":"@VosgesInfo88","twitter_misc":{"\u00c9crit par":"La redaction","Dur\u00e9e de lecture estim\u00e9e":"3 minutes"},"schema":{"@context":"https:\/\/schema.org","@graph":[{"@type":"Article","@id":"https:\/\/vosgesinfo.fr\/remiremontinfo\/2020\/05\/masques-coup-de-gueule-pharmaciens\/#article","isPartOf":{"@id":"https:\/\/vosgesinfo.fr\/remiremontinfo\/2020\/05\/masques-coup-de-gueule-pharmaciens\/"},"author":{"name":"La redaction","@id":"https:\/\/vosgesinfo.fr\/remiremontinfo\/#\/schema\/person\/27a3695b06db98895b354c0765cdfc31"},"headline":"Masques : le coup de gueule des pharmaciens !","datePublished":"2020-05-02T06:38:11+00:00","dateModified":"2020-05-02T06:38:11+00:00","mainEntityOfPage":{"@id":"https:\/\/vosgesinfo.fr\/remiremontinfo\/2020\/05\/masques-coup-de-gueule-pharmaciens\/"},"wordCount":636,"commentCount":0,"publisher":{"@id":"https:\/\/vosgesinfo.fr\/remiremontinfo\/#organization"},"image":{"@id":"https:\/\/vosgesinfo.fr\/remiremontinfo\/2020\/05\/masques-coup-de-gueule-pharmaciens\/#primaryimage"},"thumbnailUrl":"https:\/\/vosgesinfo.fr\/app\/uploads\/sites\/5\/2024\/09\/202005pharmacie-2-800x533-1.jpg","articleSection":["A la Une","Vosges"],"inLanguage":"fr-FR","potentialAction":[{"@type":"CommentAction","name":"Comment","target":["https:\/\/vosgesinfo.fr\/remiremontinfo\/2020\/05\/masques-coup-de-gueule-pharmaciens\/#respond"]}]},{"@type":"WebPage","@id":"https:\/\/vosgesinfo.fr\/remiremontinfo\/2020\/05\/masques-coup-de-gueule-pharmaciens\/","url":"https:\/\/vosgesinfo.fr\/remiremontinfo\/2020\/05\/masques-coup-de-gueule-pharmaciens\/","name":"Masques : le coup de gueule des pharmaciens ! - Remiremont Info","isPartOf":{"@id":"https:\/\/vosgesinfo.fr\/remiremontinfo\/#website"},"primaryImageOfPage":{"@id":"https:\/\/vosgesinfo.fr\/remiremontinfo\/2020\/05\/masques-coup-de-gueule-pharmaciens\/#primaryimage"},"image":{"@id":"https:\/\/vosgesinfo.fr\/remiremontinfo\/2020\/05\/masques-coup-de-gueule-pharmaciens\/#primaryimage"},"thumbnailUrl":"https:\/\/vosgesinfo.fr\/app\/uploads\/sites\/5\/2024\/09\/202005pharmacie-2-800x533-1.jpg","datePublished":"2020-05-02T06:38:11+00:00","dateModified":"2020-05-02T06:38:11+00:00","breadcrumb":{"@id":"https:\/\/vosgesinfo.fr\/remiremontinfo\/2020\/05\/masques-coup-de-gueule-pharmaciens\/#breadcrumb"},"inLanguage":"fr-FR","potentialAction":[{"@type":"ReadAction","target":["https:\/\/vosgesinfo.fr\/remiremontinfo\/2020\/05\/masques-coup-de-gueule-pharmaciens\/"]}]},{"@type":"ImageObject","inLanguage":"fr-FR","@id":"https:\/\/vosgesinfo.fr\/remiremontinfo\/2020\/05\/masques-coup-de-gueule-pharmaciens\/#primaryimage","url":"https:\/\/vosgesinfo.fr\/app\/uploads\/sites\/5\/2024\/09\/202005pharmacie-2-800x533-1.jpg","contentUrl":"https:\/\/vosgesinfo.fr\/app\/uploads\/sites\/5\/2024\/09\/202005pharmacie-2-800x533-1.jpg","width":800,"height":533},{"@type":"BreadcrumbList","@id":"https:\/\/vosgesinfo.fr\/remiremontinfo\/2020\/05\/masques-coup-de-gueule-pharmaciens\/#breadcrumb","itemListElement":[{"@type":"ListItem","position":1,"name":"Home","item":"https:\/\/vosgesinfo.fr\/remiremontinfo\/"},{"@type":"ListItem","position":2,"name":"Masques : le coup de gueule des pharmaciens !"}]},{"@type":"WebSite","@id":"https:\/\/vosgesinfo.fr\/remiremontinfo\/#website","url":"https:\/\/vosgesinfo.fr\/remiremontinfo\/","name":"Remiremont Info","description":"Toute l&#039;actualit\u00e9 de Remiremont","publisher":{"@id":"https:\/\/vosgesinfo.fr\/remiremontinfo\/#organization"},"alternateName":"Toute l'actualit\u00e9 de Remiremont","potentialAction":[{"@type":"SearchAction","target":{"@type":"EntryPoint","urlTemplate":"https:\/\/vosgesinfo.fr\/remiremontinfo\/?s={search_term_string}"},"query-input":"required name=search_term_string"}],"inLanguage":"fr-FR"},{"@type":"Organization","@id":"https:\/\/vosgesinfo.fr\/remiremontinfo\/#organization","name":"Remiremont Info","url":"https:\/\/vosgesinfo.fr\/remiremontinfo\/","logo":{"@type":"ImageObject","inLanguage":"fr-FR","@id":"https:\/\/vosgesinfo.fr\/remiremontinfo\/#\/schema\/logo\/image\/","url":"https:\/\/vosgesinfo.fr\/app\/uploads\/sites\/5\/2023\/08\/favicon-remiremontinfo.png","contentUrl":"https:\/\/vosgesinfo.fr\/app\/uploads\/sites\/5\/2023\/08\/favicon-remiremontinfo.png","width":512,"height":512,"caption":"Remiremont Info"},"image":{"@id":"https:\/\/vosgesinfo.fr\/remiremontinfo\/#\/schema\/logo\/image\/"},"sameAs":["https:\/\/www.facebook.com\/remiremontinfo","https:\/\/x.com\/VosgesInfo88","https:\/\/www.youtube.com\/@vosgesinfo"]},{"@type":"Person","@id":"https:\/\/vosgesinfo.fr\/remiremontinfo\/#\/schema\/person\/27a3695b06db98895b354c0765cdfc31","name":"La redaction","image":{"@type":"ImageObject","inLanguage":"fr-FR","@id":"https:\/\/vosgesinfo.fr\/remiremontinfo\/#\/schema\/person\/image\/","url":"https:\/\/secure.gravatar.com\/avatar\/64c76a78e501cedee55736f43f332df901e1896ae9cd8fad269ae2236dd0e8b6?s=96&d=mm&r=g","contentUrl":"https:\/\/secure.gravatar.com\/avatar\/64c76a78e501cedee55736f43f332df901e1896ae9cd8fad269ae2236dd0e8b6?s=96&d=mm&r=g","caption":"La redaction"},"url":"https:\/\/vosgesinfo.fr\/remiremontinfo\/author\/la-redaction\/"}]}},"_links":{"self":[{"href":"https:\/\/vosgesinfo.fr\/remiremontinfo\/wp-json\/wp\/v2\/posts\/26961","targetHints":{"allow":["GET"]}}],"collection":[{"href":"https:\/\/vosgesinfo.fr\/remiremontinfo\/wp-json\/wp\/v2\/posts"}],"about":[{"href":"https:\/\/vosgesinfo.fr\/remiremontinfo\/wp-json\/wp\/v2\/types\/post"}],"author":[{"embeddable":true,"href":"https:\/\/vosgesinfo.fr\/remiremontinfo\/wp-json\/wp\/v2\/users\/391"}],"replies":[{"embeddable":true,"href":"https:\/\/vosgesinfo.fr\/remiremontinfo\/wp-json\/wp\/v2\/comments?post=26961"}],"version-history":[{"count":0,"href":"https:\/\/vosgesinfo.fr\/remiremontinfo\/wp-json\/wp\/v2\/posts\/26961\/revisions"}],"wp:featuredmedia":[{"embeddable":true,"href":"https:\/\/vosgesinfo.fr\/remiremontinfo\/wp-json\/wp\/v2\/media\/26962"}],"wp:attachment":[{"href":"https:\/\/vosgesinfo.fr\/remiremontinfo\/wp-json\/wp\/v2\/media?parent=26961"}],"wp:term":[{"taxonomy":"category","embeddable":true,"href":"https:\/\/vosgesinfo.fr\/remiremontinfo\/wp-json\/wp\/v2\/categories?post=26961"},{"taxonomy":"post_tag","embeddable":true,"href":"https:\/\/vosgesinfo.fr\/remiremontinfo\/wp-json\/wp\/v2\/tags?post=26961"}],"curies":[{"name":"wp","href":"https:\/\/api.w.org\/{rel}","templated":true}]}}