{"id":27004,"date":"2020-05-04T15:13:50","date_gmt":"2020-05-04T13:13:50","guid":{"rendered":"https:\/\/vosgesinfo.fr\/remiremontinfo\/2020\/05\/fresserupt-moselle-decheteries-acceptent-dechets-verts-aujourdhui\/"},"modified":"2020-05-04T15:13:50","modified_gmt":"2020-05-04T13:13:50","slug":"fresserupt-moselle-decheteries-acceptent-dechets-verts-aujourdhui","status":"publish","type":"post","link":"https:\/\/vosgesinfo.fr\/remiremontinfo\/2020\/05\/fresserupt-moselle-decheteries-acceptent-dechets-verts-aujourdhui\/","title":{"rendered":"Fresse\/Rupt-sur-Moselle : les d\u00e9ch\u00e8teries acceptent les d\u00e9chets verts depuis aujourd&rsquo;hui"},"content":{"rendered":"<p class=\"western\" style=\"text-align: center;\"><b>\u00a0<a href=\"\/2020\/05\/Annotation-2020-05-04-192304.png\"><img decoding=\"async\" class=\"alignnone size-full wp-image-286273\" src=\"\/2020\/05\/Annotation-2020-05-04-192304.png\" alt=\"Annotation 2020-05-04 192304\" width=\"800\" height=\"532\" \/><\/a><\/b><\/p>\n<h2 class=\"western\"><span style=\"font-size: 12pt;\"><strong>Depuis du lundi 23 mars 2020, l&rsquo;acc\u00e8s aux d\u00e9chetteries de Fresse sur Moselle et de Rupt sur Moselle se fait mani\u00e8re limit\u00e9e. L&rsquo;acc\u00e8s aux d\u00e9chetteries est soumis aux conditions qui concernent trois groupes distincts :<\/strong><\/span><\/h2>\n<p class=\"western\">1\u00b0) les professionnels de sant\u00e9 \u00e9num\u00e9r\u00e9s dans la liste officielle nationale,<\/p>\n<p class=\"western\">2\u00b0) les particuliers,<\/p>\n<p class=\"western\">3\u00b0) les professionnels entrants dans les conditions nationales de travail.<\/p>\n<p class=\"western\">Les v\u00e9hicules doivent s&rsquo;arr\u00eater \u00e0 la hauteur de la grille d&rsquo;entr\u00e9e devant un panneau sp\u00e9cifiquement install\u00e9. L&rsquo;entr\u00e9e dans le p\u00e9rim\u00e8tre des d\u00e9chetteries se fera lorsqu&rsquo;un agent l&rsquo;indiquera express\u00e9ment.<\/p>\n<p class=\"western\">La pr\u00e9sentation de l&rsquo;attestation de d\u00e9placement d\u00e9rogatoire d\u00fbment compl\u00e9t\u00e9e est obligatoire. (En fonction des dispositions des lois et r\u00e8glements qui encadrent le d\u00e9placement des personnes)<\/p>\n<p class=\"western\">Limitation du temps de d\u00e9p\u00f4t au strict besoin de l&rsquo;op\u00e9ration de d\u00e9chargement.<\/p>\n<p class=\"western\">Les lieux doivent \u00eatre quitt\u00e9s dans l&rsquo;instant qui suit le d\u00e9p\u00f4t.<\/p>\n<p class=\"western\">Les r\u00e8gles de distances sanitaires doivent \u00eatre strictement respect\u00e9es.<\/p>\n<p class=\"western\">Le non-respect des consignes de la pr\u00e9sente et des indications des agents sur place est verbalisable.<\/p>\n<p class=\"western\">Les personnes n&rsquo;entrants pas dans les r\u00e8gles indiqu\u00e9es quitteront les lieux imm\u00e9diatement et sans effectuer de d\u00e9p\u00f4t.<\/p>\n<p class=\"western\">Les pr\u00e9sentes r\u00e8gles \u00e0 destination des particuliers et des professionnels peuvent \u00eatre modifi\u00e9es \u00e0 tout moment et sans pr\u00e9avis. Les autres points de la r\u00e9glementation nationale et du r\u00e8glement du d\u00e9p\u00f4t des d\u00e9chets sur le territoire de la Communaut\u00e9 de Communes restent inchang\u00e9s.<\/p>\n<p class=\"western\"><span style=\"color: #000000;\"><span style=\"font-size: large;\"><b>Pour les professionnels de sant\u00e9 :<\/b><\/span><\/span><\/p>\n<p class=\"western\">Les professionnels de sant\u00e9 ont acc\u00e8s aux d\u00e9chetteries aux horaires d&rsquo;ouvertures du matin et de l&rsquo;apr\u00e8s-midi (ci-dessous indiqu\u00e9s) pour les d\u00e9p\u00f4ts autoris\u00e9s dans le cadre de leur profession. Ils devront pr\u00e9senter les documents de circulation li\u00e9s \u00e0 leur profession. En cas de difficult\u00e9 ils doivent le faire savoir par le num\u00e9ro de t\u00e9l\u00e9phone COVID-19 appel de permanence gestion des d\u00e9chets : T\u00e9l. 03 29 62 15 66.<\/p>\n<p class=\"western\"><i><b>Les horaires : le matin de 09h00 \u00e0 12h00 et l&rsquo;apr\u00e8s-midi de 17h00 \u00e0 18h00 les jours habituels d&rsquo;ouverture. Les d\u00e9chetteries seront ferm\u00e9es les samedis<\/b><\/i>.<\/p>\n<p class=\"western\"><span style=\"color: #000000;\"><span style=\"font-size: large;\"><b>Pour les particuliers :<\/b><\/span><\/span><\/p>\n<p class=\"western\">L&rsquo;acc\u00e8s aux d\u00e9chetteries doit se faire concomitant \u00e0 un d\u00e9placement li\u00e9 \u00e0 des achats de premi\u00e8re n\u00e9cessit\u00e9.<\/p>\n<p class=\"western\"><i><b>Il est autoris\u00e9 exclusivement le matin de 09h00 \u00e0 12h00 les jours habituels d&rsquo;ouverture. Les d\u00e9chetteries seront ferm\u00e9es les samedis.<\/b><\/i><\/p>\n<p class=\"western\">L&rsquo;acc\u00e8s \u00e0 la d\u00e9chetterie est limit\u00e9 au maximum \u00e0 un passage par semaine.<\/p>\n<p class=\"western\">Une seule personne par voiture.<\/p>\n<p class=\"western\">Le volume \u00e0 d\u00e9poser doit \u00eatre sup\u00e9rieur \u00e0 30 litres.<\/p>\n<p class=\"western\"><span style=\"font-size: large;\"><b>Pour les professionnels autres que profession de sant\u00e9 :<\/b><\/span><\/p>\n<p class=\"western\">L&rsquo;acc\u00e8s aux d\u00e9chetteries doit se faire dans la continuit\u00e9 d&rsquo;un d\u00e9placement professionnel autoris\u00e9. Pr\u00e9senter un justificatif de l&#8217;employeur ou les documents d&rsquo;auto-entrepreneur ou profession lib\u00e9rale.<\/p>\n<p class=\"western\"><i><b>Il est autoris\u00e9 le matin de 09h00 \u00e0 12h00 et l&rsquo;apr\u00e8s-midi de 17h00 \u00e0 18h00 les jours habituels d&rsquo;ouverture. Les d\u00e9chetteries seront ferm\u00e9es les samedis.<\/b><\/i><\/p>\n<p class=\"western\">L&rsquo;acc\u00e8s \u00e0 la d\u00e9chetterie est limit\u00e9 au maximum \u00e0 un passage par jour.<\/p>\n<p class=\"western\">Deux personnes maximums par v\u00e9hicule.<\/p>\n<p class=\"western\">Maximaliser le volume d\u00e9pos\u00e9 pour limiter le nombre d&rsquo;acc\u00e8s.<\/p>\n<p class=\"western\"><span style=\"color: #000000;\"><span style=\"font-size: large;\"><b>Compte tenu des points suivants <\/b><\/span><\/span><span style=\"color: #000000;\"><span style=\"font-size: large;\">:<\/span><\/span><\/p>\n<p class=\"western\">1. L\u2019organisation du service de collecte aux portes \u00e0 portes (ou dans les points centralis\u00e9s de collectes) des d\u00e9chets m\u00e9nagers est maintenu dans les dispositions habituelles,<\/p>\n<p class=\"western\">2. L\u2019ensemble des points d\u2019apports volontaires sur le territoire sont surveill\u00e9s, entretenus et<\/p>\n<p class=\"western\">vid\u00e9s de mani\u00e8re \u00e0 pouvoir accueillir les d\u00e9p\u00f4ts dans les conditions habituelles,<\/p>\n<p class=\"western\">3. L\u2019acc\u00e8s aux d\u00e9chetteries permet d&rsquo;assurer \u2013 hors d\u00e9chets verts \u2013 la prise en charge des d\u00e9chets dans les conditions \u00e9tablies par le pr\u00e9sent arr\u00eat\u00e9.<\/p>\n<p class=\"western\">Tous d\u00e9p\u00f4ts sur la voie publique ou d\u00e9p\u00f4ts sauvages et de mani\u00e8re g\u00e9n\u00e9rale toute infraction ou manquement aux directives mentionn\u00e9es ci-avant et dans les lois et r\u00e8glements r\u00e9gissant le d\u00e9p\u00f4t des d\u00e9chets, seront passibles de verbalisation et de facturation des prestations et traitements.<\/p>\n<p class=\"western\">Tout agent de la collectivit\u00e9 et toute autorit\u00e9 pr\u00e9sente sur le territoire sont garants de faire appliquer ces dispositions<span style=\"font-family: Calibri,BoldItalic;\"><i><b>.<\/b><\/i><\/span><\/p>\n<p><em><span style=\"font-size: medium;\">FR<\/span><\/em><\/p>\n","protected":false},"excerpt":{"rendered":"<p>\u00a0 Depuis du lundi 23 mars 2020, l&rsquo;acc\u00e8s aux d\u00e9chetteries de Fresse sur Moselle et de Rupt sur Moselle se [&hellip;]<\/p>\n","protected":false},"author":391,"featured_media":27005,"comment_status":"open","ping_status":"open","sticky":false,"template":"","format":"standard","meta":{"footnotes":""},"categories":[26,37,250],"tags":[],"class_list":["post-27004","post","type-post","status-publish","format-standard","has-post-thumbnail","hentry","category-a-la-une","category-le-thillot-son-canton","category-rupt-sur-moselle"],"acf":[],"yoast_head":"<!-- This site is optimized with the Yoast SEO plugin v22.5 - https:\/\/yoast.com\/wordpress\/plugins\/seo\/ -->\n<title>Fresse\/Rupt-sur-Moselle : les d\u00e9ch\u00e8teries acceptent les d\u00e9chets verts depuis aujourd&#039;hui - Remiremont Info<\/title>\n<meta name=\"robots\" content=\"index, follow, max-snippet:-1, max-image-preview:large, max-video-preview:-1\" \/>\n<link rel=\"canonical\" href=\"https:\/\/vosgesinfo.fr\/remiremontinfo\/2020\/05\/fresserupt-moselle-decheteries-acceptent-dechets-verts-aujourdhui\/\" \/>\n<meta name=\"twitter:card\" content=\"summary_large_image\" \/>\n<meta name=\"twitter:title\" content=\"Fresse\/Rupt-sur-Moselle : les d\u00e9ch\u00e8teries acceptent les d\u00e9chets verts depuis aujourd&#039;hui - Remiremont Info\" \/>\n<meta name=\"twitter:description\" content=\"\u00a0 Depuis du lundi 23 mars 2020, l&rsquo;acc\u00e8s aux d\u00e9chetteries de Fresse sur Moselle et de Rupt sur Moselle se [&hellip;]\" \/>\n<meta name=\"twitter:image\" content=\"https:\/\/vosgesinfo.fr\/app\/uploads\/sites\/5\/2024\/09\/202005annotation-2020-05-04-192304.png\" \/>\n<meta name=\"twitter:creator\" content=\"@VosgesInfo88\" \/>\n<meta name=\"twitter:site\" content=\"@VosgesInfo88\" \/>\n<meta name=\"twitter:label1\" content=\"\u00c9crit par\" \/>\n\t<meta name=\"twitter:data1\" content=\"La redaction\" \/>\n\t<meta name=\"twitter:label2\" content=\"Dur\u00e9e de lecture estim\u00e9e\" \/>\n\t<meta name=\"twitter:data2\" content=\"3 minutes\" \/>\n<script type=\"application\/ld+json\" class=\"yoast-schema-graph\">{\"@context\":\"https:\/\/schema.org\",\"@graph\":[{\"@type\":\"Article\",\"@id\":\"https:\/\/vosgesinfo.fr\/remiremontinfo\/2020\/05\/fresserupt-moselle-decheteries-acceptent-dechets-verts-aujourdhui\/#article\",\"isPartOf\":{\"@id\":\"https:\/\/vosgesinfo.fr\/remiremontinfo\/2020\/05\/fresserupt-moselle-decheteries-acceptent-dechets-verts-aujourdhui\/\"},\"author\":{\"name\":\"La redaction\",\"@id\":\"https:\/\/vosgesinfo.fr\/remiremontinfo\/#\/schema\/person\/27a3695b06db98895b354c0765cdfc31\"},\"headline\":\"Fresse\/Rupt-sur-Moselle : les d\u00e9ch\u00e8teries acceptent les d\u00e9chets verts depuis aujourd&rsquo;hui\",\"datePublished\":\"2020-05-04T13:13:50+00:00\",\"dateModified\":\"2020-05-04T13:13:50+00:00\",\"mainEntityOfPage\":{\"@id\":\"https:\/\/vosgesinfo.fr\/remiremontinfo\/2020\/05\/fresserupt-moselle-decheteries-acceptent-dechets-verts-aujourdhui\/\"},\"wordCount\":740,\"commentCount\":0,\"publisher\":{\"@id\":\"https:\/\/vosgesinfo.fr\/remiremontinfo\/#organization\"},\"image\":{\"@id\":\"https:\/\/vosgesinfo.fr\/remiremontinfo\/2020\/05\/fresserupt-moselle-decheteries-acceptent-dechets-verts-aujourdhui\/#primaryimage\"},\"thumbnailUrl\":\"https:\/\/vosgesinfo.fr\/app\/uploads\/sites\/5\/2024\/09\/202005annotation-2020-05-04-192304.png\",\"articleSection\":[\"A la Une\",\"Le Thillot &amp; son canton\",\"Rupt-Sur-Moselle\"],\"inLanguage\":\"fr-FR\",\"potentialAction\":[{\"@type\":\"CommentAction\",\"name\":\"Comment\",\"target\":[\"https:\/\/vosgesinfo.fr\/remiremontinfo\/2020\/05\/fresserupt-moselle-decheteries-acceptent-dechets-verts-aujourdhui\/#respond\"]}]},{\"@type\":\"WebPage\",\"@id\":\"https:\/\/vosgesinfo.fr\/remiremontinfo\/2020\/05\/fresserupt-moselle-decheteries-acceptent-dechets-verts-aujourdhui\/\",\"url\":\"https:\/\/vosgesinfo.fr\/remiremontinfo\/2020\/05\/fresserupt-moselle-decheteries-acceptent-dechets-verts-aujourdhui\/\",\"name\":\"Fresse\/Rupt-sur-Moselle : les d\u00e9ch\u00e8teries acceptent les d\u00e9chets verts depuis aujourd'hui - Remiremont Info\",\"isPartOf\":{\"@id\":\"https:\/\/vosgesinfo.fr\/remiremontinfo\/#website\"},\"primaryImageOfPage\":{\"@id\":\"https:\/\/vosgesinfo.fr\/remiremontinfo\/2020\/05\/fresserupt-moselle-decheteries-acceptent-dechets-verts-aujourdhui\/#primaryimage\"},\"image\":{\"@id\":\"https:\/\/vosgesinfo.fr\/remiremontinfo\/2020\/05\/fresserupt-moselle-decheteries-acceptent-dechets-verts-aujourdhui\/#primaryimage\"},\"thumbnailUrl\":\"https:\/\/vosgesinfo.fr\/app\/uploads\/sites\/5\/2024\/09\/202005annotation-2020-05-04-192304.png\",\"datePublished\":\"2020-05-04T13:13:50+00:00\",\"dateModified\":\"2020-05-04T13:13:50+00:00\",\"breadcrumb\":{\"@id\":\"https:\/\/vosgesinfo.fr\/remiremontinfo\/2020\/05\/fresserupt-moselle-decheteries-acceptent-dechets-verts-aujourdhui\/#breadcrumb\"},\"inLanguage\":\"fr-FR\",\"potentialAction\":[{\"@type\":\"ReadAction\",\"target\":[\"https:\/\/vosgesinfo.fr\/remiremontinfo\/2020\/05\/fresserupt-moselle-decheteries-acceptent-dechets-verts-aujourdhui\/\"]}]},{\"@type\":\"ImageObject\",\"inLanguage\":\"fr-FR\",\"@id\":\"https:\/\/vosgesinfo.fr\/remiremontinfo\/2020\/05\/fresserupt-moselle-decheteries-acceptent-dechets-verts-aujourdhui\/#primaryimage\",\"url\":\"https:\/\/vosgesinfo.fr\/app\/uploads\/sites\/5\/2024\/09\/202005annotation-2020-05-04-192304.png\",\"contentUrl\":\"https:\/\/vosgesinfo.fr\/app\/uploads\/sites\/5\/2024\/09\/202005annotation-2020-05-04-192304.png\",\"width\":800,\"height\":532},{\"@type\":\"BreadcrumbList\",\"@id\":\"https:\/\/vosgesinfo.fr\/remiremontinfo\/2020\/05\/fresserupt-moselle-decheteries-acceptent-dechets-verts-aujourdhui\/#breadcrumb\",\"itemListElement\":[{\"@type\":\"ListItem\",\"position\":1,\"name\":\"Home\",\"item\":\"https:\/\/vosgesinfo.fr\/remiremontinfo\/\"},{\"@type\":\"ListItem\",\"position\":2,\"name\":\"Fresse\/Rupt-sur-Moselle : les d\u00e9ch\u00e8teries acceptent les d\u00e9chets verts depuis aujourd&rsquo;hui\"}]},{\"@type\":\"WebSite\",\"@id\":\"https:\/\/vosgesinfo.fr\/remiremontinfo\/#website\",\"url\":\"https:\/\/vosgesinfo.fr\/remiremontinfo\/\",\"name\":\"Remiremont Info\",\"description\":\"Toute l&#039;actualit\u00e9 de Remiremont\",\"publisher\":{\"@id\":\"https:\/\/vosgesinfo.fr\/remiremontinfo\/#organization\"},\"alternateName\":\"Toute l'actualit\u00e9 de Remiremont\",\"potentialAction\":[{\"@type\":\"SearchAction\",\"target\":{\"@type\":\"EntryPoint\",\"urlTemplate\":\"https:\/\/vosgesinfo.fr\/remiremontinfo\/?s={search_term_string}\"},\"query-input\":\"required name=search_term_string\"}],\"inLanguage\":\"fr-FR\"},{\"@type\":\"Organization\",\"@id\":\"https:\/\/vosgesinfo.fr\/remiremontinfo\/#organization\",\"name\":\"Remiremont Info\",\"url\":\"https:\/\/vosgesinfo.fr\/remiremontinfo\/\",\"logo\":{\"@type\":\"ImageObject\",\"inLanguage\":\"fr-FR\",\"@id\":\"https:\/\/vosgesinfo.fr\/remiremontinfo\/#\/schema\/logo\/image\/\",\"url\":\"https:\/\/vosgesinfo.fr\/app\/uploads\/sites\/5\/2023\/08\/favicon-remiremontinfo.png\",\"contentUrl\":\"https:\/\/vosgesinfo.fr\/app\/uploads\/sites\/5\/2023\/08\/favicon-remiremontinfo.png\",\"width\":512,\"height\":512,\"caption\":\"Remiremont Info\"},\"image\":{\"@id\":\"https:\/\/vosgesinfo.fr\/remiremontinfo\/#\/schema\/logo\/image\/\"},\"sameAs\":[\"https:\/\/www.facebook.com\/remiremontinfo\",\"https:\/\/x.com\/VosgesInfo88\",\"https:\/\/www.youtube.com\/@vosgesinfo\"]},{\"@type\":\"Person\",\"@id\":\"https:\/\/vosgesinfo.fr\/remiremontinfo\/#\/schema\/person\/27a3695b06db98895b354c0765cdfc31\",\"name\":\"La redaction\",\"image\":{\"@type\":\"ImageObject\",\"inLanguage\":\"fr-FR\",\"@id\":\"https:\/\/vosgesinfo.fr\/remiremontinfo\/#\/schema\/person\/image\/\",\"url\":\"https:\/\/secure.gravatar.com\/avatar\/64c76a78e501cedee55736f43f332df901e1896ae9cd8fad269ae2236dd0e8b6?s=96&d=mm&r=g\",\"contentUrl\":\"https:\/\/secure.gravatar.com\/avatar\/64c76a78e501cedee55736f43f332df901e1896ae9cd8fad269ae2236dd0e8b6?s=96&d=mm&r=g\",\"caption\":\"La redaction\"},\"url\":\"https:\/\/vosgesinfo.fr\/remiremontinfo\/author\/la-redaction\/\"}]}<\/script>\n<!-- \/ Yoast SEO plugin. -->","yoast_head_json":{"title":"Fresse\/Rupt-sur-Moselle : les d\u00e9ch\u00e8teries acceptent les d\u00e9chets verts depuis aujourd'hui - Remiremont Info","robots":{"index":"index","follow":"follow","max-snippet":"max-snippet:-1","max-image-preview":"max-image-preview:large","max-video-preview":"max-video-preview:-1"},"canonical":"https:\/\/vosgesinfo.fr\/remiremontinfo\/2020\/05\/fresserupt-moselle-decheteries-acceptent-dechets-verts-aujourdhui\/","twitter_card":"summary_large_image","twitter_title":"Fresse\/Rupt-sur-Moselle : les d\u00e9ch\u00e8teries acceptent les d\u00e9chets verts depuis aujourd'hui - Remiremont Info","twitter_description":"\u00a0 Depuis du lundi 23 mars 2020, l&rsquo;acc\u00e8s aux d\u00e9chetteries de Fresse sur Moselle et de Rupt sur Moselle se [&hellip;]","twitter_image":"https:\/\/vosgesinfo.fr\/app\/uploads\/sites\/5\/2024\/09\/202005annotation-2020-05-04-192304.png","twitter_creator":"@VosgesInfo88","twitter_site":"@VosgesInfo88","twitter_misc":{"\u00c9crit par":"La redaction","Dur\u00e9e de lecture estim\u00e9e":"3 minutes"},"schema":{"@context":"https:\/\/schema.org","@graph":[{"@type":"Article","@id":"https:\/\/vosgesinfo.fr\/remiremontinfo\/2020\/05\/fresserupt-moselle-decheteries-acceptent-dechets-verts-aujourdhui\/#article","isPartOf":{"@id":"https:\/\/vosgesinfo.fr\/remiremontinfo\/2020\/05\/fresserupt-moselle-decheteries-acceptent-dechets-verts-aujourdhui\/"},"author":{"name":"La redaction","@id":"https:\/\/vosgesinfo.fr\/remiremontinfo\/#\/schema\/person\/27a3695b06db98895b354c0765cdfc31"},"headline":"Fresse\/Rupt-sur-Moselle : les d\u00e9ch\u00e8teries acceptent les d\u00e9chets verts depuis aujourd&rsquo;hui","datePublished":"2020-05-04T13:13:50+00:00","dateModified":"2020-05-04T13:13:50+00:00","mainEntityOfPage":{"@id":"https:\/\/vosgesinfo.fr\/remiremontinfo\/2020\/05\/fresserupt-moselle-decheteries-acceptent-dechets-verts-aujourdhui\/"},"wordCount":740,"commentCount":0,"publisher":{"@id":"https:\/\/vosgesinfo.fr\/remiremontinfo\/#organization"},"image":{"@id":"https:\/\/vosgesinfo.fr\/remiremontinfo\/2020\/05\/fresserupt-moselle-decheteries-acceptent-dechets-verts-aujourdhui\/#primaryimage"},"thumbnailUrl":"https:\/\/vosgesinfo.fr\/app\/uploads\/sites\/5\/2024\/09\/202005annotation-2020-05-04-192304.png","articleSection":["A la Une","Le Thillot &amp; son canton","Rupt-Sur-Moselle"],"inLanguage":"fr-FR","potentialAction":[{"@type":"CommentAction","name":"Comment","target":["https:\/\/vosgesinfo.fr\/remiremontinfo\/2020\/05\/fresserupt-moselle-decheteries-acceptent-dechets-verts-aujourdhui\/#respond"]}]},{"@type":"WebPage","@id":"https:\/\/vosgesinfo.fr\/remiremontinfo\/2020\/05\/fresserupt-moselle-decheteries-acceptent-dechets-verts-aujourdhui\/","url":"https:\/\/vosgesinfo.fr\/remiremontinfo\/2020\/05\/fresserupt-moselle-decheteries-acceptent-dechets-verts-aujourdhui\/","name":"Fresse\/Rupt-sur-Moselle : les d\u00e9ch\u00e8teries acceptent les d\u00e9chets verts depuis aujourd'hui - Remiremont Info","isPartOf":{"@id":"https:\/\/vosgesinfo.fr\/remiremontinfo\/#website"},"primaryImageOfPage":{"@id":"https:\/\/vosgesinfo.fr\/remiremontinfo\/2020\/05\/fresserupt-moselle-decheteries-acceptent-dechets-verts-aujourdhui\/#primaryimage"},"image":{"@id":"https:\/\/vosgesinfo.fr\/remiremontinfo\/2020\/05\/fresserupt-moselle-decheteries-acceptent-dechets-verts-aujourdhui\/#primaryimage"},"thumbnailUrl":"https:\/\/vosgesinfo.fr\/app\/uploads\/sites\/5\/2024\/09\/202005annotation-2020-05-04-192304.png","datePublished":"2020-05-04T13:13:50+00:00","dateModified":"2020-05-04T13:13:50+00:00","breadcrumb":{"@id":"https:\/\/vosgesinfo.fr\/remiremontinfo\/2020\/05\/fresserupt-moselle-decheteries-acceptent-dechets-verts-aujourdhui\/#breadcrumb"},"inLanguage":"fr-FR","potentialAction":[{"@type":"ReadAction","target":["https:\/\/vosgesinfo.fr\/remiremontinfo\/2020\/05\/fresserupt-moselle-decheteries-acceptent-dechets-verts-aujourdhui\/"]}]},{"@type":"ImageObject","inLanguage":"fr-FR","@id":"https:\/\/vosgesinfo.fr\/remiremontinfo\/2020\/05\/fresserupt-moselle-decheteries-acceptent-dechets-verts-aujourdhui\/#primaryimage","url":"https:\/\/vosgesinfo.fr\/app\/uploads\/sites\/5\/2024\/09\/202005annotation-2020-05-04-192304.png","contentUrl":"https:\/\/vosgesinfo.fr\/app\/uploads\/sites\/5\/2024\/09\/202005annotation-2020-05-04-192304.png","width":800,"height":532},{"@type":"BreadcrumbList","@id":"https:\/\/vosgesinfo.fr\/remiremontinfo\/2020\/05\/fresserupt-moselle-decheteries-acceptent-dechets-verts-aujourdhui\/#breadcrumb","itemListElement":[{"@type":"ListItem","position":1,"name":"Home","item":"https:\/\/vosgesinfo.fr\/remiremontinfo\/"},{"@type":"ListItem","position":2,"name":"Fresse\/Rupt-sur-Moselle : les d\u00e9ch\u00e8teries acceptent les d\u00e9chets verts depuis aujourd&rsquo;hui"}]},{"@type":"WebSite","@id":"https:\/\/vosgesinfo.fr\/remiremontinfo\/#website","url":"https:\/\/vosgesinfo.fr\/remiremontinfo\/","name":"Remiremont Info","description":"Toute l&#039;actualit\u00e9 de Remiremont","publisher":{"@id":"https:\/\/vosgesinfo.fr\/remiremontinfo\/#organization"},"alternateName":"Toute l'actualit\u00e9 de Remiremont","potentialAction":[{"@type":"SearchAction","target":{"@type":"EntryPoint","urlTemplate":"https:\/\/vosgesinfo.fr\/remiremontinfo\/?s={search_term_string}"},"query-input":"required name=search_term_string"}],"inLanguage":"fr-FR"},{"@type":"Organization","@id":"https:\/\/vosgesinfo.fr\/remiremontinfo\/#organization","name":"Remiremont Info","url":"https:\/\/vosgesinfo.fr\/remiremontinfo\/","logo":{"@type":"ImageObject","inLanguage":"fr-FR","@id":"https:\/\/vosgesinfo.fr\/remiremontinfo\/#\/schema\/logo\/image\/","url":"https:\/\/vosgesinfo.fr\/app\/uploads\/sites\/5\/2023\/08\/favicon-remiremontinfo.png","contentUrl":"https:\/\/vosgesinfo.fr\/app\/uploads\/sites\/5\/2023\/08\/favicon-remiremontinfo.png","width":512,"height":512,"caption":"Remiremont Info"},"image":{"@id":"https:\/\/vosgesinfo.fr\/remiremontinfo\/#\/schema\/logo\/image\/"},"sameAs":["https:\/\/www.facebook.com\/remiremontinfo","https:\/\/x.com\/VosgesInfo88","https:\/\/www.youtube.com\/@vosgesinfo"]},{"@type":"Person","@id":"https:\/\/vosgesinfo.fr\/remiremontinfo\/#\/schema\/person\/27a3695b06db98895b354c0765cdfc31","name":"La redaction","image":{"@type":"ImageObject","inLanguage":"fr-FR","@id":"https:\/\/vosgesinfo.fr\/remiremontinfo\/#\/schema\/person\/image\/","url":"https:\/\/secure.gravatar.com\/avatar\/64c76a78e501cedee55736f43f332df901e1896ae9cd8fad269ae2236dd0e8b6?s=96&d=mm&r=g","contentUrl":"https:\/\/secure.gravatar.com\/avatar\/64c76a78e501cedee55736f43f332df901e1896ae9cd8fad269ae2236dd0e8b6?s=96&d=mm&r=g","caption":"La redaction"},"url":"https:\/\/vosgesinfo.fr\/remiremontinfo\/author\/la-redaction\/"}]}},"_links":{"self":[{"href":"https:\/\/vosgesinfo.fr\/remiremontinfo\/wp-json\/wp\/v2\/posts\/27004","targetHints":{"allow":["GET"]}}],"collection":[{"href":"https:\/\/vosgesinfo.fr\/remiremontinfo\/wp-json\/wp\/v2\/posts"}],"about":[{"href":"https:\/\/vosgesinfo.fr\/remiremontinfo\/wp-json\/wp\/v2\/types\/post"}],"author":[{"embeddable":true,"href":"https:\/\/vosgesinfo.fr\/remiremontinfo\/wp-json\/wp\/v2\/users\/391"}],"replies":[{"embeddable":true,"href":"https:\/\/vosgesinfo.fr\/remiremontinfo\/wp-json\/wp\/v2\/comments?post=27004"}],"version-history":[{"count":0,"href":"https:\/\/vosgesinfo.fr\/remiremontinfo\/wp-json\/wp\/v2\/posts\/27004\/revisions"}],"wp:featuredmedia":[{"embeddable":true,"href":"https:\/\/vosgesinfo.fr\/remiremontinfo\/wp-json\/wp\/v2\/media\/27005"}],"wp:attachment":[{"href":"https:\/\/vosgesinfo.fr\/remiremontinfo\/wp-json\/wp\/v2\/media?parent=27004"}],"wp:term":[{"taxonomy":"category","embeddable":true,"href":"https:\/\/vosgesinfo.fr\/remiremontinfo\/wp-json\/wp\/v2\/categories?post=27004"},{"taxonomy":"post_tag","embeddable":true,"href":"https:\/\/vosgesinfo.fr\/remiremontinfo\/wp-json\/wp\/v2\/tags?post=27004"}],"curies":[{"name":"wp","href":"https:\/\/api.w.org\/{rel}","templated":true}]}}