{"id":27012,"date":"2020-05-05T08:27:16","date_gmt":"2020-05-05T06:27:16","guid":{"rendered":"https:\/\/vosgesinfo.fr\/remiremontinfo\/2020\/05\/bresse-maryvonne-crouvezier-remercie-toutes-personnes-ont-participe-a-distribution-de-masques\/"},"modified":"2020-05-05T08:27:16","modified_gmt":"2020-05-05T06:27:16","slug":"bresse-maryvonne-crouvezier-remercie-toutes-personnes-ont-participe-a-distribution-de-masques","status":"publish","type":"post","link":"https:\/\/vosgesinfo.fr\/remiremontinfo\/2020\/05\/bresse-maryvonne-crouvezier-remercie-toutes-personnes-ont-participe-a-distribution-de-masques\/","title":{"rendered":"La Bresse : Maryvonne Crouvezier remercie toutes les personnes qui ont particip\u00e9 \u00e0 la distribution de masques"},"content":{"rendered":"<div id=\"attachment_286245\" style=\"width: 810px\" class=\"wp-caption aligncenter\"><a href=\"\/2020\/05\/corona-5002332_1280.jpg\"><img decoding=\"async\" aria-describedby=\"caption-attachment-286245\" class=\"size-full wp-image-286245\" src=\"\/2020\/05\/corona-5002332_1280.jpg\" alt=\"Photo d'illustration\" width=\"800\" height=\"533\" \/><\/a><p id=\"caption-attachment-286245\" class=\"wp-caption-text\">Photo d&rsquo;illustration<\/p><\/div>\n<p style=\"text-align: center;\"><em>Communiqu\u00e9\u00a0<\/em><\/p>\n<p>\u00c0 travers ce petit message, Madame le Maire de La Bresse souhaite remercier toutes les personnes qui ont particip\u00e9 \u00e0 la distribution de masques en tissu \u00e0 la population vendredi 1er mai : b\u00e9n\u00e9voles, \u00e9lus de la majorit\u00e9 et \u00e9lus de la minorit\u00e9. <u><\/u><u><\/u><\/p>\n<p>R\u00e9partis en 40 \u00e9quipages, ils ont arpent\u00e9 les nombreuses rues de la commune sous un temps bien vosgien qu&rsquo;on n&rsquo;avait gu\u00e8re vu depuis le d\u00e9but du confinement !<u><\/u><u><\/u><\/p>\n<div>\n<p>La tourn\u00e9e continue cette semaine afin que tous les masques soient distribu\u00e9s avant le 8 mai. Lors de la tourn\u00e9e du 1<sup>er<\/sup> mai, des mots ont \u00e9t\u00e9 d\u00e9pos\u00e9s dans les bo\u00eetes aux lettres des personnes absentes afin qu&rsquo;ils prennent contact avec la cellule de crise pour planifier un nouveau passage \u00e0 leur domicile.\u00a0 Si toutefois, vous n&rsquo;aviez pas re\u00e7u votre masque, ni m\u00eame le petit mot, veuillez nous en excuser et n&rsquo;h\u00e9sitez pas \u00e0 contacter la cellule de crise : <a href=\"mailto:animation@labresse.fr\" target=\"_blank\" rel=\"noopener\">animation@labresse.fr<\/a> et 03.29.25.40.21<u><\/u><u><\/u><\/p>\n<p>Maryvonne Crouvezier souhaiterait \u00e9galement remercier une fois de plus toutes les couturi\u00e8res solidaires qui ont r\u00e9alis\u00e9 pr\u00e8s de 30 000 masques (15 000 sur La Bresse) et qui ont rendu ce bel \u00e9lan de solidarit\u00e9 possible.<\/p>\n<\/div>\n","protected":false},"excerpt":{"rendered":"<p>Communiqu\u00e9\u00a0 \u00c0 travers ce petit message, Madame le Maire de La Bresse souhaite remercier toutes les personnes qui ont particip\u00e9 [&hellip;]<\/p>\n","protected":false},"author":392,"featured_media":27013,"comment_status":"open","ping_status":"open","sticky":false,"template":"","format":"standard","meta":{"footnotes":""},"categories":[26,104,25],"tags":[],"class_list":["post-27012","post","type-post","status-publish","format-standard","has-post-thumbnail","hentry","category-a-la-une","category-la-bresse-la-bresse-son-canton","category-la-bresse-son-canton"],"acf":[],"yoast_head":"<!-- This site is optimized with the Yoast SEO plugin v22.5 - https:\/\/yoast.com\/wordpress\/plugins\/seo\/ -->\n<title>La Bresse : Maryvonne Crouvezier remercie toutes les personnes qui ont particip\u00e9 \u00e0 la distribution de masques - Remiremont Info<\/title>\n<meta name=\"robots\" content=\"index, follow, max-snippet:-1, max-image-preview:large, max-video-preview:-1\" \/>\n<link rel=\"canonical\" href=\"https:\/\/vosgesinfo.fr\/remiremontinfo\/2020\/05\/bresse-maryvonne-crouvezier-remercie-toutes-personnes-ont-participe-a-distribution-de-masques\/\" \/>\n<meta name=\"twitter:card\" content=\"summary_large_image\" \/>\n<meta name=\"twitter:title\" content=\"La Bresse : Maryvonne Crouvezier remercie toutes les personnes qui ont particip\u00e9 \u00e0 la distribution de masques - Remiremont Info\" \/>\n<meta name=\"twitter:description\" content=\"Communiqu\u00e9\u00a0 \u00c0 travers ce petit message, Madame le Maire de La Bresse souhaite remercier toutes les personnes qui ont particip\u00e9 [&hellip;]\" \/>\n<meta name=\"twitter:image\" content=\"https:\/\/vosgesinfo.fr\/app\/uploads\/sites\/5\/2024\/09\/202005corona-5002332-1280-2.jpg\" \/>\n<meta name=\"twitter:creator\" content=\"@VosgesInfo88\" \/>\n<meta name=\"twitter:site\" content=\"@VosgesInfo88\" \/>\n<meta name=\"twitter:label1\" content=\"\u00c9crit par\" \/>\n\t<meta name=\"twitter:data1\" content=\"La redaction\" \/>\n\t<meta name=\"twitter:label2\" content=\"Dur\u00e9e de lecture estim\u00e9e\" \/>\n\t<meta name=\"twitter:data2\" content=\"1 minute\" \/>\n<script type=\"application\/ld+json\" class=\"yoast-schema-graph\">{\"@context\":\"https:\/\/schema.org\",\"@graph\":[{\"@type\":\"Article\",\"@id\":\"https:\/\/vosgesinfo.fr\/remiremontinfo\/2020\/05\/bresse-maryvonne-crouvezier-remercie-toutes-personnes-ont-participe-a-distribution-de-masques\/#article\",\"isPartOf\":{\"@id\":\"https:\/\/vosgesinfo.fr\/remiremontinfo\/2020\/05\/bresse-maryvonne-crouvezier-remercie-toutes-personnes-ont-participe-a-distribution-de-masques\/\"},\"author\":{\"name\":\"La redaction\",\"@id\":\"https:\/\/vosgesinfo.fr\/remiremontinfo\/#\/schema\/person\/80c6ea85ff4afefe81dceaf949954c76\"},\"headline\":\"La Bresse : Maryvonne Crouvezier remercie toutes les personnes qui ont particip\u00e9 \u00e0 la distribution de masques\",\"datePublished\":\"2020-05-05T06:27:16+00:00\",\"dateModified\":\"2020-05-05T06:27:16+00:00\",\"mainEntityOfPage\":{\"@id\":\"https:\/\/vosgesinfo.fr\/remiremontinfo\/2020\/05\/bresse-maryvonne-crouvezier-remercie-toutes-personnes-ont-participe-a-distribution-de-masques\/\"},\"wordCount\":225,\"commentCount\":0,\"publisher\":{\"@id\":\"https:\/\/vosgesinfo.fr\/remiremontinfo\/#organization\"},\"image\":{\"@id\":\"https:\/\/vosgesinfo.fr\/remiremontinfo\/2020\/05\/bresse-maryvonne-crouvezier-remercie-toutes-personnes-ont-participe-a-distribution-de-masques\/#primaryimage\"},\"thumbnailUrl\":\"https:\/\/vosgesinfo.fr\/app\/uploads\/sites\/5\/2024\/09\/202005corona-5002332-1280-2.jpg\",\"articleSection\":[\"A la Une\",\"La Bresse\",\"La Bresse &amp; son canton\"],\"inLanguage\":\"fr-FR\",\"potentialAction\":[{\"@type\":\"CommentAction\",\"name\":\"Comment\",\"target\":[\"https:\/\/vosgesinfo.fr\/remiremontinfo\/2020\/05\/bresse-maryvonne-crouvezier-remercie-toutes-personnes-ont-participe-a-distribution-de-masques\/#respond\"]}]},{\"@type\":\"WebPage\",\"@id\":\"https:\/\/vosgesinfo.fr\/remiremontinfo\/2020\/05\/bresse-maryvonne-crouvezier-remercie-toutes-personnes-ont-participe-a-distribution-de-masques\/\",\"url\":\"https:\/\/vosgesinfo.fr\/remiremontinfo\/2020\/05\/bresse-maryvonne-crouvezier-remercie-toutes-personnes-ont-participe-a-distribution-de-masques\/\",\"name\":\"La Bresse : Maryvonne Crouvezier remercie toutes les personnes qui ont particip\u00e9 \u00e0 la distribution de masques - Remiremont Info\",\"isPartOf\":{\"@id\":\"https:\/\/vosgesinfo.fr\/remiremontinfo\/#website\"},\"primaryImageOfPage\":{\"@id\":\"https:\/\/vosgesinfo.fr\/remiremontinfo\/2020\/05\/bresse-maryvonne-crouvezier-remercie-toutes-personnes-ont-participe-a-distribution-de-masques\/#primaryimage\"},\"image\":{\"@id\":\"https:\/\/vosgesinfo.fr\/remiremontinfo\/2020\/05\/bresse-maryvonne-crouvezier-remercie-toutes-personnes-ont-participe-a-distribution-de-masques\/#primaryimage\"},\"thumbnailUrl\":\"https:\/\/vosgesinfo.fr\/app\/uploads\/sites\/5\/2024\/09\/202005corona-5002332-1280-2.jpg\",\"datePublished\":\"2020-05-05T06:27:16+00:00\",\"dateModified\":\"2020-05-05T06:27:16+00:00\",\"breadcrumb\":{\"@id\":\"https:\/\/vosgesinfo.fr\/remiremontinfo\/2020\/05\/bresse-maryvonne-crouvezier-remercie-toutes-personnes-ont-participe-a-distribution-de-masques\/#breadcrumb\"},\"inLanguage\":\"fr-FR\",\"potentialAction\":[{\"@type\":\"ReadAction\",\"target\":[\"https:\/\/vosgesinfo.fr\/remiremontinfo\/2020\/05\/bresse-maryvonne-crouvezier-remercie-toutes-personnes-ont-participe-a-distribution-de-masques\/\"]}]},{\"@type\":\"ImageObject\",\"inLanguage\":\"fr-FR\",\"@id\":\"https:\/\/vosgesinfo.fr\/remiremontinfo\/2020\/05\/bresse-maryvonne-crouvezier-remercie-toutes-personnes-ont-participe-a-distribution-de-masques\/#primaryimage\",\"url\":\"https:\/\/vosgesinfo.fr\/app\/uploads\/sites\/5\/2024\/09\/202005corona-5002332-1280-2.jpg\",\"contentUrl\":\"https:\/\/vosgesinfo.fr\/app\/uploads\/sites\/5\/2024\/09\/202005corona-5002332-1280-2.jpg\",\"width\":800,\"height\":533},{\"@type\":\"BreadcrumbList\",\"@id\":\"https:\/\/vosgesinfo.fr\/remiremontinfo\/2020\/05\/bresse-maryvonne-crouvezier-remercie-toutes-personnes-ont-participe-a-distribution-de-masques\/#breadcrumb\",\"itemListElement\":[{\"@type\":\"ListItem\",\"position\":1,\"name\":\"Home\",\"item\":\"https:\/\/vosgesinfo.fr\/remiremontinfo\/\"},{\"@type\":\"ListItem\",\"position\":2,\"name\":\"La Bresse : Maryvonne Crouvezier remercie toutes les personnes qui ont particip\u00e9 \u00e0 la distribution de masques\"}]},{\"@type\":\"WebSite\",\"@id\":\"https:\/\/vosgesinfo.fr\/remiremontinfo\/#website\",\"url\":\"https:\/\/vosgesinfo.fr\/remiremontinfo\/\",\"name\":\"Remiremont Info\",\"description\":\"Toute l&#039;actualit\u00e9 de Remiremont\",\"publisher\":{\"@id\":\"https:\/\/vosgesinfo.fr\/remiremontinfo\/#organization\"},\"alternateName\":\"Toute l'actualit\u00e9 de Remiremont\",\"potentialAction\":[{\"@type\":\"SearchAction\",\"target\":{\"@type\":\"EntryPoint\",\"urlTemplate\":\"https:\/\/vosgesinfo.fr\/remiremontinfo\/?s={search_term_string}\"},\"query-input\":\"required name=search_term_string\"}],\"inLanguage\":\"fr-FR\"},{\"@type\":\"Organization\",\"@id\":\"https:\/\/vosgesinfo.fr\/remiremontinfo\/#organization\",\"name\":\"Remiremont Info\",\"url\":\"https:\/\/vosgesinfo.fr\/remiremontinfo\/\",\"logo\":{\"@type\":\"ImageObject\",\"inLanguage\":\"fr-FR\",\"@id\":\"https:\/\/vosgesinfo.fr\/remiremontinfo\/#\/schema\/logo\/image\/\",\"url\":\"https:\/\/vosgesinfo.fr\/app\/uploads\/sites\/5\/2023\/08\/favicon-remiremontinfo.png\",\"contentUrl\":\"https:\/\/vosgesinfo.fr\/app\/uploads\/sites\/5\/2023\/08\/favicon-remiremontinfo.png\",\"width\":512,\"height\":512,\"caption\":\"Remiremont Info\"},\"image\":{\"@id\":\"https:\/\/vosgesinfo.fr\/remiremontinfo\/#\/schema\/logo\/image\/\"},\"sameAs\":[\"https:\/\/www.facebook.com\/remiremontinfo\",\"https:\/\/x.com\/VosgesInfo88\",\"https:\/\/www.youtube.com\/@vosgesinfo\"]},{\"@type\":\"Person\",\"@id\":\"https:\/\/vosgesinfo.fr\/remiremontinfo\/#\/schema\/person\/80c6ea85ff4afefe81dceaf949954c76\",\"name\":\"La redaction\",\"image\":{\"@type\":\"ImageObject\",\"inLanguage\":\"fr-FR\",\"@id\":\"https:\/\/vosgesinfo.fr\/remiremontinfo\/#\/schema\/person\/image\/\",\"url\":\"https:\/\/secure.gravatar.com\/avatar\/fa684fed8c27e631d40f39d17520286009f89cf7526728ea4e58b5a8c426c16a?s=96&d=mm&r=g\",\"contentUrl\":\"https:\/\/secure.gravatar.com\/avatar\/fa684fed8c27e631d40f39d17520286009f89cf7526728ea4e58b5a8c426c16a?s=96&d=mm&r=g\",\"caption\":\"La redaction\"},\"url\":\"https:\/\/vosgesinfo.fr\/remiremontinfo\/author\/d-p\/\"}]}<\/script>\n<!-- \/ Yoast SEO plugin. -->","yoast_head_json":{"title":"La Bresse : Maryvonne Crouvezier remercie toutes les personnes qui ont particip\u00e9 \u00e0 la distribution de masques - Remiremont Info","robots":{"index":"index","follow":"follow","max-snippet":"max-snippet:-1","max-image-preview":"max-image-preview:large","max-video-preview":"max-video-preview:-1"},"canonical":"https:\/\/vosgesinfo.fr\/remiremontinfo\/2020\/05\/bresse-maryvonne-crouvezier-remercie-toutes-personnes-ont-participe-a-distribution-de-masques\/","twitter_card":"summary_large_image","twitter_title":"La Bresse : Maryvonne Crouvezier remercie toutes les personnes qui ont particip\u00e9 \u00e0 la distribution de masques - Remiremont Info","twitter_description":"Communiqu\u00e9\u00a0 \u00c0 travers ce petit message, Madame le Maire de La Bresse souhaite remercier toutes les personnes qui ont particip\u00e9 [&hellip;]","twitter_image":"https:\/\/vosgesinfo.fr\/app\/uploads\/sites\/5\/2024\/09\/202005corona-5002332-1280-2.jpg","twitter_creator":"@VosgesInfo88","twitter_site":"@VosgesInfo88","twitter_misc":{"\u00c9crit par":"La redaction","Dur\u00e9e de lecture estim\u00e9e":"1 minute"},"schema":{"@context":"https:\/\/schema.org","@graph":[{"@type":"Article","@id":"https:\/\/vosgesinfo.fr\/remiremontinfo\/2020\/05\/bresse-maryvonne-crouvezier-remercie-toutes-personnes-ont-participe-a-distribution-de-masques\/#article","isPartOf":{"@id":"https:\/\/vosgesinfo.fr\/remiremontinfo\/2020\/05\/bresse-maryvonne-crouvezier-remercie-toutes-personnes-ont-participe-a-distribution-de-masques\/"},"author":{"name":"La redaction","@id":"https:\/\/vosgesinfo.fr\/remiremontinfo\/#\/schema\/person\/80c6ea85ff4afefe81dceaf949954c76"},"headline":"La Bresse : Maryvonne Crouvezier remercie toutes les personnes qui ont particip\u00e9 \u00e0 la distribution de masques","datePublished":"2020-05-05T06:27:16+00:00","dateModified":"2020-05-05T06:27:16+00:00","mainEntityOfPage":{"@id":"https:\/\/vosgesinfo.fr\/remiremontinfo\/2020\/05\/bresse-maryvonne-crouvezier-remercie-toutes-personnes-ont-participe-a-distribution-de-masques\/"},"wordCount":225,"commentCount":0,"publisher":{"@id":"https:\/\/vosgesinfo.fr\/remiremontinfo\/#organization"},"image":{"@id":"https:\/\/vosgesinfo.fr\/remiremontinfo\/2020\/05\/bresse-maryvonne-crouvezier-remercie-toutes-personnes-ont-participe-a-distribution-de-masques\/#primaryimage"},"thumbnailUrl":"https:\/\/vosgesinfo.fr\/app\/uploads\/sites\/5\/2024\/09\/202005corona-5002332-1280-2.jpg","articleSection":["A la Une","La Bresse","La Bresse &amp; son canton"],"inLanguage":"fr-FR","potentialAction":[{"@type":"CommentAction","name":"Comment","target":["https:\/\/vosgesinfo.fr\/remiremontinfo\/2020\/05\/bresse-maryvonne-crouvezier-remercie-toutes-personnes-ont-participe-a-distribution-de-masques\/#respond"]}]},{"@type":"WebPage","@id":"https:\/\/vosgesinfo.fr\/remiremontinfo\/2020\/05\/bresse-maryvonne-crouvezier-remercie-toutes-personnes-ont-participe-a-distribution-de-masques\/","url":"https:\/\/vosgesinfo.fr\/remiremontinfo\/2020\/05\/bresse-maryvonne-crouvezier-remercie-toutes-personnes-ont-participe-a-distribution-de-masques\/","name":"La Bresse : Maryvonne Crouvezier remercie toutes les personnes qui ont particip\u00e9 \u00e0 la distribution de masques - Remiremont Info","isPartOf":{"@id":"https:\/\/vosgesinfo.fr\/remiremontinfo\/#website"},"primaryImageOfPage":{"@id":"https:\/\/vosgesinfo.fr\/remiremontinfo\/2020\/05\/bresse-maryvonne-crouvezier-remercie-toutes-personnes-ont-participe-a-distribution-de-masques\/#primaryimage"},"image":{"@id":"https:\/\/vosgesinfo.fr\/remiremontinfo\/2020\/05\/bresse-maryvonne-crouvezier-remercie-toutes-personnes-ont-participe-a-distribution-de-masques\/#primaryimage"},"thumbnailUrl":"https:\/\/vosgesinfo.fr\/app\/uploads\/sites\/5\/2024\/09\/202005corona-5002332-1280-2.jpg","datePublished":"2020-05-05T06:27:16+00:00","dateModified":"2020-05-05T06:27:16+00:00","breadcrumb":{"@id":"https:\/\/vosgesinfo.fr\/remiremontinfo\/2020\/05\/bresse-maryvonne-crouvezier-remercie-toutes-personnes-ont-participe-a-distribution-de-masques\/#breadcrumb"},"inLanguage":"fr-FR","potentialAction":[{"@type":"ReadAction","target":["https:\/\/vosgesinfo.fr\/remiremontinfo\/2020\/05\/bresse-maryvonne-crouvezier-remercie-toutes-personnes-ont-participe-a-distribution-de-masques\/"]}]},{"@type":"ImageObject","inLanguage":"fr-FR","@id":"https:\/\/vosgesinfo.fr\/remiremontinfo\/2020\/05\/bresse-maryvonne-crouvezier-remercie-toutes-personnes-ont-participe-a-distribution-de-masques\/#primaryimage","url":"https:\/\/vosgesinfo.fr\/app\/uploads\/sites\/5\/2024\/09\/202005corona-5002332-1280-2.jpg","contentUrl":"https:\/\/vosgesinfo.fr\/app\/uploads\/sites\/5\/2024\/09\/202005corona-5002332-1280-2.jpg","width":800,"height":533},{"@type":"BreadcrumbList","@id":"https:\/\/vosgesinfo.fr\/remiremontinfo\/2020\/05\/bresse-maryvonne-crouvezier-remercie-toutes-personnes-ont-participe-a-distribution-de-masques\/#breadcrumb","itemListElement":[{"@type":"ListItem","position":1,"name":"Home","item":"https:\/\/vosgesinfo.fr\/remiremontinfo\/"},{"@type":"ListItem","position":2,"name":"La Bresse : Maryvonne Crouvezier remercie toutes les personnes qui ont particip\u00e9 \u00e0 la distribution de masques"}]},{"@type":"WebSite","@id":"https:\/\/vosgesinfo.fr\/remiremontinfo\/#website","url":"https:\/\/vosgesinfo.fr\/remiremontinfo\/","name":"Remiremont Info","description":"Toute l&#039;actualit\u00e9 de Remiremont","publisher":{"@id":"https:\/\/vosgesinfo.fr\/remiremontinfo\/#organization"},"alternateName":"Toute l'actualit\u00e9 de Remiremont","potentialAction":[{"@type":"SearchAction","target":{"@type":"EntryPoint","urlTemplate":"https:\/\/vosgesinfo.fr\/remiremontinfo\/?s={search_term_string}"},"query-input":"required name=search_term_string"}],"inLanguage":"fr-FR"},{"@type":"Organization","@id":"https:\/\/vosgesinfo.fr\/remiremontinfo\/#organization","name":"Remiremont Info","url":"https:\/\/vosgesinfo.fr\/remiremontinfo\/","logo":{"@type":"ImageObject","inLanguage":"fr-FR","@id":"https:\/\/vosgesinfo.fr\/remiremontinfo\/#\/schema\/logo\/image\/","url":"https:\/\/vosgesinfo.fr\/app\/uploads\/sites\/5\/2023\/08\/favicon-remiremontinfo.png","contentUrl":"https:\/\/vosgesinfo.fr\/app\/uploads\/sites\/5\/2023\/08\/favicon-remiremontinfo.png","width":512,"height":512,"caption":"Remiremont Info"},"image":{"@id":"https:\/\/vosgesinfo.fr\/remiremontinfo\/#\/schema\/logo\/image\/"},"sameAs":["https:\/\/www.facebook.com\/remiremontinfo","https:\/\/x.com\/VosgesInfo88","https:\/\/www.youtube.com\/@vosgesinfo"]},{"@type":"Person","@id":"https:\/\/vosgesinfo.fr\/remiremontinfo\/#\/schema\/person\/80c6ea85ff4afefe81dceaf949954c76","name":"La redaction","image":{"@type":"ImageObject","inLanguage":"fr-FR","@id":"https:\/\/vosgesinfo.fr\/remiremontinfo\/#\/schema\/person\/image\/","url":"https:\/\/secure.gravatar.com\/avatar\/fa684fed8c27e631d40f39d17520286009f89cf7526728ea4e58b5a8c426c16a?s=96&d=mm&r=g","contentUrl":"https:\/\/secure.gravatar.com\/avatar\/fa684fed8c27e631d40f39d17520286009f89cf7526728ea4e58b5a8c426c16a?s=96&d=mm&r=g","caption":"La redaction"},"url":"https:\/\/vosgesinfo.fr\/remiremontinfo\/author\/d-p\/"}]}},"_links":{"self":[{"href":"https:\/\/vosgesinfo.fr\/remiremontinfo\/wp-json\/wp\/v2\/posts\/27012","targetHints":{"allow":["GET"]}}],"collection":[{"href":"https:\/\/vosgesinfo.fr\/remiremontinfo\/wp-json\/wp\/v2\/posts"}],"about":[{"href":"https:\/\/vosgesinfo.fr\/remiremontinfo\/wp-json\/wp\/v2\/types\/post"}],"author":[{"embeddable":true,"href":"https:\/\/vosgesinfo.fr\/remiremontinfo\/wp-json\/wp\/v2\/users\/392"}],"replies":[{"embeddable":true,"href":"https:\/\/vosgesinfo.fr\/remiremontinfo\/wp-json\/wp\/v2\/comments?post=27012"}],"version-history":[{"count":0,"href":"https:\/\/vosgesinfo.fr\/remiremontinfo\/wp-json\/wp\/v2\/posts\/27012\/revisions"}],"wp:featuredmedia":[{"embeddable":true,"href":"https:\/\/vosgesinfo.fr\/remiremontinfo\/wp-json\/wp\/v2\/media\/27013"}],"wp:attachment":[{"href":"https:\/\/vosgesinfo.fr\/remiremontinfo\/wp-json\/wp\/v2\/media?parent=27012"}],"wp:term":[{"taxonomy":"category","embeddable":true,"href":"https:\/\/vosgesinfo.fr\/remiremontinfo\/wp-json\/wp\/v2\/categories?post=27012"},{"taxonomy":"post_tag","embeddable":true,"href":"https:\/\/vosgesinfo.fr\/remiremontinfo\/wp-json\/wp\/v2\/tags?post=27012"}],"curies":[{"name":"wp","href":"https:\/\/api.w.org\/{rel}","templated":true}]}}