{"id":27024,"date":"2020-05-05T08:54:30","date_gmt":"2020-05-05T06:54:30","guid":{"rendered":"https:\/\/vosgesinfo.fr\/remiremontinfo\/2020\/05\/lassociation-familiale-de-remiremont-vecoux-a-don-de-1000-e-lachat-de-materiel-de-protection\/"},"modified":"2020-05-05T08:54:30","modified_gmt":"2020-05-05T06:54:30","slug":"lassociation-familiale-de-remiremont-vecoux-a-don-de-1000-e-lachat-de-materiel-de-protection","status":"publish","type":"post","link":"https:\/\/vosgesinfo.fr\/remiremontinfo\/2020\/05\/lassociation-familiale-de-remiremont-vecoux-a-don-de-1000-e-lachat-de-materiel-de-protection\/","title":{"rendered":"L\u2019association familiale de Remiremont-Vecoux a fait un don de 1000 \u20ac pour l\u2019achat de mat\u00e9riel de protection"},"content":{"rendered":"<div id=\"attachment_286245\" style=\"width: 810px\" class=\"wp-caption aligncenter\"><a href=\"\/2020\/05\/corona-5002332_1280.jpg\"><img decoding=\"async\" aria-describedby=\"caption-attachment-286245\" class=\"size-full wp-image-286245\" src=\"\/2020\/05\/corona-5002332_1280.jpg\" alt=\"Photo d'illustration\" width=\"800\" height=\"533\" \/><\/a><p id=\"caption-attachment-286245\" class=\"wp-caption-text\"><em>Photo d&rsquo;illustration<\/em><\/p><\/div>\n<h2><span style=\"font-size: 12pt;\"><strong>L\u2019association familiale de Remiremont-Vecoux a fait un don de 1000 \u20ac \u00e0 la commune de Remiremont pour l\u2019achat de mat\u00e9riel de protection. Dans le contexte de crise sanitaire actuelle, l\u2019association et sa pr\u00e9sidente Marie-Christine Mange ont voulu ainsi <\/strong><\/span><span style=\"font-size: 12pt;\"><strong>apporter leur contribution \u00e0 la protection des Romarimontains.<\/strong><\/span><\/h2>\n<p>Ce don sera utilis\u00e9 pour l\u2019acquisition des masques fabriqu\u00e9s par l\u2019ARES qui seront prochainement distribu\u00e9s \u00e0 la population et dont la fabrication a commenc\u00e9. Que tous les membres de l\u2019Association Familiale soient vivement remerci\u00e9s !<\/p>\n","protected":false},"excerpt":{"rendered":"<p>L\u2019association familiale de Remiremont-Vecoux a fait un don de 1000 \u20ac \u00e0 la commune de Remiremont pour l\u2019achat de mat\u00e9riel [&hellip;]<\/p>\n","protected":false},"author":391,"featured_media":27025,"comment_status":"open","ping_status":"open","sticky":false,"template":"","format":"standard","meta":{"footnotes":""},"categories":[26,1556,35,13],"tags":[],"class_list":["post-27024","post","type-post","status-publish","format-standard","has-post-thumbnail","hentry","category-a-la-une","category-remiremont-remiremont-son-canton-2","category-remiremont-son-canton","category-societe"],"acf":[],"yoast_head":"<!-- This site is optimized with the Yoast SEO plugin v22.5 - https:\/\/yoast.com\/wordpress\/plugins\/seo\/ -->\n<title>L\u2019association familiale de Remiremont-Vecoux a fait un don de 1000 \u20ac pour l\u2019achat de mat\u00e9riel de protection - Remiremont Info<\/title>\n<meta name=\"robots\" content=\"index, follow, max-snippet:-1, max-image-preview:large, max-video-preview:-1\" \/>\n<link rel=\"canonical\" href=\"https:\/\/vosgesinfo.fr\/remiremontinfo\/2020\/05\/lassociation-familiale-de-remiremont-vecoux-a-don-de-1000-e-lachat-de-materiel-de-protection\/\" \/>\n<meta name=\"twitter:card\" content=\"summary_large_image\" \/>\n<meta name=\"twitter:title\" content=\"L\u2019association familiale de Remiremont-Vecoux a fait un don de 1000 \u20ac pour l\u2019achat de mat\u00e9riel de protection - Remiremont Info\" \/>\n<meta name=\"twitter:description\" content=\"L\u2019association familiale de Remiremont-Vecoux a fait un don de 1000 \u20ac \u00e0 la commune de Remiremont pour l\u2019achat de mat\u00e9riel [&hellip;]\" \/>\n<meta name=\"twitter:image\" content=\"https:\/\/vosgesinfo.fr\/app\/uploads\/sites\/5\/2024\/09\/202005corona-5002332-1280-3.jpg\" \/>\n<meta name=\"twitter:creator\" content=\"@VosgesInfo88\" \/>\n<meta name=\"twitter:site\" content=\"@VosgesInfo88\" \/>\n<meta name=\"twitter:label1\" content=\"\u00c9crit par\" \/>\n\t<meta name=\"twitter:data1\" content=\"La redaction\" \/>\n<script type=\"application\/ld+json\" class=\"yoast-schema-graph\">{\"@context\":\"https:\/\/schema.org\",\"@graph\":[{\"@type\":\"Article\",\"@id\":\"https:\/\/vosgesinfo.fr\/remiremontinfo\/2020\/05\/lassociation-familiale-de-remiremont-vecoux-a-don-de-1000-e-lachat-de-materiel-de-protection\/#article\",\"isPartOf\":{\"@id\":\"https:\/\/vosgesinfo.fr\/remiremontinfo\/2020\/05\/lassociation-familiale-de-remiremont-vecoux-a-don-de-1000-e-lachat-de-materiel-de-protection\/\"},\"author\":{\"name\":\"La redaction\",\"@id\":\"https:\/\/vosgesinfo.fr\/remiremontinfo\/#\/schema\/person\/27a3695b06db98895b354c0765cdfc31\"},\"headline\":\"L\u2019association familiale de Remiremont-Vecoux a fait un don de 1000 \u20ac pour l\u2019achat de mat\u00e9riel de protection\",\"datePublished\":\"2020-05-05T06:54:30+00:00\",\"dateModified\":\"2020-05-05T06:54:30+00:00\",\"mainEntityOfPage\":{\"@id\":\"https:\/\/vosgesinfo.fr\/remiremontinfo\/2020\/05\/lassociation-familiale-de-remiremont-vecoux-a-don-de-1000-e-lachat-de-materiel-de-protection\/\"},\"wordCount\":114,\"commentCount\":0,\"publisher\":{\"@id\":\"https:\/\/vosgesinfo.fr\/remiremontinfo\/#organization\"},\"image\":{\"@id\":\"https:\/\/vosgesinfo.fr\/remiremontinfo\/2020\/05\/lassociation-familiale-de-remiremont-vecoux-a-don-de-1000-e-lachat-de-materiel-de-protection\/#primaryimage\"},\"thumbnailUrl\":\"https:\/\/vosgesinfo.fr\/app\/uploads\/sites\/5\/2024\/09\/202005corona-5002332-1280-3.jpg\",\"articleSection\":[\"A la Une\",\"Remiremont\",\"Remiremont &amp; son canton\",\"Soci\u00e9t\u00e9\"],\"inLanguage\":\"fr-FR\",\"potentialAction\":[{\"@type\":\"CommentAction\",\"name\":\"Comment\",\"target\":[\"https:\/\/vosgesinfo.fr\/remiremontinfo\/2020\/05\/lassociation-familiale-de-remiremont-vecoux-a-don-de-1000-e-lachat-de-materiel-de-protection\/#respond\"]}]},{\"@type\":\"WebPage\",\"@id\":\"https:\/\/vosgesinfo.fr\/remiremontinfo\/2020\/05\/lassociation-familiale-de-remiremont-vecoux-a-don-de-1000-e-lachat-de-materiel-de-protection\/\",\"url\":\"https:\/\/vosgesinfo.fr\/remiremontinfo\/2020\/05\/lassociation-familiale-de-remiremont-vecoux-a-don-de-1000-e-lachat-de-materiel-de-protection\/\",\"name\":\"L\u2019association familiale de Remiremont-Vecoux a fait un don de 1000 \u20ac pour l\u2019achat de mat\u00e9riel de protection - Remiremont Info\",\"isPartOf\":{\"@id\":\"https:\/\/vosgesinfo.fr\/remiremontinfo\/#website\"},\"primaryImageOfPage\":{\"@id\":\"https:\/\/vosgesinfo.fr\/remiremontinfo\/2020\/05\/lassociation-familiale-de-remiremont-vecoux-a-don-de-1000-e-lachat-de-materiel-de-protection\/#primaryimage\"},\"image\":{\"@id\":\"https:\/\/vosgesinfo.fr\/remiremontinfo\/2020\/05\/lassociation-familiale-de-remiremont-vecoux-a-don-de-1000-e-lachat-de-materiel-de-protection\/#primaryimage\"},\"thumbnailUrl\":\"https:\/\/vosgesinfo.fr\/app\/uploads\/sites\/5\/2024\/09\/202005corona-5002332-1280-3.jpg\",\"datePublished\":\"2020-05-05T06:54:30+00:00\",\"dateModified\":\"2020-05-05T06:54:30+00:00\",\"breadcrumb\":{\"@id\":\"https:\/\/vosgesinfo.fr\/remiremontinfo\/2020\/05\/lassociation-familiale-de-remiremont-vecoux-a-don-de-1000-e-lachat-de-materiel-de-protection\/#breadcrumb\"},\"inLanguage\":\"fr-FR\",\"potentialAction\":[{\"@type\":\"ReadAction\",\"target\":[\"https:\/\/vosgesinfo.fr\/remiremontinfo\/2020\/05\/lassociation-familiale-de-remiremont-vecoux-a-don-de-1000-e-lachat-de-materiel-de-protection\/\"]}]},{\"@type\":\"ImageObject\",\"inLanguage\":\"fr-FR\",\"@id\":\"https:\/\/vosgesinfo.fr\/remiremontinfo\/2020\/05\/lassociation-familiale-de-remiremont-vecoux-a-don-de-1000-e-lachat-de-materiel-de-protection\/#primaryimage\",\"url\":\"https:\/\/vosgesinfo.fr\/app\/uploads\/sites\/5\/2024\/09\/202005corona-5002332-1280-3.jpg\",\"contentUrl\":\"https:\/\/vosgesinfo.fr\/app\/uploads\/sites\/5\/2024\/09\/202005corona-5002332-1280-3.jpg\",\"width\":800,\"height\":533},{\"@type\":\"BreadcrumbList\",\"@id\":\"https:\/\/vosgesinfo.fr\/remiremontinfo\/2020\/05\/lassociation-familiale-de-remiremont-vecoux-a-don-de-1000-e-lachat-de-materiel-de-protection\/#breadcrumb\",\"itemListElement\":[{\"@type\":\"ListItem\",\"position\":1,\"name\":\"Home\",\"item\":\"https:\/\/vosgesinfo.fr\/remiremontinfo\/\"},{\"@type\":\"ListItem\",\"position\":2,\"name\":\"L\u2019association familiale de Remiremont-Vecoux a fait un don de 1000 \u20ac pour l\u2019achat de mat\u00e9riel de protection\"}]},{\"@type\":\"WebSite\",\"@id\":\"https:\/\/vosgesinfo.fr\/remiremontinfo\/#website\",\"url\":\"https:\/\/vosgesinfo.fr\/remiremontinfo\/\",\"name\":\"Remiremont Info\",\"description\":\"Toute l&#039;actualit\u00e9 de Remiremont\",\"publisher\":{\"@id\":\"https:\/\/vosgesinfo.fr\/remiremontinfo\/#organization\"},\"alternateName\":\"Toute l'actualit\u00e9 de Remiremont\",\"potentialAction\":[{\"@type\":\"SearchAction\",\"target\":{\"@type\":\"EntryPoint\",\"urlTemplate\":\"https:\/\/vosgesinfo.fr\/remiremontinfo\/?s={search_term_string}\"},\"query-input\":\"required name=search_term_string\"}],\"inLanguage\":\"fr-FR\"},{\"@type\":\"Organization\",\"@id\":\"https:\/\/vosgesinfo.fr\/remiremontinfo\/#organization\",\"name\":\"Remiremont Info\",\"url\":\"https:\/\/vosgesinfo.fr\/remiremontinfo\/\",\"logo\":{\"@type\":\"ImageObject\",\"inLanguage\":\"fr-FR\",\"@id\":\"https:\/\/vosgesinfo.fr\/remiremontinfo\/#\/schema\/logo\/image\/\",\"url\":\"https:\/\/vosgesinfo.fr\/app\/uploads\/sites\/5\/2023\/08\/favicon-remiremontinfo.png\",\"contentUrl\":\"https:\/\/vosgesinfo.fr\/app\/uploads\/sites\/5\/2023\/08\/favicon-remiremontinfo.png\",\"width\":512,\"height\":512,\"caption\":\"Remiremont Info\"},\"image\":{\"@id\":\"https:\/\/vosgesinfo.fr\/remiremontinfo\/#\/schema\/logo\/image\/\"},\"sameAs\":[\"https:\/\/www.facebook.com\/remiremontinfo\",\"https:\/\/x.com\/VosgesInfo88\",\"https:\/\/www.youtube.com\/@vosgesinfo\"]},{\"@type\":\"Person\",\"@id\":\"https:\/\/vosgesinfo.fr\/remiremontinfo\/#\/schema\/person\/27a3695b06db98895b354c0765cdfc31\",\"name\":\"La redaction\",\"image\":{\"@type\":\"ImageObject\",\"inLanguage\":\"fr-FR\",\"@id\":\"https:\/\/vosgesinfo.fr\/remiremontinfo\/#\/schema\/person\/image\/\",\"url\":\"https:\/\/secure.gravatar.com\/avatar\/64c76a78e501cedee55736f43f332df901e1896ae9cd8fad269ae2236dd0e8b6?s=96&d=mm&r=g\",\"contentUrl\":\"https:\/\/secure.gravatar.com\/avatar\/64c76a78e501cedee55736f43f332df901e1896ae9cd8fad269ae2236dd0e8b6?s=96&d=mm&r=g\",\"caption\":\"La redaction\"},\"url\":\"https:\/\/vosgesinfo.fr\/remiremontinfo\/author\/la-redaction\/\"}]}<\/script>\n<!-- \/ Yoast SEO plugin. -->","yoast_head_json":{"title":"L\u2019association familiale de Remiremont-Vecoux a fait un don de 1000 \u20ac pour l\u2019achat de mat\u00e9riel de protection - Remiremont Info","robots":{"index":"index","follow":"follow","max-snippet":"max-snippet:-1","max-image-preview":"max-image-preview:large","max-video-preview":"max-video-preview:-1"},"canonical":"https:\/\/vosgesinfo.fr\/remiremontinfo\/2020\/05\/lassociation-familiale-de-remiremont-vecoux-a-don-de-1000-e-lachat-de-materiel-de-protection\/","twitter_card":"summary_large_image","twitter_title":"L\u2019association familiale de Remiremont-Vecoux a fait un don de 1000 \u20ac pour l\u2019achat de mat\u00e9riel de protection - Remiremont Info","twitter_description":"L\u2019association familiale de Remiremont-Vecoux a fait un don de 1000 \u20ac \u00e0 la commune de Remiremont pour l\u2019achat de mat\u00e9riel [&hellip;]","twitter_image":"https:\/\/vosgesinfo.fr\/app\/uploads\/sites\/5\/2024\/09\/202005corona-5002332-1280-3.jpg","twitter_creator":"@VosgesInfo88","twitter_site":"@VosgesInfo88","twitter_misc":{"\u00c9crit par":"La redaction"},"schema":{"@context":"https:\/\/schema.org","@graph":[{"@type":"Article","@id":"https:\/\/vosgesinfo.fr\/remiremontinfo\/2020\/05\/lassociation-familiale-de-remiremont-vecoux-a-don-de-1000-e-lachat-de-materiel-de-protection\/#article","isPartOf":{"@id":"https:\/\/vosgesinfo.fr\/remiremontinfo\/2020\/05\/lassociation-familiale-de-remiremont-vecoux-a-don-de-1000-e-lachat-de-materiel-de-protection\/"},"author":{"name":"La redaction","@id":"https:\/\/vosgesinfo.fr\/remiremontinfo\/#\/schema\/person\/27a3695b06db98895b354c0765cdfc31"},"headline":"L\u2019association familiale de Remiremont-Vecoux a fait un don de 1000 \u20ac pour l\u2019achat de mat\u00e9riel de protection","datePublished":"2020-05-05T06:54:30+00:00","dateModified":"2020-05-05T06:54:30+00:00","mainEntityOfPage":{"@id":"https:\/\/vosgesinfo.fr\/remiremontinfo\/2020\/05\/lassociation-familiale-de-remiremont-vecoux-a-don-de-1000-e-lachat-de-materiel-de-protection\/"},"wordCount":114,"commentCount":0,"publisher":{"@id":"https:\/\/vosgesinfo.fr\/remiremontinfo\/#organization"},"image":{"@id":"https:\/\/vosgesinfo.fr\/remiremontinfo\/2020\/05\/lassociation-familiale-de-remiremont-vecoux-a-don-de-1000-e-lachat-de-materiel-de-protection\/#primaryimage"},"thumbnailUrl":"https:\/\/vosgesinfo.fr\/app\/uploads\/sites\/5\/2024\/09\/202005corona-5002332-1280-3.jpg","articleSection":["A la Une","Remiremont","Remiremont &amp; son canton","Soci\u00e9t\u00e9"],"inLanguage":"fr-FR","potentialAction":[{"@type":"CommentAction","name":"Comment","target":["https:\/\/vosgesinfo.fr\/remiremontinfo\/2020\/05\/lassociation-familiale-de-remiremont-vecoux-a-don-de-1000-e-lachat-de-materiel-de-protection\/#respond"]}]},{"@type":"WebPage","@id":"https:\/\/vosgesinfo.fr\/remiremontinfo\/2020\/05\/lassociation-familiale-de-remiremont-vecoux-a-don-de-1000-e-lachat-de-materiel-de-protection\/","url":"https:\/\/vosgesinfo.fr\/remiremontinfo\/2020\/05\/lassociation-familiale-de-remiremont-vecoux-a-don-de-1000-e-lachat-de-materiel-de-protection\/","name":"L\u2019association familiale de Remiremont-Vecoux a fait un don de 1000 \u20ac pour l\u2019achat de mat\u00e9riel de protection - Remiremont Info","isPartOf":{"@id":"https:\/\/vosgesinfo.fr\/remiremontinfo\/#website"},"primaryImageOfPage":{"@id":"https:\/\/vosgesinfo.fr\/remiremontinfo\/2020\/05\/lassociation-familiale-de-remiremont-vecoux-a-don-de-1000-e-lachat-de-materiel-de-protection\/#primaryimage"},"image":{"@id":"https:\/\/vosgesinfo.fr\/remiremontinfo\/2020\/05\/lassociation-familiale-de-remiremont-vecoux-a-don-de-1000-e-lachat-de-materiel-de-protection\/#primaryimage"},"thumbnailUrl":"https:\/\/vosgesinfo.fr\/app\/uploads\/sites\/5\/2024\/09\/202005corona-5002332-1280-3.jpg","datePublished":"2020-05-05T06:54:30+00:00","dateModified":"2020-05-05T06:54:30+00:00","breadcrumb":{"@id":"https:\/\/vosgesinfo.fr\/remiremontinfo\/2020\/05\/lassociation-familiale-de-remiremont-vecoux-a-don-de-1000-e-lachat-de-materiel-de-protection\/#breadcrumb"},"inLanguage":"fr-FR","potentialAction":[{"@type":"ReadAction","target":["https:\/\/vosgesinfo.fr\/remiremontinfo\/2020\/05\/lassociation-familiale-de-remiremont-vecoux-a-don-de-1000-e-lachat-de-materiel-de-protection\/"]}]},{"@type":"ImageObject","inLanguage":"fr-FR","@id":"https:\/\/vosgesinfo.fr\/remiremontinfo\/2020\/05\/lassociation-familiale-de-remiremont-vecoux-a-don-de-1000-e-lachat-de-materiel-de-protection\/#primaryimage","url":"https:\/\/vosgesinfo.fr\/app\/uploads\/sites\/5\/2024\/09\/202005corona-5002332-1280-3.jpg","contentUrl":"https:\/\/vosgesinfo.fr\/app\/uploads\/sites\/5\/2024\/09\/202005corona-5002332-1280-3.jpg","width":800,"height":533},{"@type":"BreadcrumbList","@id":"https:\/\/vosgesinfo.fr\/remiremontinfo\/2020\/05\/lassociation-familiale-de-remiremont-vecoux-a-don-de-1000-e-lachat-de-materiel-de-protection\/#breadcrumb","itemListElement":[{"@type":"ListItem","position":1,"name":"Home","item":"https:\/\/vosgesinfo.fr\/remiremontinfo\/"},{"@type":"ListItem","position":2,"name":"L\u2019association familiale de Remiremont-Vecoux a fait un don de 1000 \u20ac pour l\u2019achat de mat\u00e9riel de protection"}]},{"@type":"WebSite","@id":"https:\/\/vosgesinfo.fr\/remiremontinfo\/#website","url":"https:\/\/vosgesinfo.fr\/remiremontinfo\/","name":"Remiremont Info","description":"Toute l&#039;actualit\u00e9 de Remiremont","publisher":{"@id":"https:\/\/vosgesinfo.fr\/remiremontinfo\/#organization"},"alternateName":"Toute l'actualit\u00e9 de Remiremont","potentialAction":[{"@type":"SearchAction","target":{"@type":"EntryPoint","urlTemplate":"https:\/\/vosgesinfo.fr\/remiremontinfo\/?s={search_term_string}"},"query-input":"required name=search_term_string"}],"inLanguage":"fr-FR"},{"@type":"Organization","@id":"https:\/\/vosgesinfo.fr\/remiremontinfo\/#organization","name":"Remiremont Info","url":"https:\/\/vosgesinfo.fr\/remiremontinfo\/","logo":{"@type":"ImageObject","inLanguage":"fr-FR","@id":"https:\/\/vosgesinfo.fr\/remiremontinfo\/#\/schema\/logo\/image\/","url":"https:\/\/vosgesinfo.fr\/app\/uploads\/sites\/5\/2023\/08\/favicon-remiremontinfo.png","contentUrl":"https:\/\/vosgesinfo.fr\/app\/uploads\/sites\/5\/2023\/08\/favicon-remiremontinfo.png","width":512,"height":512,"caption":"Remiremont Info"},"image":{"@id":"https:\/\/vosgesinfo.fr\/remiremontinfo\/#\/schema\/logo\/image\/"},"sameAs":["https:\/\/www.facebook.com\/remiremontinfo","https:\/\/x.com\/VosgesInfo88","https:\/\/www.youtube.com\/@vosgesinfo"]},{"@type":"Person","@id":"https:\/\/vosgesinfo.fr\/remiremontinfo\/#\/schema\/person\/27a3695b06db98895b354c0765cdfc31","name":"La redaction","image":{"@type":"ImageObject","inLanguage":"fr-FR","@id":"https:\/\/vosgesinfo.fr\/remiremontinfo\/#\/schema\/person\/image\/","url":"https:\/\/secure.gravatar.com\/avatar\/64c76a78e501cedee55736f43f332df901e1896ae9cd8fad269ae2236dd0e8b6?s=96&d=mm&r=g","contentUrl":"https:\/\/secure.gravatar.com\/avatar\/64c76a78e501cedee55736f43f332df901e1896ae9cd8fad269ae2236dd0e8b6?s=96&d=mm&r=g","caption":"La redaction"},"url":"https:\/\/vosgesinfo.fr\/remiremontinfo\/author\/la-redaction\/"}]}},"_links":{"self":[{"href":"https:\/\/vosgesinfo.fr\/remiremontinfo\/wp-json\/wp\/v2\/posts\/27024","targetHints":{"allow":["GET"]}}],"collection":[{"href":"https:\/\/vosgesinfo.fr\/remiremontinfo\/wp-json\/wp\/v2\/posts"}],"about":[{"href":"https:\/\/vosgesinfo.fr\/remiremontinfo\/wp-json\/wp\/v2\/types\/post"}],"author":[{"embeddable":true,"href":"https:\/\/vosgesinfo.fr\/remiremontinfo\/wp-json\/wp\/v2\/users\/391"}],"replies":[{"embeddable":true,"href":"https:\/\/vosgesinfo.fr\/remiremontinfo\/wp-json\/wp\/v2\/comments?post=27024"}],"version-history":[{"count":0,"href":"https:\/\/vosgesinfo.fr\/remiremontinfo\/wp-json\/wp\/v2\/posts\/27024\/revisions"}],"wp:featuredmedia":[{"embeddable":true,"href":"https:\/\/vosgesinfo.fr\/remiremontinfo\/wp-json\/wp\/v2\/media\/27025"}],"wp:attachment":[{"href":"https:\/\/vosgesinfo.fr\/remiremontinfo\/wp-json\/wp\/v2\/media?parent=27024"}],"wp:term":[{"taxonomy":"category","embeddable":true,"href":"https:\/\/vosgesinfo.fr\/remiremontinfo\/wp-json\/wp\/v2\/categories?post=27024"},{"taxonomy":"post_tag","embeddable":true,"href":"https:\/\/vosgesinfo.fr\/remiremontinfo\/wp-json\/wp\/v2\/tags?post=27024"}],"curies":[{"name":"wp","href":"https:\/\/api.w.org\/{rel}","templated":true}]}}