{"id":27029,"date":"2020-05-05T19:22:13","date_gmt":"2020-05-05T17:22:13","guid":{"rendered":"https:\/\/vosgesinfo.fr\/remiremontinfo\/2020\/05\/retour-a-lecole-christophe-naegelen-interpelle-ministre-jean-michel-blanquer\/"},"modified":"2020-05-05T19:22:13","modified_gmt":"2020-05-05T17:22:13","slug":"retour-a-lecole-christophe-naegelen-interpelle-ministre-jean-michel-blanquer","status":"publish","type":"post","link":"https:\/\/vosgesinfo.fr\/remiremontinfo\/2020\/05\/retour-a-lecole-christophe-naegelen-interpelle-ministre-jean-michel-blanquer\/","title":{"rendered":"Retour \u00e0 l\u2019\u00e9cole : Christophe Naegelen interpelle le ministre Jean-Michel Blanquer"},"content":{"rendered":"<p style=\"text-align: center;\"><a href=\"\/2020\/05\/Annotation-2020-05-05-201340.png\"><img decoding=\"async\" class=\"alignnone size-full wp-image-286358\" src=\"\/2020\/05\/Annotation-2020-05-05-201340.png\" alt=\"Annotation 2020-05-05 201340\" width=\"800\" height=\"447\" \/><\/a><\/p>\n<h2><span style=\"font-size: 12pt;\"><strong>Christophe Naegelen a interrog\u00e9 le Ministre de l\u2019Education Nationale sur la r\u00e9ouverture des \u00e9tablissements scolaires, regrettant la prise de risque \u00e0 quelques semaines de la fin de l\u2019ann\u00e9e scolaire.<\/strong><\/span><\/h2>\n<p><em>\u00ab\u00a0Monsieur le ministres de l\u2019\u00c9ducation Nationale, pourquoi avez vous d\u00e9cid\u00e9 de remettre les plus petits en premier sur les bancs de l\u2019\u00e9cole, et surtout dans ces conditions\u00a0? Une majorit\u00e9 d\u2019autres pays, vous le savez, on d\u00e9cid\u00e9 soit de repousser la rentr\u00e9e en septembre, soit de commencer par ceux qui peuvent adopter les mesures sanitaires de base\u00a0\u00bb.<\/em> Pour le d\u00e9put\u00e9 de la 3\u00e8me circonscription des Vosges, il n\u2019est pas possible de faire respecter les mesures de distanciation et les gestes barri\u00e8re aux plus jeune \u00e9l\u00e8ves. <em>\u00ab\u00a0Vous prenez donc le risque de multiplier de nouveaux clusters, avec des porteurs de virus asymptomatiques\u00a0\u00bb.<\/em> L\u2019\u00e9lu a ensuite rendu hommage aux professionnels de l\u2019enseignement. <em>\u00ab\u00a0Avez vous conscience aussi du malaise des professeurs. Le personnel de l\u2019\u00c9ducation Nationale a fait un travail magnifique\u00a0\u00bb.<\/em><\/p>\n","protected":false},"excerpt":{"rendered":"<p>Christophe Naegelen a interrog\u00e9 le Ministre de l\u2019Education Nationale sur la r\u00e9ouverture des \u00e9tablissements scolaires, regrettant la prise de risque [&hellip;]<\/p>\n","protected":false},"author":391,"featured_media":27030,"comment_status":"open","ping_status":"open","sticky":false,"template":"","format":"standard","meta":{"footnotes":""},"categories":[26,10,18],"tags":[],"class_list":["post-27029","post","type-post","status-publish","format-standard","has-post-thumbnail","hentry","category-a-la-une","category-politique","category-vosges"],"acf":[],"yoast_head":"<!-- This site is optimized with the Yoast SEO plugin v22.5 - https:\/\/yoast.com\/wordpress\/plugins\/seo\/ -->\n<title>Retour \u00e0 l\u2019\u00e9cole : Christophe Naegelen interpelle le ministre Jean-Michel Blanquer - Remiremont Info<\/title>\n<meta name=\"robots\" content=\"index, follow, max-snippet:-1, max-image-preview:large, max-video-preview:-1\" \/>\n<link rel=\"canonical\" href=\"https:\/\/vosgesinfo.fr\/remiremontinfo\/2020\/05\/retour-a-lecole-christophe-naegelen-interpelle-ministre-jean-michel-blanquer\/\" \/>\n<meta name=\"twitter:card\" content=\"summary_large_image\" \/>\n<meta name=\"twitter:title\" content=\"Retour \u00e0 l\u2019\u00e9cole : Christophe Naegelen interpelle le ministre Jean-Michel Blanquer - Remiremont Info\" \/>\n<meta name=\"twitter:description\" content=\"Christophe Naegelen a interrog\u00e9 le Ministre de l\u2019Education Nationale sur la r\u00e9ouverture des \u00e9tablissements scolaires, regrettant la prise de risque [&hellip;]\" \/>\n<meta name=\"twitter:image\" content=\"https:\/\/vosgesinfo.fr\/app\/uploads\/sites\/5\/2024\/09\/202005annotation-2020-05-05-201340.png\" \/>\n<meta name=\"twitter:creator\" content=\"@VosgesInfo88\" \/>\n<meta name=\"twitter:site\" content=\"@VosgesInfo88\" \/>\n<meta name=\"twitter:label1\" content=\"\u00c9crit par\" \/>\n\t<meta name=\"twitter:data1\" content=\"La redaction\" \/>\n\t<meta name=\"twitter:label2\" content=\"Dur\u00e9e de lecture estim\u00e9e\" \/>\n\t<meta name=\"twitter:data2\" content=\"1 minute\" \/>\n<script type=\"application\/ld+json\" class=\"yoast-schema-graph\">{\"@context\":\"https:\/\/schema.org\",\"@graph\":[{\"@type\":\"Article\",\"@id\":\"https:\/\/vosgesinfo.fr\/remiremontinfo\/2020\/05\/retour-a-lecole-christophe-naegelen-interpelle-ministre-jean-michel-blanquer\/#article\",\"isPartOf\":{\"@id\":\"https:\/\/vosgesinfo.fr\/remiremontinfo\/2020\/05\/retour-a-lecole-christophe-naegelen-interpelle-ministre-jean-michel-blanquer\/\"},\"author\":{\"name\":\"La redaction\",\"@id\":\"https:\/\/vosgesinfo.fr\/remiremontinfo\/#\/schema\/person\/27a3695b06db98895b354c0765cdfc31\"},\"headline\":\"Retour \u00e0 l\u2019\u00e9cole : Christophe Naegelen interpelle le ministre Jean-Michel Blanquer\",\"datePublished\":\"2020-05-05T17:22:13+00:00\",\"dateModified\":\"2020-05-05T17:22:13+00:00\",\"mainEntityOfPage\":{\"@id\":\"https:\/\/vosgesinfo.fr\/remiremontinfo\/2020\/05\/retour-a-lecole-christophe-naegelen-interpelle-ministre-jean-michel-blanquer\/\"},\"wordCount\":182,\"commentCount\":0,\"publisher\":{\"@id\":\"https:\/\/vosgesinfo.fr\/remiremontinfo\/#organization\"},\"image\":{\"@id\":\"https:\/\/vosgesinfo.fr\/remiremontinfo\/2020\/05\/retour-a-lecole-christophe-naegelen-interpelle-ministre-jean-michel-blanquer\/#primaryimage\"},\"thumbnailUrl\":\"https:\/\/vosgesinfo.fr\/app\/uploads\/sites\/5\/2024\/09\/202005annotation-2020-05-05-201340.png\",\"articleSection\":[\"A la Une\",\"Politique\",\"Vosges\"],\"inLanguage\":\"fr-FR\",\"potentialAction\":[{\"@type\":\"CommentAction\",\"name\":\"Comment\",\"target\":[\"https:\/\/vosgesinfo.fr\/remiremontinfo\/2020\/05\/retour-a-lecole-christophe-naegelen-interpelle-ministre-jean-michel-blanquer\/#respond\"]}]},{\"@type\":\"WebPage\",\"@id\":\"https:\/\/vosgesinfo.fr\/remiremontinfo\/2020\/05\/retour-a-lecole-christophe-naegelen-interpelle-ministre-jean-michel-blanquer\/\",\"url\":\"https:\/\/vosgesinfo.fr\/remiremontinfo\/2020\/05\/retour-a-lecole-christophe-naegelen-interpelle-ministre-jean-michel-blanquer\/\",\"name\":\"Retour \u00e0 l\u2019\u00e9cole : Christophe Naegelen interpelle le ministre Jean-Michel Blanquer - Remiremont Info\",\"isPartOf\":{\"@id\":\"https:\/\/vosgesinfo.fr\/remiremontinfo\/#website\"},\"primaryImageOfPage\":{\"@id\":\"https:\/\/vosgesinfo.fr\/remiremontinfo\/2020\/05\/retour-a-lecole-christophe-naegelen-interpelle-ministre-jean-michel-blanquer\/#primaryimage\"},\"image\":{\"@id\":\"https:\/\/vosgesinfo.fr\/remiremontinfo\/2020\/05\/retour-a-lecole-christophe-naegelen-interpelle-ministre-jean-michel-blanquer\/#primaryimage\"},\"thumbnailUrl\":\"https:\/\/vosgesinfo.fr\/app\/uploads\/sites\/5\/2024\/09\/202005annotation-2020-05-05-201340.png\",\"datePublished\":\"2020-05-05T17:22:13+00:00\",\"dateModified\":\"2020-05-05T17:22:13+00:00\",\"breadcrumb\":{\"@id\":\"https:\/\/vosgesinfo.fr\/remiremontinfo\/2020\/05\/retour-a-lecole-christophe-naegelen-interpelle-ministre-jean-michel-blanquer\/#breadcrumb\"},\"inLanguage\":\"fr-FR\",\"potentialAction\":[{\"@type\":\"ReadAction\",\"target\":[\"https:\/\/vosgesinfo.fr\/remiremontinfo\/2020\/05\/retour-a-lecole-christophe-naegelen-interpelle-ministre-jean-michel-blanquer\/\"]}]},{\"@type\":\"ImageObject\",\"inLanguage\":\"fr-FR\",\"@id\":\"https:\/\/vosgesinfo.fr\/remiremontinfo\/2020\/05\/retour-a-lecole-christophe-naegelen-interpelle-ministre-jean-michel-blanquer\/#primaryimage\",\"url\":\"https:\/\/vosgesinfo.fr\/app\/uploads\/sites\/5\/2024\/09\/202005annotation-2020-05-05-201340.png\",\"contentUrl\":\"https:\/\/vosgesinfo.fr\/app\/uploads\/sites\/5\/2024\/09\/202005annotation-2020-05-05-201340.png\",\"width\":800,\"height\":447},{\"@type\":\"BreadcrumbList\",\"@id\":\"https:\/\/vosgesinfo.fr\/remiremontinfo\/2020\/05\/retour-a-lecole-christophe-naegelen-interpelle-ministre-jean-michel-blanquer\/#breadcrumb\",\"itemListElement\":[{\"@type\":\"ListItem\",\"position\":1,\"name\":\"Home\",\"item\":\"https:\/\/vosgesinfo.fr\/remiremontinfo\/\"},{\"@type\":\"ListItem\",\"position\":2,\"name\":\"Retour \u00e0 l\u2019\u00e9cole : Christophe Naegelen interpelle le ministre Jean-Michel Blanquer\"}]},{\"@type\":\"WebSite\",\"@id\":\"https:\/\/vosgesinfo.fr\/remiremontinfo\/#website\",\"url\":\"https:\/\/vosgesinfo.fr\/remiremontinfo\/\",\"name\":\"Remiremont Info\",\"description\":\"Toute l&#039;actualit\u00e9 de Remiremont\",\"publisher\":{\"@id\":\"https:\/\/vosgesinfo.fr\/remiremontinfo\/#organization\"},\"alternateName\":\"Toute l'actualit\u00e9 de Remiremont\",\"potentialAction\":[{\"@type\":\"SearchAction\",\"target\":{\"@type\":\"EntryPoint\",\"urlTemplate\":\"https:\/\/vosgesinfo.fr\/remiremontinfo\/?s={search_term_string}\"},\"query-input\":\"required name=search_term_string\"}],\"inLanguage\":\"fr-FR\"},{\"@type\":\"Organization\",\"@id\":\"https:\/\/vosgesinfo.fr\/remiremontinfo\/#organization\",\"name\":\"Remiremont Info\",\"url\":\"https:\/\/vosgesinfo.fr\/remiremontinfo\/\",\"logo\":{\"@type\":\"ImageObject\",\"inLanguage\":\"fr-FR\",\"@id\":\"https:\/\/vosgesinfo.fr\/remiremontinfo\/#\/schema\/logo\/image\/\",\"url\":\"https:\/\/vosgesinfo.fr\/app\/uploads\/sites\/5\/2023\/08\/favicon-remiremontinfo.png\",\"contentUrl\":\"https:\/\/vosgesinfo.fr\/app\/uploads\/sites\/5\/2023\/08\/favicon-remiremontinfo.png\",\"width\":512,\"height\":512,\"caption\":\"Remiremont Info\"},\"image\":{\"@id\":\"https:\/\/vosgesinfo.fr\/remiremontinfo\/#\/schema\/logo\/image\/\"},\"sameAs\":[\"https:\/\/www.facebook.com\/remiremontinfo\",\"https:\/\/x.com\/VosgesInfo88\",\"https:\/\/www.youtube.com\/@vosgesinfo\"]},{\"@type\":\"Person\",\"@id\":\"https:\/\/vosgesinfo.fr\/remiremontinfo\/#\/schema\/person\/27a3695b06db98895b354c0765cdfc31\",\"name\":\"La redaction\",\"image\":{\"@type\":\"ImageObject\",\"inLanguage\":\"fr-FR\",\"@id\":\"https:\/\/vosgesinfo.fr\/remiremontinfo\/#\/schema\/person\/image\/\",\"url\":\"https:\/\/secure.gravatar.com\/avatar\/64c76a78e501cedee55736f43f332df901e1896ae9cd8fad269ae2236dd0e8b6?s=96&d=mm&r=g\",\"contentUrl\":\"https:\/\/secure.gravatar.com\/avatar\/64c76a78e501cedee55736f43f332df901e1896ae9cd8fad269ae2236dd0e8b6?s=96&d=mm&r=g\",\"caption\":\"La redaction\"},\"url\":\"https:\/\/vosgesinfo.fr\/remiremontinfo\/author\/la-redaction\/\"}]}<\/script>\n<!-- \/ Yoast SEO plugin. -->","yoast_head_json":{"title":"Retour \u00e0 l\u2019\u00e9cole : Christophe Naegelen interpelle le ministre Jean-Michel Blanquer - Remiremont Info","robots":{"index":"index","follow":"follow","max-snippet":"max-snippet:-1","max-image-preview":"max-image-preview:large","max-video-preview":"max-video-preview:-1"},"canonical":"https:\/\/vosgesinfo.fr\/remiremontinfo\/2020\/05\/retour-a-lecole-christophe-naegelen-interpelle-ministre-jean-michel-blanquer\/","twitter_card":"summary_large_image","twitter_title":"Retour \u00e0 l\u2019\u00e9cole : Christophe Naegelen interpelle le ministre Jean-Michel Blanquer - Remiremont Info","twitter_description":"Christophe Naegelen a interrog\u00e9 le Ministre de l\u2019Education Nationale sur la r\u00e9ouverture des \u00e9tablissements scolaires, regrettant la prise de risque [&hellip;]","twitter_image":"https:\/\/vosgesinfo.fr\/app\/uploads\/sites\/5\/2024\/09\/202005annotation-2020-05-05-201340.png","twitter_creator":"@VosgesInfo88","twitter_site":"@VosgesInfo88","twitter_misc":{"\u00c9crit par":"La redaction","Dur\u00e9e de lecture estim\u00e9e":"1 minute"},"schema":{"@context":"https:\/\/schema.org","@graph":[{"@type":"Article","@id":"https:\/\/vosgesinfo.fr\/remiremontinfo\/2020\/05\/retour-a-lecole-christophe-naegelen-interpelle-ministre-jean-michel-blanquer\/#article","isPartOf":{"@id":"https:\/\/vosgesinfo.fr\/remiremontinfo\/2020\/05\/retour-a-lecole-christophe-naegelen-interpelle-ministre-jean-michel-blanquer\/"},"author":{"name":"La redaction","@id":"https:\/\/vosgesinfo.fr\/remiremontinfo\/#\/schema\/person\/27a3695b06db98895b354c0765cdfc31"},"headline":"Retour \u00e0 l\u2019\u00e9cole : Christophe Naegelen interpelle le ministre Jean-Michel Blanquer","datePublished":"2020-05-05T17:22:13+00:00","dateModified":"2020-05-05T17:22:13+00:00","mainEntityOfPage":{"@id":"https:\/\/vosgesinfo.fr\/remiremontinfo\/2020\/05\/retour-a-lecole-christophe-naegelen-interpelle-ministre-jean-michel-blanquer\/"},"wordCount":182,"commentCount":0,"publisher":{"@id":"https:\/\/vosgesinfo.fr\/remiremontinfo\/#organization"},"image":{"@id":"https:\/\/vosgesinfo.fr\/remiremontinfo\/2020\/05\/retour-a-lecole-christophe-naegelen-interpelle-ministre-jean-michel-blanquer\/#primaryimage"},"thumbnailUrl":"https:\/\/vosgesinfo.fr\/app\/uploads\/sites\/5\/2024\/09\/202005annotation-2020-05-05-201340.png","articleSection":["A la Une","Politique","Vosges"],"inLanguage":"fr-FR","potentialAction":[{"@type":"CommentAction","name":"Comment","target":["https:\/\/vosgesinfo.fr\/remiremontinfo\/2020\/05\/retour-a-lecole-christophe-naegelen-interpelle-ministre-jean-michel-blanquer\/#respond"]}]},{"@type":"WebPage","@id":"https:\/\/vosgesinfo.fr\/remiremontinfo\/2020\/05\/retour-a-lecole-christophe-naegelen-interpelle-ministre-jean-michel-blanquer\/","url":"https:\/\/vosgesinfo.fr\/remiremontinfo\/2020\/05\/retour-a-lecole-christophe-naegelen-interpelle-ministre-jean-michel-blanquer\/","name":"Retour \u00e0 l\u2019\u00e9cole : Christophe Naegelen interpelle le ministre Jean-Michel Blanquer - Remiremont Info","isPartOf":{"@id":"https:\/\/vosgesinfo.fr\/remiremontinfo\/#website"},"primaryImageOfPage":{"@id":"https:\/\/vosgesinfo.fr\/remiremontinfo\/2020\/05\/retour-a-lecole-christophe-naegelen-interpelle-ministre-jean-michel-blanquer\/#primaryimage"},"image":{"@id":"https:\/\/vosgesinfo.fr\/remiremontinfo\/2020\/05\/retour-a-lecole-christophe-naegelen-interpelle-ministre-jean-michel-blanquer\/#primaryimage"},"thumbnailUrl":"https:\/\/vosgesinfo.fr\/app\/uploads\/sites\/5\/2024\/09\/202005annotation-2020-05-05-201340.png","datePublished":"2020-05-05T17:22:13+00:00","dateModified":"2020-05-05T17:22:13+00:00","breadcrumb":{"@id":"https:\/\/vosgesinfo.fr\/remiremontinfo\/2020\/05\/retour-a-lecole-christophe-naegelen-interpelle-ministre-jean-michel-blanquer\/#breadcrumb"},"inLanguage":"fr-FR","potentialAction":[{"@type":"ReadAction","target":["https:\/\/vosgesinfo.fr\/remiremontinfo\/2020\/05\/retour-a-lecole-christophe-naegelen-interpelle-ministre-jean-michel-blanquer\/"]}]},{"@type":"ImageObject","inLanguage":"fr-FR","@id":"https:\/\/vosgesinfo.fr\/remiremontinfo\/2020\/05\/retour-a-lecole-christophe-naegelen-interpelle-ministre-jean-michel-blanquer\/#primaryimage","url":"https:\/\/vosgesinfo.fr\/app\/uploads\/sites\/5\/2024\/09\/202005annotation-2020-05-05-201340.png","contentUrl":"https:\/\/vosgesinfo.fr\/app\/uploads\/sites\/5\/2024\/09\/202005annotation-2020-05-05-201340.png","width":800,"height":447},{"@type":"BreadcrumbList","@id":"https:\/\/vosgesinfo.fr\/remiremontinfo\/2020\/05\/retour-a-lecole-christophe-naegelen-interpelle-ministre-jean-michel-blanquer\/#breadcrumb","itemListElement":[{"@type":"ListItem","position":1,"name":"Home","item":"https:\/\/vosgesinfo.fr\/remiremontinfo\/"},{"@type":"ListItem","position":2,"name":"Retour \u00e0 l\u2019\u00e9cole : Christophe Naegelen interpelle le ministre Jean-Michel Blanquer"}]},{"@type":"WebSite","@id":"https:\/\/vosgesinfo.fr\/remiremontinfo\/#website","url":"https:\/\/vosgesinfo.fr\/remiremontinfo\/","name":"Remiremont Info","description":"Toute l&#039;actualit\u00e9 de Remiremont","publisher":{"@id":"https:\/\/vosgesinfo.fr\/remiremontinfo\/#organization"},"alternateName":"Toute l'actualit\u00e9 de Remiremont","potentialAction":[{"@type":"SearchAction","target":{"@type":"EntryPoint","urlTemplate":"https:\/\/vosgesinfo.fr\/remiremontinfo\/?s={search_term_string}"},"query-input":"required name=search_term_string"}],"inLanguage":"fr-FR"},{"@type":"Organization","@id":"https:\/\/vosgesinfo.fr\/remiremontinfo\/#organization","name":"Remiremont Info","url":"https:\/\/vosgesinfo.fr\/remiremontinfo\/","logo":{"@type":"ImageObject","inLanguage":"fr-FR","@id":"https:\/\/vosgesinfo.fr\/remiremontinfo\/#\/schema\/logo\/image\/","url":"https:\/\/vosgesinfo.fr\/app\/uploads\/sites\/5\/2023\/08\/favicon-remiremontinfo.png","contentUrl":"https:\/\/vosgesinfo.fr\/app\/uploads\/sites\/5\/2023\/08\/favicon-remiremontinfo.png","width":512,"height":512,"caption":"Remiremont Info"},"image":{"@id":"https:\/\/vosgesinfo.fr\/remiremontinfo\/#\/schema\/logo\/image\/"},"sameAs":["https:\/\/www.facebook.com\/remiremontinfo","https:\/\/x.com\/VosgesInfo88","https:\/\/www.youtube.com\/@vosgesinfo"]},{"@type":"Person","@id":"https:\/\/vosgesinfo.fr\/remiremontinfo\/#\/schema\/person\/27a3695b06db98895b354c0765cdfc31","name":"La redaction","image":{"@type":"ImageObject","inLanguage":"fr-FR","@id":"https:\/\/vosgesinfo.fr\/remiremontinfo\/#\/schema\/person\/image\/","url":"https:\/\/secure.gravatar.com\/avatar\/64c76a78e501cedee55736f43f332df901e1896ae9cd8fad269ae2236dd0e8b6?s=96&d=mm&r=g","contentUrl":"https:\/\/secure.gravatar.com\/avatar\/64c76a78e501cedee55736f43f332df901e1896ae9cd8fad269ae2236dd0e8b6?s=96&d=mm&r=g","caption":"La redaction"},"url":"https:\/\/vosgesinfo.fr\/remiremontinfo\/author\/la-redaction\/"}]}},"_links":{"self":[{"href":"https:\/\/vosgesinfo.fr\/remiremontinfo\/wp-json\/wp\/v2\/posts\/27029","targetHints":{"allow":["GET"]}}],"collection":[{"href":"https:\/\/vosgesinfo.fr\/remiremontinfo\/wp-json\/wp\/v2\/posts"}],"about":[{"href":"https:\/\/vosgesinfo.fr\/remiremontinfo\/wp-json\/wp\/v2\/types\/post"}],"author":[{"embeddable":true,"href":"https:\/\/vosgesinfo.fr\/remiremontinfo\/wp-json\/wp\/v2\/users\/391"}],"replies":[{"embeddable":true,"href":"https:\/\/vosgesinfo.fr\/remiremontinfo\/wp-json\/wp\/v2\/comments?post=27029"}],"version-history":[{"count":0,"href":"https:\/\/vosgesinfo.fr\/remiremontinfo\/wp-json\/wp\/v2\/posts\/27029\/revisions"}],"wp:featuredmedia":[{"embeddable":true,"href":"https:\/\/vosgesinfo.fr\/remiremontinfo\/wp-json\/wp\/v2\/media\/27030"}],"wp:attachment":[{"href":"https:\/\/vosgesinfo.fr\/remiremontinfo\/wp-json\/wp\/v2\/media?parent=27029"}],"wp:term":[{"taxonomy":"category","embeddable":true,"href":"https:\/\/vosgesinfo.fr\/remiremontinfo\/wp-json\/wp\/v2\/categories?post=27029"},{"taxonomy":"post_tag","embeddable":true,"href":"https:\/\/vosgesinfo.fr\/remiremontinfo\/wp-json\/wp\/v2\/tags?post=27029"}],"curies":[{"name":"wp","href":"https:\/\/api.w.org\/{rel}","templated":true}]}}