{"id":27031,"date":"2020-05-06T09:20:48","date_gmt":"2020-05-06T07:20:48","guid":{"rendered":"https:\/\/vosgesinfo.fr\/remiremontinfo\/2020\/05\/coronavirus-deux-nouveaux-deces-vosges-24h\/"},"modified":"2020-05-06T09:20:48","modified_gmt":"2020-05-06T07:20:48","slug":"coronavirus-deux-nouveaux-deces-vosges-24h","status":"publish","type":"post","link":"https:\/\/vosgesinfo.fr\/remiremontinfo\/2020\/05\/coronavirus-deux-nouveaux-deces-vosges-24h\/","title":{"rendered":"Coronavirus : deux nouveaux d\u00e9c\u00e8s dans les Vosges en 24h"},"content":{"rendered":"<h2>Nous sommes \u00e0 quelques jours du d\u00e9-confinement et le nombre de malades atteint du Covid-19 \u00ab\u00a0d\u00e9gonfle\u00a0\u00bb chaque jour un peu plus au niveau national\u2026 On d\u00e9nombre ce mardi 3 011 d\u00e9c\u00e8s du coronavirus dans les h\u00f4pitaux du Grand Est,\u00a0soit 28 nouveaux d\u00e9c\u00e8s enregistr\u00e9s en 24h.\u00a0Le nombre de personnes hospitalis\u00e9es\u00a0 a baiss\u00e9 ce mardi 3671 (-102).<\/h2>\n<p>Dans les Vosges,\u00a0200 personnes restent soign\u00e9es pour un Covid-19 dans les h\u00f4pitaux (-10 en 24h).\u00a010 personnes sont toujours prises en charge en r\u00e9animation (-2 en 24h).<\/p>\n<p>Ce mardi, 14 personnes ont pu rentrer chez elles, 496 depuis le d\u00e9but de l\u2019\u00e9pid\u00e9mie.<\/p>\n<p>Deux nouveaux d\u00e9c\u00e8s ont \u00e9t\u00e9 enregistr\u00e9s en milieu hospitalier. Au total, l\u2019\u00e9pid\u00e9mie de coronavirus a caus\u00e9 la mort de 243 personnes dans le d\u00e9partement des Vosges.<\/p>\n<p><a href=\"https:\/\/www.gouvernement.fr\/info-coronavirus\/carte-et-donnees\" target=\"_blank\" rel=\"noopener\">https:\/\/www.gouvernement.fr\/info-coronavirus\/carte-et-donnees<\/a><\/p>\n","protected":false},"excerpt":{"rendered":"<p>Nous sommes \u00e0 quelques jours du d\u00e9-confinement et le nombre de malades atteint du Covid-19 \u00ab\u00a0d\u00e9gonfle\u00a0\u00bb chaque jour un peu [&hellip;]<\/p>\n","protected":false},"author":392,"featured_media":27032,"comment_status":"open","ping_status":"open","sticky":false,"template":"","format":"standard","meta":{"footnotes":""},"categories":[26,18],"tags":[],"class_list":["post-27031","post","type-post","status-publish","format-standard","has-post-thumbnail","hentry","category-a-la-une","category-vosges"],"acf":[],"yoast_head":"<!-- This site is optimized with the Yoast SEO plugin v22.5 - https:\/\/yoast.com\/wordpress\/plugins\/seo\/ -->\n<title>Coronavirus : deux nouveaux d\u00e9c\u00e8s dans les Vosges en 24h - Remiremont Info<\/title>\n<meta name=\"robots\" content=\"index, follow, max-snippet:-1, max-image-preview:large, max-video-preview:-1\" \/>\n<link rel=\"canonical\" href=\"https:\/\/vosgesinfo.fr\/remiremontinfo\/2020\/05\/coronavirus-deux-nouveaux-deces-vosges-24h\/\" \/>\n<meta name=\"twitter:card\" content=\"summary_large_image\" \/>\n<meta name=\"twitter:title\" content=\"Coronavirus : deux nouveaux d\u00e9c\u00e8s dans les Vosges en 24h - Remiremont Info\" \/>\n<meta name=\"twitter:description\" content=\"Nous sommes \u00e0 quelques jours du d\u00e9-confinement et le nombre de malades atteint du Covid-19 \u00ab\u00a0d\u00e9gonfle\u00a0\u00bb chaque jour un peu [&hellip;]\" \/>\n<meta name=\"twitter:image\" content=\"https:\/\/vosgesinfo.fr\/app\/uploads\/sites\/5\/2024\/09\/202004virus-4898571-1920-800x533-5.jpg\" \/>\n<meta name=\"twitter:creator\" content=\"@VosgesInfo88\" \/>\n<meta name=\"twitter:site\" content=\"@VosgesInfo88\" \/>\n<meta name=\"twitter:label1\" content=\"\u00c9crit par\" \/>\n\t<meta name=\"twitter:data1\" content=\"La redaction\" \/>\n\t<meta name=\"twitter:label2\" content=\"Dur\u00e9e de lecture estim\u00e9e\" \/>\n\t<meta name=\"twitter:data2\" content=\"1 minute\" \/>\n<script type=\"application\/ld+json\" class=\"yoast-schema-graph\">{\"@context\":\"https:\/\/schema.org\",\"@graph\":[{\"@type\":\"Article\",\"@id\":\"https:\/\/vosgesinfo.fr\/remiremontinfo\/2020\/05\/coronavirus-deux-nouveaux-deces-vosges-24h\/#article\",\"isPartOf\":{\"@id\":\"https:\/\/vosgesinfo.fr\/remiremontinfo\/2020\/05\/coronavirus-deux-nouveaux-deces-vosges-24h\/\"},\"author\":{\"name\":\"La redaction\",\"@id\":\"https:\/\/vosgesinfo.fr\/remiremontinfo\/#\/schema\/person\/80c6ea85ff4afefe81dceaf949954c76\"},\"headline\":\"Coronavirus : deux nouveaux d\u00e9c\u00e8s dans les Vosges en 24h\",\"datePublished\":\"2020-05-06T07:20:48+00:00\",\"dateModified\":\"2020-05-06T07:20:48+00:00\",\"mainEntityOfPage\":{\"@id\":\"https:\/\/vosgesinfo.fr\/remiremontinfo\/2020\/05\/coronavirus-deux-nouveaux-deces-vosges-24h\/\"},\"wordCount\":155,\"commentCount\":0,\"publisher\":{\"@id\":\"https:\/\/vosgesinfo.fr\/remiremontinfo\/#organization\"},\"image\":{\"@id\":\"https:\/\/vosgesinfo.fr\/remiremontinfo\/2020\/05\/coronavirus-deux-nouveaux-deces-vosges-24h\/#primaryimage\"},\"thumbnailUrl\":\"https:\/\/vosgesinfo.fr\/app\/uploads\/sites\/5\/2024\/09\/202004virus-4898571-1920-800x533-5.jpg\",\"articleSection\":[\"A la Une\",\"Vosges\"],\"inLanguage\":\"fr-FR\",\"potentialAction\":[{\"@type\":\"CommentAction\",\"name\":\"Comment\",\"target\":[\"https:\/\/vosgesinfo.fr\/remiremontinfo\/2020\/05\/coronavirus-deux-nouveaux-deces-vosges-24h\/#respond\"]}]},{\"@type\":\"WebPage\",\"@id\":\"https:\/\/vosgesinfo.fr\/remiremontinfo\/2020\/05\/coronavirus-deux-nouveaux-deces-vosges-24h\/\",\"url\":\"https:\/\/vosgesinfo.fr\/remiremontinfo\/2020\/05\/coronavirus-deux-nouveaux-deces-vosges-24h\/\",\"name\":\"Coronavirus : deux nouveaux d\u00e9c\u00e8s dans les Vosges en 24h - Remiremont Info\",\"isPartOf\":{\"@id\":\"https:\/\/vosgesinfo.fr\/remiremontinfo\/#website\"},\"primaryImageOfPage\":{\"@id\":\"https:\/\/vosgesinfo.fr\/remiremontinfo\/2020\/05\/coronavirus-deux-nouveaux-deces-vosges-24h\/#primaryimage\"},\"image\":{\"@id\":\"https:\/\/vosgesinfo.fr\/remiremontinfo\/2020\/05\/coronavirus-deux-nouveaux-deces-vosges-24h\/#primaryimage\"},\"thumbnailUrl\":\"https:\/\/vosgesinfo.fr\/app\/uploads\/sites\/5\/2024\/09\/202004virus-4898571-1920-800x533-5.jpg\",\"datePublished\":\"2020-05-06T07:20:48+00:00\",\"dateModified\":\"2020-05-06T07:20:48+00:00\",\"breadcrumb\":{\"@id\":\"https:\/\/vosgesinfo.fr\/remiremontinfo\/2020\/05\/coronavirus-deux-nouveaux-deces-vosges-24h\/#breadcrumb\"},\"inLanguage\":\"fr-FR\",\"potentialAction\":[{\"@type\":\"ReadAction\",\"target\":[\"https:\/\/vosgesinfo.fr\/remiremontinfo\/2020\/05\/coronavirus-deux-nouveaux-deces-vosges-24h\/\"]}]},{\"@type\":\"ImageObject\",\"inLanguage\":\"fr-FR\",\"@id\":\"https:\/\/vosgesinfo.fr\/remiremontinfo\/2020\/05\/coronavirus-deux-nouveaux-deces-vosges-24h\/#primaryimage\",\"url\":\"https:\/\/vosgesinfo.fr\/app\/uploads\/sites\/5\/2024\/09\/202004virus-4898571-1920-800x533-5.jpg\",\"contentUrl\":\"https:\/\/vosgesinfo.fr\/app\/uploads\/sites\/5\/2024\/09\/202004virus-4898571-1920-800x533-5.jpg\",\"width\":800,\"height\":533},{\"@type\":\"BreadcrumbList\",\"@id\":\"https:\/\/vosgesinfo.fr\/remiremontinfo\/2020\/05\/coronavirus-deux-nouveaux-deces-vosges-24h\/#breadcrumb\",\"itemListElement\":[{\"@type\":\"ListItem\",\"position\":1,\"name\":\"Home\",\"item\":\"https:\/\/vosgesinfo.fr\/remiremontinfo\/\"},{\"@type\":\"ListItem\",\"position\":2,\"name\":\"Coronavirus : deux nouveaux d\u00e9c\u00e8s dans les Vosges en 24h\"}]},{\"@type\":\"WebSite\",\"@id\":\"https:\/\/vosgesinfo.fr\/remiremontinfo\/#website\",\"url\":\"https:\/\/vosgesinfo.fr\/remiremontinfo\/\",\"name\":\"Remiremont Info\",\"description\":\"Toute l&#039;actualit\u00e9 de Remiremont\",\"publisher\":{\"@id\":\"https:\/\/vosgesinfo.fr\/remiremontinfo\/#organization\"},\"alternateName\":\"Toute l'actualit\u00e9 de Remiremont\",\"potentialAction\":[{\"@type\":\"SearchAction\",\"target\":{\"@type\":\"EntryPoint\",\"urlTemplate\":\"https:\/\/vosgesinfo.fr\/remiremontinfo\/?s={search_term_string}\"},\"query-input\":\"required name=search_term_string\"}],\"inLanguage\":\"fr-FR\"},{\"@type\":\"Organization\",\"@id\":\"https:\/\/vosgesinfo.fr\/remiremontinfo\/#organization\",\"name\":\"Remiremont Info\",\"url\":\"https:\/\/vosgesinfo.fr\/remiremontinfo\/\",\"logo\":{\"@type\":\"ImageObject\",\"inLanguage\":\"fr-FR\",\"@id\":\"https:\/\/vosgesinfo.fr\/remiremontinfo\/#\/schema\/logo\/image\/\",\"url\":\"https:\/\/vosgesinfo.fr\/app\/uploads\/sites\/5\/2023\/08\/favicon-remiremontinfo.png\",\"contentUrl\":\"https:\/\/vosgesinfo.fr\/app\/uploads\/sites\/5\/2023\/08\/favicon-remiremontinfo.png\",\"width\":512,\"height\":512,\"caption\":\"Remiremont Info\"},\"image\":{\"@id\":\"https:\/\/vosgesinfo.fr\/remiremontinfo\/#\/schema\/logo\/image\/\"},\"sameAs\":[\"https:\/\/www.facebook.com\/remiremontinfo\",\"https:\/\/x.com\/VosgesInfo88\",\"https:\/\/www.youtube.com\/@vosgesinfo\"]},{\"@type\":\"Person\",\"@id\":\"https:\/\/vosgesinfo.fr\/remiremontinfo\/#\/schema\/person\/80c6ea85ff4afefe81dceaf949954c76\",\"name\":\"La redaction\",\"image\":{\"@type\":\"ImageObject\",\"inLanguage\":\"fr-FR\",\"@id\":\"https:\/\/vosgesinfo.fr\/remiremontinfo\/#\/schema\/person\/image\/\",\"url\":\"https:\/\/secure.gravatar.com\/avatar\/fa684fed8c27e631d40f39d17520286009f89cf7526728ea4e58b5a8c426c16a?s=96&d=mm&r=g\",\"contentUrl\":\"https:\/\/secure.gravatar.com\/avatar\/fa684fed8c27e631d40f39d17520286009f89cf7526728ea4e58b5a8c426c16a?s=96&d=mm&r=g\",\"caption\":\"La redaction\"},\"url\":\"https:\/\/vosgesinfo.fr\/remiremontinfo\/author\/d-p\/\"}]}<\/script>\n<!-- \/ Yoast SEO plugin. -->","yoast_head_json":{"title":"Coronavirus : deux nouveaux d\u00e9c\u00e8s dans les Vosges en 24h - Remiremont Info","robots":{"index":"index","follow":"follow","max-snippet":"max-snippet:-1","max-image-preview":"max-image-preview:large","max-video-preview":"max-video-preview:-1"},"canonical":"https:\/\/vosgesinfo.fr\/remiremontinfo\/2020\/05\/coronavirus-deux-nouveaux-deces-vosges-24h\/","twitter_card":"summary_large_image","twitter_title":"Coronavirus : deux nouveaux d\u00e9c\u00e8s dans les Vosges en 24h - Remiremont Info","twitter_description":"Nous sommes \u00e0 quelques jours du d\u00e9-confinement et le nombre de malades atteint du Covid-19 \u00ab\u00a0d\u00e9gonfle\u00a0\u00bb chaque jour un peu [&hellip;]","twitter_image":"https:\/\/vosgesinfo.fr\/app\/uploads\/sites\/5\/2024\/09\/202004virus-4898571-1920-800x533-5.jpg","twitter_creator":"@VosgesInfo88","twitter_site":"@VosgesInfo88","twitter_misc":{"\u00c9crit par":"La redaction","Dur\u00e9e de lecture estim\u00e9e":"1 minute"},"schema":{"@context":"https:\/\/schema.org","@graph":[{"@type":"Article","@id":"https:\/\/vosgesinfo.fr\/remiremontinfo\/2020\/05\/coronavirus-deux-nouveaux-deces-vosges-24h\/#article","isPartOf":{"@id":"https:\/\/vosgesinfo.fr\/remiremontinfo\/2020\/05\/coronavirus-deux-nouveaux-deces-vosges-24h\/"},"author":{"name":"La redaction","@id":"https:\/\/vosgesinfo.fr\/remiremontinfo\/#\/schema\/person\/80c6ea85ff4afefe81dceaf949954c76"},"headline":"Coronavirus : deux nouveaux d\u00e9c\u00e8s dans les Vosges en 24h","datePublished":"2020-05-06T07:20:48+00:00","dateModified":"2020-05-06T07:20:48+00:00","mainEntityOfPage":{"@id":"https:\/\/vosgesinfo.fr\/remiremontinfo\/2020\/05\/coronavirus-deux-nouveaux-deces-vosges-24h\/"},"wordCount":155,"commentCount":0,"publisher":{"@id":"https:\/\/vosgesinfo.fr\/remiremontinfo\/#organization"},"image":{"@id":"https:\/\/vosgesinfo.fr\/remiremontinfo\/2020\/05\/coronavirus-deux-nouveaux-deces-vosges-24h\/#primaryimage"},"thumbnailUrl":"https:\/\/vosgesinfo.fr\/app\/uploads\/sites\/5\/2024\/09\/202004virus-4898571-1920-800x533-5.jpg","articleSection":["A la Une","Vosges"],"inLanguage":"fr-FR","potentialAction":[{"@type":"CommentAction","name":"Comment","target":["https:\/\/vosgesinfo.fr\/remiremontinfo\/2020\/05\/coronavirus-deux-nouveaux-deces-vosges-24h\/#respond"]}]},{"@type":"WebPage","@id":"https:\/\/vosgesinfo.fr\/remiremontinfo\/2020\/05\/coronavirus-deux-nouveaux-deces-vosges-24h\/","url":"https:\/\/vosgesinfo.fr\/remiremontinfo\/2020\/05\/coronavirus-deux-nouveaux-deces-vosges-24h\/","name":"Coronavirus : deux nouveaux d\u00e9c\u00e8s dans les Vosges en 24h - Remiremont Info","isPartOf":{"@id":"https:\/\/vosgesinfo.fr\/remiremontinfo\/#website"},"primaryImageOfPage":{"@id":"https:\/\/vosgesinfo.fr\/remiremontinfo\/2020\/05\/coronavirus-deux-nouveaux-deces-vosges-24h\/#primaryimage"},"image":{"@id":"https:\/\/vosgesinfo.fr\/remiremontinfo\/2020\/05\/coronavirus-deux-nouveaux-deces-vosges-24h\/#primaryimage"},"thumbnailUrl":"https:\/\/vosgesinfo.fr\/app\/uploads\/sites\/5\/2024\/09\/202004virus-4898571-1920-800x533-5.jpg","datePublished":"2020-05-06T07:20:48+00:00","dateModified":"2020-05-06T07:20:48+00:00","breadcrumb":{"@id":"https:\/\/vosgesinfo.fr\/remiremontinfo\/2020\/05\/coronavirus-deux-nouveaux-deces-vosges-24h\/#breadcrumb"},"inLanguage":"fr-FR","potentialAction":[{"@type":"ReadAction","target":["https:\/\/vosgesinfo.fr\/remiremontinfo\/2020\/05\/coronavirus-deux-nouveaux-deces-vosges-24h\/"]}]},{"@type":"ImageObject","inLanguage":"fr-FR","@id":"https:\/\/vosgesinfo.fr\/remiremontinfo\/2020\/05\/coronavirus-deux-nouveaux-deces-vosges-24h\/#primaryimage","url":"https:\/\/vosgesinfo.fr\/app\/uploads\/sites\/5\/2024\/09\/202004virus-4898571-1920-800x533-5.jpg","contentUrl":"https:\/\/vosgesinfo.fr\/app\/uploads\/sites\/5\/2024\/09\/202004virus-4898571-1920-800x533-5.jpg","width":800,"height":533},{"@type":"BreadcrumbList","@id":"https:\/\/vosgesinfo.fr\/remiremontinfo\/2020\/05\/coronavirus-deux-nouveaux-deces-vosges-24h\/#breadcrumb","itemListElement":[{"@type":"ListItem","position":1,"name":"Home","item":"https:\/\/vosgesinfo.fr\/remiremontinfo\/"},{"@type":"ListItem","position":2,"name":"Coronavirus : deux nouveaux d\u00e9c\u00e8s dans les Vosges en 24h"}]},{"@type":"WebSite","@id":"https:\/\/vosgesinfo.fr\/remiremontinfo\/#website","url":"https:\/\/vosgesinfo.fr\/remiremontinfo\/","name":"Remiremont Info","description":"Toute l&#039;actualit\u00e9 de Remiremont","publisher":{"@id":"https:\/\/vosgesinfo.fr\/remiremontinfo\/#organization"},"alternateName":"Toute l'actualit\u00e9 de Remiremont","potentialAction":[{"@type":"SearchAction","target":{"@type":"EntryPoint","urlTemplate":"https:\/\/vosgesinfo.fr\/remiremontinfo\/?s={search_term_string}"},"query-input":"required name=search_term_string"}],"inLanguage":"fr-FR"},{"@type":"Organization","@id":"https:\/\/vosgesinfo.fr\/remiremontinfo\/#organization","name":"Remiremont Info","url":"https:\/\/vosgesinfo.fr\/remiremontinfo\/","logo":{"@type":"ImageObject","inLanguage":"fr-FR","@id":"https:\/\/vosgesinfo.fr\/remiremontinfo\/#\/schema\/logo\/image\/","url":"https:\/\/vosgesinfo.fr\/app\/uploads\/sites\/5\/2023\/08\/favicon-remiremontinfo.png","contentUrl":"https:\/\/vosgesinfo.fr\/app\/uploads\/sites\/5\/2023\/08\/favicon-remiremontinfo.png","width":512,"height":512,"caption":"Remiremont Info"},"image":{"@id":"https:\/\/vosgesinfo.fr\/remiremontinfo\/#\/schema\/logo\/image\/"},"sameAs":["https:\/\/www.facebook.com\/remiremontinfo","https:\/\/x.com\/VosgesInfo88","https:\/\/www.youtube.com\/@vosgesinfo"]},{"@type":"Person","@id":"https:\/\/vosgesinfo.fr\/remiremontinfo\/#\/schema\/person\/80c6ea85ff4afefe81dceaf949954c76","name":"La redaction","image":{"@type":"ImageObject","inLanguage":"fr-FR","@id":"https:\/\/vosgesinfo.fr\/remiremontinfo\/#\/schema\/person\/image\/","url":"https:\/\/secure.gravatar.com\/avatar\/fa684fed8c27e631d40f39d17520286009f89cf7526728ea4e58b5a8c426c16a?s=96&d=mm&r=g","contentUrl":"https:\/\/secure.gravatar.com\/avatar\/fa684fed8c27e631d40f39d17520286009f89cf7526728ea4e58b5a8c426c16a?s=96&d=mm&r=g","caption":"La redaction"},"url":"https:\/\/vosgesinfo.fr\/remiremontinfo\/author\/d-p\/"}]}},"_links":{"self":[{"href":"https:\/\/vosgesinfo.fr\/remiremontinfo\/wp-json\/wp\/v2\/posts\/27031","targetHints":{"allow":["GET"]}}],"collection":[{"href":"https:\/\/vosgesinfo.fr\/remiremontinfo\/wp-json\/wp\/v2\/posts"}],"about":[{"href":"https:\/\/vosgesinfo.fr\/remiremontinfo\/wp-json\/wp\/v2\/types\/post"}],"author":[{"embeddable":true,"href":"https:\/\/vosgesinfo.fr\/remiremontinfo\/wp-json\/wp\/v2\/users\/392"}],"replies":[{"embeddable":true,"href":"https:\/\/vosgesinfo.fr\/remiremontinfo\/wp-json\/wp\/v2\/comments?post=27031"}],"version-history":[{"count":0,"href":"https:\/\/vosgesinfo.fr\/remiremontinfo\/wp-json\/wp\/v2\/posts\/27031\/revisions"}],"wp:featuredmedia":[{"embeddable":true,"href":"https:\/\/vosgesinfo.fr\/remiremontinfo\/wp-json\/wp\/v2\/media\/27032"}],"wp:attachment":[{"href":"https:\/\/vosgesinfo.fr\/remiremontinfo\/wp-json\/wp\/v2\/media?parent=27031"}],"wp:term":[{"taxonomy":"category","embeddable":true,"href":"https:\/\/vosgesinfo.fr\/remiremontinfo\/wp-json\/wp\/v2\/categories?post=27031"},{"taxonomy":"post_tag","embeddable":true,"href":"https:\/\/vosgesinfo.fr\/remiremontinfo\/wp-json\/wp\/v2\/tags?post=27031"}],"curies":[{"name":"wp","href":"https:\/\/api.w.org\/{rel}","templated":true}]}}