{"id":27047,"date":"2020-05-07T06:04:03","date_gmt":"2020-05-07T04:04:03","guid":{"rendered":"https:\/\/vosgesinfo.fr\/remiremontinfo\/2020\/05\/region-deces-apres-confondu-colchique-lail-ours\/"},"modified":"2020-05-07T06:04:03","modified_gmt":"2020-05-07T04:04:03","slug":"region-deces-apres-confondu-colchique-lail-ours","status":"publish","type":"post","link":"https:\/\/vosgesinfo.fr\/remiremontinfo\/2020\/05\/region-deces-apres-confondu-colchique-lail-ours\/","title":{"rendered":"R\u00e9gion \u2013 Un d\u00e9c\u00e8s apr\u00e8s avoir confondu la colchique et l\u2019ail des ours"},"content":{"rendered":"<p><a href=\"\/2020\/05\/bears-garlic-5058313_1920-800x533.jpg\"><img decoding=\"async\" class=\"alignnone size-full wp-image-286424\" src=\"\/2020\/05\/bears-garlic-5058313_1920-800x533.jpg\" alt=\"bears-garlic-5058313_1920-800x533\" width=\"800\" height=\"533\" \/><\/a><\/p>\n<h2>Attention, les autorit\u00e9s sanitaires lancent un appel \u00e0 la prudence suite \u00e0 un d\u00e9c\u00e8s en r\u00e9gion Grand Est. En effet,\u00a0l\u2019Anses et les centres antipoison alertent sur les risques li\u00e9s \u00e0 la cueillette et \u00e0 la consommation de plantes sauvages toxiques confondues avec des plantes comestibles et plus particuli\u00e8rement sur le risque d\u2019intoxication grave li\u00e9 au colchique.<\/h2>\n<p>Lors d\u2019une cueillette, il a confondu la colchique et l\u2019ail des ours. Cet habitant du Grand Est est d\u00e9c\u00e9d\u00e9 apr\u00e8s avoir mang\u00e9 de la colchique au lieu de l\u2019ail des ours.<\/p>\n<p><a href=\"https:\/\/www.anses.fr\/fr\/content\/confusion-entre-colchique-et-ail-des-ours-un-cas-d%E2%80%99intoxication-mortelle-signal%C3%A9-par-les-0\" target=\"_blank\" rel=\"noopener\">L\u2019Anses<\/a> rappelle que <em>\u00ab\u00a0l\u2019ingestion de colchique peut engendrer une intoxication grave voire mortelle, en fonction de la quantit\u00e9 de feuilles ing\u00e9r\u00e9es, de la concentration tr\u00e8s variable de colchicine pr\u00e9sente dans la plante, et de l\u2019association avec certains m\u00e9dicaments courants (antibiotiques de type macrolides, antivitamine K\u2026) qui peuvent accro\u00eetre notablement le risque toxique. Les premi\u00e8res manifestations cliniques sont des troubles digestifs (vomissements et diarrh\u00e9es) pouvant \u00eatre s\u00e9v\u00e8res, dans les heures suivant l\u2019ingestion.\u00a0\u00bb<\/em><\/p>\n<p>L\u2019ail des ours<strong>\u00a0<\/strong>est une plante sauvage comestible, haute de 15 \u00e0 40 cm \u00e0 maturit\u00e9, qui<strong>\u00a0<\/strong>pr\u00e9sente une odeur caract\u00e9ristique d\u2019ail, notamment lorsque l\u2019on froisse ses feuilles. Les feuilles sont plus ou moins brillantes, ovales et pointues, port\u00e9es par des tiges. <em>\u00ab\u00a0Cette plante pousse souvent en grands tapis dans les sous-bois frais, les fonds de vallons ombrag\u00e9s et humides ou le long des ruisseaux. Les feuilles apparaissent en f\u00e9vrier-mars et les fleurs d\u2019avril \u00e0 d\u00e9but juin. La p\u00e9riode de la r\u00e9colte se termine avec les premi\u00e8res fleurs.\u00a0\u00bb<\/em> explique l\u2019Anses.<\/p>\n<h3>La confusion est possible dans toute la France<\/h3>\n<p>En 2019, les centres antipoison ont rapport\u00e9 31 cas d\u2019exposition au colchique, dont 4 intoxications graves. Ce printemps, un\u00a0d\u00e9c\u00e8s est survenu suite \u00e0 la consommation de colchique cuisin\u00e9 en pesto et confondu avec de l\u2019ail des ours au moment de sa cueillette.<\/p>\n<p>Les intoxications par confusion de cueillette de plantes comestibles ne sont pas rares. Chaque ann\u00e9e, le r\u00e9seau des centres antipoison enregistre environ 250 cas de confusion de plantes toxiques avec des plantes comestibles.\u00a0Un aide-m\u00e9moire pour \u00e9viter les confusions entre les plantes comestibles et toxiques est disponible sur<a class=\" at--tag\" href=\"https:\/\/www.anses.fr\/system\/files\/2020-02_aide_memoire-plantes_toxiques.pdf\" target=\"_blank\" data-type=\"download\" data-name=\"un_aide_memoire_pour_eviter_les_confusions_entre_les_plantes_comestibles_et_toxiques_est_disponible_sur_le_site_de_lanses\" data-level2=\"27\" data-chapter1=\"article\" data-chapter2=\"document\" rel=\"noopener\"> le site de l\u2019Anses<\/a><\/p>\n<h3>Contacter le centre antipoison<\/h3>\n<p>Au moindre doute apr\u00e8s ingestion ou en pr\u00e9sence de sympt\u00f4mes notamment digestifs dans les heures suivant la consommation d\u2019un plat avec de l\u2019ail des ours ou du poireau sauvage, contactez sans d\u00e9lai un centre antipoison.<strong>\u00a0Les centres antipoison donnent des t\u00e9l\u00e9consultations m\u00e9dicales gratuites, en urgence, 24h\/24.\u00a0Appelez le 15 en cas de d\u00e9tresse vitale (coma, d\u00e9tresse respiratoire\u2026)<\/strong><\/p>\n<p class=\"rtecenter\"><a class=\" at--tag\" href=\"http:\/\/www.centres-antipoison.net\/\" target=\"_blank\" data-type=\"navigation\" data-name=\"www_centres_antipoison_net\" data-level2=\"27\" data-chapter1=\"article\" data-chapter2=\"confusion_entre_colchique_et_ail_des_ours_un_cas_dintoxication_mortelle_signale_par_les_centres_antipoison\" rel=\"noopener\">www.centres-antipoison.net<\/a><\/p>\n","protected":false},"excerpt":{"rendered":"<p>Attention, les autorit\u00e9s sanitaires lancent un appel \u00e0 la prudence suite \u00e0 un d\u00e9c\u00e8s en r\u00e9gion Grand Est. En effet,\u00a0l\u2019Anses [&hellip;]<\/p>\n","protected":false},"author":392,"featured_media":27048,"comment_status":"open","ping_status":"open","sticky":false,"template":"","format":"standard","meta":{"footnotes":""},"categories":[26,8],"tags":[],"class_list":["post-27047","post","type-post","status-publish","format-standard","has-post-thumbnail","hentry","category-a-la-une","category-faits-divers"],"acf":[],"yoast_head":"<!-- This site is optimized with the Yoast SEO plugin v22.5 - https:\/\/yoast.com\/wordpress\/plugins\/seo\/ -->\n<title>R\u00e9gion \u2013 Un d\u00e9c\u00e8s apr\u00e8s avoir confondu la colchique et l\u2019ail des ours - Remiremont Info<\/title>\n<meta name=\"robots\" content=\"index, follow, max-snippet:-1, max-image-preview:large, max-video-preview:-1\" \/>\n<link rel=\"canonical\" href=\"https:\/\/vosgesinfo.fr\/remiremontinfo\/2020\/05\/region-deces-apres-confondu-colchique-lail-ours\/\" \/>\n<meta name=\"twitter:card\" content=\"summary_large_image\" \/>\n<meta name=\"twitter:title\" content=\"R\u00e9gion \u2013 Un d\u00e9c\u00e8s apr\u00e8s avoir confondu la colchique et l\u2019ail des ours - Remiremont Info\" \/>\n<meta name=\"twitter:description\" content=\"Attention, les autorit\u00e9s sanitaires lancent un appel \u00e0 la prudence suite \u00e0 un d\u00e9c\u00e8s en r\u00e9gion Grand Est. En effet,\u00a0l\u2019Anses [&hellip;]\" \/>\n<meta name=\"twitter:image\" content=\"https:\/\/vosgesinfo.fr\/app\/uploads\/sites\/5\/2024\/09\/202005bears-garlic-5058313-1920-800x533-1.jpg\" \/>\n<meta name=\"twitter:creator\" content=\"@VosgesInfo88\" \/>\n<meta name=\"twitter:site\" content=\"@VosgesInfo88\" \/>\n<meta name=\"twitter:label1\" content=\"\u00c9crit par\" \/>\n\t<meta name=\"twitter:data1\" content=\"La redaction\" \/>\n\t<meta name=\"twitter:label2\" content=\"Dur\u00e9e de lecture estim\u00e9e\" \/>\n\t<meta name=\"twitter:data2\" content=\"2 minutes\" \/>\n<script type=\"application\/ld+json\" class=\"yoast-schema-graph\">{\"@context\":\"https:\/\/schema.org\",\"@graph\":[{\"@type\":\"Article\",\"@id\":\"https:\/\/vosgesinfo.fr\/remiremontinfo\/2020\/05\/region-deces-apres-confondu-colchique-lail-ours\/#article\",\"isPartOf\":{\"@id\":\"https:\/\/vosgesinfo.fr\/remiremontinfo\/2020\/05\/region-deces-apres-confondu-colchique-lail-ours\/\"},\"author\":{\"name\":\"La redaction\",\"@id\":\"https:\/\/vosgesinfo.fr\/remiremontinfo\/#\/schema\/person\/80c6ea85ff4afefe81dceaf949954c76\"},\"headline\":\"R\u00e9gion \u2013 Un d\u00e9c\u00e8s apr\u00e8s avoir confondu la colchique et l\u2019ail des ours\",\"datePublished\":\"2020-05-07T04:04:03+00:00\",\"dateModified\":\"2020-05-07T04:04:03+00:00\",\"mainEntityOfPage\":{\"@id\":\"https:\/\/vosgesinfo.fr\/remiremontinfo\/2020\/05\/region-deces-apres-confondu-colchique-lail-ours\/\"},\"wordCount\":479,\"commentCount\":0,\"publisher\":{\"@id\":\"https:\/\/vosgesinfo.fr\/remiremontinfo\/#organization\"},\"image\":{\"@id\":\"https:\/\/vosgesinfo.fr\/remiremontinfo\/2020\/05\/region-deces-apres-confondu-colchique-lail-ours\/#primaryimage\"},\"thumbnailUrl\":\"https:\/\/vosgesinfo.fr\/app\/uploads\/sites\/5\/2024\/09\/202005bears-garlic-5058313-1920-800x533-1.jpg\",\"articleSection\":[\"A la Une\",\"Faits-divers\"],\"inLanguage\":\"fr-FR\",\"potentialAction\":[{\"@type\":\"CommentAction\",\"name\":\"Comment\",\"target\":[\"https:\/\/vosgesinfo.fr\/remiremontinfo\/2020\/05\/region-deces-apres-confondu-colchique-lail-ours\/#respond\"]}]},{\"@type\":\"WebPage\",\"@id\":\"https:\/\/vosgesinfo.fr\/remiremontinfo\/2020\/05\/region-deces-apres-confondu-colchique-lail-ours\/\",\"url\":\"https:\/\/vosgesinfo.fr\/remiremontinfo\/2020\/05\/region-deces-apres-confondu-colchique-lail-ours\/\",\"name\":\"R\u00e9gion \u2013 Un d\u00e9c\u00e8s apr\u00e8s avoir confondu la colchique et l\u2019ail des ours - Remiremont Info\",\"isPartOf\":{\"@id\":\"https:\/\/vosgesinfo.fr\/remiremontinfo\/#website\"},\"primaryImageOfPage\":{\"@id\":\"https:\/\/vosgesinfo.fr\/remiremontinfo\/2020\/05\/region-deces-apres-confondu-colchique-lail-ours\/#primaryimage\"},\"image\":{\"@id\":\"https:\/\/vosgesinfo.fr\/remiremontinfo\/2020\/05\/region-deces-apres-confondu-colchique-lail-ours\/#primaryimage\"},\"thumbnailUrl\":\"https:\/\/vosgesinfo.fr\/app\/uploads\/sites\/5\/2024\/09\/202005bears-garlic-5058313-1920-800x533-1.jpg\",\"datePublished\":\"2020-05-07T04:04:03+00:00\",\"dateModified\":\"2020-05-07T04:04:03+00:00\",\"breadcrumb\":{\"@id\":\"https:\/\/vosgesinfo.fr\/remiremontinfo\/2020\/05\/region-deces-apres-confondu-colchique-lail-ours\/#breadcrumb\"},\"inLanguage\":\"fr-FR\",\"potentialAction\":[{\"@type\":\"ReadAction\",\"target\":[\"https:\/\/vosgesinfo.fr\/remiremontinfo\/2020\/05\/region-deces-apres-confondu-colchique-lail-ours\/\"]}]},{\"@type\":\"ImageObject\",\"inLanguage\":\"fr-FR\",\"@id\":\"https:\/\/vosgesinfo.fr\/remiremontinfo\/2020\/05\/region-deces-apres-confondu-colchique-lail-ours\/#primaryimage\",\"url\":\"https:\/\/vosgesinfo.fr\/app\/uploads\/sites\/5\/2024\/09\/202005bears-garlic-5058313-1920-800x533-1.jpg\",\"contentUrl\":\"https:\/\/vosgesinfo.fr\/app\/uploads\/sites\/5\/2024\/09\/202005bears-garlic-5058313-1920-800x533-1.jpg\",\"width\":800,\"height\":533},{\"@type\":\"BreadcrumbList\",\"@id\":\"https:\/\/vosgesinfo.fr\/remiremontinfo\/2020\/05\/region-deces-apres-confondu-colchique-lail-ours\/#breadcrumb\",\"itemListElement\":[{\"@type\":\"ListItem\",\"position\":1,\"name\":\"Home\",\"item\":\"https:\/\/vosgesinfo.fr\/remiremontinfo\/\"},{\"@type\":\"ListItem\",\"position\":2,\"name\":\"R\u00e9gion \u2013 Un d\u00e9c\u00e8s apr\u00e8s avoir confondu la colchique et l\u2019ail des ours\"}]},{\"@type\":\"WebSite\",\"@id\":\"https:\/\/vosgesinfo.fr\/remiremontinfo\/#website\",\"url\":\"https:\/\/vosgesinfo.fr\/remiremontinfo\/\",\"name\":\"Remiremont Info\",\"description\":\"Toute l&#039;actualit\u00e9 de Remiremont\",\"publisher\":{\"@id\":\"https:\/\/vosgesinfo.fr\/remiremontinfo\/#organization\"},\"alternateName\":\"Toute l'actualit\u00e9 de Remiremont\",\"potentialAction\":[{\"@type\":\"SearchAction\",\"target\":{\"@type\":\"EntryPoint\",\"urlTemplate\":\"https:\/\/vosgesinfo.fr\/remiremontinfo\/?s={search_term_string}\"},\"query-input\":\"required name=search_term_string\"}],\"inLanguage\":\"fr-FR\"},{\"@type\":\"Organization\",\"@id\":\"https:\/\/vosgesinfo.fr\/remiremontinfo\/#organization\",\"name\":\"Remiremont Info\",\"url\":\"https:\/\/vosgesinfo.fr\/remiremontinfo\/\",\"logo\":{\"@type\":\"ImageObject\",\"inLanguage\":\"fr-FR\",\"@id\":\"https:\/\/vosgesinfo.fr\/remiremontinfo\/#\/schema\/logo\/image\/\",\"url\":\"https:\/\/vosgesinfo.fr\/app\/uploads\/sites\/5\/2023\/08\/favicon-remiremontinfo.png\",\"contentUrl\":\"https:\/\/vosgesinfo.fr\/app\/uploads\/sites\/5\/2023\/08\/favicon-remiremontinfo.png\",\"width\":512,\"height\":512,\"caption\":\"Remiremont Info\"},\"image\":{\"@id\":\"https:\/\/vosgesinfo.fr\/remiremontinfo\/#\/schema\/logo\/image\/\"},\"sameAs\":[\"https:\/\/www.facebook.com\/remiremontinfo\",\"https:\/\/x.com\/VosgesInfo88\",\"https:\/\/www.youtube.com\/@vosgesinfo\"]},{\"@type\":\"Person\",\"@id\":\"https:\/\/vosgesinfo.fr\/remiremontinfo\/#\/schema\/person\/80c6ea85ff4afefe81dceaf949954c76\",\"name\":\"La redaction\",\"image\":{\"@type\":\"ImageObject\",\"inLanguage\":\"fr-FR\",\"@id\":\"https:\/\/vosgesinfo.fr\/remiremontinfo\/#\/schema\/person\/image\/\",\"url\":\"https:\/\/secure.gravatar.com\/avatar\/fa684fed8c27e631d40f39d17520286009f89cf7526728ea4e58b5a8c426c16a?s=96&d=mm&r=g\",\"contentUrl\":\"https:\/\/secure.gravatar.com\/avatar\/fa684fed8c27e631d40f39d17520286009f89cf7526728ea4e58b5a8c426c16a?s=96&d=mm&r=g\",\"caption\":\"La redaction\"},\"url\":\"https:\/\/vosgesinfo.fr\/remiremontinfo\/author\/d-p\/\"}]}<\/script>\n<!-- \/ Yoast SEO plugin. -->","yoast_head_json":{"title":"R\u00e9gion \u2013 Un d\u00e9c\u00e8s apr\u00e8s avoir confondu la colchique et l\u2019ail des ours - Remiremont Info","robots":{"index":"index","follow":"follow","max-snippet":"max-snippet:-1","max-image-preview":"max-image-preview:large","max-video-preview":"max-video-preview:-1"},"canonical":"https:\/\/vosgesinfo.fr\/remiremontinfo\/2020\/05\/region-deces-apres-confondu-colchique-lail-ours\/","twitter_card":"summary_large_image","twitter_title":"R\u00e9gion \u2013 Un d\u00e9c\u00e8s apr\u00e8s avoir confondu la colchique et l\u2019ail des ours - Remiremont Info","twitter_description":"Attention, les autorit\u00e9s sanitaires lancent un appel \u00e0 la prudence suite \u00e0 un d\u00e9c\u00e8s en r\u00e9gion Grand Est. En effet,\u00a0l\u2019Anses [&hellip;]","twitter_image":"https:\/\/vosgesinfo.fr\/app\/uploads\/sites\/5\/2024\/09\/202005bears-garlic-5058313-1920-800x533-1.jpg","twitter_creator":"@VosgesInfo88","twitter_site":"@VosgesInfo88","twitter_misc":{"\u00c9crit par":"La redaction","Dur\u00e9e de lecture estim\u00e9e":"2 minutes"},"schema":{"@context":"https:\/\/schema.org","@graph":[{"@type":"Article","@id":"https:\/\/vosgesinfo.fr\/remiremontinfo\/2020\/05\/region-deces-apres-confondu-colchique-lail-ours\/#article","isPartOf":{"@id":"https:\/\/vosgesinfo.fr\/remiremontinfo\/2020\/05\/region-deces-apres-confondu-colchique-lail-ours\/"},"author":{"name":"La redaction","@id":"https:\/\/vosgesinfo.fr\/remiremontinfo\/#\/schema\/person\/80c6ea85ff4afefe81dceaf949954c76"},"headline":"R\u00e9gion \u2013 Un d\u00e9c\u00e8s apr\u00e8s avoir confondu la colchique et l\u2019ail des ours","datePublished":"2020-05-07T04:04:03+00:00","dateModified":"2020-05-07T04:04:03+00:00","mainEntityOfPage":{"@id":"https:\/\/vosgesinfo.fr\/remiremontinfo\/2020\/05\/region-deces-apres-confondu-colchique-lail-ours\/"},"wordCount":479,"commentCount":0,"publisher":{"@id":"https:\/\/vosgesinfo.fr\/remiremontinfo\/#organization"},"image":{"@id":"https:\/\/vosgesinfo.fr\/remiremontinfo\/2020\/05\/region-deces-apres-confondu-colchique-lail-ours\/#primaryimage"},"thumbnailUrl":"https:\/\/vosgesinfo.fr\/app\/uploads\/sites\/5\/2024\/09\/202005bears-garlic-5058313-1920-800x533-1.jpg","articleSection":["A la Une","Faits-divers"],"inLanguage":"fr-FR","potentialAction":[{"@type":"CommentAction","name":"Comment","target":["https:\/\/vosgesinfo.fr\/remiremontinfo\/2020\/05\/region-deces-apres-confondu-colchique-lail-ours\/#respond"]}]},{"@type":"WebPage","@id":"https:\/\/vosgesinfo.fr\/remiremontinfo\/2020\/05\/region-deces-apres-confondu-colchique-lail-ours\/","url":"https:\/\/vosgesinfo.fr\/remiremontinfo\/2020\/05\/region-deces-apres-confondu-colchique-lail-ours\/","name":"R\u00e9gion \u2013 Un d\u00e9c\u00e8s apr\u00e8s avoir confondu la colchique et l\u2019ail des ours - Remiremont Info","isPartOf":{"@id":"https:\/\/vosgesinfo.fr\/remiremontinfo\/#website"},"primaryImageOfPage":{"@id":"https:\/\/vosgesinfo.fr\/remiremontinfo\/2020\/05\/region-deces-apres-confondu-colchique-lail-ours\/#primaryimage"},"image":{"@id":"https:\/\/vosgesinfo.fr\/remiremontinfo\/2020\/05\/region-deces-apres-confondu-colchique-lail-ours\/#primaryimage"},"thumbnailUrl":"https:\/\/vosgesinfo.fr\/app\/uploads\/sites\/5\/2024\/09\/202005bears-garlic-5058313-1920-800x533-1.jpg","datePublished":"2020-05-07T04:04:03+00:00","dateModified":"2020-05-07T04:04:03+00:00","breadcrumb":{"@id":"https:\/\/vosgesinfo.fr\/remiremontinfo\/2020\/05\/region-deces-apres-confondu-colchique-lail-ours\/#breadcrumb"},"inLanguage":"fr-FR","potentialAction":[{"@type":"ReadAction","target":["https:\/\/vosgesinfo.fr\/remiremontinfo\/2020\/05\/region-deces-apres-confondu-colchique-lail-ours\/"]}]},{"@type":"ImageObject","inLanguage":"fr-FR","@id":"https:\/\/vosgesinfo.fr\/remiremontinfo\/2020\/05\/region-deces-apres-confondu-colchique-lail-ours\/#primaryimage","url":"https:\/\/vosgesinfo.fr\/app\/uploads\/sites\/5\/2024\/09\/202005bears-garlic-5058313-1920-800x533-1.jpg","contentUrl":"https:\/\/vosgesinfo.fr\/app\/uploads\/sites\/5\/2024\/09\/202005bears-garlic-5058313-1920-800x533-1.jpg","width":800,"height":533},{"@type":"BreadcrumbList","@id":"https:\/\/vosgesinfo.fr\/remiremontinfo\/2020\/05\/region-deces-apres-confondu-colchique-lail-ours\/#breadcrumb","itemListElement":[{"@type":"ListItem","position":1,"name":"Home","item":"https:\/\/vosgesinfo.fr\/remiremontinfo\/"},{"@type":"ListItem","position":2,"name":"R\u00e9gion \u2013 Un d\u00e9c\u00e8s apr\u00e8s avoir confondu la colchique et l\u2019ail des ours"}]},{"@type":"WebSite","@id":"https:\/\/vosgesinfo.fr\/remiremontinfo\/#website","url":"https:\/\/vosgesinfo.fr\/remiremontinfo\/","name":"Remiremont Info","description":"Toute l&#039;actualit\u00e9 de Remiremont","publisher":{"@id":"https:\/\/vosgesinfo.fr\/remiremontinfo\/#organization"},"alternateName":"Toute l'actualit\u00e9 de Remiremont","potentialAction":[{"@type":"SearchAction","target":{"@type":"EntryPoint","urlTemplate":"https:\/\/vosgesinfo.fr\/remiremontinfo\/?s={search_term_string}"},"query-input":"required name=search_term_string"}],"inLanguage":"fr-FR"},{"@type":"Organization","@id":"https:\/\/vosgesinfo.fr\/remiremontinfo\/#organization","name":"Remiremont Info","url":"https:\/\/vosgesinfo.fr\/remiremontinfo\/","logo":{"@type":"ImageObject","inLanguage":"fr-FR","@id":"https:\/\/vosgesinfo.fr\/remiremontinfo\/#\/schema\/logo\/image\/","url":"https:\/\/vosgesinfo.fr\/app\/uploads\/sites\/5\/2023\/08\/favicon-remiremontinfo.png","contentUrl":"https:\/\/vosgesinfo.fr\/app\/uploads\/sites\/5\/2023\/08\/favicon-remiremontinfo.png","width":512,"height":512,"caption":"Remiremont Info"},"image":{"@id":"https:\/\/vosgesinfo.fr\/remiremontinfo\/#\/schema\/logo\/image\/"},"sameAs":["https:\/\/www.facebook.com\/remiremontinfo","https:\/\/x.com\/VosgesInfo88","https:\/\/www.youtube.com\/@vosgesinfo"]},{"@type":"Person","@id":"https:\/\/vosgesinfo.fr\/remiremontinfo\/#\/schema\/person\/80c6ea85ff4afefe81dceaf949954c76","name":"La redaction","image":{"@type":"ImageObject","inLanguage":"fr-FR","@id":"https:\/\/vosgesinfo.fr\/remiremontinfo\/#\/schema\/person\/image\/","url":"https:\/\/secure.gravatar.com\/avatar\/fa684fed8c27e631d40f39d17520286009f89cf7526728ea4e58b5a8c426c16a?s=96&d=mm&r=g","contentUrl":"https:\/\/secure.gravatar.com\/avatar\/fa684fed8c27e631d40f39d17520286009f89cf7526728ea4e58b5a8c426c16a?s=96&d=mm&r=g","caption":"La redaction"},"url":"https:\/\/vosgesinfo.fr\/remiremontinfo\/author\/d-p\/"}]}},"_links":{"self":[{"href":"https:\/\/vosgesinfo.fr\/remiremontinfo\/wp-json\/wp\/v2\/posts\/27047","targetHints":{"allow":["GET"]}}],"collection":[{"href":"https:\/\/vosgesinfo.fr\/remiremontinfo\/wp-json\/wp\/v2\/posts"}],"about":[{"href":"https:\/\/vosgesinfo.fr\/remiremontinfo\/wp-json\/wp\/v2\/types\/post"}],"author":[{"embeddable":true,"href":"https:\/\/vosgesinfo.fr\/remiremontinfo\/wp-json\/wp\/v2\/users\/392"}],"replies":[{"embeddable":true,"href":"https:\/\/vosgesinfo.fr\/remiremontinfo\/wp-json\/wp\/v2\/comments?post=27047"}],"version-history":[{"count":0,"href":"https:\/\/vosgesinfo.fr\/remiremontinfo\/wp-json\/wp\/v2\/posts\/27047\/revisions"}],"wp:featuredmedia":[{"embeddable":true,"href":"https:\/\/vosgesinfo.fr\/remiremontinfo\/wp-json\/wp\/v2\/media\/27048"}],"wp:attachment":[{"href":"https:\/\/vosgesinfo.fr\/remiremontinfo\/wp-json\/wp\/v2\/media?parent=27047"}],"wp:term":[{"taxonomy":"category","embeddable":true,"href":"https:\/\/vosgesinfo.fr\/remiremontinfo\/wp-json\/wp\/v2\/categories?post=27047"},{"taxonomy":"post_tag","embeddable":true,"href":"https:\/\/vosgesinfo.fr\/remiremontinfo\/wp-json\/wp\/v2\/tags?post=27047"}],"curies":[{"name":"wp","href":"https:\/\/api.w.org\/{rel}","templated":true}]}}