{"id":27349,"date":"2020-05-19T06:10:37","date_gmt":"2020-05-19T04:10:37","guid":{"rendered":"https:\/\/vosgesinfo.fr\/remiremontinfo\/2020\/05\/coronavirus-regression-bien-amorcee-vosges\/"},"modified":"2020-05-19T06:10:37","modified_gmt":"2020-05-19T04:10:37","slug":"coronavirus-regression-bien-amorcee-vosges","status":"publish","type":"post","link":"https:\/\/vosgesinfo.fr\/remiremontinfo\/2020\/05\/coronavirus-regression-bien-amorcee-vosges\/","title":{"rendered":"Coronavirus : la r\u00e9gression bien amorc\u00e9e dans les Vosges"},"content":{"rendered":"<h2><a href=\"\/2020\/05\/virus-4030721_1920-800x270.jpg\"><img decoding=\"async\" class=\"alignnone size-full wp-image-287163\" src=\"\/2020\/05\/virus-4030721_1920-800x270.jpg\" alt=\"virus-4030721_1920-800x270\" width=\"800\" height=\"270\" \/><\/a><\/h2>\n<h2><span style=\"font-size: 12pt;\"><strong>Au 14 mai, 3 026 personnes sont hospitalis\u00e9es dans le Grand Est (- 144 de moins par rapport au 13 mai), dont 255 en r\u00e9animation soit 23 de moins que la veille. Z\u00e9ro personne ont rejoint un service de r\u00e9animation. 9 436 personnes ont pu regagner leur domicile depuis le d\u00e9but de la pand\u00e9mie.<\/strong><\/span><\/h2>\n<p>Depuis le d\u00e9but de l\u2019\u00e9pid\u00e9mie 9 436 personnes sont sorties d\u2019hospitalisation, leur \u00e9tat de sant\u00e9 ayant \u00e9t\u00e9 consid\u00e9r\u00e9 comme rassurant. Le nombre total de d\u00e9c\u00e8s de patients d\u00e9clar\u00e9s par les \u00e9tablissements sanitaires du Grand Est s\u2019\u00e9l\u00e8ve \u00e0 3 222.<\/p>\n<p>Pour le d\u00e9partement des Vosges, les chiffres fl\u00e9chissent toujours avec 121 personnes qui sont toujours hospitalis\u00e9s dont 6 en r\u00e9animation. On d\u00e9nombre 248 d\u00e9c\u00e8s au 14 mai, et 592 personnes qui ont pu regagner leur domicile.<\/p>\n<p><a href=\"https:\/\/laplainedesvosgesinfo.fr\/wp-content\/uploads\/2020\/05\/Masque-utilisation.jpg\" data-featherlight=\"image\"><img decoding=\"async\" class=\"aligncenter size-medium wp-image-113648\" src=\"https:\/\/vosgesinfo.fr\/app\/uploads\/sites\/5\/2020\/05\/masque-utilisation-209x255-1.jpg\" alt=\"Masque utilisation\" width=\"209\" height=\"255\" \/><\/a><\/p>\n<p><strong>Rappel des consignes \u00e0 respecter<\/strong><\/p>\n<p>L\u2019action de tous est indispensable pour continuer \u00e0 freiner la propagation du virus. Pour esp\u00e9rer maintenir cette tendance \u00e0 la stabilisation des entr\u00e9es en r\u00e9animation, l\u2019ARS du Grand Est rappelle qu\u2019il faut absolument continuer \u00e0 observer le respect du confinement et des mesures barri\u00e8res pour pr\u00e9server votre sant\u00e9 et celle de votre entourage :<\/p>\n<ul>\n<li><strong>Rester chez soi,<\/strong><\/li>\n<\/ul>\n<ul>\n<li>Se laver tr\u00e8s r\u00e9guli\u00e8rement les mains avec du savon ou utiliser une solution hydro alcoolique,<\/li>\n<\/ul>\n<ul>\n<li>Tousser ou \u00e9ternuer dans son coude ou dans un mouchoir,<\/li>\n<\/ul>\n<ul>\n<li>Utiliser un mouchoir \u00e0 usage unique et le jeter,<\/li>\n<\/ul>\n<ul>\n<li>Saluer sans se serrer la main et \u00e9viter les embrassades,<\/li>\n<\/ul>\n<ul>\n<li><strong>Demeurer \u00e0 au moins un m\u00e8tre d\u2019autrui, \u00e9viter les rassemblements \u00e9viter les d\u00e9placements et les contacts : respecter le confinement<\/strong><\/li>\n<\/ul>\n<p><strong>Vous avez des sympt\u00f4mes (toux, fi\u00e8vre) qui vous font penser au Covid-19 : restez \u00e0 domicile, \u00e9vitez les contacts, appelez un m\u00e9decin et ne vous rendez pas \u00e0 son cabinet. Vous pouvez \u00e9galement b\u00e9n\u00e9ficier d\u2019une t\u00e9l\u00e9consultation.<\/strong><\/p>\n<p><strong>Si les sympt\u00f4mes s\u2019aggravent avec des difficult\u00e9s respiratoires et signes d\u2019\u00e9touffement, appelez le SAMU-Centre 15.<\/strong><\/p>\n<p><a href=\"https:\/\/laplainedesvosgesinfo.fr\/wp-content\/uploads\/2020\/05\/Consignes-d%C3%A9chet.jpg\" data-featherlight=\"image\"><img decoding=\"async\" class=\"aligncenter size-medium wp-image-113700\" src=\"https:\/\/vosgesinfo.fr\/app\/uploads\/sites\/5\/2020\/05\/consignes-dechet-215x255-1.jpg\" alt=\"Consignes d\u00e9chet\" width=\"215\" height=\"255\" \/><\/a><\/p>\n<p>Pour toute autre situation et information g\u00e9n\u00e9rale : appelez le num\u00e9ro vert national au\u00a0<strong>0 800 130 000\u00a0<\/strong>qui vous indiquera la conduite \u00e0 tenir.<\/p>\n<p><strong>Vous retrouverez plus d\u2019informations sur les sites internet du\u00a0<\/strong><a href=\"https:\/\/www.gouvernement.fr\/info-coronavirus\"><strong>Gouvernement<\/strong>\u00a0<\/a><strong>du\u00a0<\/strong><a href=\"https:\/\/solidarites-sante.gouv.fr\/soins-et-maladies\/maladies\/maladies-infectieuses\/coronavirus\/coronavirus-questions-reponses\"><strong>Minist\u00e8re des<\/strong><\/a>\u00a0<a href=\"https:\/\/solidarites-sante.gouv.fr\/soins-et-maladies\/maladies\/maladies-infectieuses\/coronavirus\/coronavirus-questions-reponses\"><strong>Solidarit\u00e9s et de la Sant\u00e9<\/strong>\u00a0<\/a><strong>et<\/strong>\u00a0<strong>de<\/strong>\u00a0<a href=\"https:\/\/www.santepubliquefrance.fr\/maladies-et-traumatismes\/maladies-et-infections-respiratoires\/infection-a-coronavirus\/articles\/infection-au-nouveau-coronavirus-sars-cov-2-covid-19-france-et-monde\"><strong>Sant\u00e9 publique France<\/strong><strong>.<\/strong><\/a><\/p>\n<p><a href=\"https:\/\/laplainedesvosgesinfo.fr\/wp-content\/uploads\/2020\/05\/Tableau-de-bord-d%C3%A9taill%C3%A9-au-15-mai-2020.pdf\">Tableau de bord d\u00e9taill\u00e9 au 15 mai 2020<\/a><\/p>\n","protected":false},"excerpt":{"rendered":"<p>Au 14 mai, 3 026 personnes sont hospitalis\u00e9es dans le Grand Est (- 144 de moins par rapport au 13 [&hellip;]<\/p>\n","protected":false},"author":407,"featured_media":27350,"comment_status":"open","ping_status":"open","sticky":false,"template":"","format":"standard","meta":{"footnotes":""},"categories":[26,12,18],"tags":[],"class_list":["post-27349","post","type-post","status-publish","format-standard","has-post-thumbnail","hentry","category-a-la-une","category-sante","category-vosges"],"acf":[],"yoast_head":"<!-- This site is optimized with the Yoast SEO plugin v22.5 - https:\/\/yoast.com\/wordpress\/plugins\/seo\/ -->\n<title>Coronavirus : la r\u00e9gression bien amorc\u00e9e dans les Vosges - Remiremont Info<\/title>\n<meta name=\"robots\" content=\"index, follow, max-snippet:-1, max-image-preview:large, max-video-preview:-1\" \/>\n<link rel=\"canonical\" href=\"https:\/\/vosgesinfo.fr\/remiremontinfo\/2020\/05\/coronavirus-regression-bien-amorcee-vosges\/\" \/>\n<meta name=\"twitter:card\" content=\"summary_large_image\" \/>\n<meta name=\"twitter:title\" content=\"Coronavirus : la r\u00e9gression bien amorc\u00e9e dans les Vosges - Remiremont Info\" \/>\n<meta name=\"twitter:description\" content=\"Au 14 mai, 3 026 personnes sont hospitalis\u00e9es dans le Grand Est (- 144 de moins par rapport au 13 [&hellip;]\" \/>\n<meta name=\"twitter:image\" content=\"https:\/\/vosgesinfo.fr\/app\/uploads\/sites\/5\/2024\/09\/202005virus-4030721-1920-800x270-1.jpg\" \/>\n<meta name=\"twitter:creator\" content=\"@VosgesInfo88\" \/>\n<meta name=\"twitter:site\" content=\"@VosgesInfo88\" \/>\n<meta name=\"twitter:label1\" content=\"\u00c9crit par\" \/>\n\t<meta name=\"twitter:data1\" content=\"C D\" \/>\n\t<meta name=\"twitter:label2\" content=\"Dur\u00e9e de lecture estim\u00e9e\" \/>\n\t<meta name=\"twitter:data2\" content=\"2 minutes\" \/>\n<script type=\"application\/ld+json\" class=\"yoast-schema-graph\">{\"@context\":\"https:\/\/schema.org\",\"@graph\":[{\"@type\":\"Article\",\"@id\":\"https:\/\/vosgesinfo.fr\/remiremontinfo\/2020\/05\/coronavirus-regression-bien-amorcee-vosges\/#article\",\"isPartOf\":{\"@id\":\"https:\/\/vosgesinfo.fr\/remiremontinfo\/2020\/05\/coronavirus-regression-bien-amorcee-vosges\/\"},\"author\":{\"name\":\"C D\",\"@id\":\"https:\/\/vosgesinfo.fr\/remiremontinfo\/#\/schema\/person\/3bfd164d5218a185b1db68655a265316\"},\"headline\":\"Coronavirus : la r\u00e9gression bien amorc\u00e9e dans les Vosges\",\"datePublished\":\"2020-05-19T04:10:37+00:00\",\"dateModified\":\"2020-05-19T04:10:37+00:00\",\"mainEntityOfPage\":{\"@id\":\"https:\/\/vosgesinfo.fr\/remiremontinfo\/2020\/05\/coronavirus-regression-bien-amorcee-vosges\/\"},\"wordCount\":390,\"commentCount\":0,\"publisher\":{\"@id\":\"https:\/\/vosgesinfo.fr\/remiremontinfo\/#organization\"},\"image\":{\"@id\":\"https:\/\/vosgesinfo.fr\/remiremontinfo\/2020\/05\/coronavirus-regression-bien-amorcee-vosges\/#primaryimage\"},\"thumbnailUrl\":\"https:\/\/vosgesinfo.fr\/app\/uploads\/sites\/5\/2024\/09\/202005virus-4030721-1920-800x270-1.jpg\",\"articleSection\":[\"A la Une\",\"Sant\u00e9\",\"Vosges\"],\"inLanguage\":\"fr-FR\",\"potentialAction\":[{\"@type\":\"CommentAction\",\"name\":\"Comment\",\"target\":[\"https:\/\/vosgesinfo.fr\/remiremontinfo\/2020\/05\/coronavirus-regression-bien-amorcee-vosges\/#respond\"]}]},{\"@type\":\"WebPage\",\"@id\":\"https:\/\/vosgesinfo.fr\/remiremontinfo\/2020\/05\/coronavirus-regression-bien-amorcee-vosges\/\",\"url\":\"https:\/\/vosgesinfo.fr\/remiremontinfo\/2020\/05\/coronavirus-regression-bien-amorcee-vosges\/\",\"name\":\"Coronavirus : la r\u00e9gression bien amorc\u00e9e dans les Vosges - Remiremont Info\",\"isPartOf\":{\"@id\":\"https:\/\/vosgesinfo.fr\/remiremontinfo\/#website\"},\"primaryImageOfPage\":{\"@id\":\"https:\/\/vosgesinfo.fr\/remiremontinfo\/2020\/05\/coronavirus-regression-bien-amorcee-vosges\/#primaryimage\"},\"image\":{\"@id\":\"https:\/\/vosgesinfo.fr\/remiremontinfo\/2020\/05\/coronavirus-regression-bien-amorcee-vosges\/#primaryimage\"},\"thumbnailUrl\":\"https:\/\/vosgesinfo.fr\/app\/uploads\/sites\/5\/2024\/09\/202005virus-4030721-1920-800x270-1.jpg\",\"datePublished\":\"2020-05-19T04:10:37+00:00\",\"dateModified\":\"2020-05-19T04:10:37+00:00\",\"breadcrumb\":{\"@id\":\"https:\/\/vosgesinfo.fr\/remiremontinfo\/2020\/05\/coronavirus-regression-bien-amorcee-vosges\/#breadcrumb\"},\"inLanguage\":\"fr-FR\",\"potentialAction\":[{\"@type\":\"ReadAction\",\"target\":[\"https:\/\/vosgesinfo.fr\/remiremontinfo\/2020\/05\/coronavirus-regression-bien-amorcee-vosges\/\"]}]},{\"@type\":\"ImageObject\",\"inLanguage\":\"fr-FR\",\"@id\":\"https:\/\/vosgesinfo.fr\/remiremontinfo\/2020\/05\/coronavirus-regression-bien-amorcee-vosges\/#primaryimage\",\"url\":\"https:\/\/vosgesinfo.fr\/app\/uploads\/sites\/5\/2024\/09\/202005virus-4030721-1920-800x270-1.jpg\",\"contentUrl\":\"https:\/\/vosgesinfo.fr\/app\/uploads\/sites\/5\/2024\/09\/202005virus-4030721-1920-800x270-1.jpg\",\"width\":800,\"height\":270},{\"@type\":\"BreadcrumbList\",\"@id\":\"https:\/\/vosgesinfo.fr\/remiremontinfo\/2020\/05\/coronavirus-regression-bien-amorcee-vosges\/#breadcrumb\",\"itemListElement\":[{\"@type\":\"ListItem\",\"position\":1,\"name\":\"Home\",\"item\":\"https:\/\/vosgesinfo.fr\/remiremontinfo\/\"},{\"@type\":\"ListItem\",\"position\":2,\"name\":\"Coronavirus : la r\u00e9gression bien amorc\u00e9e dans les Vosges\"}]},{\"@type\":\"WebSite\",\"@id\":\"https:\/\/vosgesinfo.fr\/remiremontinfo\/#website\",\"url\":\"https:\/\/vosgesinfo.fr\/remiremontinfo\/\",\"name\":\"Remiremont Info\",\"description\":\"Toute l&#039;actualit\u00e9 de Remiremont\",\"publisher\":{\"@id\":\"https:\/\/vosgesinfo.fr\/remiremontinfo\/#organization\"},\"alternateName\":\"Toute l'actualit\u00e9 de Remiremont\",\"potentialAction\":[{\"@type\":\"SearchAction\",\"target\":{\"@type\":\"EntryPoint\",\"urlTemplate\":\"https:\/\/vosgesinfo.fr\/remiremontinfo\/?s={search_term_string}\"},\"query-input\":\"required name=search_term_string\"}],\"inLanguage\":\"fr-FR\"},{\"@type\":\"Organization\",\"@id\":\"https:\/\/vosgesinfo.fr\/remiremontinfo\/#organization\",\"name\":\"Remiremont Info\",\"url\":\"https:\/\/vosgesinfo.fr\/remiremontinfo\/\",\"logo\":{\"@type\":\"ImageObject\",\"inLanguage\":\"fr-FR\",\"@id\":\"https:\/\/vosgesinfo.fr\/remiremontinfo\/#\/schema\/logo\/image\/\",\"url\":\"https:\/\/vosgesinfo.fr\/app\/uploads\/sites\/5\/2023\/08\/favicon-remiremontinfo.png\",\"contentUrl\":\"https:\/\/vosgesinfo.fr\/app\/uploads\/sites\/5\/2023\/08\/favicon-remiremontinfo.png\",\"width\":512,\"height\":512,\"caption\":\"Remiremont Info\"},\"image\":{\"@id\":\"https:\/\/vosgesinfo.fr\/remiremontinfo\/#\/schema\/logo\/image\/\"},\"sameAs\":[\"https:\/\/www.facebook.com\/remiremontinfo\",\"https:\/\/x.com\/VosgesInfo88\",\"https:\/\/www.youtube.com\/@vosgesinfo\"]},{\"@type\":\"Person\",\"@id\":\"https:\/\/vosgesinfo.fr\/remiremontinfo\/#\/schema\/person\/3bfd164d5218a185b1db68655a265316\",\"name\":\"C D\",\"image\":{\"@type\":\"ImageObject\",\"inLanguage\":\"fr-FR\",\"@id\":\"https:\/\/vosgesinfo.fr\/remiremontinfo\/#\/schema\/person\/image\/\",\"url\":\"https:\/\/secure.gravatar.com\/avatar\/1f9a70007336511a47468b8f1c66f922b8b7cf617b02a31149ada43893a5d48f?s=96&d=mm&r=g\",\"contentUrl\":\"https:\/\/secure.gravatar.com\/avatar\/1f9a70007336511a47468b8f1c66f922b8b7cf617b02a31149ada43893a5d48f?s=96&d=mm&r=g\",\"caption\":\"C D\"},\"url\":\"https:\/\/vosgesinfo.fr\/remiremontinfo\/author\/cedric-drevet\/\"}]}<\/script>\n<!-- \/ Yoast SEO plugin. -->","yoast_head_json":{"title":"Coronavirus : la r\u00e9gression bien amorc\u00e9e dans les Vosges - Remiremont Info","robots":{"index":"index","follow":"follow","max-snippet":"max-snippet:-1","max-image-preview":"max-image-preview:large","max-video-preview":"max-video-preview:-1"},"canonical":"https:\/\/vosgesinfo.fr\/remiremontinfo\/2020\/05\/coronavirus-regression-bien-amorcee-vosges\/","twitter_card":"summary_large_image","twitter_title":"Coronavirus : la r\u00e9gression bien amorc\u00e9e dans les Vosges - Remiremont Info","twitter_description":"Au 14 mai, 3 026 personnes sont hospitalis\u00e9es dans le Grand Est (- 144 de moins par rapport au 13 [&hellip;]","twitter_image":"https:\/\/vosgesinfo.fr\/app\/uploads\/sites\/5\/2024\/09\/202005virus-4030721-1920-800x270-1.jpg","twitter_creator":"@VosgesInfo88","twitter_site":"@VosgesInfo88","twitter_misc":{"\u00c9crit par":"C D","Dur\u00e9e de lecture estim\u00e9e":"2 minutes"},"schema":{"@context":"https:\/\/schema.org","@graph":[{"@type":"Article","@id":"https:\/\/vosgesinfo.fr\/remiremontinfo\/2020\/05\/coronavirus-regression-bien-amorcee-vosges\/#article","isPartOf":{"@id":"https:\/\/vosgesinfo.fr\/remiremontinfo\/2020\/05\/coronavirus-regression-bien-amorcee-vosges\/"},"author":{"name":"C D","@id":"https:\/\/vosgesinfo.fr\/remiremontinfo\/#\/schema\/person\/3bfd164d5218a185b1db68655a265316"},"headline":"Coronavirus : la r\u00e9gression bien amorc\u00e9e dans les Vosges","datePublished":"2020-05-19T04:10:37+00:00","dateModified":"2020-05-19T04:10:37+00:00","mainEntityOfPage":{"@id":"https:\/\/vosgesinfo.fr\/remiremontinfo\/2020\/05\/coronavirus-regression-bien-amorcee-vosges\/"},"wordCount":390,"commentCount":0,"publisher":{"@id":"https:\/\/vosgesinfo.fr\/remiremontinfo\/#organization"},"image":{"@id":"https:\/\/vosgesinfo.fr\/remiremontinfo\/2020\/05\/coronavirus-regression-bien-amorcee-vosges\/#primaryimage"},"thumbnailUrl":"https:\/\/vosgesinfo.fr\/app\/uploads\/sites\/5\/2024\/09\/202005virus-4030721-1920-800x270-1.jpg","articleSection":["A la Une","Sant\u00e9","Vosges"],"inLanguage":"fr-FR","potentialAction":[{"@type":"CommentAction","name":"Comment","target":["https:\/\/vosgesinfo.fr\/remiremontinfo\/2020\/05\/coronavirus-regression-bien-amorcee-vosges\/#respond"]}]},{"@type":"WebPage","@id":"https:\/\/vosgesinfo.fr\/remiremontinfo\/2020\/05\/coronavirus-regression-bien-amorcee-vosges\/","url":"https:\/\/vosgesinfo.fr\/remiremontinfo\/2020\/05\/coronavirus-regression-bien-amorcee-vosges\/","name":"Coronavirus : la r\u00e9gression bien amorc\u00e9e dans les Vosges - Remiremont Info","isPartOf":{"@id":"https:\/\/vosgesinfo.fr\/remiremontinfo\/#website"},"primaryImageOfPage":{"@id":"https:\/\/vosgesinfo.fr\/remiremontinfo\/2020\/05\/coronavirus-regression-bien-amorcee-vosges\/#primaryimage"},"image":{"@id":"https:\/\/vosgesinfo.fr\/remiremontinfo\/2020\/05\/coronavirus-regression-bien-amorcee-vosges\/#primaryimage"},"thumbnailUrl":"https:\/\/vosgesinfo.fr\/app\/uploads\/sites\/5\/2024\/09\/202005virus-4030721-1920-800x270-1.jpg","datePublished":"2020-05-19T04:10:37+00:00","dateModified":"2020-05-19T04:10:37+00:00","breadcrumb":{"@id":"https:\/\/vosgesinfo.fr\/remiremontinfo\/2020\/05\/coronavirus-regression-bien-amorcee-vosges\/#breadcrumb"},"inLanguage":"fr-FR","potentialAction":[{"@type":"ReadAction","target":["https:\/\/vosgesinfo.fr\/remiremontinfo\/2020\/05\/coronavirus-regression-bien-amorcee-vosges\/"]}]},{"@type":"ImageObject","inLanguage":"fr-FR","@id":"https:\/\/vosgesinfo.fr\/remiremontinfo\/2020\/05\/coronavirus-regression-bien-amorcee-vosges\/#primaryimage","url":"https:\/\/vosgesinfo.fr\/app\/uploads\/sites\/5\/2024\/09\/202005virus-4030721-1920-800x270-1.jpg","contentUrl":"https:\/\/vosgesinfo.fr\/app\/uploads\/sites\/5\/2024\/09\/202005virus-4030721-1920-800x270-1.jpg","width":800,"height":270},{"@type":"BreadcrumbList","@id":"https:\/\/vosgesinfo.fr\/remiremontinfo\/2020\/05\/coronavirus-regression-bien-amorcee-vosges\/#breadcrumb","itemListElement":[{"@type":"ListItem","position":1,"name":"Home","item":"https:\/\/vosgesinfo.fr\/remiremontinfo\/"},{"@type":"ListItem","position":2,"name":"Coronavirus : la r\u00e9gression bien amorc\u00e9e dans les Vosges"}]},{"@type":"WebSite","@id":"https:\/\/vosgesinfo.fr\/remiremontinfo\/#website","url":"https:\/\/vosgesinfo.fr\/remiremontinfo\/","name":"Remiremont Info","description":"Toute l&#039;actualit\u00e9 de Remiremont","publisher":{"@id":"https:\/\/vosgesinfo.fr\/remiremontinfo\/#organization"},"alternateName":"Toute l'actualit\u00e9 de Remiremont","potentialAction":[{"@type":"SearchAction","target":{"@type":"EntryPoint","urlTemplate":"https:\/\/vosgesinfo.fr\/remiremontinfo\/?s={search_term_string}"},"query-input":"required name=search_term_string"}],"inLanguage":"fr-FR"},{"@type":"Organization","@id":"https:\/\/vosgesinfo.fr\/remiremontinfo\/#organization","name":"Remiremont Info","url":"https:\/\/vosgesinfo.fr\/remiremontinfo\/","logo":{"@type":"ImageObject","inLanguage":"fr-FR","@id":"https:\/\/vosgesinfo.fr\/remiremontinfo\/#\/schema\/logo\/image\/","url":"https:\/\/vosgesinfo.fr\/app\/uploads\/sites\/5\/2023\/08\/favicon-remiremontinfo.png","contentUrl":"https:\/\/vosgesinfo.fr\/app\/uploads\/sites\/5\/2023\/08\/favicon-remiremontinfo.png","width":512,"height":512,"caption":"Remiremont Info"},"image":{"@id":"https:\/\/vosgesinfo.fr\/remiremontinfo\/#\/schema\/logo\/image\/"},"sameAs":["https:\/\/www.facebook.com\/remiremontinfo","https:\/\/x.com\/VosgesInfo88","https:\/\/www.youtube.com\/@vosgesinfo"]},{"@type":"Person","@id":"https:\/\/vosgesinfo.fr\/remiremontinfo\/#\/schema\/person\/3bfd164d5218a185b1db68655a265316","name":"C D","image":{"@type":"ImageObject","inLanguage":"fr-FR","@id":"https:\/\/vosgesinfo.fr\/remiremontinfo\/#\/schema\/person\/image\/","url":"https:\/\/secure.gravatar.com\/avatar\/1f9a70007336511a47468b8f1c66f922b8b7cf617b02a31149ada43893a5d48f?s=96&d=mm&r=g","contentUrl":"https:\/\/secure.gravatar.com\/avatar\/1f9a70007336511a47468b8f1c66f922b8b7cf617b02a31149ada43893a5d48f?s=96&d=mm&r=g","caption":"C D"},"url":"https:\/\/vosgesinfo.fr\/remiremontinfo\/author\/cedric-drevet\/"}]}},"_links":{"self":[{"href":"https:\/\/vosgesinfo.fr\/remiremontinfo\/wp-json\/wp\/v2\/posts\/27349","targetHints":{"allow":["GET"]}}],"collection":[{"href":"https:\/\/vosgesinfo.fr\/remiremontinfo\/wp-json\/wp\/v2\/posts"}],"about":[{"href":"https:\/\/vosgesinfo.fr\/remiremontinfo\/wp-json\/wp\/v2\/types\/post"}],"author":[{"embeddable":true,"href":"https:\/\/vosgesinfo.fr\/remiremontinfo\/wp-json\/wp\/v2\/users\/407"}],"replies":[{"embeddable":true,"href":"https:\/\/vosgesinfo.fr\/remiremontinfo\/wp-json\/wp\/v2\/comments?post=27349"}],"version-history":[{"count":0,"href":"https:\/\/vosgesinfo.fr\/remiremontinfo\/wp-json\/wp\/v2\/posts\/27349\/revisions"}],"wp:featuredmedia":[{"embeddable":true,"href":"https:\/\/vosgesinfo.fr\/remiremontinfo\/wp-json\/wp\/v2\/media\/27350"}],"wp:attachment":[{"href":"https:\/\/vosgesinfo.fr\/remiremontinfo\/wp-json\/wp\/v2\/media?parent=27349"}],"wp:term":[{"taxonomy":"category","embeddable":true,"href":"https:\/\/vosgesinfo.fr\/remiremontinfo\/wp-json\/wp\/v2\/categories?post=27349"},{"taxonomy":"post_tag","embeddable":true,"href":"https:\/\/vosgesinfo.fr\/remiremontinfo\/wp-json\/wp\/v2\/tags?post=27349"}],"curies":[{"name":"wp","href":"https:\/\/api.w.org\/{rel}","templated":true}]}}