{"id":27357,"date":"2020-05-19T05:33:43","date_gmt":"2020-05-19T03:33:43","guid":{"rendered":"https:\/\/vosgesinfo.fr\/remiremontinfo\/2020\/05\/vosges-fermeture-exceptionnelle-services-de-letat\/"},"modified":"2020-05-19T05:33:43","modified_gmt":"2020-05-19T03:33:43","slug":"vosges-fermeture-exceptionnelle-services-de-letat","status":"publish","type":"post","link":"https:\/\/vosgesinfo.fr\/remiremontinfo\/2020\/05\/vosges-fermeture-exceptionnelle-services-de-letat\/","title":{"rendered":"Vosges : fermeture exceptionnelle des services de l\u2019Etat"},"content":{"rendered":"<h3><strong>Seront seront exceptionnellement ferm\u00e9s ce vendredi 22 mai 2020 :<\/strong><\/h3>\n<ul>\n<li>La Pr\u00e9fecture des Vosges \u00e0 \u00c9pinal;<\/li>\n<li>la Sous-Pr\u00e9fecture de Saint-Di\u00e9-des-Vosges;<\/li>\n<li>la Sous-Pr\u00e9fecture de Neufch\u00e2teau;<\/li>\n<li>la Direction D\u00e9partementale des Territoires (DDT);<\/li>\n<li>la Direction D\u00e9partementale de la Coh\u00e9sion Sociale et de la Protection des Populations<br \/>\n(DDCSPP);<\/li>\n<li>la Direction D\u00e9partementale des Finances Publiques (DDFIP);<\/li>\n<li>l\u2019Unit\u00e9 Territoriale de l\u2019Agence R\u00e9gionale de Sant\u00e9 (ARS);<\/li>\n<li>l\u2019Unit\u00e9 D\u00e9partementale de la Direction R\u00e9gionale des Entreprises, de la Concurrence, de la Consommation, du Travail et de l\u2019Emploi (DIRECCTE);<\/li>\n<li>l\u2019Unit\u00e9 D\u00e9partementale de la Direction R\u00e9gionale de l\u2019Environnement, de l\u2019Am\u00e9nagement et du Logement (DREAL);<\/li>\n<li>l\u2019Unit\u00e9 D\u00e9partementale de l\u2019Architecture et du Patrimoine (DRAC);<\/li>\n<li>l\u2019Office National des Anciens Combattants et Victimes de Guerre (ONACVG).<\/li>\n<\/ul>\n<p>Les agents des services concern\u00e9s seront en cong\u00e9s obligatoires pendant cette journ\u00e9e. Pour autant, la permanence de l\u2019\u00c9tat est naturellement maintenue dans chacun de ses services, sous forme d\u2019astreinte. Celle-ci se d\u00e9roule sous l\u2019autorit\u00e9 du sous-pr\u00e9fet de permanence, toujours en capacit\u00e9 de prendre les d\u00e9cisions et les arr\u00eat\u00e9s n\u00e9cessaires notamment \u00e0 la s\u00e9curit\u00e9 des citoyens, en lien constant avec le Pr\u00e9fet.<\/p>\n<p>Pour les d\u00e9marches administratives, il est possible de consulter le site internet de l\u2019\u00c9tat : <a class=\"broken_link\" href=\"http:\/\/www.vosges.gouv.fr\/\" target=\"_blank\" rel=\"noopener\">www.vosges.gouv.fr<\/a> depuis lequel certaines formalit\u00e9s peuvent \u00eatre accomplies de fa\u00e7on d\u00e9mat\u00e9rialis\u00e9e ou sur le site <a class=\"broken_link\" href=\"http:\/\/www.ants.gouv.fr\/\" target=\"_blank\" rel=\"noopener\">www.ants.gouv.fr<\/a> pour les certificats d\u2019immatriculation et les permis de conduire.<\/p>\n","protected":false},"excerpt":{"rendered":"<p>Seront seront exceptionnellement ferm\u00e9s ce vendredi 22 mai 2020 : La Pr\u00e9fecture des Vosges \u00e0 \u00c9pinal; la Sous-Pr\u00e9fecture de Saint-Di\u00e9-des-Vosges; [&hellip;]<\/p>\n","protected":false},"author":407,"featured_media":27358,"comment_status":"open","ping_status":"open","sticky":false,"template":"","format":"standard","meta":{"footnotes":""},"categories":[26,18],"tags":[],"class_list":["post-27357","post","type-post","status-publish","format-standard","has-post-thumbnail","hentry","category-a-la-une","category-vosges"],"acf":[],"yoast_head":"<!-- This site is optimized with the Yoast SEO plugin v22.5 - https:\/\/yoast.com\/wordpress\/plugins\/seo\/ -->\n<title>Vosges : fermeture exceptionnelle des services de l\u2019Etat - Remiremont Info<\/title>\n<meta name=\"robots\" content=\"index, follow, max-snippet:-1, max-image-preview:large, max-video-preview:-1\" \/>\n<link rel=\"canonical\" href=\"https:\/\/vosgesinfo.fr\/remiremontinfo\/2020\/05\/vosges-fermeture-exceptionnelle-services-de-letat\/\" \/>\n<meta name=\"twitter:card\" content=\"summary_large_image\" \/>\n<meta name=\"twitter:title\" content=\"Vosges : fermeture exceptionnelle des services de l\u2019Etat - Remiremont Info\" \/>\n<meta name=\"twitter:description\" content=\"Seront seront exceptionnellement ferm\u00e9s ce vendredi 22 mai 2020 : La Pr\u00e9fecture des Vosges \u00e0 \u00c9pinal; la Sous-Pr\u00e9fecture de Saint-Di\u00e9-des-Vosges; [&hellip;]\" \/>\n<meta name=\"twitter:image\" content=\"https:\/\/vosgesinfo.fr\/app\/uploads\/sites\/5\/2024\/09\/202004prefecture1-1.jpg\" \/>\n<meta name=\"twitter:creator\" content=\"@VosgesInfo88\" \/>\n<meta name=\"twitter:site\" content=\"@VosgesInfo88\" \/>\n<meta name=\"twitter:label1\" content=\"\u00c9crit par\" \/>\n\t<meta name=\"twitter:data1\" content=\"C D\" \/>\n\t<meta name=\"twitter:label2\" content=\"Dur\u00e9e de lecture estim\u00e9e\" \/>\n\t<meta name=\"twitter:data2\" content=\"1 minute\" \/>\n<script type=\"application\/ld+json\" class=\"yoast-schema-graph\">{\"@context\":\"https:\/\/schema.org\",\"@graph\":[{\"@type\":\"Article\",\"@id\":\"https:\/\/vosgesinfo.fr\/remiremontinfo\/2020\/05\/vosges-fermeture-exceptionnelle-services-de-letat\/#article\",\"isPartOf\":{\"@id\":\"https:\/\/vosgesinfo.fr\/remiremontinfo\/2020\/05\/vosges-fermeture-exceptionnelle-services-de-letat\/\"},\"author\":{\"name\":\"C D\",\"@id\":\"https:\/\/vosgesinfo.fr\/remiremontinfo\/#\/schema\/person\/3bfd164d5218a185b1db68655a265316\"},\"headline\":\"Vosges : fermeture exceptionnelle des services de l\u2019Etat\",\"datePublished\":\"2020-05-19T03:33:43+00:00\",\"dateModified\":\"2020-05-19T03:33:43+00:00\",\"mainEntityOfPage\":{\"@id\":\"https:\/\/vosgesinfo.fr\/remiremontinfo\/2020\/05\/vosges-fermeture-exceptionnelle-services-de-letat\/\"},\"wordCount\":269,\"commentCount\":0,\"publisher\":{\"@id\":\"https:\/\/vosgesinfo.fr\/remiremontinfo\/#organization\"},\"image\":{\"@id\":\"https:\/\/vosgesinfo.fr\/remiremontinfo\/2020\/05\/vosges-fermeture-exceptionnelle-services-de-letat\/#primaryimage\"},\"thumbnailUrl\":\"https:\/\/vosgesinfo.fr\/app\/uploads\/sites\/5\/2024\/09\/202004prefecture1-1.jpg\",\"articleSection\":[\"A la Une\",\"Vosges\"],\"inLanguage\":\"fr-FR\",\"potentialAction\":[{\"@type\":\"CommentAction\",\"name\":\"Comment\",\"target\":[\"https:\/\/vosgesinfo.fr\/remiremontinfo\/2020\/05\/vosges-fermeture-exceptionnelle-services-de-letat\/#respond\"]}]},{\"@type\":\"WebPage\",\"@id\":\"https:\/\/vosgesinfo.fr\/remiremontinfo\/2020\/05\/vosges-fermeture-exceptionnelle-services-de-letat\/\",\"url\":\"https:\/\/vosgesinfo.fr\/remiremontinfo\/2020\/05\/vosges-fermeture-exceptionnelle-services-de-letat\/\",\"name\":\"Vosges : fermeture exceptionnelle des services de l\u2019Etat - Remiremont Info\",\"isPartOf\":{\"@id\":\"https:\/\/vosgesinfo.fr\/remiremontinfo\/#website\"},\"primaryImageOfPage\":{\"@id\":\"https:\/\/vosgesinfo.fr\/remiremontinfo\/2020\/05\/vosges-fermeture-exceptionnelle-services-de-letat\/#primaryimage\"},\"image\":{\"@id\":\"https:\/\/vosgesinfo.fr\/remiremontinfo\/2020\/05\/vosges-fermeture-exceptionnelle-services-de-letat\/#primaryimage\"},\"thumbnailUrl\":\"https:\/\/vosgesinfo.fr\/app\/uploads\/sites\/5\/2024\/09\/202004prefecture1-1.jpg\",\"datePublished\":\"2020-05-19T03:33:43+00:00\",\"dateModified\":\"2020-05-19T03:33:43+00:00\",\"breadcrumb\":{\"@id\":\"https:\/\/vosgesinfo.fr\/remiremontinfo\/2020\/05\/vosges-fermeture-exceptionnelle-services-de-letat\/#breadcrumb\"},\"inLanguage\":\"fr-FR\",\"potentialAction\":[{\"@type\":\"ReadAction\",\"target\":[\"https:\/\/vosgesinfo.fr\/remiremontinfo\/2020\/05\/vosges-fermeture-exceptionnelle-services-de-letat\/\"]}]},{\"@type\":\"ImageObject\",\"inLanguage\":\"fr-FR\",\"@id\":\"https:\/\/vosgesinfo.fr\/remiremontinfo\/2020\/05\/vosges-fermeture-exceptionnelle-services-de-letat\/#primaryimage\",\"url\":\"https:\/\/vosgesinfo.fr\/app\/uploads\/sites\/5\/2024\/09\/202004prefecture1-1.jpg\",\"contentUrl\":\"https:\/\/vosgesinfo.fr\/app\/uploads\/sites\/5\/2024\/09\/202004prefecture1-1.jpg\",\"width\":800,\"height\":415},{\"@type\":\"BreadcrumbList\",\"@id\":\"https:\/\/vosgesinfo.fr\/remiremontinfo\/2020\/05\/vosges-fermeture-exceptionnelle-services-de-letat\/#breadcrumb\",\"itemListElement\":[{\"@type\":\"ListItem\",\"position\":1,\"name\":\"Home\",\"item\":\"https:\/\/vosgesinfo.fr\/remiremontinfo\/\"},{\"@type\":\"ListItem\",\"position\":2,\"name\":\"Vosges : fermeture exceptionnelle des services de l\u2019Etat\"}]},{\"@type\":\"WebSite\",\"@id\":\"https:\/\/vosgesinfo.fr\/remiremontinfo\/#website\",\"url\":\"https:\/\/vosgesinfo.fr\/remiremontinfo\/\",\"name\":\"Remiremont Info\",\"description\":\"Toute l&#039;actualit\u00e9 de Remiremont\",\"publisher\":{\"@id\":\"https:\/\/vosgesinfo.fr\/remiremontinfo\/#organization\"},\"alternateName\":\"Toute l'actualit\u00e9 de Remiremont\",\"potentialAction\":[{\"@type\":\"SearchAction\",\"target\":{\"@type\":\"EntryPoint\",\"urlTemplate\":\"https:\/\/vosgesinfo.fr\/remiremontinfo\/?s={search_term_string}\"},\"query-input\":\"required name=search_term_string\"}],\"inLanguage\":\"fr-FR\"},{\"@type\":\"Organization\",\"@id\":\"https:\/\/vosgesinfo.fr\/remiremontinfo\/#organization\",\"name\":\"Remiremont Info\",\"url\":\"https:\/\/vosgesinfo.fr\/remiremontinfo\/\",\"logo\":{\"@type\":\"ImageObject\",\"inLanguage\":\"fr-FR\",\"@id\":\"https:\/\/vosgesinfo.fr\/remiremontinfo\/#\/schema\/logo\/image\/\",\"url\":\"https:\/\/vosgesinfo.fr\/app\/uploads\/sites\/5\/2023\/08\/favicon-remiremontinfo.png\",\"contentUrl\":\"https:\/\/vosgesinfo.fr\/app\/uploads\/sites\/5\/2023\/08\/favicon-remiremontinfo.png\",\"width\":512,\"height\":512,\"caption\":\"Remiremont Info\"},\"image\":{\"@id\":\"https:\/\/vosgesinfo.fr\/remiremontinfo\/#\/schema\/logo\/image\/\"},\"sameAs\":[\"https:\/\/www.facebook.com\/remiremontinfo\",\"https:\/\/x.com\/VosgesInfo88\",\"https:\/\/www.youtube.com\/@vosgesinfo\"]},{\"@type\":\"Person\",\"@id\":\"https:\/\/vosgesinfo.fr\/remiremontinfo\/#\/schema\/person\/3bfd164d5218a185b1db68655a265316\",\"name\":\"C D\",\"image\":{\"@type\":\"ImageObject\",\"inLanguage\":\"fr-FR\",\"@id\":\"https:\/\/vosgesinfo.fr\/remiremontinfo\/#\/schema\/person\/image\/\",\"url\":\"https:\/\/secure.gravatar.com\/avatar\/1f9a70007336511a47468b8f1c66f922b8b7cf617b02a31149ada43893a5d48f?s=96&d=mm&r=g\",\"contentUrl\":\"https:\/\/secure.gravatar.com\/avatar\/1f9a70007336511a47468b8f1c66f922b8b7cf617b02a31149ada43893a5d48f?s=96&d=mm&r=g\",\"caption\":\"C D\"},\"url\":\"https:\/\/vosgesinfo.fr\/remiremontinfo\/author\/cedric-drevet\/\"}]}<\/script>\n<!-- \/ Yoast SEO plugin. -->","yoast_head_json":{"title":"Vosges : fermeture exceptionnelle des services de l\u2019Etat - Remiremont Info","robots":{"index":"index","follow":"follow","max-snippet":"max-snippet:-1","max-image-preview":"max-image-preview:large","max-video-preview":"max-video-preview:-1"},"canonical":"https:\/\/vosgesinfo.fr\/remiremontinfo\/2020\/05\/vosges-fermeture-exceptionnelle-services-de-letat\/","twitter_card":"summary_large_image","twitter_title":"Vosges : fermeture exceptionnelle des services de l\u2019Etat - Remiremont Info","twitter_description":"Seront seront exceptionnellement ferm\u00e9s ce vendredi 22 mai 2020 : La Pr\u00e9fecture des Vosges \u00e0 \u00c9pinal; la Sous-Pr\u00e9fecture de Saint-Di\u00e9-des-Vosges; [&hellip;]","twitter_image":"https:\/\/vosgesinfo.fr\/app\/uploads\/sites\/5\/2024\/09\/202004prefecture1-1.jpg","twitter_creator":"@VosgesInfo88","twitter_site":"@VosgesInfo88","twitter_misc":{"\u00c9crit par":"C D","Dur\u00e9e de lecture estim\u00e9e":"1 minute"},"schema":{"@context":"https:\/\/schema.org","@graph":[{"@type":"Article","@id":"https:\/\/vosgesinfo.fr\/remiremontinfo\/2020\/05\/vosges-fermeture-exceptionnelle-services-de-letat\/#article","isPartOf":{"@id":"https:\/\/vosgesinfo.fr\/remiremontinfo\/2020\/05\/vosges-fermeture-exceptionnelle-services-de-letat\/"},"author":{"name":"C D","@id":"https:\/\/vosgesinfo.fr\/remiremontinfo\/#\/schema\/person\/3bfd164d5218a185b1db68655a265316"},"headline":"Vosges : fermeture exceptionnelle des services de l\u2019Etat","datePublished":"2020-05-19T03:33:43+00:00","dateModified":"2020-05-19T03:33:43+00:00","mainEntityOfPage":{"@id":"https:\/\/vosgesinfo.fr\/remiremontinfo\/2020\/05\/vosges-fermeture-exceptionnelle-services-de-letat\/"},"wordCount":269,"commentCount":0,"publisher":{"@id":"https:\/\/vosgesinfo.fr\/remiremontinfo\/#organization"},"image":{"@id":"https:\/\/vosgesinfo.fr\/remiremontinfo\/2020\/05\/vosges-fermeture-exceptionnelle-services-de-letat\/#primaryimage"},"thumbnailUrl":"https:\/\/vosgesinfo.fr\/app\/uploads\/sites\/5\/2024\/09\/202004prefecture1-1.jpg","articleSection":["A la Une","Vosges"],"inLanguage":"fr-FR","potentialAction":[{"@type":"CommentAction","name":"Comment","target":["https:\/\/vosgesinfo.fr\/remiremontinfo\/2020\/05\/vosges-fermeture-exceptionnelle-services-de-letat\/#respond"]}]},{"@type":"WebPage","@id":"https:\/\/vosgesinfo.fr\/remiremontinfo\/2020\/05\/vosges-fermeture-exceptionnelle-services-de-letat\/","url":"https:\/\/vosgesinfo.fr\/remiremontinfo\/2020\/05\/vosges-fermeture-exceptionnelle-services-de-letat\/","name":"Vosges : fermeture exceptionnelle des services de l\u2019Etat - Remiremont Info","isPartOf":{"@id":"https:\/\/vosgesinfo.fr\/remiremontinfo\/#website"},"primaryImageOfPage":{"@id":"https:\/\/vosgesinfo.fr\/remiremontinfo\/2020\/05\/vosges-fermeture-exceptionnelle-services-de-letat\/#primaryimage"},"image":{"@id":"https:\/\/vosgesinfo.fr\/remiremontinfo\/2020\/05\/vosges-fermeture-exceptionnelle-services-de-letat\/#primaryimage"},"thumbnailUrl":"https:\/\/vosgesinfo.fr\/app\/uploads\/sites\/5\/2024\/09\/202004prefecture1-1.jpg","datePublished":"2020-05-19T03:33:43+00:00","dateModified":"2020-05-19T03:33:43+00:00","breadcrumb":{"@id":"https:\/\/vosgesinfo.fr\/remiremontinfo\/2020\/05\/vosges-fermeture-exceptionnelle-services-de-letat\/#breadcrumb"},"inLanguage":"fr-FR","potentialAction":[{"@type":"ReadAction","target":["https:\/\/vosgesinfo.fr\/remiremontinfo\/2020\/05\/vosges-fermeture-exceptionnelle-services-de-letat\/"]}]},{"@type":"ImageObject","inLanguage":"fr-FR","@id":"https:\/\/vosgesinfo.fr\/remiremontinfo\/2020\/05\/vosges-fermeture-exceptionnelle-services-de-letat\/#primaryimage","url":"https:\/\/vosgesinfo.fr\/app\/uploads\/sites\/5\/2024\/09\/202004prefecture1-1.jpg","contentUrl":"https:\/\/vosgesinfo.fr\/app\/uploads\/sites\/5\/2024\/09\/202004prefecture1-1.jpg","width":800,"height":415},{"@type":"BreadcrumbList","@id":"https:\/\/vosgesinfo.fr\/remiremontinfo\/2020\/05\/vosges-fermeture-exceptionnelle-services-de-letat\/#breadcrumb","itemListElement":[{"@type":"ListItem","position":1,"name":"Home","item":"https:\/\/vosgesinfo.fr\/remiremontinfo\/"},{"@type":"ListItem","position":2,"name":"Vosges : fermeture exceptionnelle des services de l\u2019Etat"}]},{"@type":"WebSite","@id":"https:\/\/vosgesinfo.fr\/remiremontinfo\/#website","url":"https:\/\/vosgesinfo.fr\/remiremontinfo\/","name":"Remiremont Info","description":"Toute l&#039;actualit\u00e9 de Remiremont","publisher":{"@id":"https:\/\/vosgesinfo.fr\/remiremontinfo\/#organization"},"alternateName":"Toute l'actualit\u00e9 de Remiremont","potentialAction":[{"@type":"SearchAction","target":{"@type":"EntryPoint","urlTemplate":"https:\/\/vosgesinfo.fr\/remiremontinfo\/?s={search_term_string}"},"query-input":"required name=search_term_string"}],"inLanguage":"fr-FR"},{"@type":"Organization","@id":"https:\/\/vosgesinfo.fr\/remiremontinfo\/#organization","name":"Remiremont Info","url":"https:\/\/vosgesinfo.fr\/remiremontinfo\/","logo":{"@type":"ImageObject","inLanguage":"fr-FR","@id":"https:\/\/vosgesinfo.fr\/remiremontinfo\/#\/schema\/logo\/image\/","url":"https:\/\/vosgesinfo.fr\/app\/uploads\/sites\/5\/2023\/08\/favicon-remiremontinfo.png","contentUrl":"https:\/\/vosgesinfo.fr\/app\/uploads\/sites\/5\/2023\/08\/favicon-remiremontinfo.png","width":512,"height":512,"caption":"Remiremont Info"},"image":{"@id":"https:\/\/vosgesinfo.fr\/remiremontinfo\/#\/schema\/logo\/image\/"},"sameAs":["https:\/\/www.facebook.com\/remiremontinfo","https:\/\/x.com\/VosgesInfo88","https:\/\/www.youtube.com\/@vosgesinfo"]},{"@type":"Person","@id":"https:\/\/vosgesinfo.fr\/remiremontinfo\/#\/schema\/person\/3bfd164d5218a185b1db68655a265316","name":"C D","image":{"@type":"ImageObject","inLanguage":"fr-FR","@id":"https:\/\/vosgesinfo.fr\/remiremontinfo\/#\/schema\/person\/image\/","url":"https:\/\/secure.gravatar.com\/avatar\/1f9a70007336511a47468b8f1c66f922b8b7cf617b02a31149ada43893a5d48f?s=96&d=mm&r=g","contentUrl":"https:\/\/secure.gravatar.com\/avatar\/1f9a70007336511a47468b8f1c66f922b8b7cf617b02a31149ada43893a5d48f?s=96&d=mm&r=g","caption":"C D"},"url":"https:\/\/vosgesinfo.fr\/remiremontinfo\/author\/cedric-drevet\/"}]}},"_links":{"self":[{"href":"https:\/\/vosgesinfo.fr\/remiremontinfo\/wp-json\/wp\/v2\/posts\/27357","targetHints":{"allow":["GET"]}}],"collection":[{"href":"https:\/\/vosgesinfo.fr\/remiremontinfo\/wp-json\/wp\/v2\/posts"}],"about":[{"href":"https:\/\/vosgesinfo.fr\/remiremontinfo\/wp-json\/wp\/v2\/types\/post"}],"author":[{"embeddable":true,"href":"https:\/\/vosgesinfo.fr\/remiremontinfo\/wp-json\/wp\/v2\/users\/407"}],"replies":[{"embeddable":true,"href":"https:\/\/vosgesinfo.fr\/remiremontinfo\/wp-json\/wp\/v2\/comments?post=27357"}],"version-history":[{"count":0,"href":"https:\/\/vosgesinfo.fr\/remiremontinfo\/wp-json\/wp\/v2\/posts\/27357\/revisions"}],"wp:featuredmedia":[{"embeddable":true,"href":"https:\/\/vosgesinfo.fr\/remiremontinfo\/wp-json\/wp\/v2\/media\/27358"}],"wp:attachment":[{"href":"https:\/\/vosgesinfo.fr\/remiremontinfo\/wp-json\/wp\/v2\/media?parent=27357"}],"wp:term":[{"taxonomy":"category","embeddable":true,"href":"https:\/\/vosgesinfo.fr\/remiremontinfo\/wp-json\/wp\/v2\/categories?post=27357"},{"taxonomy":"post_tag","embeddable":true,"href":"https:\/\/vosgesinfo.fr\/remiremontinfo\/wp-json\/wp\/v2\/tags?post=27357"}],"curies":[{"name":"wp","href":"https:\/\/api.w.org\/{rel}","templated":true}]}}