{"id":27367,"date":"2020-05-20T06:34:30","date_gmt":"2020-05-20T04:34:30","guid":{"rendered":"https:\/\/vosgesinfo.fr\/remiremontinfo\/2020\/05\/vosges-collectif-eau-88-relance-debat-forages-de-nestle-waters\/"},"modified":"2020-05-20T06:34:30","modified_gmt":"2020-05-20T04:34:30","slug":"vosges-collectif-eau-88-relance-debat-forages-de-nestle-waters","status":"publish","type":"post","link":"https:\/\/vosgesinfo.fr\/remiremontinfo\/2020\/05\/vosges-collectif-eau-88-relance-debat-forages-de-nestle-waters\/","title":{"rendered":"Vosges : le collectif Eau 88 relance le d\u00e9bat sur les forages de Nestl\u00e9 Waters"},"content":{"rendered":"<p style=\"text-align: center;\"><a href=\"\/2020\/05\/Quelques-membres-du-Collectif-Eau-88.jpg\"><img decoding=\"async\" class=\"alignnone size-full wp-image-287198\" src=\"\/2020\/05\/Quelques-membres-du-Collectif-Eau-88.jpg\" alt=\"Quelques-membres-du-Collectif-Eau-88\" width=\"800\" height=\"533\" \/><\/a><\/p>\n<p>A la suite d\u2019un reportage sur Nestl\u00e9 Waters Vosges et le d\u00e9s\u00e9quilibre de la nappe GTI, dans le cadre de \u00abPi\u00e8ces \u00e0 conviction\u00bb, r\u00e9alis\u00e9 par la journaliste ind\u00e9pendante, Delphine Lopez, et diffus\u00e9 sur France 3, le mercredi 13 mai, l\u2019occasion \u00e9tait trop belle pour que le Collectif Eau 88 n\u2019en profite pas pour rebondir sur ce dossier complexe. Mais de l\u2019aveu de l\u2019un des porte-paroles, Bernard Schmitt, <em>\u00abQuoi qu\u2019il arrive, nous aurions communiqu\u00e9 prochainement\u2026\u00bb<\/em>.<\/p>\n<p>Outre la surexploitation de la nappe phr\u00e9atique GTI de Vittel-Contrex\u00e9ville exploit\u00e9e, entre autre, par les industriels, les collectivit\u00e9s, les agriculteurs et les particuliers, le reportage a mis en \u00e9vidence des irr\u00e9gularit\u00e9s sur cinq forages sur le territoire de Contrex\u00e9ville (Belle Lorraine, Thierry Lorraine, Reine Lorraine, Great Source et Chatillon Lorraine) qui semble t-il, n\u2019auraient d\u2019autorisation. Donc une invitation \u00e9tait lanc\u00e9e ce mardi 19 \u00e0 la presse, \u00e0 Crainvilliers, pour quelques \u00e9claircissements sur l\u2019une des sources cit\u00e9es. Quelle ne fut pas la surprise d\u2019apprendre qu\u2019en r\u00e9alit\u00e9 ce seraient vingt-et-un forages qui sont irr\u00e9guliers selon les recherches approfondies du Collectif Eau 88, et le communiqu\u00e9 que les responsables ont distribu\u00e9 sur place, puis d\u00e9taill\u00e9s par Jean-Fran\u00e7ois Fleck et Bernard Schmitt, et qui indiquait en substance.<\/p>\n<p>Lire la suite ici :\u00a0<a href=\"https:\/\/laplainedesvosgesinfo.fr\/2020\/05\/vittel-collectif-eau-88-relance-debat-forages-de-nestle-waters\/\">https:\/\/laplainedesvosgesinfo.fr\/2020\/05\/vittel-collectif-eau-88-relance-debat-forages-de-nestle-waters\/<\/a><\/p>\n","protected":false},"excerpt":{"rendered":"<p>A la suite d\u2019un reportage sur Nestl\u00e9 Waters Vosges et le d\u00e9s\u00e9quilibre de la nappe GTI, dans le cadre de [&hellip;]<\/p>\n","protected":false},"author":407,"featured_media":27368,"comment_status":"open","ping_status":"open","sticky":false,"template":"","format":"standard","meta":{"footnotes":""},"categories":[26,13,18],"tags":[],"class_list":["post-27367","post","type-post","status-publish","format-standard","has-post-thumbnail","hentry","category-a-la-une","category-societe","category-vosges"],"acf":[],"yoast_head":"<!-- This site is optimized with the Yoast SEO plugin v22.5 - https:\/\/yoast.com\/wordpress\/plugins\/seo\/ -->\n<title>Vosges : le collectif Eau 88 relance le d\u00e9bat sur les forages de Nestl\u00e9 Waters - Remiremont Info<\/title>\n<meta name=\"robots\" content=\"index, follow, max-snippet:-1, max-image-preview:large, max-video-preview:-1\" \/>\n<link rel=\"canonical\" href=\"https:\/\/vosgesinfo.fr\/remiremontinfo\/2020\/05\/vosges-collectif-eau-88-relance-debat-forages-de-nestle-waters\/\" \/>\n<meta name=\"twitter:card\" content=\"summary_large_image\" \/>\n<meta name=\"twitter:title\" content=\"Vosges : le collectif Eau 88 relance le d\u00e9bat sur les forages de Nestl\u00e9 Waters - Remiremont Info\" \/>\n<meta name=\"twitter:description\" content=\"A la suite d\u2019un reportage sur Nestl\u00e9 Waters Vosges et le d\u00e9s\u00e9quilibre de la nappe GTI, dans le cadre de [&hellip;]\" \/>\n<meta name=\"twitter:image\" content=\"https:\/\/vosgesinfo.fr\/app\/uploads\/sites\/5\/2024\/09\/202005quelques-membres-du-collectif-eau-88.jpg\" \/>\n<meta name=\"twitter:creator\" content=\"@VosgesInfo88\" \/>\n<meta name=\"twitter:site\" content=\"@VosgesInfo88\" \/>\n<meta name=\"twitter:label1\" content=\"\u00c9crit par\" \/>\n\t<meta name=\"twitter:data1\" content=\"C D\" \/>\n\t<meta name=\"twitter:label2\" content=\"Dur\u00e9e de lecture estim\u00e9e\" \/>\n\t<meta name=\"twitter:data2\" content=\"1 minute\" \/>\n<script type=\"application\/ld+json\" class=\"yoast-schema-graph\">{\"@context\":\"https:\/\/schema.org\",\"@graph\":[{\"@type\":\"Article\",\"@id\":\"https:\/\/vosgesinfo.fr\/remiremontinfo\/2020\/05\/vosges-collectif-eau-88-relance-debat-forages-de-nestle-waters\/#article\",\"isPartOf\":{\"@id\":\"https:\/\/vosgesinfo.fr\/remiremontinfo\/2020\/05\/vosges-collectif-eau-88-relance-debat-forages-de-nestle-waters\/\"},\"author\":{\"name\":\"C D\",\"@id\":\"https:\/\/vosgesinfo.fr\/remiremontinfo\/#\/schema\/person\/3bfd164d5218a185b1db68655a265316\"},\"headline\":\"Vosges : le collectif Eau 88 relance le d\u00e9bat sur les forages de Nestl\u00e9 Waters\",\"datePublished\":\"2020-05-20T04:34:30+00:00\",\"dateModified\":\"2020-05-20T04:34:30+00:00\",\"mainEntityOfPage\":{\"@id\":\"https:\/\/vosgesinfo.fr\/remiremontinfo\/2020\/05\/vosges-collectif-eau-88-relance-debat-forages-de-nestle-waters\/\"},\"wordCount\":242,\"commentCount\":0,\"publisher\":{\"@id\":\"https:\/\/vosgesinfo.fr\/remiremontinfo\/#organization\"},\"image\":{\"@id\":\"https:\/\/vosgesinfo.fr\/remiremontinfo\/2020\/05\/vosges-collectif-eau-88-relance-debat-forages-de-nestle-waters\/#primaryimage\"},\"thumbnailUrl\":\"https:\/\/vosgesinfo.fr\/app\/uploads\/sites\/5\/2024\/09\/202005quelques-membres-du-collectif-eau-88.jpg\",\"articleSection\":[\"A la Une\",\"Soci\u00e9t\u00e9\",\"Vosges\"],\"inLanguage\":\"fr-FR\",\"potentialAction\":[{\"@type\":\"CommentAction\",\"name\":\"Comment\",\"target\":[\"https:\/\/vosgesinfo.fr\/remiremontinfo\/2020\/05\/vosges-collectif-eau-88-relance-debat-forages-de-nestle-waters\/#respond\"]}]},{\"@type\":\"WebPage\",\"@id\":\"https:\/\/vosgesinfo.fr\/remiremontinfo\/2020\/05\/vosges-collectif-eau-88-relance-debat-forages-de-nestle-waters\/\",\"url\":\"https:\/\/vosgesinfo.fr\/remiremontinfo\/2020\/05\/vosges-collectif-eau-88-relance-debat-forages-de-nestle-waters\/\",\"name\":\"Vosges : le collectif Eau 88 relance le d\u00e9bat sur les forages de Nestl\u00e9 Waters - Remiremont Info\",\"isPartOf\":{\"@id\":\"https:\/\/vosgesinfo.fr\/remiremontinfo\/#website\"},\"primaryImageOfPage\":{\"@id\":\"https:\/\/vosgesinfo.fr\/remiremontinfo\/2020\/05\/vosges-collectif-eau-88-relance-debat-forages-de-nestle-waters\/#primaryimage\"},\"image\":{\"@id\":\"https:\/\/vosgesinfo.fr\/remiremontinfo\/2020\/05\/vosges-collectif-eau-88-relance-debat-forages-de-nestle-waters\/#primaryimage\"},\"thumbnailUrl\":\"https:\/\/vosgesinfo.fr\/app\/uploads\/sites\/5\/2024\/09\/202005quelques-membres-du-collectif-eau-88.jpg\",\"datePublished\":\"2020-05-20T04:34:30+00:00\",\"dateModified\":\"2020-05-20T04:34:30+00:00\",\"breadcrumb\":{\"@id\":\"https:\/\/vosgesinfo.fr\/remiremontinfo\/2020\/05\/vosges-collectif-eau-88-relance-debat-forages-de-nestle-waters\/#breadcrumb\"},\"inLanguage\":\"fr-FR\",\"potentialAction\":[{\"@type\":\"ReadAction\",\"target\":[\"https:\/\/vosgesinfo.fr\/remiremontinfo\/2020\/05\/vosges-collectif-eau-88-relance-debat-forages-de-nestle-waters\/\"]}]},{\"@type\":\"ImageObject\",\"inLanguage\":\"fr-FR\",\"@id\":\"https:\/\/vosgesinfo.fr\/remiremontinfo\/2020\/05\/vosges-collectif-eau-88-relance-debat-forages-de-nestle-waters\/#primaryimage\",\"url\":\"https:\/\/vosgesinfo.fr\/app\/uploads\/sites\/5\/2024\/09\/202005quelques-membres-du-collectif-eau-88.jpg\",\"contentUrl\":\"https:\/\/vosgesinfo.fr\/app\/uploads\/sites\/5\/2024\/09\/202005quelques-membres-du-collectif-eau-88.jpg\",\"width\":800,\"height\":533},{\"@type\":\"BreadcrumbList\",\"@id\":\"https:\/\/vosgesinfo.fr\/remiremontinfo\/2020\/05\/vosges-collectif-eau-88-relance-debat-forages-de-nestle-waters\/#breadcrumb\",\"itemListElement\":[{\"@type\":\"ListItem\",\"position\":1,\"name\":\"Home\",\"item\":\"https:\/\/vosgesinfo.fr\/remiremontinfo\/\"},{\"@type\":\"ListItem\",\"position\":2,\"name\":\"Vosges : le collectif Eau 88 relance le d\u00e9bat sur les forages de Nestl\u00e9 Waters\"}]},{\"@type\":\"WebSite\",\"@id\":\"https:\/\/vosgesinfo.fr\/remiremontinfo\/#website\",\"url\":\"https:\/\/vosgesinfo.fr\/remiremontinfo\/\",\"name\":\"Remiremont Info\",\"description\":\"Toute l&#039;actualit\u00e9 de Remiremont\",\"publisher\":{\"@id\":\"https:\/\/vosgesinfo.fr\/remiremontinfo\/#organization\"},\"alternateName\":\"Toute l'actualit\u00e9 de Remiremont\",\"potentialAction\":[{\"@type\":\"SearchAction\",\"target\":{\"@type\":\"EntryPoint\",\"urlTemplate\":\"https:\/\/vosgesinfo.fr\/remiremontinfo\/?s={search_term_string}\"},\"query-input\":\"required name=search_term_string\"}],\"inLanguage\":\"fr-FR\"},{\"@type\":\"Organization\",\"@id\":\"https:\/\/vosgesinfo.fr\/remiremontinfo\/#organization\",\"name\":\"Remiremont Info\",\"url\":\"https:\/\/vosgesinfo.fr\/remiremontinfo\/\",\"logo\":{\"@type\":\"ImageObject\",\"inLanguage\":\"fr-FR\",\"@id\":\"https:\/\/vosgesinfo.fr\/remiremontinfo\/#\/schema\/logo\/image\/\",\"url\":\"https:\/\/vosgesinfo.fr\/app\/uploads\/sites\/5\/2023\/08\/favicon-remiremontinfo.png\",\"contentUrl\":\"https:\/\/vosgesinfo.fr\/app\/uploads\/sites\/5\/2023\/08\/favicon-remiremontinfo.png\",\"width\":512,\"height\":512,\"caption\":\"Remiremont Info\"},\"image\":{\"@id\":\"https:\/\/vosgesinfo.fr\/remiremontinfo\/#\/schema\/logo\/image\/\"},\"sameAs\":[\"https:\/\/www.facebook.com\/remiremontinfo\",\"https:\/\/x.com\/VosgesInfo88\",\"https:\/\/www.youtube.com\/@vosgesinfo\"]},{\"@type\":\"Person\",\"@id\":\"https:\/\/vosgesinfo.fr\/remiremontinfo\/#\/schema\/person\/3bfd164d5218a185b1db68655a265316\",\"name\":\"C D\",\"image\":{\"@type\":\"ImageObject\",\"inLanguage\":\"fr-FR\",\"@id\":\"https:\/\/vosgesinfo.fr\/remiremontinfo\/#\/schema\/person\/image\/\",\"url\":\"https:\/\/secure.gravatar.com\/avatar\/1f9a70007336511a47468b8f1c66f922b8b7cf617b02a31149ada43893a5d48f?s=96&d=mm&r=g\",\"contentUrl\":\"https:\/\/secure.gravatar.com\/avatar\/1f9a70007336511a47468b8f1c66f922b8b7cf617b02a31149ada43893a5d48f?s=96&d=mm&r=g\",\"caption\":\"C D\"},\"url\":\"https:\/\/vosgesinfo.fr\/remiremontinfo\/author\/cedric-drevet\/\"}]}<\/script>\n<!-- \/ Yoast SEO plugin. -->","yoast_head_json":{"title":"Vosges : le collectif Eau 88 relance le d\u00e9bat sur les forages de Nestl\u00e9 Waters - Remiremont Info","robots":{"index":"index","follow":"follow","max-snippet":"max-snippet:-1","max-image-preview":"max-image-preview:large","max-video-preview":"max-video-preview:-1"},"canonical":"https:\/\/vosgesinfo.fr\/remiremontinfo\/2020\/05\/vosges-collectif-eau-88-relance-debat-forages-de-nestle-waters\/","twitter_card":"summary_large_image","twitter_title":"Vosges : le collectif Eau 88 relance le d\u00e9bat sur les forages de Nestl\u00e9 Waters - Remiremont Info","twitter_description":"A la suite d\u2019un reportage sur Nestl\u00e9 Waters Vosges et le d\u00e9s\u00e9quilibre de la nappe GTI, dans le cadre de [&hellip;]","twitter_image":"https:\/\/vosgesinfo.fr\/app\/uploads\/sites\/5\/2024\/09\/202005quelques-membres-du-collectif-eau-88.jpg","twitter_creator":"@VosgesInfo88","twitter_site":"@VosgesInfo88","twitter_misc":{"\u00c9crit par":"C D","Dur\u00e9e de lecture estim\u00e9e":"1 minute"},"schema":{"@context":"https:\/\/schema.org","@graph":[{"@type":"Article","@id":"https:\/\/vosgesinfo.fr\/remiremontinfo\/2020\/05\/vosges-collectif-eau-88-relance-debat-forages-de-nestle-waters\/#article","isPartOf":{"@id":"https:\/\/vosgesinfo.fr\/remiremontinfo\/2020\/05\/vosges-collectif-eau-88-relance-debat-forages-de-nestle-waters\/"},"author":{"name":"C D","@id":"https:\/\/vosgesinfo.fr\/remiremontinfo\/#\/schema\/person\/3bfd164d5218a185b1db68655a265316"},"headline":"Vosges : le collectif Eau 88 relance le d\u00e9bat sur les forages de Nestl\u00e9 Waters","datePublished":"2020-05-20T04:34:30+00:00","dateModified":"2020-05-20T04:34:30+00:00","mainEntityOfPage":{"@id":"https:\/\/vosgesinfo.fr\/remiremontinfo\/2020\/05\/vosges-collectif-eau-88-relance-debat-forages-de-nestle-waters\/"},"wordCount":242,"commentCount":0,"publisher":{"@id":"https:\/\/vosgesinfo.fr\/remiremontinfo\/#organization"},"image":{"@id":"https:\/\/vosgesinfo.fr\/remiremontinfo\/2020\/05\/vosges-collectif-eau-88-relance-debat-forages-de-nestle-waters\/#primaryimage"},"thumbnailUrl":"https:\/\/vosgesinfo.fr\/app\/uploads\/sites\/5\/2024\/09\/202005quelques-membres-du-collectif-eau-88.jpg","articleSection":["A la Une","Soci\u00e9t\u00e9","Vosges"],"inLanguage":"fr-FR","potentialAction":[{"@type":"CommentAction","name":"Comment","target":["https:\/\/vosgesinfo.fr\/remiremontinfo\/2020\/05\/vosges-collectif-eau-88-relance-debat-forages-de-nestle-waters\/#respond"]}]},{"@type":"WebPage","@id":"https:\/\/vosgesinfo.fr\/remiremontinfo\/2020\/05\/vosges-collectif-eau-88-relance-debat-forages-de-nestle-waters\/","url":"https:\/\/vosgesinfo.fr\/remiremontinfo\/2020\/05\/vosges-collectif-eau-88-relance-debat-forages-de-nestle-waters\/","name":"Vosges : le collectif Eau 88 relance le d\u00e9bat sur les forages de Nestl\u00e9 Waters - Remiremont Info","isPartOf":{"@id":"https:\/\/vosgesinfo.fr\/remiremontinfo\/#website"},"primaryImageOfPage":{"@id":"https:\/\/vosgesinfo.fr\/remiremontinfo\/2020\/05\/vosges-collectif-eau-88-relance-debat-forages-de-nestle-waters\/#primaryimage"},"image":{"@id":"https:\/\/vosgesinfo.fr\/remiremontinfo\/2020\/05\/vosges-collectif-eau-88-relance-debat-forages-de-nestle-waters\/#primaryimage"},"thumbnailUrl":"https:\/\/vosgesinfo.fr\/app\/uploads\/sites\/5\/2024\/09\/202005quelques-membres-du-collectif-eau-88.jpg","datePublished":"2020-05-20T04:34:30+00:00","dateModified":"2020-05-20T04:34:30+00:00","breadcrumb":{"@id":"https:\/\/vosgesinfo.fr\/remiremontinfo\/2020\/05\/vosges-collectif-eau-88-relance-debat-forages-de-nestle-waters\/#breadcrumb"},"inLanguage":"fr-FR","potentialAction":[{"@type":"ReadAction","target":["https:\/\/vosgesinfo.fr\/remiremontinfo\/2020\/05\/vosges-collectif-eau-88-relance-debat-forages-de-nestle-waters\/"]}]},{"@type":"ImageObject","inLanguage":"fr-FR","@id":"https:\/\/vosgesinfo.fr\/remiremontinfo\/2020\/05\/vosges-collectif-eau-88-relance-debat-forages-de-nestle-waters\/#primaryimage","url":"https:\/\/vosgesinfo.fr\/app\/uploads\/sites\/5\/2024\/09\/202005quelques-membres-du-collectif-eau-88.jpg","contentUrl":"https:\/\/vosgesinfo.fr\/app\/uploads\/sites\/5\/2024\/09\/202005quelques-membres-du-collectif-eau-88.jpg","width":800,"height":533},{"@type":"BreadcrumbList","@id":"https:\/\/vosgesinfo.fr\/remiremontinfo\/2020\/05\/vosges-collectif-eau-88-relance-debat-forages-de-nestle-waters\/#breadcrumb","itemListElement":[{"@type":"ListItem","position":1,"name":"Home","item":"https:\/\/vosgesinfo.fr\/remiremontinfo\/"},{"@type":"ListItem","position":2,"name":"Vosges : le collectif Eau 88 relance le d\u00e9bat sur les forages de Nestl\u00e9 Waters"}]},{"@type":"WebSite","@id":"https:\/\/vosgesinfo.fr\/remiremontinfo\/#website","url":"https:\/\/vosgesinfo.fr\/remiremontinfo\/","name":"Remiremont Info","description":"Toute l&#039;actualit\u00e9 de Remiremont","publisher":{"@id":"https:\/\/vosgesinfo.fr\/remiremontinfo\/#organization"},"alternateName":"Toute l'actualit\u00e9 de Remiremont","potentialAction":[{"@type":"SearchAction","target":{"@type":"EntryPoint","urlTemplate":"https:\/\/vosgesinfo.fr\/remiremontinfo\/?s={search_term_string}"},"query-input":"required name=search_term_string"}],"inLanguage":"fr-FR"},{"@type":"Organization","@id":"https:\/\/vosgesinfo.fr\/remiremontinfo\/#organization","name":"Remiremont Info","url":"https:\/\/vosgesinfo.fr\/remiremontinfo\/","logo":{"@type":"ImageObject","inLanguage":"fr-FR","@id":"https:\/\/vosgesinfo.fr\/remiremontinfo\/#\/schema\/logo\/image\/","url":"https:\/\/vosgesinfo.fr\/app\/uploads\/sites\/5\/2023\/08\/favicon-remiremontinfo.png","contentUrl":"https:\/\/vosgesinfo.fr\/app\/uploads\/sites\/5\/2023\/08\/favicon-remiremontinfo.png","width":512,"height":512,"caption":"Remiremont Info"},"image":{"@id":"https:\/\/vosgesinfo.fr\/remiremontinfo\/#\/schema\/logo\/image\/"},"sameAs":["https:\/\/www.facebook.com\/remiremontinfo","https:\/\/x.com\/VosgesInfo88","https:\/\/www.youtube.com\/@vosgesinfo"]},{"@type":"Person","@id":"https:\/\/vosgesinfo.fr\/remiremontinfo\/#\/schema\/person\/3bfd164d5218a185b1db68655a265316","name":"C D","image":{"@type":"ImageObject","inLanguage":"fr-FR","@id":"https:\/\/vosgesinfo.fr\/remiremontinfo\/#\/schema\/person\/image\/","url":"https:\/\/secure.gravatar.com\/avatar\/1f9a70007336511a47468b8f1c66f922b8b7cf617b02a31149ada43893a5d48f?s=96&d=mm&r=g","contentUrl":"https:\/\/secure.gravatar.com\/avatar\/1f9a70007336511a47468b8f1c66f922b8b7cf617b02a31149ada43893a5d48f?s=96&d=mm&r=g","caption":"C D"},"url":"https:\/\/vosgesinfo.fr\/remiremontinfo\/author\/cedric-drevet\/"}]}},"_links":{"self":[{"href":"https:\/\/vosgesinfo.fr\/remiremontinfo\/wp-json\/wp\/v2\/posts\/27367","targetHints":{"allow":["GET"]}}],"collection":[{"href":"https:\/\/vosgesinfo.fr\/remiremontinfo\/wp-json\/wp\/v2\/posts"}],"about":[{"href":"https:\/\/vosgesinfo.fr\/remiremontinfo\/wp-json\/wp\/v2\/types\/post"}],"author":[{"embeddable":true,"href":"https:\/\/vosgesinfo.fr\/remiremontinfo\/wp-json\/wp\/v2\/users\/407"}],"replies":[{"embeddable":true,"href":"https:\/\/vosgesinfo.fr\/remiremontinfo\/wp-json\/wp\/v2\/comments?post=27367"}],"version-history":[{"count":0,"href":"https:\/\/vosgesinfo.fr\/remiremontinfo\/wp-json\/wp\/v2\/posts\/27367\/revisions"}],"wp:featuredmedia":[{"embeddable":true,"href":"https:\/\/vosgesinfo.fr\/remiremontinfo\/wp-json\/wp\/v2\/media\/27368"}],"wp:attachment":[{"href":"https:\/\/vosgesinfo.fr\/remiremontinfo\/wp-json\/wp\/v2\/media?parent=27367"}],"wp:term":[{"taxonomy":"category","embeddable":true,"href":"https:\/\/vosgesinfo.fr\/remiremontinfo\/wp-json\/wp\/v2\/categories?post=27367"},{"taxonomy":"post_tag","embeddable":true,"href":"https:\/\/vosgesinfo.fr\/remiremontinfo\/wp-json\/wp\/v2\/tags?post=27367"}],"curies":[{"name":"wp","href":"https:\/\/api.w.org\/{rel}","templated":true}]}}