{"id":27369,"date":"2020-05-20T07:28:43","date_gmt":"2020-05-20T05:28:43","guid":{"rendered":"https:\/\/vosgesinfo.fr\/remiremontinfo\/2020\/05\/remiremont-13-mariages-reportes-a-cause-covid-19\/"},"modified":"2020-05-20T07:28:43","modified_gmt":"2020-05-20T05:28:43","slug":"remiremont-13-mariages-reportes-a-cause-covid-19","status":"publish","type":"post","link":"https:\/\/vosgesinfo.fr\/remiremontinfo\/2020\/05\/remiremont-13-mariages-reportes-a-cause-covid-19\/","title":{"rendered":"Remiremont : 13 mariages report\u00e9s \u00e0 cause du Covid-19"},"content":{"rendered":"<h2 style=\"text-align: center;\"><a href=\"\/2020\/05\/Annotation-2020-05-20-092605.png\"><img decoding=\"async\" class=\"alignnone size-full wp-image-287202\" src=\"\/2020\/05\/Annotation-2020-05-20-092605.png\" alt=\"Annotation 2020-05-20 092605\" width=\"800\" height=\"557\" \/><\/a><\/h2>\n<h2><span style=\"font-size: 12pt;\"><strong>Ce devait \u00eatre \u00ab\u00a0le plus beau jour de leur vie\u00a0\u00bb, mais \u00e7a attendra un peu\u00a0! Le confinement est venu mettre un coup d\u2019arr\u00eat \u00e0 de nombreuses activit\u00e9s et festivit\u00e9s. Les mariages n\u2019ont pas \u00e9t\u00e9 \u00e9pargn\u00e9s. A Remiremont, 13 unions ont ainsi \u00e9t\u00e9 report\u00e9es.<\/strong><\/span><\/h2>\n<p>Si pour certains, la cohabitation avec leur conjoint ou leur conjointe 24h\/24h les mois derniers a \u00e9t\u00e9 sans le moindre doute une \u00e9preuve inattendue, d\u2019autres devront encore attendre un peu pour profiter de leur nuit de noces. Le dernier mariage a \u00e9t\u00e9 c\u00e9l\u00e9br\u00e9 \u00e0 Remiremont le 14 mars, quelques jours avant le confinement. Il est en effet interdit de proc\u00e9der \u00e0 une union depuis. Sauf cas de force majeur\u00a0: un militaire partant en mission, un mourant souhaitant \u00e9pouser sa compagne ou son compagnon. Tout cela sur autorisation du procureur. Des mariages \u00e0 huit clos, avec un nombre tr\u00e8s limit\u00e9s d\u2019invit\u00e9s.<\/p>\n<p>Le confinement est arriv\u00e9 en pleine saison des mariages \u00e0 Remiremont. Chaque ann\u00e9e, ce sont 20 \u00e0 30 couples qui descendent les marches du palais abbatial apr\u00e8s avoir sign\u00e9 leur contrat. Il y avait des journ\u00e9es charg\u00e9es dans l\u2019agenda municipal, avec trois c\u00e9r\u00e9monies pr\u00e9vues\u00a0!<\/p>\n<p><em>\u00ab\u00a0On ne peut pas faire de mariage avant le mois de juin\u00a0\u00bb<\/em>, explique Jean Beno\u00eet Tisserand, adjoint au maire de Remiremont et officier d\u2019\u00c9tat civil,<em> \u00ab\u00a0parce que le d\u00e9partement des Vosges est en zone rouge\u00a0\u00bb<\/em>. Certaines c\u00e9l\u00e9brations sont report\u00e9s dans la seconde moiti\u00e9 de l\u2019ann\u00e9e, \u00e0 partir de septembre. 7 mariages sont d\u2019ores et d\u00e9j\u00e0 pr\u00e9vus d\u2019ici fin 2020. D\u2019autres couples ont fait le choix de reporter \u00e0 l\u2019ann\u00e9e prochaine. Pour se marier au printemps, ou pour prendre le temps de la pr\u00e9paration.<em> \u00ab\u00a0En 2021, il y aura vraiment beaucoup de mariages \u00e0 Remiremont\u00a0\u00bb.<\/em><\/p>\n<h3><span style=\"font-size: 12pt;\"><em><strong>\u00ab\u00a0C\u2019est pas comme \u00e7a qu\u2019ils ont imagin\u00e9 le plus beau jour de leur vie\u00a0\u00bb<\/strong><\/em><\/span><\/h3>\n<p>Les nouvelles directives doivent arriver \u00e0 la mairie d\u00e9but juin. Elles pr\u00e9ciseront dans quelle mesure les unions vont pouvoir \u00eatre c\u00e9l\u00e9br\u00e9es au cours de l\u2019\u00e9t\u00e9. Pour les premi\u00e8res c\u00e9l\u00e9brations, les gestes barri\u00e8res seront certainement conseill\u00e9s.<em> \u00ab\u00a0\u00c7\u00e0 risque d\u2019\u00eatre un peu particulier\u00a0\u00bb<\/em>, affirme Jean Beno\u00eet Tisserand. <em>\u00ab\u00a0Si c\u2019est pour mettre du gel hydroalcoolique avant de signer l\u2019acte&#8230;\u00bb<\/em>. Si les masques viennent cacher les sourire, aussi.<em> \u00ab\u00a0C\u2019est pas comme \u00e7a qu\u2019ils ont imagin\u00e9 le plus beau jour de leur vie\u00a0<\/em>\u00bb. Et puis il y a la nouvelle r\u00e8gle des \u00ab\u00a0100 km\u00a0\u00bb. Difficile de rassembler toute la famille quand elle est dispers\u00e9e. <em>\u00ab On ne sait pas comment va \u00e9voluer le Covid\u00a0\u00bb<\/em>, affirme l\u2019\u00e9lu, <em>\u00ab\u00a0On esp\u00e8re que la situation va s\u2019am\u00e9liorer assez rapidement pour faire des unions\u00a0\u00bb.<\/em><\/p>\n","protected":false},"excerpt":{"rendered":"<p>Ce devait \u00eatre \u00ab\u00a0le plus beau jour de leur vie\u00a0\u00bb, mais \u00e7a attendra un peu\u00a0! Le confinement est venu mettre [&hellip;]<\/p>\n","protected":false},"author":407,"featured_media":27370,"comment_status":"open","ping_status":"open","sticky":false,"template":"","format":"standard","meta":{"footnotes":""},"categories":[26,13,18],"tags":[],"class_list":["post-27369","post","type-post","status-publish","format-standard","has-post-thumbnail","hentry","category-a-la-une","category-societe","category-vosges"],"acf":[],"yoast_head":"<!-- This site is optimized with the Yoast SEO plugin v22.5 - https:\/\/yoast.com\/wordpress\/plugins\/seo\/ -->\n<title>Remiremont : 13 mariages report\u00e9s \u00e0 cause du Covid-19 - Remiremont Info<\/title>\n<meta name=\"robots\" content=\"index, follow, max-snippet:-1, max-image-preview:large, max-video-preview:-1\" \/>\n<link rel=\"canonical\" href=\"https:\/\/vosgesinfo.fr\/remiremontinfo\/2020\/05\/remiremont-13-mariages-reportes-a-cause-covid-19\/\" \/>\n<meta name=\"twitter:card\" content=\"summary_large_image\" \/>\n<meta name=\"twitter:title\" content=\"Remiremont : 13 mariages report\u00e9s \u00e0 cause du Covid-19 - Remiremont Info\" \/>\n<meta name=\"twitter:description\" content=\"Ce devait \u00eatre \u00ab\u00a0le plus beau jour de leur vie\u00a0\u00bb, mais \u00e7a attendra un peu\u00a0! Le confinement est venu mettre [&hellip;]\" \/>\n<meta name=\"twitter:image\" content=\"https:\/\/vosgesinfo.fr\/app\/uploads\/sites\/5\/2024\/09\/202005annotation-2020-05-20-092605.png\" \/>\n<meta name=\"twitter:creator\" content=\"@VosgesInfo88\" \/>\n<meta name=\"twitter:site\" content=\"@VosgesInfo88\" \/>\n<meta name=\"twitter:label1\" content=\"\u00c9crit par\" \/>\n\t<meta name=\"twitter:data1\" content=\"C D\" \/>\n\t<meta name=\"twitter:label2\" content=\"Dur\u00e9e de lecture estim\u00e9e\" \/>\n\t<meta name=\"twitter:data2\" content=\"2 minutes\" \/>\n<script type=\"application\/ld+json\" class=\"yoast-schema-graph\">{\"@context\":\"https:\/\/schema.org\",\"@graph\":[{\"@type\":\"Article\",\"@id\":\"https:\/\/vosgesinfo.fr\/remiremontinfo\/2020\/05\/remiremont-13-mariages-reportes-a-cause-covid-19\/#article\",\"isPartOf\":{\"@id\":\"https:\/\/vosgesinfo.fr\/remiremontinfo\/2020\/05\/remiremont-13-mariages-reportes-a-cause-covid-19\/\"},\"author\":{\"name\":\"C D\",\"@id\":\"https:\/\/vosgesinfo.fr\/remiremontinfo\/#\/schema\/person\/3bfd164d5218a185b1db68655a265316\"},\"headline\":\"Remiremont : 13 mariages report\u00e9s \u00e0 cause du Covid-19\",\"datePublished\":\"2020-05-20T05:28:43+00:00\",\"dateModified\":\"2020-05-20T05:28:43+00:00\",\"mainEntityOfPage\":{\"@id\":\"https:\/\/vosgesinfo.fr\/remiremontinfo\/2020\/05\/remiremont-13-mariages-reportes-a-cause-covid-19\/\"},\"wordCount\":471,\"commentCount\":0,\"publisher\":{\"@id\":\"https:\/\/vosgesinfo.fr\/remiremontinfo\/#organization\"},\"image\":{\"@id\":\"https:\/\/vosgesinfo.fr\/remiremontinfo\/2020\/05\/remiremont-13-mariages-reportes-a-cause-covid-19\/#primaryimage\"},\"thumbnailUrl\":\"https:\/\/vosgesinfo.fr\/app\/uploads\/sites\/5\/2024\/09\/202005annotation-2020-05-20-092605.png\",\"articleSection\":[\"A la Une\",\"Soci\u00e9t\u00e9\",\"Vosges\"],\"inLanguage\":\"fr-FR\",\"potentialAction\":[{\"@type\":\"CommentAction\",\"name\":\"Comment\",\"target\":[\"https:\/\/vosgesinfo.fr\/remiremontinfo\/2020\/05\/remiremont-13-mariages-reportes-a-cause-covid-19\/#respond\"]}]},{\"@type\":\"WebPage\",\"@id\":\"https:\/\/vosgesinfo.fr\/remiremontinfo\/2020\/05\/remiremont-13-mariages-reportes-a-cause-covid-19\/\",\"url\":\"https:\/\/vosgesinfo.fr\/remiremontinfo\/2020\/05\/remiremont-13-mariages-reportes-a-cause-covid-19\/\",\"name\":\"Remiremont : 13 mariages report\u00e9s \u00e0 cause du Covid-19 - Remiremont Info\",\"isPartOf\":{\"@id\":\"https:\/\/vosgesinfo.fr\/remiremontinfo\/#website\"},\"primaryImageOfPage\":{\"@id\":\"https:\/\/vosgesinfo.fr\/remiremontinfo\/2020\/05\/remiremont-13-mariages-reportes-a-cause-covid-19\/#primaryimage\"},\"image\":{\"@id\":\"https:\/\/vosgesinfo.fr\/remiremontinfo\/2020\/05\/remiremont-13-mariages-reportes-a-cause-covid-19\/#primaryimage\"},\"thumbnailUrl\":\"https:\/\/vosgesinfo.fr\/app\/uploads\/sites\/5\/2024\/09\/202005annotation-2020-05-20-092605.png\",\"datePublished\":\"2020-05-20T05:28:43+00:00\",\"dateModified\":\"2020-05-20T05:28:43+00:00\",\"breadcrumb\":{\"@id\":\"https:\/\/vosgesinfo.fr\/remiremontinfo\/2020\/05\/remiremont-13-mariages-reportes-a-cause-covid-19\/#breadcrumb\"},\"inLanguage\":\"fr-FR\",\"potentialAction\":[{\"@type\":\"ReadAction\",\"target\":[\"https:\/\/vosgesinfo.fr\/remiremontinfo\/2020\/05\/remiremont-13-mariages-reportes-a-cause-covid-19\/\"]}]},{\"@type\":\"ImageObject\",\"inLanguage\":\"fr-FR\",\"@id\":\"https:\/\/vosgesinfo.fr\/remiremontinfo\/2020\/05\/remiremont-13-mariages-reportes-a-cause-covid-19\/#primaryimage\",\"url\":\"https:\/\/vosgesinfo.fr\/app\/uploads\/sites\/5\/2024\/09\/202005annotation-2020-05-20-092605.png\",\"contentUrl\":\"https:\/\/vosgesinfo.fr\/app\/uploads\/sites\/5\/2024\/09\/202005annotation-2020-05-20-092605.png\",\"width\":800,\"height\":557},{\"@type\":\"BreadcrumbList\",\"@id\":\"https:\/\/vosgesinfo.fr\/remiremontinfo\/2020\/05\/remiremont-13-mariages-reportes-a-cause-covid-19\/#breadcrumb\",\"itemListElement\":[{\"@type\":\"ListItem\",\"position\":1,\"name\":\"Home\",\"item\":\"https:\/\/vosgesinfo.fr\/remiremontinfo\/\"},{\"@type\":\"ListItem\",\"position\":2,\"name\":\"Remiremont : 13 mariages report\u00e9s \u00e0 cause du Covid-19\"}]},{\"@type\":\"WebSite\",\"@id\":\"https:\/\/vosgesinfo.fr\/remiremontinfo\/#website\",\"url\":\"https:\/\/vosgesinfo.fr\/remiremontinfo\/\",\"name\":\"Remiremont Info\",\"description\":\"Toute l&#039;actualit\u00e9 de Remiremont\",\"publisher\":{\"@id\":\"https:\/\/vosgesinfo.fr\/remiremontinfo\/#organization\"},\"alternateName\":\"Toute l'actualit\u00e9 de Remiremont\",\"potentialAction\":[{\"@type\":\"SearchAction\",\"target\":{\"@type\":\"EntryPoint\",\"urlTemplate\":\"https:\/\/vosgesinfo.fr\/remiremontinfo\/?s={search_term_string}\"},\"query-input\":\"required name=search_term_string\"}],\"inLanguage\":\"fr-FR\"},{\"@type\":\"Organization\",\"@id\":\"https:\/\/vosgesinfo.fr\/remiremontinfo\/#organization\",\"name\":\"Remiremont Info\",\"url\":\"https:\/\/vosgesinfo.fr\/remiremontinfo\/\",\"logo\":{\"@type\":\"ImageObject\",\"inLanguage\":\"fr-FR\",\"@id\":\"https:\/\/vosgesinfo.fr\/remiremontinfo\/#\/schema\/logo\/image\/\",\"url\":\"https:\/\/vosgesinfo.fr\/app\/uploads\/sites\/5\/2023\/08\/favicon-remiremontinfo.png\",\"contentUrl\":\"https:\/\/vosgesinfo.fr\/app\/uploads\/sites\/5\/2023\/08\/favicon-remiremontinfo.png\",\"width\":512,\"height\":512,\"caption\":\"Remiremont Info\"},\"image\":{\"@id\":\"https:\/\/vosgesinfo.fr\/remiremontinfo\/#\/schema\/logo\/image\/\"},\"sameAs\":[\"https:\/\/www.facebook.com\/remiremontinfo\",\"https:\/\/x.com\/VosgesInfo88\",\"https:\/\/www.youtube.com\/@vosgesinfo\"]},{\"@type\":\"Person\",\"@id\":\"https:\/\/vosgesinfo.fr\/remiremontinfo\/#\/schema\/person\/3bfd164d5218a185b1db68655a265316\",\"name\":\"C D\",\"image\":{\"@type\":\"ImageObject\",\"inLanguage\":\"fr-FR\",\"@id\":\"https:\/\/vosgesinfo.fr\/remiremontinfo\/#\/schema\/person\/image\/\",\"url\":\"https:\/\/secure.gravatar.com\/avatar\/1f9a70007336511a47468b8f1c66f922b8b7cf617b02a31149ada43893a5d48f?s=96&d=mm&r=g\",\"contentUrl\":\"https:\/\/secure.gravatar.com\/avatar\/1f9a70007336511a47468b8f1c66f922b8b7cf617b02a31149ada43893a5d48f?s=96&d=mm&r=g\",\"caption\":\"C D\"},\"url\":\"https:\/\/vosgesinfo.fr\/remiremontinfo\/author\/cedric-drevet\/\"}]}<\/script>\n<!-- \/ Yoast SEO plugin. -->","yoast_head_json":{"title":"Remiremont : 13 mariages report\u00e9s \u00e0 cause du Covid-19 - Remiremont Info","robots":{"index":"index","follow":"follow","max-snippet":"max-snippet:-1","max-image-preview":"max-image-preview:large","max-video-preview":"max-video-preview:-1"},"canonical":"https:\/\/vosgesinfo.fr\/remiremontinfo\/2020\/05\/remiremont-13-mariages-reportes-a-cause-covid-19\/","twitter_card":"summary_large_image","twitter_title":"Remiremont : 13 mariages report\u00e9s \u00e0 cause du Covid-19 - Remiremont Info","twitter_description":"Ce devait \u00eatre \u00ab\u00a0le plus beau jour de leur vie\u00a0\u00bb, mais \u00e7a attendra un peu\u00a0! Le confinement est venu mettre [&hellip;]","twitter_image":"https:\/\/vosgesinfo.fr\/app\/uploads\/sites\/5\/2024\/09\/202005annotation-2020-05-20-092605.png","twitter_creator":"@VosgesInfo88","twitter_site":"@VosgesInfo88","twitter_misc":{"\u00c9crit par":"C D","Dur\u00e9e de lecture estim\u00e9e":"2 minutes"},"schema":{"@context":"https:\/\/schema.org","@graph":[{"@type":"Article","@id":"https:\/\/vosgesinfo.fr\/remiremontinfo\/2020\/05\/remiremont-13-mariages-reportes-a-cause-covid-19\/#article","isPartOf":{"@id":"https:\/\/vosgesinfo.fr\/remiremontinfo\/2020\/05\/remiremont-13-mariages-reportes-a-cause-covid-19\/"},"author":{"name":"C D","@id":"https:\/\/vosgesinfo.fr\/remiremontinfo\/#\/schema\/person\/3bfd164d5218a185b1db68655a265316"},"headline":"Remiremont : 13 mariages report\u00e9s \u00e0 cause du Covid-19","datePublished":"2020-05-20T05:28:43+00:00","dateModified":"2020-05-20T05:28:43+00:00","mainEntityOfPage":{"@id":"https:\/\/vosgesinfo.fr\/remiremontinfo\/2020\/05\/remiremont-13-mariages-reportes-a-cause-covid-19\/"},"wordCount":471,"commentCount":0,"publisher":{"@id":"https:\/\/vosgesinfo.fr\/remiremontinfo\/#organization"},"image":{"@id":"https:\/\/vosgesinfo.fr\/remiremontinfo\/2020\/05\/remiremont-13-mariages-reportes-a-cause-covid-19\/#primaryimage"},"thumbnailUrl":"https:\/\/vosgesinfo.fr\/app\/uploads\/sites\/5\/2024\/09\/202005annotation-2020-05-20-092605.png","articleSection":["A la Une","Soci\u00e9t\u00e9","Vosges"],"inLanguage":"fr-FR","potentialAction":[{"@type":"CommentAction","name":"Comment","target":["https:\/\/vosgesinfo.fr\/remiremontinfo\/2020\/05\/remiremont-13-mariages-reportes-a-cause-covid-19\/#respond"]}]},{"@type":"WebPage","@id":"https:\/\/vosgesinfo.fr\/remiremontinfo\/2020\/05\/remiremont-13-mariages-reportes-a-cause-covid-19\/","url":"https:\/\/vosgesinfo.fr\/remiremontinfo\/2020\/05\/remiremont-13-mariages-reportes-a-cause-covid-19\/","name":"Remiremont : 13 mariages report\u00e9s \u00e0 cause du Covid-19 - Remiremont Info","isPartOf":{"@id":"https:\/\/vosgesinfo.fr\/remiremontinfo\/#website"},"primaryImageOfPage":{"@id":"https:\/\/vosgesinfo.fr\/remiremontinfo\/2020\/05\/remiremont-13-mariages-reportes-a-cause-covid-19\/#primaryimage"},"image":{"@id":"https:\/\/vosgesinfo.fr\/remiremontinfo\/2020\/05\/remiremont-13-mariages-reportes-a-cause-covid-19\/#primaryimage"},"thumbnailUrl":"https:\/\/vosgesinfo.fr\/app\/uploads\/sites\/5\/2024\/09\/202005annotation-2020-05-20-092605.png","datePublished":"2020-05-20T05:28:43+00:00","dateModified":"2020-05-20T05:28:43+00:00","breadcrumb":{"@id":"https:\/\/vosgesinfo.fr\/remiremontinfo\/2020\/05\/remiremont-13-mariages-reportes-a-cause-covid-19\/#breadcrumb"},"inLanguage":"fr-FR","potentialAction":[{"@type":"ReadAction","target":["https:\/\/vosgesinfo.fr\/remiremontinfo\/2020\/05\/remiremont-13-mariages-reportes-a-cause-covid-19\/"]}]},{"@type":"ImageObject","inLanguage":"fr-FR","@id":"https:\/\/vosgesinfo.fr\/remiremontinfo\/2020\/05\/remiremont-13-mariages-reportes-a-cause-covid-19\/#primaryimage","url":"https:\/\/vosgesinfo.fr\/app\/uploads\/sites\/5\/2024\/09\/202005annotation-2020-05-20-092605.png","contentUrl":"https:\/\/vosgesinfo.fr\/app\/uploads\/sites\/5\/2024\/09\/202005annotation-2020-05-20-092605.png","width":800,"height":557},{"@type":"BreadcrumbList","@id":"https:\/\/vosgesinfo.fr\/remiremontinfo\/2020\/05\/remiremont-13-mariages-reportes-a-cause-covid-19\/#breadcrumb","itemListElement":[{"@type":"ListItem","position":1,"name":"Home","item":"https:\/\/vosgesinfo.fr\/remiremontinfo\/"},{"@type":"ListItem","position":2,"name":"Remiremont : 13 mariages report\u00e9s \u00e0 cause du Covid-19"}]},{"@type":"WebSite","@id":"https:\/\/vosgesinfo.fr\/remiremontinfo\/#website","url":"https:\/\/vosgesinfo.fr\/remiremontinfo\/","name":"Remiremont Info","description":"Toute l&#039;actualit\u00e9 de Remiremont","publisher":{"@id":"https:\/\/vosgesinfo.fr\/remiremontinfo\/#organization"},"alternateName":"Toute l'actualit\u00e9 de Remiremont","potentialAction":[{"@type":"SearchAction","target":{"@type":"EntryPoint","urlTemplate":"https:\/\/vosgesinfo.fr\/remiremontinfo\/?s={search_term_string}"},"query-input":"required name=search_term_string"}],"inLanguage":"fr-FR"},{"@type":"Organization","@id":"https:\/\/vosgesinfo.fr\/remiremontinfo\/#organization","name":"Remiremont Info","url":"https:\/\/vosgesinfo.fr\/remiremontinfo\/","logo":{"@type":"ImageObject","inLanguage":"fr-FR","@id":"https:\/\/vosgesinfo.fr\/remiremontinfo\/#\/schema\/logo\/image\/","url":"https:\/\/vosgesinfo.fr\/app\/uploads\/sites\/5\/2023\/08\/favicon-remiremontinfo.png","contentUrl":"https:\/\/vosgesinfo.fr\/app\/uploads\/sites\/5\/2023\/08\/favicon-remiremontinfo.png","width":512,"height":512,"caption":"Remiremont Info"},"image":{"@id":"https:\/\/vosgesinfo.fr\/remiremontinfo\/#\/schema\/logo\/image\/"},"sameAs":["https:\/\/www.facebook.com\/remiremontinfo","https:\/\/x.com\/VosgesInfo88","https:\/\/www.youtube.com\/@vosgesinfo"]},{"@type":"Person","@id":"https:\/\/vosgesinfo.fr\/remiremontinfo\/#\/schema\/person\/3bfd164d5218a185b1db68655a265316","name":"C D","image":{"@type":"ImageObject","inLanguage":"fr-FR","@id":"https:\/\/vosgesinfo.fr\/remiremontinfo\/#\/schema\/person\/image\/","url":"https:\/\/secure.gravatar.com\/avatar\/1f9a70007336511a47468b8f1c66f922b8b7cf617b02a31149ada43893a5d48f?s=96&d=mm&r=g","contentUrl":"https:\/\/secure.gravatar.com\/avatar\/1f9a70007336511a47468b8f1c66f922b8b7cf617b02a31149ada43893a5d48f?s=96&d=mm&r=g","caption":"C D"},"url":"https:\/\/vosgesinfo.fr\/remiremontinfo\/author\/cedric-drevet\/"}]}},"_links":{"self":[{"href":"https:\/\/vosgesinfo.fr\/remiremontinfo\/wp-json\/wp\/v2\/posts\/27369","targetHints":{"allow":["GET"]}}],"collection":[{"href":"https:\/\/vosgesinfo.fr\/remiremontinfo\/wp-json\/wp\/v2\/posts"}],"about":[{"href":"https:\/\/vosgesinfo.fr\/remiremontinfo\/wp-json\/wp\/v2\/types\/post"}],"author":[{"embeddable":true,"href":"https:\/\/vosgesinfo.fr\/remiremontinfo\/wp-json\/wp\/v2\/users\/407"}],"replies":[{"embeddable":true,"href":"https:\/\/vosgesinfo.fr\/remiremontinfo\/wp-json\/wp\/v2\/comments?post=27369"}],"version-history":[{"count":0,"href":"https:\/\/vosgesinfo.fr\/remiremontinfo\/wp-json\/wp\/v2\/posts\/27369\/revisions"}],"wp:featuredmedia":[{"embeddable":true,"href":"https:\/\/vosgesinfo.fr\/remiremontinfo\/wp-json\/wp\/v2\/media\/27370"}],"wp:attachment":[{"href":"https:\/\/vosgesinfo.fr\/remiremontinfo\/wp-json\/wp\/v2\/media?parent=27369"}],"wp:term":[{"taxonomy":"category","embeddable":true,"href":"https:\/\/vosgesinfo.fr\/remiremontinfo\/wp-json\/wp\/v2\/categories?post=27369"},{"taxonomy":"post_tag","embeddable":true,"href":"https:\/\/vosgesinfo.fr\/remiremontinfo\/wp-json\/wp\/v2\/tags?post=27369"}],"curies":[{"name":"wp","href":"https:\/\/api.w.org\/{rel}","templated":true}]}}