{"id":27371,"date":"2020-05-20T06:34:28","date_gmt":"2020-05-20T04:34:28","guid":{"rendered":"https:\/\/vosgesinfo.fr\/remiremontinfo\/2020\/05\/remiremont-plus-de-300-masques-achetes-aider-chloe-a-lutter-contre-handicap\/"},"modified":"2020-05-20T06:34:28","modified_gmt":"2020-05-20T04:34:28","slug":"remiremont-plus-de-300-masques-achetes-aider-chloe-a-lutter-contre-handicap","status":"publish","type":"post","link":"https:\/\/vosgesinfo.fr\/remiremontinfo\/2020\/05\/remiremont-plus-de-300-masques-achetes-aider-chloe-a-lutter-contre-handicap\/","title":{"rendered":"Remiremont\u00a0: une centaine de masques achet\u00e9s pour aider Chlo\u00e9 \u00e0 lutter contre le handicap"},"content":{"rendered":"<h2 style=\"text-align: center;\"><a href=\"\/2020\/05\/IMG_1423.jpg\"><img decoding=\"async\" class=\"alignnone size-full wp-image-287209\" src=\"\/2020\/05\/IMG_1423.jpg\" alt=\"IMG_1423\" width=\"800\" height=\"600\" \/><\/a><\/h2>\n<h2><span style=\"font-size: 12pt;\"><strong>Des masques en tissus sont en vente \u00e0 la boulangerie et p\u00e2tisserie Pinot, situ\u00e9e pr\u00e8s du rond point de la filature \u00e0 Remiremont. Les fonds r\u00e9colt\u00e9s seront revers\u00e9s \u00e0 l\u2019association \u00ab Un pas pour 2 mains \u00bb. Quelques 100 exemplaires ont d\u2019ores et d\u00e9j\u00e0 \u00e9t\u00e9 achet\u00e9s. (Et non 300 comme pr\u00e9c\u00e9demment annonc\u00e9, toutes nos excuses pour cette erreur dans la r\u00e9daction).<\/strong><\/span><\/h2>\n<p>L\u2019association \u00ab Un pas pour 2 mains\u00a0\u00bb a \u00e9t\u00e9 cr\u00e9\u00e9e pour aider Chlo\u00e9 \u00e0 lutter contre un handicap. Il y a 12 ans, la jeune fille a fait un AVC ant\u00e9natal. <em>\u00ab\u00a0Aujourd&rsquo;hui, elle souffre d\u2019une h\u00e9mipl\u00e9gie (utilise tr\u00e8s peu sa main gauche), d\u2019\u00e9pilepsie et de dystonie\u00a0\u00bb<\/em>, expliquent ses parents. <em>\u00ab\u00a0Malgr\u00e9 sa prise en charge tr\u00e8s pr\u00e9coce (d\u00e8s 9 mois) et une implication sans faille, le handicap persiste\u00a0\u00bb.<\/em><\/p>\n<p><em>\u00ab\u00a0Sa vie d&rsquo;adolescente est aujourd&rsquo;hui ponctu\u00e9e d&rsquo;un lourd programme de r\u00e9\u00e9ducation (kin\u00e9, orthophoniste, orthoptiste, s\u00e9jours de th\u00e9rapie contrainte en Institut de R\u00e9\u00e9ducation et de R\u00e9adaptation) et de suivis m\u00e9dicaux r\u00e9guliers (neurologue, \u00e9pileptologue, r\u00e9adaptation fonctionnelle&#8230;)\u00a0\u00bb.<\/em> Malgr\u00e9 la fatigue, elle ne l\u00e2che rien, elle se bat chaque jour pour un peu plus d&rsquo;autonomie. <em>\u00ab\u00a0Chlo\u00e9 a un r\u00eave : ressembler aux adolescents de son \u00e2ge et surtout pouvoir utiliser au mieux sa main gauche et sa jambe gauche\u00a0\u00bb.<\/em><\/p>\n<p>C\u2019est pour l\u2019aider \u00e0 atteindre son objectif, <a href=\"https:\/\/www.leetchi.com\/c\/un-pas-pour-2-mains\">une cagnotte leetchi<\/a> \u00e0 \u00e9t\u00e9 cr\u00e9\u00e9e. <em>\u00ab\u00a0Pour r\u00e9cup\u00e9rer encore plus de la motricit\u00e9 et lui ouvrir la porte de l&rsquo;autonomie, nous devons financer des soins et du mat\u00e9riel par nous-m\u00eame : ergoth\u00e9rapie, mat\u00e9riel p\u00e9dagogique et informatique adapt\u00e9 au handicap, psychologue, micro-kin\u00e9, soutien scolaire, transports pour les soins\u2026 Un co\u00fbt qui s\u2019\u00e9l\u00e8ve \u00e0 environ 14 000\u20ac pour les 2 prochaines ann\u00e9es\u00a0\u00bb.<\/em><\/p>\n\n","protected":false},"excerpt":{"rendered":"<p>Des masques en tissus sont en vente \u00e0 la boulangerie et p\u00e2tisserie Pinot, situ\u00e9e pr\u00e8s du rond point de la [&hellip;]<\/p>\n","protected":false},"author":407,"featured_media":27372,"comment_status":"open","ping_status":"open","sticky":false,"template":"","format":"standard","meta":{"footnotes":""},"categories":[26,1556,35,13],"tags":[],"class_list":["post-27371","post","type-post","status-publish","format-standard","has-post-thumbnail","hentry","category-a-la-une","category-remiremont-remiremont-son-canton-2","category-remiremont-son-canton","category-societe"],"acf":[],"yoast_head":"<!-- This site is optimized with the Yoast SEO plugin v22.5 - https:\/\/yoast.com\/wordpress\/plugins\/seo\/ -->\n<title>Remiremont\u00a0: une centaine de masques achet\u00e9s pour aider Chlo\u00e9 \u00e0 lutter contre le handicap - Remiremont Info<\/title>\n<meta name=\"robots\" content=\"index, follow, max-snippet:-1, max-image-preview:large, max-video-preview:-1\" \/>\n<link rel=\"canonical\" href=\"https:\/\/vosgesinfo.fr\/remiremontinfo\/2020\/05\/remiremont-plus-de-300-masques-achetes-aider-chloe-a-lutter-contre-handicap\/\" \/>\n<meta name=\"twitter:card\" content=\"summary_large_image\" \/>\n<meta name=\"twitter:title\" content=\"Remiremont\u00a0: une centaine de masques achet\u00e9s pour aider Chlo\u00e9 \u00e0 lutter contre le handicap - Remiremont Info\" \/>\n<meta name=\"twitter:description\" content=\"Des masques en tissus sont en vente \u00e0 la boulangerie et p\u00e2tisserie Pinot, situ\u00e9e pr\u00e8s du rond point de la [&hellip;]\" \/>\n<meta name=\"twitter:image\" content=\"https:\/\/vosgesinfo.fr\/app\/uploads\/sites\/5\/2024\/09\/202005img-1402.jpg\" \/>\n<meta name=\"twitter:creator\" content=\"@VosgesInfo88\" \/>\n<meta name=\"twitter:site\" content=\"@VosgesInfo88\" \/>\n<meta name=\"twitter:label1\" content=\"\u00c9crit par\" \/>\n\t<meta name=\"twitter:data1\" content=\"C D\" \/>\n\t<meta name=\"twitter:label2\" content=\"Dur\u00e9e de lecture estim\u00e9e\" \/>\n\t<meta name=\"twitter:data2\" content=\"2 minutes\" \/>\n<script type=\"application\/ld+json\" class=\"yoast-schema-graph\">{\"@context\":\"https:\/\/schema.org\",\"@graph\":[{\"@type\":\"Article\",\"@id\":\"https:\/\/vosgesinfo.fr\/remiremontinfo\/2020\/05\/remiremont-plus-de-300-masques-achetes-aider-chloe-a-lutter-contre-handicap\/#article\",\"isPartOf\":{\"@id\":\"https:\/\/vosgesinfo.fr\/remiremontinfo\/2020\/05\/remiremont-plus-de-300-masques-achetes-aider-chloe-a-lutter-contre-handicap\/\"},\"author\":{\"name\":\"C D\",\"@id\":\"https:\/\/vosgesinfo.fr\/remiremontinfo\/#\/schema\/person\/3bfd164d5218a185b1db68655a265316\"},\"headline\":\"Remiremont\u00a0: une centaine de masques achet\u00e9s pour aider Chlo\u00e9 \u00e0 lutter contre le handicap\",\"datePublished\":\"2020-05-20T04:34:28+00:00\",\"dateModified\":\"2020-05-20T04:34:28+00:00\",\"mainEntityOfPage\":{\"@id\":\"https:\/\/vosgesinfo.fr\/remiremontinfo\/2020\/05\/remiremont-plus-de-300-masques-achetes-aider-chloe-a-lutter-contre-handicap\/\"},\"wordCount\":326,\"commentCount\":0,\"publisher\":{\"@id\":\"https:\/\/vosgesinfo.fr\/remiremontinfo\/#organization\"},\"image\":{\"@id\":\"https:\/\/vosgesinfo.fr\/remiremontinfo\/2020\/05\/remiremont-plus-de-300-masques-achetes-aider-chloe-a-lutter-contre-handicap\/#primaryimage\"},\"thumbnailUrl\":\"https:\/\/vosgesinfo.fr\/app\/uploads\/sites\/5\/2024\/09\/202005img-1402.jpg\",\"articleSection\":[\"A la Une\",\"Remiremont\",\"Remiremont &amp; son canton\",\"Soci\u00e9t\u00e9\"],\"inLanguage\":\"fr-FR\",\"potentialAction\":[{\"@type\":\"CommentAction\",\"name\":\"Comment\",\"target\":[\"https:\/\/vosgesinfo.fr\/remiremontinfo\/2020\/05\/remiremont-plus-de-300-masques-achetes-aider-chloe-a-lutter-contre-handicap\/#respond\"]}]},{\"@type\":\"WebPage\",\"@id\":\"https:\/\/vosgesinfo.fr\/remiremontinfo\/2020\/05\/remiremont-plus-de-300-masques-achetes-aider-chloe-a-lutter-contre-handicap\/\",\"url\":\"https:\/\/vosgesinfo.fr\/remiremontinfo\/2020\/05\/remiremont-plus-de-300-masques-achetes-aider-chloe-a-lutter-contre-handicap\/\",\"name\":\"Remiremont\u00a0: une centaine de masques achet\u00e9s pour aider Chlo\u00e9 \u00e0 lutter contre le handicap - Remiremont Info\",\"isPartOf\":{\"@id\":\"https:\/\/vosgesinfo.fr\/remiremontinfo\/#website\"},\"primaryImageOfPage\":{\"@id\":\"https:\/\/vosgesinfo.fr\/remiremontinfo\/2020\/05\/remiremont-plus-de-300-masques-achetes-aider-chloe-a-lutter-contre-handicap\/#primaryimage\"},\"image\":{\"@id\":\"https:\/\/vosgesinfo.fr\/remiremontinfo\/2020\/05\/remiremont-plus-de-300-masques-achetes-aider-chloe-a-lutter-contre-handicap\/#primaryimage\"},\"thumbnailUrl\":\"https:\/\/vosgesinfo.fr\/app\/uploads\/sites\/5\/2024\/09\/202005img-1402.jpg\",\"datePublished\":\"2020-05-20T04:34:28+00:00\",\"dateModified\":\"2020-05-20T04:34:28+00:00\",\"breadcrumb\":{\"@id\":\"https:\/\/vosgesinfo.fr\/remiremontinfo\/2020\/05\/remiremont-plus-de-300-masques-achetes-aider-chloe-a-lutter-contre-handicap\/#breadcrumb\"},\"inLanguage\":\"fr-FR\",\"potentialAction\":[{\"@type\":\"ReadAction\",\"target\":[\"https:\/\/vosgesinfo.fr\/remiremontinfo\/2020\/05\/remiremont-plus-de-300-masques-achetes-aider-chloe-a-lutter-contre-handicap\/\"]}]},{\"@type\":\"ImageObject\",\"inLanguage\":\"fr-FR\",\"@id\":\"https:\/\/vosgesinfo.fr\/remiremontinfo\/2020\/05\/remiremont-plus-de-300-masques-achetes-aider-chloe-a-lutter-contre-handicap\/#primaryimage\",\"url\":\"https:\/\/vosgesinfo.fr\/app\/uploads\/sites\/5\/2024\/09\/202005img-1402.jpg\",\"contentUrl\":\"https:\/\/vosgesinfo.fr\/app\/uploads\/sites\/5\/2024\/09\/202005img-1402.jpg\",\"width\":800,\"height\":600},{\"@type\":\"BreadcrumbList\",\"@id\":\"https:\/\/vosgesinfo.fr\/remiremontinfo\/2020\/05\/remiremont-plus-de-300-masques-achetes-aider-chloe-a-lutter-contre-handicap\/#breadcrumb\",\"itemListElement\":[{\"@type\":\"ListItem\",\"position\":1,\"name\":\"Home\",\"item\":\"https:\/\/vosgesinfo.fr\/remiremontinfo\/\"},{\"@type\":\"ListItem\",\"position\":2,\"name\":\"Remiremont\u00a0: une centaine de masques achet\u00e9s pour aider Chlo\u00e9 \u00e0 lutter contre le handicap\"}]},{\"@type\":\"WebSite\",\"@id\":\"https:\/\/vosgesinfo.fr\/remiremontinfo\/#website\",\"url\":\"https:\/\/vosgesinfo.fr\/remiremontinfo\/\",\"name\":\"Remiremont Info\",\"description\":\"Toute l&#039;actualit\u00e9 de Remiremont\",\"publisher\":{\"@id\":\"https:\/\/vosgesinfo.fr\/remiremontinfo\/#organization\"},\"alternateName\":\"Toute l'actualit\u00e9 de Remiremont\",\"potentialAction\":[{\"@type\":\"SearchAction\",\"target\":{\"@type\":\"EntryPoint\",\"urlTemplate\":\"https:\/\/vosgesinfo.fr\/remiremontinfo\/?s={search_term_string}\"},\"query-input\":\"required name=search_term_string\"}],\"inLanguage\":\"fr-FR\"},{\"@type\":\"Organization\",\"@id\":\"https:\/\/vosgesinfo.fr\/remiremontinfo\/#organization\",\"name\":\"Remiremont Info\",\"url\":\"https:\/\/vosgesinfo.fr\/remiremontinfo\/\",\"logo\":{\"@type\":\"ImageObject\",\"inLanguage\":\"fr-FR\",\"@id\":\"https:\/\/vosgesinfo.fr\/remiremontinfo\/#\/schema\/logo\/image\/\",\"url\":\"https:\/\/vosgesinfo.fr\/app\/uploads\/sites\/5\/2023\/08\/favicon-remiremontinfo.png\",\"contentUrl\":\"https:\/\/vosgesinfo.fr\/app\/uploads\/sites\/5\/2023\/08\/favicon-remiremontinfo.png\",\"width\":512,\"height\":512,\"caption\":\"Remiremont Info\"},\"image\":{\"@id\":\"https:\/\/vosgesinfo.fr\/remiremontinfo\/#\/schema\/logo\/image\/\"},\"sameAs\":[\"https:\/\/www.facebook.com\/remiremontinfo\",\"https:\/\/x.com\/VosgesInfo88\",\"https:\/\/www.youtube.com\/@vosgesinfo\"]},{\"@type\":\"Person\",\"@id\":\"https:\/\/vosgesinfo.fr\/remiremontinfo\/#\/schema\/person\/3bfd164d5218a185b1db68655a265316\",\"name\":\"C D\",\"image\":{\"@type\":\"ImageObject\",\"inLanguage\":\"fr-FR\",\"@id\":\"https:\/\/vosgesinfo.fr\/remiremontinfo\/#\/schema\/person\/image\/\",\"url\":\"https:\/\/secure.gravatar.com\/avatar\/1f9a70007336511a47468b8f1c66f922b8b7cf617b02a31149ada43893a5d48f?s=96&d=mm&r=g\",\"contentUrl\":\"https:\/\/secure.gravatar.com\/avatar\/1f9a70007336511a47468b8f1c66f922b8b7cf617b02a31149ada43893a5d48f?s=96&d=mm&r=g\",\"caption\":\"C D\"},\"url\":\"https:\/\/vosgesinfo.fr\/remiremontinfo\/author\/cedric-drevet\/\"}]}<\/script>\n<!-- \/ Yoast SEO plugin. -->","yoast_head_json":{"title":"Remiremont\u00a0: une centaine de masques achet\u00e9s pour aider Chlo\u00e9 \u00e0 lutter contre le handicap - Remiremont Info","robots":{"index":"index","follow":"follow","max-snippet":"max-snippet:-1","max-image-preview":"max-image-preview:large","max-video-preview":"max-video-preview:-1"},"canonical":"https:\/\/vosgesinfo.fr\/remiremontinfo\/2020\/05\/remiremont-plus-de-300-masques-achetes-aider-chloe-a-lutter-contre-handicap\/","twitter_card":"summary_large_image","twitter_title":"Remiremont\u00a0: une centaine de masques achet\u00e9s pour aider Chlo\u00e9 \u00e0 lutter contre le handicap - Remiremont Info","twitter_description":"Des masques en tissus sont en vente \u00e0 la boulangerie et p\u00e2tisserie Pinot, situ\u00e9e pr\u00e8s du rond point de la [&hellip;]","twitter_image":"https:\/\/vosgesinfo.fr\/app\/uploads\/sites\/5\/2024\/09\/202005img-1402.jpg","twitter_creator":"@VosgesInfo88","twitter_site":"@VosgesInfo88","twitter_misc":{"\u00c9crit par":"C D","Dur\u00e9e de lecture estim\u00e9e":"2 minutes"},"schema":{"@context":"https:\/\/schema.org","@graph":[{"@type":"Article","@id":"https:\/\/vosgesinfo.fr\/remiremontinfo\/2020\/05\/remiremont-plus-de-300-masques-achetes-aider-chloe-a-lutter-contre-handicap\/#article","isPartOf":{"@id":"https:\/\/vosgesinfo.fr\/remiremontinfo\/2020\/05\/remiremont-plus-de-300-masques-achetes-aider-chloe-a-lutter-contre-handicap\/"},"author":{"name":"C D","@id":"https:\/\/vosgesinfo.fr\/remiremontinfo\/#\/schema\/person\/3bfd164d5218a185b1db68655a265316"},"headline":"Remiremont\u00a0: une centaine de masques achet\u00e9s pour aider Chlo\u00e9 \u00e0 lutter contre le handicap","datePublished":"2020-05-20T04:34:28+00:00","dateModified":"2020-05-20T04:34:28+00:00","mainEntityOfPage":{"@id":"https:\/\/vosgesinfo.fr\/remiremontinfo\/2020\/05\/remiremont-plus-de-300-masques-achetes-aider-chloe-a-lutter-contre-handicap\/"},"wordCount":326,"commentCount":0,"publisher":{"@id":"https:\/\/vosgesinfo.fr\/remiremontinfo\/#organization"},"image":{"@id":"https:\/\/vosgesinfo.fr\/remiremontinfo\/2020\/05\/remiremont-plus-de-300-masques-achetes-aider-chloe-a-lutter-contre-handicap\/#primaryimage"},"thumbnailUrl":"https:\/\/vosgesinfo.fr\/app\/uploads\/sites\/5\/2024\/09\/202005img-1402.jpg","articleSection":["A la Une","Remiremont","Remiremont &amp; son canton","Soci\u00e9t\u00e9"],"inLanguage":"fr-FR","potentialAction":[{"@type":"CommentAction","name":"Comment","target":["https:\/\/vosgesinfo.fr\/remiremontinfo\/2020\/05\/remiremont-plus-de-300-masques-achetes-aider-chloe-a-lutter-contre-handicap\/#respond"]}]},{"@type":"WebPage","@id":"https:\/\/vosgesinfo.fr\/remiremontinfo\/2020\/05\/remiremont-plus-de-300-masques-achetes-aider-chloe-a-lutter-contre-handicap\/","url":"https:\/\/vosgesinfo.fr\/remiremontinfo\/2020\/05\/remiremont-plus-de-300-masques-achetes-aider-chloe-a-lutter-contre-handicap\/","name":"Remiremont\u00a0: une centaine de masques achet\u00e9s pour aider Chlo\u00e9 \u00e0 lutter contre le handicap - Remiremont Info","isPartOf":{"@id":"https:\/\/vosgesinfo.fr\/remiremontinfo\/#website"},"primaryImageOfPage":{"@id":"https:\/\/vosgesinfo.fr\/remiremontinfo\/2020\/05\/remiremont-plus-de-300-masques-achetes-aider-chloe-a-lutter-contre-handicap\/#primaryimage"},"image":{"@id":"https:\/\/vosgesinfo.fr\/remiremontinfo\/2020\/05\/remiremont-plus-de-300-masques-achetes-aider-chloe-a-lutter-contre-handicap\/#primaryimage"},"thumbnailUrl":"https:\/\/vosgesinfo.fr\/app\/uploads\/sites\/5\/2024\/09\/202005img-1402.jpg","datePublished":"2020-05-20T04:34:28+00:00","dateModified":"2020-05-20T04:34:28+00:00","breadcrumb":{"@id":"https:\/\/vosgesinfo.fr\/remiremontinfo\/2020\/05\/remiremont-plus-de-300-masques-achetes-aider-chloe-a-lutter-contre-handicap\/#breadcrumb"},"inLanguage":"fr-FR","potentialAction":[{"@type":"ReadAction","target":["https:\/\/vosgesinfo.fr\/remiremontinfo\/2020\/05\/remiremont-plus-de-300-masques-achetes-aider-chloe-a-lutter-contre-handicap\/"]}]},{"@type":"ImageObject","inLanguage":"fr-FR","@id":"https:\/\/vosgesinfo.fr\/remiremontinfo\/2020\/05\/remiremont-plus-de-300-masques-achetes-aider-chloe-a-lutter-contre-handicap\/#primaryimage","url":"https:\/\/vosgesinfo.fr\/app\/uploads\/sites\/5\/2024\/09\/202005img-1402.jpg","contentUrl":"https:\/\/vosgesinfo.fr\/app\/uploads\/sites\/5\/2024\/09\/202005img-1402.jpg","width":800,"height":600},{"@type":"BreadcrumbList","@id":"https:\/\/vosgesinfo.fr\/remiremontinfo\/2020\/05\/remiremont-plus-de-300-masques-achetes-aider-chloe-a-lutter-contre-handicap\/#breadcrumb","itemListElement":[{"@type":"ListItem","position":1,"name":"Home","item":"https:\/\/vosgesinfo.fr\/remiremontinfo\/"},{"@type":"ListItem","position":2,"name":"Remiremont\u00a0: une centaine de masques achet\u00e9s pour aider Chlo\u00e9 \u00e0 lutter contre le handicap"}]},{"@type":"WebSite","@id":"https:\/\/vosgesinfo.fr\/remiremontinfo\/#website","url":"https:\/\/vosgesinfo.fr\/remiremontinfo\/","name":"Remiremont Info","description":"Toute l&#039;actualit\u00e9 de Remiremont","publisher":{"@id":"https:\/\/vosgesinfo.fr\/remiremontinfo\/#organization"},"alternateName":"Toute l'actualit\u00e9 de Remiremont","potentialAction":[{"@type":"SearchAction","target":{"@type":"EntryPoint","urlTemplate":"https:\/\/vosgesinfo.fr\/remiremontinfo\/?s={search_term_string}"},"query-input":"required name=search_term_string"}],"inLanguage":"fr-FR"},{"@type":"Organization","@id":"https:\/\/vosgesinfo.fr\/remiremontinfo\/#organization","name":"Remiremont Info","url":"https:\/\/vosgesinfo.fr\/remiremontinfo\/","logo":{"@type":"ImageObject","inLanguage":"fr-FR","@id":"https:\/\/vosgesinfo.fr\/remiremontinfo\/#\/schema\/logo\/image\/","url":"https:\/\/vosgesinfo.fr\/app\/uploads\/sites\/5\/2023\/08\/favicon-remiremontinfo.png","contentUrl":"https:\/\/vosgesinfo.fr\/app\/uploads\/sites\/5\/2023\/08\/favicon-remiremontinfo.png","width":512,"height":512,"caption":"Remiremont Info"},"image":{"@id":"https:\/\/vosgesinfo.fr\/remiremontinfo\/#\/schema\/logo\/image\/"},"sameAs":["https:\/\/www.facebook.com\/remiremontinfo","https:\/\/x.com\/VosgesInfo88","https:\/\/www.youtube.com\/@vosgesinfo"]},{"@type":"Person","@id":"https:\/\/vosgesinfo.fr\/remiremontinfo\/#\/schema\/person\/3bfd164d5218a185b1db68655a265316","name":"C D","image":{"@type":"ImageObject","inLanguage":"fr-FR","@id":"https:\/\/vosgesinfo.fr\/remiremontinfo\/#\/schema\/person\/image\/","url":"https:\/\/secure.gravatar.com\/avatar\/1f9a70007336511a47468b8f1c66f922b8b7cf617b02a31149ada43893a5d48f?s=96&d=mm&r=g","contentUrl":"https:\/\/secure.gravatar.com\/avatar\/1f9a70007336511a47468b8f1c66f922b8b7cf617b02a31149ada43893a5d48f?s=96&d=mm&r=g","caption":"C D"},"url":"https:\/\/vosgesinfo.fr\/remiremontinfo\/author\/cedric-drevet\/"}]}},"_links":{"self":[{"href":"https:\/\/vosgesinfo.fr\/remiremontinfo\/wp-json\/wp\/v2\/posts\/27371","targetHints":{"allow":["GET"]}}],"collection":[{"href":"https:\/\/vosgesinfo.fr\/remiremontinfo\/wp-json\/wp\/v2\/posts"}],"about":[{"href":"https:\/\/vosgesinfo.fr\/remiremontinfo\/wp-json\/wp\/v2\/types\/post"}],"author":[{"embeddable":true,"href":"https:\/\/vosgesinfo.fr\/remiremontinfo\/wp-json\/wp\/v2\/users\/407"}],"replies":[{"embeddable":true,"href":"https:\/\/vosgesinfo.fr\/remiremontinfo\/wp-json\/wp\/v2\/comments?post=27371"}],"version-history":[{"count":0,"href":"https:\/\/vosgesinfo.fr\/remiremontinfo\/wp-json\/wp\/v2\/posts\/27371\/revisions"}],"wp:featuredmedia":[{"embeddable":true,"href":"https:\/\/vosgesinfo.fr\/remiremontinfo\/wp-json\/wp\/v2\/media\/27372"}],"wp:attachment":[{"href":"https:\/\/vosgesinfo.fr\/remiremontinfo\/wp-json\/wp\/v2\/media?parent=27371"}],"wp:term":[{"taxonomy":"category","embeddable":true,"href":"https:\/\/vosgesinfo.fr\/remiremontinfo\/wp-json\/wp\/v2\/categories?post=27371"},{"taxonomy":"post_tag","embeddable":true,"href":"https:\/\/vosgesinfo.fr\/remiremontinfo\/wp-json\/wp\/v2\/tags?post=27371"}],"curies":[{"name":"wp","href":"https:\/\/api.w.org\/{rel}","templated":true}]}}