{"id":27376,"date":"2020-05-20T06:07:57","date_gmt":"2020-05-20T04:07:57","guid":{"rendered":"https:\/\/vosgesinfo.fr\/remiremontinfo\/2020\/05\/remiremont-2eme-etape-deconfinement-a-mediatheque\/"},"modified":"2020-05-20T06:07:57","modified_gmt":"2020-05-20T04:07:57","slug":"remiremont-2eme-etape-deconfinement-a-mediatheque","status":"publish","type":"post","link":"https:\/\/vosgesinfo.fr\/remiremontinfo\/2020\/05\/remiremont-2eme-etape-deconfinement-a-mediatheque\/","title":{"rendered":"Remiremont : 2\u00e8me \u00e9tape du d\u00e9confinement \u00e0 la m\u00e9diath\u00e8que"},"content":{"rendered":"<div id=\"attachment_287212\" style=\"width: 810px\" class=\"wp-caption alignnone\"><a href=\"\/2020\/05\/Annotation-2020-05-20-100707.png\"><img decoding=\"async\" aria-describedby=\"caption-attachment-287212\" class=\"size-full wp-image-287212\" src=\"\/2020\/05\/Annotation-2020-05-20-100707.png\" alt=\"Photo de la page Facebook de la M\u00e9diath\u00e8que Porte des Vosges M\u00e9ridionales\" width=\"800\" height=\"663\" \/><\/a><p id=\"caption-attachment-287212\" class=\"wp-caption-text\"><span style=\"font-size: 10pt;\"><em>Photo de la page Facebook de la M\u00e9diath\u00e8que Porte des Vosges M\u00e9ridionales<\/em><\/span><\/p><\/div>\n<h2><span style=\"font-size: 12pt;\"><strong>Tous les apr\u00e8s-midi de cette semaine (sauf jeudi, jour f\u00e9ri\u00e9) vous pouvez venir \u00e0 la m\u00e9diath\u00e8que de Remiremont sans rendez-vous pour rendre vos documents, souscrire un nouvel abonnement, retirer des catalogues de suggestions en vue de futures r\u00e9servations \u00e0 la maison, sur Internet.<\/strong><\/span><\/h2>\n<p>Pour vous aider \u00e0 les choisir, des grilles d&rsquo;exposition montrant leurs couvertures ont \u00e9t\u00e9 install\u00e9es \u00e0 l&rsquo;entr\u00e9e.<\/p>\n<div class=\"text_exposed_show\">\n<p>Vous pouvez \u00e9galement nous joindre au 03.29.22.50.01 pour toute information concernant votre compte ou pour une assistance \u00e0 la r\u00e9servation de documents.<\/p>\n<p>Les m\u00eames services sont propos\u00e9s \u00e0 la m\u00e9diath\u00e8que du Val-d&rsquo;Ajol mercredi 20 et vendredi 22.<\/p>\n<p>Vous ne pourrez pas repartir de la m\u00e9diath\u00e8que avec de nouveaux documents cette semaine.<\/p>\n<p>N&rsquo;oubliez pas : vous devez porter un masque et attendre que le personnel de la m\u00e9diath\u00e8que vous invite \u00e0 entrer. Venez seul car nous ne pourrons pas faire entrer plusieurs personnes simultan\u00e9ment. Une fois \u00e0 l&rsquo;int\u00e9rieur, pensez \u00e0 vous laver les mains avec le gel alcoolique fourni.<\/p>\n<p>Une fois \u00e0 l&rsquo;int\u00e9rieur, d\u00e9posez vos documents sur le bureau d&rsquo;accueil sp\u00e9cialement am\u00e9nag\u00e9 qu&rsquo;on vous aura indiqu\u00e9.<\/p>\n<p>En raison de la p\u00e9riode de quarantaine indispensable, VOS DOCUMENTS NE SERONT PAS PASSES EN RETOUR TOUT DE SUITE : ils resteront encore une dizaine de jours sur votre compte.<\/p>\n<p>Le d\u00e9part de la m\u00e9diath\u00e8que s&rsquo;effectue par la porte de sortie donnant sur la rue du Praillon (parcours indiqu\u00e9). Les personnes en fauteuil roulant ou celles pour qui les escaliers peuvent repr\u00e9senter un danger repartiront par la porte principale.<\/p>\n<p>A PARTIR DU 26 MAI, il vous sera possible de passer retirer des documents que vous aurez r\u00e9serv\u00e9s, uniquement sur rendez-vous. Consultez notre flyer \u00ab\u00a0Media Drive\u00a0\u00bb pour conna\u00eetre les modalit\u00e9s pr\u00e9cises ou appelez nous au 03.29.22.50.01.<\/p>\n<p>Malgr\u00e9 ces nombreuses contraintes, toute l&rsquo;\u00e9quipe est heureuse de pouvoir vous retrouver apr\u00e8s toutes ces longues semaines et vous remercie pour votre patience et votre fid\u00e9lit\u00e9 : \u00e0 bient\u00f4t \u00e0 la m\u00e9diath\u00e8que !<\/p>\n<p><em>Page Facebook de la\u00a0M\u00e9diath\u00e8que Porte des Vosges M\u00e9ridionales<\/em><\/p>\n<\/div>\n","protected":false},"excerpt":{"rendered":"<p>Tous les apr\u00e8s-midi de cette semaine (sauf jeudi, jour f\u00e9ri\u00e9) vous pouvez venir \u00e0 la m\u00e9diath\u00e8que de Remiremont sans rendez-vous [&hellip;]<\/p>\n","protected":false},"author":407,"featured_media":27377,"comment_status":"open","ping_status":"open","sticky":false,"template":"","format":"standard","meta":{"footnotes":""},"categories":[26,4,1556,35],"tags":[],"class_list":["post-27376","post","type-post","status-publish","format-standard","has-post-thumbnail","hentry","category-a-la-une","category-culture","category-remiremont-remiremont-son-canton-2","category-remiremont-son-canton"],"acf":[],"yoast_head":"<!-- This site is optimized with the Yoast SEO plugin v22.5 - https:\/\/yoast.com\/wordpress\/plugins\/seo\/ -->\n<title>Remiremont : 2\u00e8me \u00e9tape du d\u00e9confinement \u00e0 la m\u00e9diath\u00e8que - Remiremont Info<\/title>\n<meta name=\"robots\" content=\"index, follow, max-snippet:-1, max-image-preview:large, max-video-preview:-1\" \/>\n<link rel=\"canonical\" href=\"https:\/\/vosgesinfo.fr\/remiremontinfo\/2020\/05\/remiremont-2eme-etape-deconfinement-a-mediatheque\/\" \/>\n<meta name=\"twitter:card\" content=\"summary_large_image\" \/>\n<meta name=\"twitter:title\" content=\"Remiremont : 2\u00e8me \u00e9tape du d\u00e9confinement \u00e0 la m\u00e9diath\u00e8que - Remiremont Info\" \/>\n<meta name=\"twitter:description\" content=\"Tous les apr\u00e8s-midi de cette semaine (sauf jeudi, jour f\u00e9ri\u00e9) vous pouvez venir \u00e0 la m\u00e9diath\u00e8que de Remiremont sans rendez-vous [&hellip;]\" \/>\n<meta name=\"twitter:image\" content=\"https:\/\/vosgesinfo.fr\/app\/uploads\/sites\/5\/2024\/09\/202005annotation-2020-05-20-100707.png\" \/>\n<meta name=\"twitter:creator\" content=\"@VosgesInfo88\" \/>\n<meta name=\"twitter:site\" content=\"@VosgesInfo88\" \/>\n<meta name=\"twitter:label1\" content=\"\u00c9crit par\" \/>\n\t<meta name=\"twitter:data1\" content=\"C D\" \/>\n\t<meta name=\"twitter:label2\" content=\"Dur\u00e9e de lecture estim\u00e9e\" \/>\n\t<meta name=\"twitter:data2\" content=\"2 minutes\" \/>\n<script type=\"application\/ld+json\" class=\"yoast-schema-graph\">{\"@context\":\"https:\/\/schema.org\",\"@graph\":[{\"@type\":\"Article\",\"@id\":\"https:\/\/vosgesinfo.fr\/remiremontinfo\/2020\/05\/remiremont-2eme-etape-deconfinement-a-mediatheque\/#article\",\"isPartOf\":{\"@id\":\"https:\/\/vosgesinfo.fr\/remiremontinfo\/2020\/05\/remiremont-2eme-etape-deconfinement-a-mediatheque\/\"},\"author\":{\"name\":\"C D\",\"@id\":\"https:\/\/vosgesinfo.fr\/remiremontinfo\/#\/schema\/person\/3bfd164d5218a185b1db68655a265316\"},\"headline\":\"Remiremont : 2\u00e8me \u00e9tape du d\u00e9confinement \u00e0 la m\u00e9diath\u00e8que\",\"datePublished\":\"2020-05-20T04:07:57+00:00\",\"dateModified\":\"2020-05-20T04:07:57+00:00\",\"mainEntityOfPage\":{\"@id\":\"https:\/\/vosgesinfo.fr\/remiremontinfo\/2020\/05\/remiremont-2eme-etape-deconfinement-a-mediatheque\/\"},\"wordCount\":383,\"commentCount\":0,\"publisher\":{\"@id\":\"https:\/\/vosgesinfo.fr\/remiremontinfo\/#organization\"},\"image\":{\"@id\":\"https:\/\/vosgesinfo.fr\/remiremontinfo\/2020\/05\/remiremont-2eme-etape-deconfinement-a-mediatheque\/#primaryimage\"},\"thumbnailUrl\":\"https:\/\/vosgesinfo.fr\/app\/uploads\/sites\/5\/2024\/09\/202005annotation-2020-05-20-100707.png\",\"articleSection\":[\"A la Une\",\"Culture\",\"Remiremont\",\"Remiremont &amp; son canton\"],\"inLanguage\":\"fr-FR\",\"potentialAction\":[{\"@type\":\"CommentAction\",\"name\":\"Comment\",\"target\":[\"https:\/\/vosgesinfo.fr\/remiremontinfo\/2020\/05\/remiremont-2eme-etape-deconfinement-a-mediatheque\/#respond\"]}]},{\"@type\":\"WebPage\",\"@id\":\"https:\/\/vosgesinfo.fr\/remiremontinfo\/2020\/05\/remiremont-2eme-etape-deconfinement-a-mediatheque\/\",\"url\":\"https:\/\/vosgesinfo.fr\/remiremontinfo\/2020\/05\/remiremont-2eme-etape-deconfinement-a-mediatheque\/\",\"name\":\"Remiremont : 2\u00e8me \u00e9tape du d\u00e9confinement \u00e0 la m\u00e9diath\u00e8que - Remiremont Info\",\"isPartOf\":{\"@id\":\"https:\/\/vosgesinfo.fr\/remiremontinfo\/#website\"},\"primaryImageOfPage\":{\"@id\":\"https:\/\/vosgesinfo.fr\/remiremontinfo\/2020\/05\/remiremont-2eme-etape-deconfinement-a-mediatheque\/#primaryimage\"},\"image\":{\"@id\":\"https:\/\/vosgesinfo.fr\/remiremontinfo\/2020\/05\/remiremont-2eme-etape-deconfinement-a-mediatheque\/#primaryimage\"},\"thumbnailUrl\":\"https:\/\/vosgesinfo.fr\/app\/uploads\/sites\/5\/2024\/09\/202005annotation-2020-05-20-100707.png\",\"datePublished\":\"2020-05-20T04:07:57+00:00\",\"dateModified\":\"2020-05-20T04:07:57+00:00\",\"breadcrumb\":{\"@id\":\"https:\/\/vosgesinfo.fr\/remiremontinfo\/2020\/05\/remiremont-2eme-etape-deconfinement-a-mediatheque\/#breadcrumb\"},\"inLanguage\":\"fr-FR\",\"potentialAction\":[{\"@type\":\"ReadAction\",\"target\":[\"https:\/\/vosgesinfo.fr\/remiremontinfo\/2020\/05\/remiremont-2eme-etape-deconfinement-a-mediatheque\/\"]}]},{\"@type\":\"ImageObject\",\"inLanguage\":\"fr-FR\",\"@id\":\"https:\/\/vosgesinfo.fr\/remiremontinfo\/2020\/05\/remiremont-2eme-etape-deconfinement-a-mediatheque\/#primaryimage\",\"url\":\"https:\/\/vosgesinfo.fr\/app\/uploads\/sites\/5\/2024\/09\/202005annotation-2020-05-20-100707.png\",\"contentUrl\":\"https:\/\/vosgesinfo.fr\/app\/uploads\/sites\/5\/2024\/09\/202005annotation-2020-05-20-100707.png\",\"width\":800,\"height\":663},{\"@type\":\"BreadcrumbList\",\"@id\":\"https:\/\/vosgesinfo.fr\/remiremontinfo\/2020\/05\/remiremont-2eme-etape-deconfinement-a-mediatheque\/#breadcrumb\",\"itemListElement\":[{\"@type\":\"ListItem\",\"position\":1,\"name\":\"Home\",\"item\":\"https:\/\/vosgesinfo.fr\/remiremontinfo\/\"},{\"@type\":\"ListItem\",\"position\":2,\"name\":\"Remiremont : 2\u00e8me \u00e9tape du d\u00e9confinement \u00e0 la m\u00e9diath\u00e8que\"}]},{\"@type\":\"WebSite\",\"@id\":\"https:\/\/vosgesinfo.fr\/remiremontinfo\/#website\",\"url\":\"https:\/\/vosgesinfo.fr\/remiremontinfo\/\",\"name\":\"Remiremont Info\",\"description\":\"Toute l&#039;actualit\u00e9 de Remiremont\",\"publisher\":{\"@id\":\"https:\/\/vosgesinfo.fr\/remiremontinfo\/#organization\"},\"alternateName\":\"Toute l'actualit\u00e9 de Remiremont\",\"potentialAction\":[{\"@type\":\"SearchAction\",\"target\":{\"@type\":\"EntryPoint\",\"urlTemplate\":\"https:\/\/vosgesinfo.fr\/remiremontinfo\/?s={search_term_string}\"},\"query-input\":\"required name=search_term_string\"}],\"inLanguage\":\"fr-FR\"},{\"@type\":\"Organization\",\"@id\":\"https:\/\/vosgesinfo.fr\/remiremontinfo\/#organization\",\"name\":\"Remiremont Info\",\"url\":\"https:\/\/vosgesinfo.fr\/remiremontinfo\/\",\"logo\":{\"@type\":\"ImageObject\",\"inLanguage\":\"fr-FR\",\"@id\":\"https:\/\/vosgesinfo.fr\/remiremontinfo\/#\/schema\/logo\/image\/\",\"url\":\"https:\/\/vosgesinfo.fr\/app\/uploads\/sites\/5\/2023\/08\/favicon-remiremontinfo.png\",\"contentUrl\":\"https:\/\/vosgesinfo.fr\/app\/uploads\/sites\/5\/2023\/08\/favicon-remiremontinfo.png\",\"width\":512,\"height\":512,\"caption\":\"Remiremont Info\"},\"image\":{\"@id\":\"https:\/\/vosgesinfo.fr\/remiremontinfo\/#\/schema\/logo\/image\/\"},\"sameAs\":[\"https:\/\/www.facebook.com\/remiremontinfo\",\"https:\/\/x.com\/VosgesInfo88\",\"https:\/\/www.youtube.com\/@vosgesinfo\"]},{\"@type\":\"Person\",\"@id\":\"https:\/\/vosgesinfo.fr\/remiremontinfo\/#\/schema\/person\/3bfd164d5218a185b1db68655a265316\",\"name\":\"C D\",\"image\":{\"@type\":\"ImageObject\",\"inLanguage\":\"fr-FR\",\"@id\":\"https:\/\/vosgesinfo.fr\/remiremontinfo\/#\/schema\/person\/image\/\",\"url\":\"https:\/\/secure.gravatar.com\/avatar\/1f9a70007336511a47468b8f1c66f922b8b7cf617b02a31149ada43893a5d48f?s=96&d=mm&r=g\",\"contentUrl\":\"https:\/\/secure.gravatar.com\/avatar\/1f9a70007336511a47468b8f1c66f922b8b7cf617b02a31149ada43893a5d48f?s=96&d=mm&r=g\",\"caption\":\"C D\"},\"url\":\"https:\/\/vosgesinfo.fr\/remiremontinfo\/author\/cedric-drevet\/\"}]}<\/script>\n<!-- \/ Yoast SEO plugin. -->","yoast_head_json":{"title":"Remiremont : 2\u00e8me \u00e9tape du d\u00e9confinement \u00e0 la m\u00e9diath\u00e8que - Remiremont Info","robots":{"index":"index","follow":"follow","max-snippet":"max-snippet:-1","max-image-preview":"max-image-preview:large","max-video-preview":"max-video-preview:-1"},"canonical":"https:\/\/vosgesinfo.fr\/remiremontinfo\/2020\/05\/remiremont-2eme-etape-deconfinement-a-mediatheque\/","twitter_card":"summary_large_image","twitter_title":"Remiremont : 2\u00e8me \u00e9tape du d\u00e9confinement \u00e0 la m\u00e9diath\u00e8que - Remiremont Info","twitter_description":"Tous les apr\u00e8s-midi de cette semaine (sauf jeudi, jour f\u00e9ri\u00e9) vous pouvez venir \u00e0 la m\u00e9diath\u00e8que de Remiremont sans rendez-vous [&hellip;]","twitter_image":"https:\/\/vosgesinfo.fr\/app\/uploads\/sites\/5\/2024\/09\/202005annotation-2020-05-20-100707.png","twitter_creator":"@VosgesInfo88","twitter_site":"@VosgesInfo88","twitter_misc":{"\u00c9crit par":"C D","Dur\u00e9e de lecture estim\u00e9e":"2 minutes"},"schema":{"@context":"https:\/\/schema.org","@graph":[{"@type":"Article","@id":"https:\/\/vosgesinfo.fr\/remiremontinfo\/2020\/05\/remiremont-2eme-etape-deconfinement-a-mediatheque\/#article","isPartOf":{"@id":"https:\/\/vosgesinfo.fr\/remiremontinfo\/2020\/05\/remiremont-2eme-etape-deconfinement-a-mediatheque\/"},"author":{"name":"C D","@id":"https:\/\/vosgesinfo.fr\/remiremontinfo\/#\/schema\/person\/3bfd164d5218a185b1db68655a265316"},"headline":"Remiremont : 2\u00e8me \u00e9tape du d\u00e9confinement \u00e0 la m\u00e9diath\u00e8que","datePublished":"2020-05-20T04:07:57+00:00","dateModified":"2020-05-20T04:07:57+00:00","mainEntityOfPage":{"@id":"https:\/\/vosgesinfo.fr\/remiremontinfo\/2020\/05\/remiremont-2eme-etape-deconfinement-a-mediatheque\/"},"wordCount":383,"commentCount":0,"publisher":{"@id":"https:\/\/vosgesinfo.fr\/remiremontinfo\/#organization"},"image":{"@id":"https:\/\/vosgesinfo.fr\/remiremontinfo\/2020\/05\/remiremont-2eme-etape-deconfinement-a-mediatheque\/#primaryimage"},"thumbnailUrl":"https:\/\/vosgesinfo.fr\/app\/uploads\/sites\/5\/2024\/09\/202005annotation-2020-05-20-100707.png","articleSection":["A la Une","Culture","Remiremont","Remiremont &amp; son canton"],"inLanguage":"fr-FR","potentialAction":[{"@type":"CommentAction","name":"Comment","target":["https:\/\/vosgesinfo.fr\/remiremontinfo\/2020\/05\/remiremont-2eme-etape-deconfinement-a-mediatheque\/#respond"]}]},{"@type":"WebPage","@id":"https:\/\/vosgesinfo.fr\/remiremontinfo\/2020\/05\/remiremont-2eme-etape-deconfinement-a-mediatheque\/","url":"https:\/\/vosgesinfo.fr\/remiremontinfo\/2020\/05\/remiremont-2eme-etape-deconfinement-a-mediatheque\/","name":"Remiremont : 2\u00e8me \u00e9tape du d\u00e9confinement \u00e0 la m\u00e9diath\u00e8que - Remiremont Info","isPartOf":{"@id":"https:\/\/vosgesinfo.fr\/remiremontinfo\/#website"},"primaryImageOfPage":{"@id":"https:\/\/vosgesinfo.fr\/remiremontinfo\/2020\/05\/remiremont-2eme-etape-deconfinement-a-mediatheque\/#primaryimage"},"image":{"@id":"https:\/\/vosgesinfo.fr\/remiremontinfo\/2020\/05\/remiremont-2eme-etape-deconfinement-a-mediatheque\/#primaryimage"},"thumbnailUrl":"https:\/\/vosgesinfo.fr\/app\/uploads\/sites\/5\/2024\/09\/202005annotation-2020-05-20-100707.png","datePublished":"2020-05-20T04:07:57+00:00","dateModified":"2020-05-20T04:07:57+00:00","breadcrumb":{"@id":"https:\/\/vosgesinfo.fr\/remiremontinfo\/2020\/05\/remiremont-2eme-etape-deconfinement-a-mediatheque\/#breadcrumb"},"inLanguage":"fr-FR","potentialAction":[{"@type":"ReadAction","target":["https:\/\/vosgesinfo.fr\/remiremontinfo\/2020\/05\/remiremont-2eme-etape-deconfinement-a-mediatheque\/"]}]},{"@type":"ImageObject","inLanguage":"fr-FR","@id":"https:\/\/vosgesinfo.fr\/remiremontinfo\/2020\/05\/remiremont-2eme-etape-deconfinement-a-mediatheque\/#primaryimage","url":"https:\/\/vosgesinfo.fr\/app\/uploads\/sites\/5\/2024\/09\/202005annotation-2020-05-20-100707.png","contentUrl":"https:\/\/vosgesinfo.fr\/app\/uploads\/sites\/5\/2024\/09\/202005annotation-2020-05-20-100707.png","width":800,"height":663},{"@type":"BreadcrumbList","@id":"https:\/\/vosgesinfo.fr\/remiremontinfo\/2020\/05\/remiremont-2eme-etape-deconfinement-a-mediatheque\/#breadcrumb","itemListElement":[{"@type":"ListItem","position":1,"name":"Home","item":"https:\/\/vosgesinfo.fr\/remiremontinfo\/"},{"@type":"ListItem","position":2,"name":"Remiremont : 2\u00e8me \u00e9tape du d\u00e9confinement \u00e0 la m\u00e9diath\u00e8que"}]},{"@type":"WebSite","@id":"https:\/\/vosgesinfo.fr\/remiremontinfo\/#website","url":"https:\/\/vosgesinfo.fr\/remiremontinfo\/","name":"Remiremont Info","description":"Toute l&#039;actualit\u00e9 de Remiremont","publisher":{"@id":"https:\/\/vosgesinfo.fr\/remiremontinfo\/#organization"},"alternateName":"Toute l'actualit\u00e9 de Remiremont","potentialAction":[{"@type":"SearchAction","target":{"@type":"EntryPoint","urlTemplate":"https:\/\/vosgesinfo.fr\/remiremontinfo\/?s={search_term_string}"},"query-input":"required name=search_term_string"}],"inLanguage":"fr-FR"},{"@type":"Organization","@id":"https:\/\/vosgesinfo.fr\/remiremontinfo\/#organization","name":"Remiremont Info","url":"https:\/\/vosgesinfo.fr\/remiremontinfo\/","logo":{"@type":"ImageObject","inLanguage":"fr-FR","@id":"https:\/\/vosgesinfo.fr\/remiremontinfo\/#\/schema\/logo\/image\/","url":"https:\/\/vosgesinfo.fr\/app\/uploads\/sites\/5\/2023\/08\/favicon-remiremontinfo.png","contentUrl":"https:\/\/vosgesinfo.fr\/app\/uploads\/sites\/5\/2023\/08\/favicon-remiremontinfo.png","width":512,"height":512,"caption":"Remiremont Info"},"image":{"@id":"https:\/\/vosgesinfo.fr\/remiremontinfo\/#\/schema\/logo\/image\/"},"sameAs":["https:\/\/www.facebook.com\/remiremontinfo","https:\/\/x.com\/VosgesInfo88","https:\/\/www.youtube.com\/@vosgesinfo"]},{"@type":"Person","@id":"https:\/\/vosgesinfo.fr\/remiremontinfo\/#\/schema\/person\/3bfd164d5218a185b1db68655a265316","name":"C D","image":{"@type":"ImageObject","inLanguage":"fr-FR","@id":"https:\/\/vosgesinfo.fr\/remiremontinfo\/#\/schema\/person\/image\/","url":"https:\/\/secure.gravatar.com\/avatar\/1f9a70007336511a47468b8f1c66f922b8b7cf617b02a31149ada43893a5d48f?s=96&d=mm&r=g","contentUrl":"https:\/\/secure.gravatar.com\/avatar\/1f9a70007336511a47468b8f1c66f922b8b7cf617b02a31149ada43893a5d48f?s=96&d=mm&r=g","caption":"C D"},"url":"https:\/\/vosgesinfo.fr\/remiremontinfo\/author\/cedric-drevet\/"}]}},"_links":{"self":[{"href":"https:\/\/vosgesinfo.fr\/remiremontinfo\/wp-json\/wp\/v2\/posts\/27376","targetHints":{"allow":["GET"]}}],"collection":[{"href":"https:\/\/vosgesinfo.fr\/remiremontinfo\/wp-json\/wp\/v2\/posts"}],"about":[{"href":"https:\/\/vosgesinfo.fr\/remiremontinfo\/wp-json\/wp\/v2\/types\/post"}],"author":[{"embeddable":true,"href":"https:\/\/vosgesinfo.fr\/remiremontinfo\/wp-json\/wp\/v2\/users\/407"}],"replies":[{"embeddable":true,"href":"https:\/\/vosgesinfo.fr\/remiremontinfo\/wp-json\/wp\/v2\/comments?post=27376"}],"version-history":[{"count":0,"href":"https:\/\/vosgesinfo.fr\/remiremontinfo\/wp-json\/wp\/v2\/posts\/27376\/revisions"}],"wp:featuredmedia":[{"embeddable":true,"href":"https:\/\/vosgesinfo.fr\/remiremontinfo\/wp-json\/wp\/v2\/media\/27377"}],"wp:attachment":[{"href":"https:\/\/vosgesinfo.fr\/remiremontinfo\/wp-json\/wp\/v2\/media?parent=27376"}],"wp:term":[{"taxonomy":"category","embeddable":true,"href":"https:\/\/vosgesinfo.fr\/remiremontinfo\/wp-json\/wp\/v2\/categories?post=27376"},{"taxonomy":"post_tag","embeddable":true,"href":"https:\/\/vosgesinfo.fr\/remiremontinfo\/wp-json\/wp\/v2\/tags?post=27376"}],"curies":[{"name":"wp","href":"https:\/\/api.w.org\/{rel}","templated":true}]}}