{"id":27512,"date":"2020-05-26T05:57:01","date_gmt":"2020-05-26T03:57:01","guid":{"rendered":"https:\/\/vosgesinfo.fr\/remiremontinfo\/2020\/05\/jean-rottner-demande-passage-de-region-grand-zone-verte\/"},"modified":"2020-05-26T05:57:01","modified_gmt":"2020-05-26T03:57:01","slug":"jean-rottner-demande-passage-de-region-grand-zone-verte","status":"publish","type":"post","link":"https:\/\/vosgesinfo.fr\/remiremontinfo\/2020\/05\/jean-rottner-demande-passage-de-region-grand-zone-verte\/","title":{"rendered":"Jean Rottner demande le passage de la R\u00e9gion Grand-Est en zone verte"},"content":{"rendered":"<p><a href=\"\/2020\/05\/JRottner-1024x683.jpg\"><img decoding=\"async\" class=\"alignnone size-full wp-image-287554\" src=\"\/2020\/05\/JRottner-1024x683.jpg\" alt=\"JRottner-1024x683\" width=\"800\" height=\"534\" \/><\/a><\/p>\n<p class=\"wp-caption-text\" style=\"text-align: center;\"><em>Communiqu\u00e9<\/em><\/p>\n<h2><span style=\"font-size: 12pt;\"><strong>Xavier Bertrand et Jean Rottner, pr\u00e9sidents des R\u00e9gions Hauts-de-France et Grand Est, ont adress\u00e9 ce mardi 26 mai 2020 un courrier \u00e0 \u00c9douard Philippe, Premier ministre, pour lui demander d\u2019ent\u00e9riner le passage en \u00ab zone verte \u00bb de <\/strong><strong>leurs deux territoires.<\/strong><\/span><\/h2>\n<p><span style=\"font-size: 12pt;\">\u00ab\u00a0<em>Nos deux R\u00e9gions ont d\u00e9j\u00e0 pay\u00e9 un lourd tribu \u00e0 la crise du Covid. D\u00e8s lors que tous les indicateurs sont au vert, pourquoi stigmatiser davantage nos territoires en emp\u00eachant une reprise de l\u2019\u00e9conomie qui leur est vitale.\u00a0\u00bb<\/em><\/span><\/p>\n<h3><span style=\"font-size: 12pt;\"><strong>Une stigmatisation des R\u00e9gions class\u00e9es \u00ab\u00a0rouge\u00a0\u00bb <\/strong><\/span><\/h3>\n<p><span style=\"font-size: 12pt;\">Les ex\u00e9cutifs des deux collectivit\u00e9s d\u00e9plorent que les R\u00e9gions soient stigmatis\u00e9es par cette couleur nuisant \u00e0 l\u2019attractivit\u00e9 des territoires qui ont d\u00e9j\u00e0 beaucoup souffert de la crise elle-m\u00eame (1 679 morts dans les Hauts-de-France et 5 127 morts dans le Grand Est) et qui estiment \u00e0 pr\u00e9sent subir une double peine.<\/span><\/p>\n<p><span style=\"font-size: 12pt;\">Or, les donn\u00e9es publi\u00e9es par Sant\u00e9 Publique France indiquent que les trois conditions pour quitter la \u00ab\u00a0zone rouge\u00a0\u00bb sont remplies par les deux R\u00e9gions\u00a0:<\/span><\/p>\n<p><span style=\"font-size: 12pt;\">\u2013\u00a0\u00a0\u00a0\u00a0\u00a0\u00a0\u00a0\u00a0\u00a0 il est possible de proc\u00e9der \u00e0 des tests virologiques sur l\u2019ensemble du territoire national,<\/span><\/p>\n<p><span style=\"font-size: 12pt;\">\u2013\u00a0\u00a0\u00a0\u00a0\u00a0\u00a0\u00a0\u00a0\u00a0 les lits de r\u00e9animation ne sont occup\u00e9s qu\u2019\u00e0 38% dans les Hauts-de-France et \u00e0 48% dans le Grand Est,<\/span><\/p>\n<p><span style=\"font-size: 12pt;\">\u2013\u00a0\u00a0\u00a0\u00a0\u00a0\u00a0\u00a0\u00a0\u00a0 les passages aux urgences pour suspicion de Covid-19\u00a0se montent respectivement \u00e0 1,51% et 3,74%.<\/span><\/p>\n<h3><span style=\"font-size: 12pt;\"><strong>Un frein \u00e0 la reprise de l\u2019\u00e9conomie et du tourisme <\/strong><\/span><\/h3>\n<p><span style=\"font-size: 12pt;\">Alors qu\u2019une r\u00e9cession de 8,2 points de PIB est annonc\u00e9e pour 2020, les Pr\u00e9sidents des R\u00e9gions Hauts-d<\/span>e-France et Grand Est consid\u00e8rent qu\u2019il est paradoxal de ralentir la reprise \u00e9conomique de leurs deux R\u00e9gions pesant \u00e0 elles deux 14% du PIB fran\u00e7ais. <em>\u00ab\u00a0Le secteur du tourisme ayant \u00e9t\u00e9 ravag\u00e9 par les mesures de confinement, il est \u00e0 pr\u00e9sent urgent d\u2019inciter les visiteurs \u00e0 revenir passer leurs vacances dans le Nord et l\u2019Est de la France, ce qui ne saurait s\u2019envisager dans une r\u00e9gion \u00ab rouge \u00bb.\u00a0\u00bb<\/em><\/p>\n<p><em>Communiqu\u00e9<\/em><\/p>\n","protected":false},"excerpt":{"rendered":"<p>Communiqu\u00e9 Xavier Bertrand et Jean Rottner, pr\u00e9sidents des R\u00e9gions Hauts-de-France et Grand Est, ont adress\u00e9 ce mardi 26 mai 2020 [&hellip;]<\/p>\n","protected":false},"author":407,"featured_media":27513,"comment_status":"open","ping_status":"open","sticky":false,"template":"","format":"standard","meta":{"footnotes":""},"categories":[26,188],"tags":[],"class_list":["post-27512","post","type-post","status-publish","format-standard","has-post-thumbnail","hentry","category-a-la-une","category-region"],"acf":[],"yoast_head":"<!-- This site is optimized with the Yoast SEO plugin v22.5 - https:\/\/yoast.com\/wordpress\/plugins\/seo\/ -->\n<title>Jean Rottner demande le passage de la R\u00e9gion Grand-Est en zone verte - Remiremont Info<\/title>\n<meta name=\"robots\" content=\"index, follow, max-snippet:-1, max-image-preview:large, max-video-preview:-1\" \/>\n<link rel=\"canonical\" href=\"https:\/\/vosgesinfo.fr\/remiremontinfo\/2020\/05\/jean-rottner-demande-passage-de-region-grand-zone-verte\/\" \/>\n<meta name=\"twitter:card\" content=\"summary_large_image\" \/>\n<meta name=\"twitter:title\" content=\"Jean Rottner demande le passage de la R\u00e9gion Grand-Est en zone verte - Remiremont Info\" \/>\n<meta name=\"twitter:description\" content=\"Communiqu\u00e9 Xavier Bertrand et Jean Rottner, pr\u00e9sidents des R\u00e9gions Hauts-de-France et Grand Est, ont adress\u00e9 ce mardi 26 mai 2020 [&hellip;]\" \/>\n<meta name=\"twitter:image\" content=\"https:\/\/vosgesinfo.fr\/app\/uploads\/sites\/5\/2024\/09\/202005jrottner-1024x683-1.jpg\" \/>\n<meta name=\"twitter:creator\" content=\"@VosgesInfo88\" \/>\n<meta name=\"twitter:site\" content=\"@VosgesInfo88\" \/>\n<meta name=\"twitter:label1\" content=\"\u00c9crit par\" \/>\n\t<meta name=\"twitter:data1\" content=\"C D\" \/>\n\t<meta name=\"twitter:label2\" content=\"Dur\u00e9e de lecture estim\u00e9e\" \/>\n\t<meta name=\"twitter:data2\" content=\"2 minutes\" \/>\n<script type=\"application\/ld+json\" class=\"yoast-schema-graph\">{\"@context\":\"https:\/\/schema.org\",\"@graph\":[{\"@type\":\"Article\",\"@id\":\"https:\/\/vosgesinfo.fr\/remiremontinfo\/2020\/05\/jean-rottner-demande-passage-de-region-grand-zone-verte\/#article\",\"isPartOf\":{\"@id\":\"https:\/\/vosgesinfo.fr\/remiremontinfo\/2020\/05\/jean-rottner-demande-passage-de-region-grand-zone-verte\/\"},\"author\":{\"name\":\"C D\",\"@id\":\"https:\/\/vosgesinfo.fr\/remiremontinfo\/#\/schema\/person\/3bfd164d5218a185b1db68655a265316\"},\"headline\":\"Jean Rottner demande le passage de la R\u00e9gion Grand-Est en zone verte\",\"datePublished\":\"2020-05-26T03:57:01+00:00\",\"dateModified\":\"2020-05-26T03:57:01+00:00\",\"mainEntityOfPage\":{\"@id\":\"https:\/\/vosgesinfo.fr\/remiremontinfo\/2020\/05\/jean-rottner-demande-passage-de-region-grand-zone-verte\/\"},\"wordCount\":332,\"commentCount\":0,\"publisher\":{\"@id\":\"https:\/\/vosgesinfo.fr\/remiremontinfo\/#organization\"},\"image\":{\"@id\":\"https:\/\/vosgesinfo.fr\/remiremontinfo\/2020\/05\/jean-rottner-demande-passage-de-region-grand-zone-verte\/#primaryimage\"},\"thumbnailUrl\":\"https:\/\/vosgesinfo.fr\/app\/uploads\/sites\/5\/2024\/09\/202005jrottner-1024x683-1.jpg\",\"articleSection\":[\"A la Une\",\"R\u00e9gion\"],\"inLanguage\":\"fr-FR\",\"potentialAction\":[{\"@type\":\"CommentAction\",\"name\":\"Comment\",\"target\":[\"https:\/\/vosgesinfo.fr\/remiremontinfo\/2020\/05\/jean-rottner-demande-passage-de-region-grand-zone-verte\/#respond\"]}]},{\"@type\":\"WebPage\",\"@id\":\"https:\/\/vosgesinfo.fr\/remiremontinfo\/2020\/05\/jean-rottner-demande-passage-de-region-grand-zone-verte\/\",\"url\":\"https:\/\/vosgesinfo.fr\/remiremontinfo\/2020\/05\/jean-rottner-demande-passage-de-region-grand-zone-verte\/\",\"name\":\"Jean Rottner demande le passage de la R\u00e9gion Grand-Est en zone verte - Remiremont Info\",\"isPartOf\":{\"@id\":\"https:\/\/vosgesinfo.fr\/remiremontinfo\/#website\"},\"primaryImageOfPage\":{\"@id\":\"https:\/\/vosgesinfo.fr\/remiremontinfo\/2020\/05\/jean-rottner-demande-passage-de-region-grand-zone-verte\/#primaryimage\"},\"image\":{\"@id\":\"https:\/\/vosgesinfo.fr\/remiremontinfo\/2020\/05\/jean-rottner-demande-passage-de-region-grand-zone-verte\/#primaryimage\"},\"thumbnailUrl\":\"https:\/\/vosgesinfo.fr\/app\/uploads\/sites\/5\/2024\/09\/202005jrottner-1024x683-1.jpg\",\"datePublished\":\"2020-05-26T03:57:01+00:00\",\"dateModified\":\"2020-05-26T03:57:01+00:00\",\"breadcrumb\":{\"@id\":\"https:\/\/vosgesinfo.fr\/remiremontinfo\/2020\/05\/jean-rottner-demande-passage-de-region-grand-zone-verte\/#breadcrumb\"},\"inLanguage\":\"fr-FR\",\"potentialAction\":[{\"@type\":\"ReadAction\",\"target\":[\"https:\/\/vosgesinfo.fr\/remiremontinfo\/2020\/05\/jean-rottner-demande-passage-de-region-grand-zone-verte\/\"]}]},{\"@type\":\"ImageObject\",\"inLanguage\":\"fr-FR\",\"@id\":\"https:\/\/vosgesinfo.fr\/remiremontinfo\/2020\/05\/jean-rottner-demande-passage-de-region-grand-zone-verte\/#primaryimage\",\"url\":\"https:\/\/vosgesinfo.fr\/app\/uploads\/sites\/5\/2024\/09\/202005jrottner-1024x683-1.jpg\",\"contentUrl\":\"https:\/\/vosgesinfo.fr\/app\/uploads\/sites\/5\/2024\/09\/202005jrottner-1024x683-1.jpg\",\"width\":800,\"height\":534},{\"@type\":\"BreadcrumbList\",\"@id\":\"https:\/\/vosgesinfo.fr\/remiremontinfo\/2020\/05\/jean-rottner-demande-passage-de-region-grand-zone-verte\/#breadcrumb\",\"itemListElement\":[{\"@type\":\"ListItem\",\"position\":1,\"name\":\"Home\",\"item\":\"https:\/\/vosgesinfo.fr\/remiremontinfo\/\"},{\"@type\":\"ListItem\",\"position\":2,\"name\":\"Jean Rottner demande le passage de la R\u00e9gion Grand-Est en zone verte\"}]},{\"@type\":\"WebSite\",\"@id\":\"https:\/\/vosgesinfo.fr\/remiremontinfo\/#website\",\"url\":\"https:\/\/vosgesinfo.fr\/remiremontinfo\/\",\"name\":\"Remiremont Info\",\"description\":\"Toute l&#039;actualit\u00e9 de Remiremont\",\"publisher\":{\"@id\":\"https:\/\/vosgesinfo.fr\/remiremontinfo\/#organization\"},\"alternateName\":\"Toute l'actualit\u00e9 de Remiremont\",\"potentialAction\":[{\"@type\":\"SearchAction\",\"target\":{\"@type\":\"EntryPoint\",\"urlTemplate\":\"https:\/\/vosgesinfo.fr\/remiremontinfo\/?s={search_term_string}\"},\"query-input\":\"required name=search_term_string\"}],\"inLanguage\":\"fr-FR\"},{\"@type\":\"Organization\",\"@id\":\"https:\/\/vosgesinfo.fr\/remiremontinfo\/#organization\",\"name\":\"Remiremont Info\",\"url\":\"https:\/\/vosgesinfo.fr\/remiremontinfo\/\",\"logo\":{\"@type\":\"ImageObject\",\"inLanguage\":\"fr-FR\",\"@id\":\"https:\/\/vosgesinfo.fr\/remiremontinfo\/#\/schema\/logo\/image\/\",\"url\":\"https:\/\/vosgesinfo.fr\/app\/uploads\/sites\/5\/2023\/08\/favicon-remiremontinfo.png\",\"contentUrl\":\"https:\/\/vosgesinfo.fr\/app\/uploads\/sites\/5\/2023\/08\/favicon-remiremontinfo.png\",\"width\":512,\"height\":512,\"caption\":\"Remiremont Info\"},\"image\":{\"@id\":\"https:\/\/vosgesinfo.fr\/remiremontinfo\/#\/schema\/logo\/image\/\"},\"sameAs\":[\"https:\/\/www.facebook.com\/remiremontinfo\",\"https:\/\/x.com\/VosgesInfo88\",\"https:\/\/www.youtube.com\/@vosgesinfo\"]},{\"@type\":\"Person\",\"@id\":\"https:\/\/vosgesinfo.fr\/remiremontinfo\/#\/schema\/person\/3bfd164d5218a185b1db68655a265316\",\"name\":\"C D\",\"image\":{\"@type\":\"ImageObject\",\"inLanguage\":\"fr-FR\",\"@id\":\"https:\/\/vosgesinfo.fr\/remiremontinfo\/#\/schema\/person\/image\/\",\"url\":\"https:\/\/secure.gravatar.com\/avatar\/1f9a70007336511a47468b8f1c66f922b8b7cf617b02a31149ada43893a5d48f?s=96&d=mm&r=g\",\"contentUrl\":\"https:\/\/secure.gravatar.com\/avatar\/1f9a70007336511a47468b8f1c66f922b8b7cf617b02a31149ada43893a5d48f?s=96&d=mm&r=g\",\"caption\":\"C D\"},\"url\":\"https:\/\/vosgesinfo.fr\/remiremontinfo\/author\/cedric-drevet\/\"}]}<\/script>\n<!-- \/ Yoast SEO plugin. -->","yoast_head_json":{"title":"Jean Rottner demande le passage de la R\u00e9gion Grand-Est en zone verte - Remiremont Info","robots":{"index":"index","follow":"follow","max-snippet":"max-snippet:-1","max-image-preview":"max-image-preview:large","max-video-preview":"max-video-preview:-1"},"canonical":"https:\/\/vosgesinfo.fr\/remiremontinfo\/2020\/05\/jean-rottner-demande-passage-de-region-grand-zone-verte\/","twitter_card":"summary_large_image","twitter_title":"Jean Rottner demande le passage de la R\u00e9gion Grand-Est en zone verte - Remiremont Info","twitter_description":"Communiqu\u00e9 Xavier Bertrand et Jean Rottner, pr\u00e9sidents des R\u00e9gions Hauts-de-France et Grand Est, ont adress\u00e9 ce mardi 26 mai 2020 [&hellip;]","twitter_image":"https:\/\/vosgesinfo.fr\/app\/uploads\/sites\/5\/2024\/09\/202005jrottner-1024x683-1.jpg","twitter_creator":"@VosgesInfo88","twitter_site":"@VosgesInfo88","twitter_misc":{"\u00c9crit par":"C D","Dur\u00e9e de lecture estim\u00e9e":"2 minutes"},"schema":{"@context":"https:\/\/schema.org","@graph":[{"@type":"Article","@id":"https:\/\/vosgesinfo.fr\/remiremontinfo\/2020\/05\/jean-rottner-demande-passage-de-region-grand-zone-verte\/#article","isPartOf":{"@id":"https:\/\/vosgesinfo.fr\/remiremontinfo\/2020\/05\/jean-rottner-demande-passage-de-region-grand-zone-verte\/"},"author":{"name":"C D","@id":"https:\/\/vosgesinfo.fr\/remiremontinfo\/#\/schema\/person\/3bfd164d5218a185b1db68655a265316"},"headline":"Jean Rottner demande le passage de la R\u00e9gion Grand-Est en zone verte","datePublished":"2020-05-26T03:57:01+00:00","dateModified":"2020-05-26T03:57:01+00:00","mainEntityOfPage":{"@id":"https:\/\/vosgesinfo.fr\/remiremontinfo\/2020\/05\/jean-rottner-demande-passage-de-region-grand-zone-verte\/"},"wordCount":332,"commentCount":0,"publisher":{"@id":"https:\/\/vosgesinfo.fr\/remiremontinfo\/#organization"},"image":{"@id":"https:\/\/vosgesinfo.fr\/remiremontinfo\/2020\/05\/jean-rottner-demande-passage-de-region-grand-zone-verte\/#primaryimage"},"thumbnailUrl":"https:\/\/vosgesinfo.fr\/app\/uploads\/sites\/5\/2024\/09\/202005jrottner-1024x683-1.jpg","articleSection":["A la Une","R\u00e9gion"],"inLanguage":"fr-FR","potentialAction":[{"@type":"CommentAction","name":"Comment","target":["https:\/\/vosgesinfo.fr\/remiremontinfo\/2020\/05\/jean-rottner-demande-passage-de-region-grand-zone-verte\/#respond"]}]},{"@type":"WebPage","@id":"https:\/\/vosgesinfo.fr\/remiremontinfo\/2020\/05\/jean-rottner-demande-passage-de-region-grand-zone-verte\/","url":"https:\/\/vosgesinfo.fr\/remiremontinfo\/2020\/05\/jean-rottner-demande-passage-de-region-grand-zone-verte\/","name":"Jean Rottner demande le passage de la R\u00e9gion Grand-Est en zone verte - Remiremont Info","isPartOf":{"@id":"https:\/\/vosgesinfo.fr\/remiremontinfo\/#website"},"primaryImageOfPage":{"@id":"https:\/\/vosgesinfo.fr\/remiremontinfo\/2020\/05\/jean-rottner-demande-passage-de-region-grand-zone-verte\/#primaryimage"},"image":{"@id":"https:\/\/vosgesinfo.fr\/remiremontinfo\/2020\/05\/jean-rottner-demande-passage-de-region-grand-zone-verte\/#primaryimage"},"thumbnailUrl":"https:\/\/vosgesinfo.fr\/app\/uploads\/sites\/5\/2024\/09\/202005jrottner-1024x683-1.jpg","datePublished":"2020-05-26T03:57:01+00:00","dateModified":"2020-05-26T03:57:01+00:00","breadcrumb":{"@id":"https:\/\/vosgesinfo.fr\/remiremontinfo\/2020\/05\/jean-rottner-demande-passage-de-region-grand-zone-verte\/#breadcrumb"},"inLanguage":"fr-FR","potentialAction":[{"@type":"ReadAction","target":["https:\/\/vosgesinfo.fr\/remiremontinfo\/2020\/05\/jean-rottner-demande-passage-de-region-grand-zone-verte\/"]}]},{"@type":"ImageObject","inLanguage":"fr-FR","@id":"https:\/\/vosgesinfo.fr\/remiremontinfo\/2020\/05\/jean-rottner-demande-passage-de-region-grand-zone-verte\/#primaryimage","url":"https:\/\/vosgesinfo.fr\/app\/uploads\/sites\/5\/2024\/09\/202005jrottner-1024x683-1.jpg","contentUrl":"https:\/\/vosgesinfo.fr\/app\/uploads\/sites\/5\/2024\/09\/202005jrottner-1024x683-1.jpg","width":800,"height":534},{"@type":"BreadcrumbList","@id":"https:\/\/vosgesinfo.fr\/remiremontinfo\/2020\/05\/jean-rottner-demande-passage-de-region-grand-zone-verte\/#breadcrumb","itemListElement":[{"@type":"ListItem","position":1,"name":"Home","item":"https:\/\/vosgesinfo.fr\/remiremontinfo\/"},{"@type":"ListItem","position":2,"name":"Jean Rottner demande le passage de la R\u00e9gion Grand-Est en zone verte"}]},{"@type":"WebSite","@id":"https:\/\/vosgesinfo.fr\/remiremontinfo\/#website","url":"https:\/\/vosgesinfo.fr\/remiremontinfo\/","name":"Remiremont Info","description":"Toute l&#039;actualit\u00e9 de Remiremont","publisher":{"@id":"https:\/\/vosgesinfo.fr\/remiremontinfo\/#organization"},"alternateName":"Toute l'actualit\u00e9 de Remiremont","potentialAction":[{"@type":"SearchAction","target":{"@type":"EntryPoint","urlTemplate":"https:\/\/vosgesinfo.fr\/remiremontinfo\/?s={search_term_string}"},"query-input":"required name=search_term_string"}],"inLanguage":"fr-FR"},{"@type":"Organization","@id":"https:\/\/vosgesinfo.fr\/remiremontinfo\/#organization","name":"Remiremont Info","url":"https:\/\/vosgesinfo.fr\/remiremontinfo\/","logo":{"@type":"ImageObject","inLanguage":"fr-FR","@id":"https:\/\/vosgesinfo.fr\/remiremontinfo\/#\/schema\/logo\/image\/","url":"https:\/\/vosgesinfo.fr\/app\/uploads\/sites\/5\/2023\/08\/favicon-remiremontinfo.png","contentUrl":"https:\/\/vosgesinfo.fr\/app\/uploads\/sites\/5\/2023\/08\/favicon-remiremontinfo.png","width":512,"height":512,"caption":"Remiremont Info"},"image":{"@id":"https:\/\/vosgesinfo.fr\/remiremontinfo\/#\/schema\/logo\/image\/"},"sameAs":["https:\/\/www.facebook.com\/remiremontinfo","https:\/\/x.com\/VosgesInfo88","https:\/\/www.youtube.com\/@vosgesinfo"]},{"@type":"Person","@id":"https:\/\/vosgesinfo.fr\/remiremontinfo\/#\/schema\/person\/3bfd164d5218a185b1db68655a265316","name":"C D","image":{"@type":"ImageObject","inLanguage":"fr-FR","@id":"https:\/\/vosgesinfo.fr\/remiremontinfo\/#\/schema\/person\/image\/","url":"https:\/\/secure.gravatar.com\/avatar\/1f9a70007336511a47468b8f1c66f922b8b7cf617b02a31149ada43893a5d48f?s=96&d=mm&r=g","contentUrl":"https:\/\/secure.gravatar.com\/avatar\/1f9a70007336511a47468b8f1c66f922b8b7cf617b02a31149ada43893a5d48f?s=96&d=mm&r=g","caption":"C D"},"url":"https:\/\/vosgesinfo.fr\/remiremontinfo\/author\/cedric-drevet\/"}]}},"_links":{"self":[{"href":"https:\/\/vosgesinfo.fr\/remiremontinfo\/wp-json\/wp\/v2\/posts\/27512","targetHints":{"allow":["GET"]}}],"collection":[{"href":"https:\/\/vosgesinfo.fr\/remiremontinfo\/wp-json\/wp\/v2\/posts"}],"about":[{"href":"https:\/\/vosgesinfo.fr\/remiremontinfo\/wp-json\/wp\/v2\/types\/post"}],"author":[{"embeddable":true,"href":"https:\/\/vosgesinfo.fr\/remiremontinfo\/wp-json\/wp\/v2\/users\/407"}],"replies":[{"embeddable":true,"href":"https:\/\/vosgesinfo.fr\/remiremontinfo\/wp-json\/wp\/v2\/comments?post=27512"}],"version-history":[{"count":0,"href":"https:\/\/vosgesinfo.fr\/remiremontinfo\/wp-json\/wp\/v2\/posts\/27512\/revisions"}],"wp:featuredmedia":[{"embeddable":true,"href":"https:\/\/vosgesinfo.fr\/remiremontinfo\/wp-json\/wp\/v2\/media\/27513"}],"wp:attachment":[{"href":"https:\/\/vosgesinfo.fr\/remiremontinfo\/wp-json\/wp\/v2\/media?parent=27512"}],"wp:term":[{"taxonomy":"category","embeddable":true,"href":"https:\/\/vosgesinfo.fr\/remiremontinfo\/wp-json\/wp\/v2\/categories?post=27512"},{"taxonomy":"post_tag","embeddable":true,"href":"https:\/\/vosgesinfo.fr\/remiremontinfo\/wp-json\/wp\/v2\/tags?post=27512"}],"curies":[{"name":"wp","href":"https:\/\/api.w.org\/{rel}","templated":true}]}}