{"id":27564,"date":"2020-05-29T07:30:48","date_gmt":"2020-05-29T05:30:48","guid":{"rendered":"https:\/\/vosgesinfo.fr\/remiremontinfo\/2020\/05\/accident-de-motoneige-deux-corps-ont-ete-retrouves-quebec\/"},"modified":"2020-05-29T07:30:48","modified_gmt":"2020-05-29T05:30:48","slug":"accident-de-motoneige-deux-corps-ont-ete-retrouves-quebec","status":"publish","type":"post","link":"https:\/\/vosgesinfo.fr\/remiremontinfo\/2020\/05\/accident-de-motoneige-deux-corps-ont-ete-retrouves-quebec\/","title":{"rendered":"Accident de motoneige : deux corps ont \u00e9t\u00e9 retrouv\u00e9s au Qu\u00e9bec"},"content":{"rendered":"<p style=\"text-align: center;\"><span style=\"color: #008000; font-family: Liberation Serif,serif;\"><a href=\"\/2020\/05\/EPdfVr7WsAAQhxo.jpg\"><img decoding=\"async\" class=\"alignnone size-full wp-image-287693\" src=\"\/2020\/05\/EPdfVr7WsAAQhxo.jpg\" alt=\"EPdfVr7WsAAQhxo\" width=\"800\" height=\"600\" \/><\/a><\/span><\/p>\n<h2><span style=\"font-size: 12pt;\"><strong><span style=\"color: #1c1e21;\"><span style=\"font-family: Liberation Serif,serif;\">En janvier dernier, <\/span><\/span><span style=\"color: #1c1e21;\"><span style=\"font-family: Liberation Serif,serif;\">un accident \u00e9tait arriv\u00e9 \u00e0 un groupe de<\/span><\/span><span style=\"color: #1c1e21;\"><span style=\"font-family: Liberation Serif,serif;\"> motoneigistes dans le lac Saint-Jean <\/span><\/span><span style=\"color: #1c1e21;\"><span style=\"font-family: Liberation Serif,serif;\">au Qu\u00e9bec<\/span><\/span><span style=\"color: #1c1e21;\"><span style=\"font-family: Liberation Serif,serif;\">. Le drame a co\u00fbt\u00e9 la vie <\/span><\/span><span style=\"color: #1c1e21;\"><span style=\"font-family: Liberation Serif,serif;\">\u00e0 un guide et \u00e0 plusieurs participants \u00e0 l\u2019exp\u00e9dition. Quatre mois apr\u00e8s, deux nouveaux corps ont \u00e9t\u00e9 retrouv\u00e9s.<\/span><\/span><\/strong><\/span><\/h2>\n<p><span style=\"color: #1c1e21;\"><span style=\"font-family: Liberation Serif,serif;\"><span style=\"font-size: medium;\">Un <\/span><\/span><\/span><span style=\"color: #1c1e21;\"><span style=\"font-family: Liberation Serif,serif;\"><span style=\"font-size: medium;\">premier <\/span><\/span><\/span><span style=\"color: #1c1e21;\"><span style=\"font-family: Liberation Serif,serif;\"><span style=\"font-size: medium;\">corps a \u00e9t\u00e9 retrouv\u00e9 vendredi <\/span><\/span><\/span><span style=\"color: #1c1e21;\"><span style=\"font-family: Liberation Serif,serif;\"><span style=\"font-size: medium;\">dernier, <\/span><\/span><\/span><span style=\"color: #1c1e21;\"><span style=\"font-family: Liberation Serif,serif;\"><span style=\"font-size: medium;\">\u00e0 Alma, dans le secteur de la baie des Jean. Un <\/span><\/span><\/span><span style=\"color: #1c1e21;\"><span style=\"font-family: Liberation Serif,serif;\"><span style=\"font-size: medium;\">second <\/span><\/span><\/span><span style=\"color: #1c1e21;\"><span style=\"font-family: Liberation Serif,serif;\"><span style=\"font-size: medium;\">corps a \u00e9t\u00e9 d\u00e9couvert sur le rivage de la rivi\u00e8re Grande D\u00e9charge, en fin de matin\u00e9e, <\/span><\/span><\/span><span style=\"color: #1c1e21;\"><span style=\"font-family: Liberation Serif,serif;\"><span style=\"font-size: medium;\">ce <\/span><\/span><\/span><span style=\"color: #1c1e21;\"><span style=\"font-family: Liberation Serif,serif;\"><span style=\"font-size: medium;\">mercredi <\/span><\/span><\/span><span style=\"color: #1c1e21;\"><span style=\"font-family: Liberation Serif,serif;\"><span style=\"font-size: medium;\">27 mai<\/span><\/span><\/span><span style=\"color: #1c1e21;\"><span style=\"font-family: Liberation Serif,serif;\"><span style=\"font-size: medium;\">. <\/span><\/span><\/span><span style=\"color: #1c1e21;\"><span style=\"font-family: Liberation Serif,serif;\"><span style=\"font-size: medium;\">Il est probable qu\u2019il <\/span><\/span><\/span><span style=\"color: #1c1e21;\"><span style=\"font-family: Liberation Serif,serif;\"><span style=\"font-size: medium;\">s&rsquo;agi<\/span><\/span><\/span><span style=\"color: #1c1e21;\"><span style=\"font-family: Liberation Serif,serif;\"><span style=\"font-size: medium;\">t<\/span><\/span><\/span><span style=\"color: #1c1e21;\"><span style=\"font-family: Liberation Serif,serif;\"><span style=\"font-size: medium;\"> d<\/span><\/span><\/span><span style=\"color: #1c1e21;\"><span style=\"font-family: Liberation Serif,serif;\"><span style=\"font-size: medium;\">es<\/span><\/span><\/span><span style=\"color: #1c1e21;\"><span style=\"font-family: Liberation Serif,serif;\"><span style=\"font-size: medium;\"> corps des deux motoneigistes fran\u00e7ais toujours port\u00e9s disparus \u00e0 la suite de la trag\u00e9die <\/span><\/span><\/span><span style=\"color: #1c1e21;\"><span style=\"font-family: Liberation Serif,serif;\"><span style=\"font-size: medium;\">(<\/span><\/span><\/span><span style=\"color: #1c1e21;\"><span style=\"font-family: Liberation Serif,serif;\"><span style=\"font-size: medium;\">Jean-Ren\u00e9 Dumoulin, 24 ans, et Arnaud Antoine, 25 ans<\/span><\/span><\/span><span style=\"color: #1c1e21;\"><span style=\"font-family: Liberation Serif,serif;\"><span style=\"font-size: medium;\">)<\/span><\/span><\/span><span style=\"color: #1c1e21;\"><span style=\"font-family: Liberation Serif,serif;\"><span style=\"font-size: medium;\">. <\/span><\/span><\/span><span style=\"color: #1c1e21;\"><span style=\"font-family: Liberation Serif,serif;\"><span style=\"font-size: medium;\"><em>\u00abUne enqu\u00eate est en cours afin de pr\u00e9ciser l\u2019identit\u00e9 formelle de la victime. Selon les premi\u00e8res informations, il pourrait s\u2019agir d\u2019un des motoneigistes qui a sombr\u00e9 \u00e0 l\u2019embouchure du lac Saint-Jean au mois de janvier dernier\u00bb<\/em>, <\/span><\/span><\/span><span style=\"color: #1c1e21;\"><span style=\"font-family: Liberation Serif,serif;\"><span style=\"font-size: medium;\">affirmait<\/span><\/span><\/span><span style=\"color: #1c1e21;\"><span style=\"font-family: Liberation Serif,serif;\"><span style=\"font-size: medium;\"> Hugues Beaulieu, porte-parole de la S\u00fbret\u00e9 du Qu\u00e9bec, dans un communiqu\u00e9 <\/span><\/span><\/span><span style=\"color: #1c1e21;\"><span style=\"font-family: Liberation Serif,serif;\"><span style=\"font-size: medium;\">publi\u00e9 par Le Quotidien, apr\u00e8s la d\u00e9couverte de mercredi. Apr\u00e8s l&rsquo;accident de janvier, les corps du vosgien Gilles Claude, 58 ans, de Julien Benoit, 34 ans, de Sainte-Croix-aux-Mines, et du vosgien Yan Thierry, 24 ans, avaient \u00e9t\u00e9 retrouv\u00e9s rapidement. Celui du guide qu\u00e9becois, Benoit L&rsquo;Esp\u00e9rance, 42 ans, avait \u00e9t\u00e9 retrouv\u00e9 le premier jour.<\/span><\/span><\/span><\/p>\n","protected":false},"excerpt":{"rendered":"<p>En janvier dernier, un accident \u00e9tait arriv\u00e9 \u00e0 un groupe de motoneigistes dans le lac Saint-Jean au Qu\u00e9bec. Le drame [&hellip;]<\/p>\n","protected":false},"author":407,"featured_media":27565,"comment_status":"open","ping_status":"open","sticky":false,"template":"","format":"standard","meta":{"footnotes":""},"categories":[26,8,18],"tags":[],"class_list":["post-27564","post","type-post","status-publish","format-standard","has-post-thumbnail","hentry","category-a-la-une","category-faits-divers","category-vosges"],"acf":[],"yoast_head":"<!-- This site is optimized with the Yoast SEO plugin v22.5 - https:\/\/yoast.com\/wordpress\/plugins\/seo\/ -->\n<title>Accident de motoneige : deux corps ont \u00e9t\u00e9 retrouv\u00e9s au Qu\u00e9bec - Remiremont Info<\/title>\n<meta name=\"robots\" content=\"index, follow, max-snippet:-1, max-image-preview:large, max-video-preview:-1\" \/>\n<link rel=\"canonical\" href=\"https:\/\/vosgesinfo.fr\/remiremontinfo\/2020\/05\/accident-de-motoneige-deux-corps-ont-ete-retrouves-quebec\/\" \/>\n<meta name=\"twitter:card\" content=\"summary_large_image\" \/>\n<meta name=\"twitter:title\" content=\"Accident de motoneige : deux corps ont \u00e9t\u00e9 retrouv\u00e9s au Qu\u00e9bec - Remiremont Info\" \/>\n<meta name=\"twitter:description\" content=\"En janvier dernier, un accident \u00e9tait arriv\u00e9 \u00e0 un groupe de motoneigistes dans le lac Saint-Jean au Qu\u00e9bec. Le drame [&hellip;]\" \/>\n<meta name=\"twitter:image\" content=\"https:\/\/vosgesinfo.fr\/app\/uploads\/sites\/5\/2024\/09\/202005epdfvr7wsaaqhxo.jpg\" \/>\n<meta name=\"twitter:creator\" content=\"@VosgesInfo88\" \/>\n<meta name=\"twitter:site\" content=\"@VosgesInfo88\" \/>\n<meta name=\"twitter:label1\" content=\"\u00c9crit par\" \/>\n\t<meta name=\"twitter:data1\" content=\"C D\" \/>\n\t<meta name=\"twitter:label2\" content=\"Dur\u00e9e de lecture estim\u00e9e\" \/>\n\t<meta name=\"twitter:data2\" content=\"1 minute\" \/>\n<script type=\"application\/ld+json\" class=\"yoast-schema-graph\">{\"@context\":\"https:\/\/schema.org\",\"@graph\":[{\"@type\":\"Article\",\"@id\":\"https:\/\/vosgesinfo.fr\/remiremontinfo\/2020\/05\/accident-de-motoneige-deux-corps-ont-ete-retrouves-quebec\/#article\",\"isPartOf\":{\"@id\":\"https:\/\/vosgesinfo.fr\/remiremontinfo\/2020\/05\/accident-de-motoneige-deux-corps-ont-ete-retrouves-quebec\/\"},\"author\":{\"name\":\"C D\",\"@id\":\"https:\/\/vosgesinfo.fr\/remiremontinfo\/#\/schema\/person\/3bfd164d5218a185b1db68655a265316\"},\"headline\":\"Accident de motoneige : deux corps ont \u00e9t\u00e9 retrouv\u00e9s au Qu\u00e9bec\",\"datePublished\":\"2020-05-29T05:30:48+00:00\",\"dateModified\":\"2020-05-29T05:30:48+00:00\",\"mainEntityOfPage\":{\"@id\":\"https:\/\/vosgesinfo.fr\/remiremontinfo\/2020\/05\/accident-de-motoneige-deux-corps-ont-ete-retrouves-quebec\/\"},\"wordCount\":244,\"commentCount\":0,\"publisher\":{\"@id\":\"https:\/\/vosgesinfo.fr\/remiremontinfo\/#organization\"},\"image\":{\"@id\":\"https:\/\/vosgesinfo.fr\/remiremontinfo\/2020\/05\/accident-de-motoneige-deux-corps-ont-ete-retrouves-quebec\/#primaryimage\"},\"thumbnailUrl\":\"https:\/\/vosgesinfo.fr\/app\/uploads\/sites\/5\/2024\/09\/202005epdfvr7wsaaqhxo.jpg\",\"articleSection\":[\"A la Une\",\"Faits-divers\",\"Vosges\"],\"inLanguage\":\"fr-FR\",\"potentialAction\":[{\"@type\":\"CommentAction\",\"name\":\"Comment\",\"target\":[\"https:\/\/vosgesinfo.fr\/remiremontinfo\/2020\/05\/accident-de-motoneige-deux-corps-ont-ete-retrouves-quebec\/#respond\"]}]},{\"@type\":\"WebPage\",\"@id\":\"https:\/\/vosgesinfo.fr\/remiremontinfo\/2020\/05\/accident-de-motoneige-deux-corps-ont-ete-retrouves-quebec\/\",\"url\":\"https:\/\/vosgesinfo.fr\/remiremontinfo\/2020\/05\/accident-de-motoneige-deux-corps-ont-ete-retrouves-quebec\/\",\"name\":\"Accident de motoneige : deux corps ont \u00e9t\u00e9 retrouv\u00e9s au Qu\u00e9bec - Remiremont Info\",\"isPartOf\":{\"@id\":\"https:\/\/vosgesinfo.fr\/remiremontinfo\/#website\"},\"primaryImageOfPage\":{\"@id\":\"https:\/\/vosgesinfo.fr\/remiremontinfo\/2020\/05\/accident-de-motoneige-deux-corps-ont-ete-retrouves-quebec\/#primaryimage\"},\"image\":{\"@id\":\"https:\/\/vosgesinfo.fr\/remiremontinfo\/2020\/05\/accident-de-motoneige-deux-corps-ont-ete-retrouves-quebec\/#primaryimage\"},\"thumbnailUrl\":\"https:\/\/vosgesinfo.fr\/app\/uploads\/sites\/5\/2024\/09\/202005epdfvr7wsaaqhxo.jpg\",\"datePublished\":\"2020-05-29T05:30:48+00:00\",\"dateModified\":\"2020-05-29T05:30:48+00:00\",\"breadcrumb\":{\"@id\":\"https:\/\/vosgesinfo.fr\/remiremontinfo\/2020\/05\/accident-de-motoneige-deux-corps-ont-ete-retrouves-quebec\/#breadcrumb\"},\"inLanguage\":\"fr-FR\",\"potentialAction\":[{\"@type\":\"ReadAction\",\"target\":[\"https:\/\/vosgesinfo.fr\/remiremontinfo\/2020\/05\/accident-de-motoneige-deux-corps-ont-ete-retrouves-quebec\/\"]}]},{\"@type\":\"ImageObject\",\"inLanguage\":\"fr-FR\",\"@id\":\"https:\/\/vosgesinfo.fr\/remiremontinfo\/2020\/05\/accident-de-motoneige-deux-corps-ont-ete-retrouves-quebec\/#primaryimage\",\"url\":\"https:\/\/vosgesinfo.fr\/app\/uploads\/sites\/5\/2024\/09\/202005epdfvr7wsaaqhxo.jpg\",\"contentUrl\":\"https:\/\/vosgesinfo.fr\/app\/uploads\/sites\/5\/2024\/09\/202005epdfvr7wsaaqhxo.jpg\",\"width\":800,\"height\":600},{\"@type\":\"BreadcrumbList\",\"@id\":\"https:\/\/vosgesinfo.fr\/remiremontinfo\/2020\/05\/accident-de-motoneige-deux-corps-ont-ete-retrouves-quebec\/#breadcrumb\",\"itemListElement\":[{\"@type\":\"ListItem\",\"position\":1,\"name\":\"Home\",\"item\":\"https:\/\/vosgesinfo.fr\/remiremontinfo\/\"},{\"@type\":\"ListItem\",\"position\":2,\"name\":\"Accident de motoneige : deux corps ont \u00e9t\u00e9 retrouv\u00e9s au Qu\u00e9bec\"}]},{\"@type\":\"WebSite\",\"@id\":\"https:\/\/vosgesinfo.fr\/remiremontinfo\/#website\",\"url\":\"https:\/\/vosgesinfo.fr\/remiremontinfo\/\",\"name\":\"Remiremont Info\",\"description\":\"Toute l&#039;actualit\u00e9 de Remiremont\",\"publisher\":{\"@id\":\"https:\/\/vosgesinfo.fr\/remiremontinfo\/#organization\"},\"alternateName\":\"Toute l'actualit\u00e9 de Remiremont\",\"potentialAction\":[{\"@type\":\"SearchAction\",\"target\":{\"@type\":\"EntryPoint\",\"urlTemplate\":\"https:\/\/vosgesinfo.fr\/remiremontinfo\/?s={search_term_string}\"},\"query-input\":\"required name=search_term_string\"}],\"inLanguage\":\"fr-FR\"},{\"@type\":\"Organization\",\"@id\":\"https:\/\/vosgesinfo.fr\/remiremontinfo\/#organization\",\"name\":\"Remiremont Info\",\"url\":\"https:\/\/vosgesinfo.fr\/remiremontinfo\/\",\"logo\":{\"@type\":\"ImageObject\",\"inLanguage\":\"fr-FR\",\"@id\":\"https:\/\/vosgesinfo.fr\/remiremontinfo\/#\/schema\/logo\/image\/\",\"url\":\"https:\/\/vosgesinfo.fr\/app\/uploads\/sites\/5\/2023\/08\/favicon-remiremontinfo.png\",\"contentUrl\":\"https:\/\/vosgesinfo.fr\/app\/uploads\/sites\/5\/2023\/08\/favicon-remiremontinfo.png\",\"width\":512,\"height\":512,\"caption\":\"Remiremont Info\"},\"image\":{\"@id\":\"https:\/\/vosgesinfo.fr\/remiremontinfo\/#\/schema\/logo\/image\/\"},\"sameAs\":[\"https:\/\/www.facebook.com\/remiremontinfo\",\"https:\/\/x.com\/VosgesInfo88\",\"https:\/\/www.youtube.com\/@vosgesinfo\"]},{\"@type\":\"Person\",\"@id\":\"https:\/\/vosgesinfo.fr\/remiremontinfo\/#\/schema\/person\/3bfd164d5218a185b1db68655a265316\",\"name\":\"C D\",\"image\":{\"@type\":\"ImageObject\",\"inLanguage\":\"fr-FR\",\"@id\":\"https:\/\/vosgesinfo.fr\/remiremontinfo\/#\/schema\/person\/image\/\",\"url\":\"https:\/\/secure.gravatar.com\/avatar\/1f9a70007336511a47468b8f1c66f922b8b7cf617b02a31149ada43893a5d48f?s=96&d=mm&r=g\",\"contentUrl\":\"https:\/\/secure.gravatar.com\/avatar\/1f9a70007336511a47468b8f1c66f922b8b7cf617b02a31149ada43893a5d48f?s=96&d=mm&r=g\",\"caption\":\"C D\"},\"url\":\"https:\/\/vosgesinfo.fr\/remiremontinfo\/author\/cedric-drevet\/\"}]}<\/script>\n<!-- \/ Yoast SEO plugin. -->","yoast_head_json":{"title":"Accident de motoneige : deux corps ont \u00e9t\u00e9 retrouv\u00e9s au Qu\u00e9bec - Remiremont Info","robots":{"index":"index","follow":"follow","max-snippet":"max-snippet:-1","max-image-preview":"max-image-preview:large","max-video-preview":"max-video-preview:-1"},"canonical":"https:\/\/vosgesinfo.fr\/remiremontinfo\/2020\/05\/accident-de-motoneige-deux-corps-ont-ete-retrouves-quebec\/","twitter_card":"summary_large_image","twitter_title":"Accident de motoneige : deux corps ont \u00e9t\u00e9 retrouv\u00e9s au Qu\u00e9bec - Remiremont Info","twitter_description":"En janvier dernier, un accident \u00e9tait arriv\u00e9 \u00e0 un groupe de motoneigistes dans le lac Saint-Jean au Qu\u00e9bec. Le drame [&hellip;]","twitter_image":"https:\/\/vosgesinfo.fr\/app\/uploads\/sites\/5\/2024\/09\/202005epdfvr7wsaaqhxo.jpg","twitter_creator":"@VosgesInfo88","twitter_site":"@VosgesInfo88","twitter_misc":{"\u00c9crit par":"C D","Dur\u00e9e de lecture estim\u00e9e":"1 minute"},"schema":{"@context":"https:\/\/schema.org","@graph":[{"@type":"Article","@id":"https:\/\/vosgesinfo.fr\/remiremontinfo\/2020\/05\/accident-de-motoneige-deux-corps-ont-ete-retrouves-quebec\/#article","isPartOf":{"@id":"https:\/\/vosgesinfo.fr\/remiremontinfo\/2020\/05\/accident-de-motoneige-deux-corps-ont-ete-retrouves-quebec\/"},"author":{"name":"C D","@id":"https:\/\/vosgesinfo.fr\/remiremontinfo\/#\/schema\/person\/3bfd164d5218a185b1db68655a265316"},"headline":"Accident de motoneige : deux corps ont \u00e9t\u00e9 retrouv\u00e9s au Qu\u00e9bec","datePublished":"2020-05-29T05:30:48+00:00","dateModified":"2020-05-29T05:30:48+00:00","mainEntityOfPage":{"@id":"https:\/\/vosgesinfo.fr\/remiremontinfo\/2020\/05\/accident-de-motoneige-deux-corps-ont-ete-retrouves-quebec\/"},"wordCount":244,"commentCount":0,"publisher":{"@id":"https:\/\/vosgesinfo.fr\/remiremontinfo\/#organization"},"image":{"@id":"https:\/\/vosgesinfo.fr\/remiremontinfo\/2020\/05\/accident-de-motoneige-deux-corps-ont-ete-retrouves-quebec\/#primaryimage"},"thumbnailUrl":"https:\/\/vosgesinfo.fr\/app\/uploads\/sites\/5\/2024\/09\/202005epdfvr7wsaaqhxo.jpg","articleSection":["A la Une","Faits-divers","Vosges"],"inLanguage":"fr-FR","potentialAction":[{"@type":"CommentAction","name":"Comment","target":["https:\/\/vosgesinfo.fr\/remiremontinfo\/2020\/05\/accident-de-motoneige-deux-corps-ont-ete-retrouves-quebec\/#respond"]}]},{"@type":"WebPage","@id":"https:\/\/vosgesinfo.fr\/remiremontinfo\/2020\/05\/accident-de-motoneige-deux-corps-ont-ete-retrouves-quebec\/","url":"https:\/\/vosgesinfo.fr\/remiremontinfo\/2020\/05\/accident-de-motoneige-deux-corps-ont-ete-retrouves-quebec\/","name":"Accident de motoneige : deux corps ont \u00e9t\u00e9 retrouv\u00e9s au Qu\u00e9bec - Remiremont Info","isPartOf":{"@id":"https:\/\/vosgesinfo.fr\/remiremontinfo\/#website"},"primaryImageOfPage":{"@id":"https:\/\/vosgesinfo.fr\/remiremontinfo\/2020\/05\/accident-de-motoneige-deux-corps-ont-ete-retrouves-quebec\/#primaryimage"},"image":{"@id":"https:\/\/vosgesinfo.fr\/remiremontinfo\/2020\/05\/accident-de-motoneige-deux-corps-ont-ete-retrouves-quebec\/#primaryimage"},"thumbnailUrl":"https:\/\/vosgesinfo.fr\/app\/uploads\/sites\/5\/2024\/09\/202005epdfvr7wsaaqhxo.jpg","datePublished":"2020-05-29T05:30:48+00:00","dateModified":"2020-05-29T05:30:48+00:00","breadcrumb":{"@id":"https:\/\/vosgesinfo.fr\/remiremontinfo\/2020\/05\/accident-de-motoneige-deux-corps-ont-ete-retrouves-quebec\/#breadcrumb"},"inLanguage":"fr-FR","potentialAction":[{"@type":"ReadAction","target":["https:\/\/vosgesinfo.fr\/remiremontinfo\/2020\/05\/accident-de-motoneige-deux-corps-ont-ete-retrouves-quebec\/"]}]},{"@type":"ImageObject","inLanguage":"fr-FR","@id":"https:\/\/vosgesinfo.fr\/remiremontinfo\/2020\/05\/accident-de-motoneige-deux-corps-ont-ete-retrouves-quebec\/#primaryimage","url":"https:\/\/vosgesinfo.fr\/app\/uploads\/sites\/5\/2024\/09\/202005epdfvr7wsaaqhxo.jpg","contentUrl":"https:\/\/vosgesinfo.fr\/app\/uploads\/sites\/5\/2024\/09\/202005epdfvr7wsaaqhxo.jpg","width":800,"height":600},{"@type":"BreadcrumbList","@id":"https:\/\/vosgesinfo.fr\/remiremontinfo\/2020\/05\/accident-de-motoneige-deux-corps-ont-ete-retrouves-quebec\/#breadcrumb","itemListElement":[{"@type":"ListItem","position":1,"name":"Home","item":"https:\/\/vosgesinfo.fr\/remiremontinfo\/"},{"@type":"ListItem","position":2,"name":"Accident de motoneige : deux corps ont \u00e9t\u00e9 retrouv\u00e9s au Qu\u00e9bec"}]},{"@type":"WebSite","@id":"https:\/\/vosgesinfo.fr\/remiremontinfo\/#website","url":"https:\/\/vosgesinfo.fr\/remiremontinfo\/","name":"Remiremont Info","description":"Toute l&#039;actualit\u00e9 de Remiremont","publisher":{"@id":"https:\/\/vosgesinfo.fr\/remiremontinfo\/#organization"},"alternateName":"Toute l'actualit\u00e9 de Remiremont","potentialAction":[{"@type":"SearchAction","target":{"@type":"EntryPoint","urlTemplate":"https:\/\/vosgesinfo.fr\/remiremontinfo\/?s={search_term_string}"},"query-input":"required name=search_term_string"}],"inLanguage":"fr-FR"},{"@type":"Organization","@id":"https:\/\/vosgesinfo.fr\/remiremontinfo\/#organization","name":"Remiremont Info","url":"https:\/\/vosgesinfo.fr\/remiremontinfo\/","logo":{"@type":"ImageObject","inLanguage":"fr-FR","@id":"https:\/\/vosgesinfo.fr\/remiremontinfo\/#\/schema\/logo\/image\/","url":"https:\/\/vosgesinfo.fr\/app\/uploads\/sites\/5\/2023\/08\/favicon-remiremontinfo.png","contentUrl":"https:\/\/vosgesinfo.fr\/app\/uploads\/sites\/5\/2023\/08\/favicon-remiremontinfo.png","width":512,"height":512,"caption":"Remiremont Info"},"image":{"@id":"https:\/\/vosgesinfo.fr\/remiremontinfo\/#\/schema\/logo\/image\/"},"sameAs":["https:\/\/www.facebook.com\/remiremontinfo","https:\/\/x.com\/VosgesInfo88","https:\/\/www.youtube.com\/@vosgesinfo"]},{"@type":"Person","@id":"https:\/\/vosgesinfo.fr\/remiremontinfo\/#\/schema\/person\/3bfd164d5218a185b1db68655a265316","name":"C D","image":{"@type":"ImageObject","inLanguage":"fr-FR","@id":"https:\/\/vosgesinfo.fr\/remiremontinfo\/#\/schema\/person\/image\/","url":"https:\/\/secure.gravatar.com\/avatar\/1f9a70007336511a47468b8f1c66f922b8b7cf617b02a31149ada43893a5d48f?s=96&d=mm&r=g","contentUrl":"https:\/\/secure.gravatar.com\/avatar\/1f9a70007336511a47468b8f1c66f922b8b7cf617b02a31149ada43893a5d48f?s=96&d=mm&r=g","caption":"C D"},"url":"https:\/\/vosgesinfo.fr\/remiremontinfo\/author\/cedric-drevet\/"}]}},"_links":{"self":[{"href":"https:\/\/vosgesinfo.fr\/remiremontinfo\/wp-json\/wp\/v2\/posts\/27564","targetHints":{"allow":["GET"]}}],"collection":[{"href":"https:\/\/vosgesinfo.fr\/remiremontinfo\/wp-json\/wp\/v2\/posts"}],"about":[{"href":"https:\/\/vosgesinfo.fr\/remiremontinfo\/wp-json\/wp\/v2\/types\/post"}],"author":[{"embeddable":true,"href":"https:\/\/vosgesinfo.fr\/remiremontinfo\/wp-json\/wp\/v2\/users\/407"}],"replies":[{"embeddable":true,"href":"https:\/\/vosgesinfo.fr\/remiremontinfo\/wp-json\/wp\/v2\/comments?post=27564"}],"version-history":[{"count":0,"href":"https:\/\/vosgesinfo.fr\/remiremontinfo\/wp-json\/wp\/v2\/posts\/27564\/revisions"}],"wp:featuredmedia":[{"embeddable":true,"href":"https:\/\/vosgesinfo.fr\/remiremontinfo\/wp-json\/wp\/v2\/media\/27565"}],"wp:attachment":[{"href":"https:\/\/vosgesinfo.fr\/remiremontinfo\/wp-json\/wp\/v2\/media?parent=27564"}],"wp:term":[{"taxonomy":"category","embeddable":true,"href":"https:\/\/vosgesinfo.fr\/remiremontinfo\/wp-json\/wp\/v2\/categories?post=27564"},{"taxonomy":"post_tag","embeddable":true,"href":"https:\/\/vosgesinfo.fr\/remiremontinfo\/wp-json\/wp\/v2\/tags?post=27564"}],"curies":[{"name":"wp","href":"https:\/\/api.w.org\/{rel}","templated":true}]}}