{"id":27574,"date":"2020-05-29T06:33:32","date_gmt":"2020-05-29T04:33:32","guid":{"rendered":"https:\/\/vosgesinfo.fr\/remiremontinfo\/2020\/05\/vosges-gerard-cherpion-veut-interdire-diffusion-dimages-forces-de-lordre\/"},"modified":"2020-05-29T06:33:32","modified_gmt":"2020-05-29T04:33:32","slug":"vosges-gerard-cherpion-veut-interdire-diffusion-dimages-forces-de-lordre","status":"publish","type":"post","link":"https:\/\/vosgesinfo.fr\/remiremontinfo\/2020\/05\/vosges-gerard-cherpion-veut-interdire-diffusion-dimages-forces-de-lordre\/","title":{"rendered":"Vosges : G\u00e9rard Cherpion veut interdire la diffusion d\u2019images des forces de l\u2019ordre"},"content":{"rendered":"<p style=\"text-align: center;\"><a href=\"\/2020\/05\/Annotation-2020-05-29-110043.png\"><img decoding=\"async\" class=\"alignnone size-full wp-image-287714\" src=\"\/2020\/05\/Annotation-2020-05-29-110043.png\" alt=\"Annotation 2020-05-29 110043\" width=\"800\" height=\"525\" \/><\/a><\/p>\n<h2><span style=\"font-size: 12pt;\"><strong><span style=\"color: #1c1e21;\"><span style=\"font-family: Liberation Serif,serif;\">Le d\u00e9put\u00e9 Eric Ciotti a d\u00e9pos\u00e9 le 26 mai dernier <a href=\"http:\/\/www.assemblee-nationale.fr\/dyn\/15\/textes\/l15b2992_proposition-loi#\">une proposition de loi<\/a> visant \u00e0 sanctionner la diffusion de l\u2019image de membres des forces de l\u2019ordre. G\u00e9rard Cherpion, d\u00e9put\u00e9 de la 2\u00e8me circonscription des Vosges, soutien le texte.<\/span><\/span><\/strong><\/span><\/h2>\n<p><span style=\"color: #1c1e21;\"><span style=\"font-family: Liberation Serif,serif;\"><span style=\"font-size: medium;\">L\u2019article unique <\/span><\/span><\/span><span style=\"color: #1c1e21;\"><span style=\"font-family: Liberation Serif,serif;\"><span style=\"font-size: medium;\">de la proposition <\/span><\/span><\/span><span style=\"color: #1c1e21;\"><span style=\"font-family: Liberation Serif,serif;\"><span style=\"font-size: medium;\">pr\u00e9voit que la diffusion par quelque moyen que ce soit et quel qu\u2019en soit le support, de l\u2019image des fonctionnaires de la police nationale, de militaires, de policiers municipaux ou d\u2019agents des douanes soit punie de 15 000 \u20ac d\u2019amende et 1 an d\u2019emprisonnement. <\/span><\/span><\/span><span style=\"color: #1c1e21;\"><span style=\"font-family: Liberation Serif,serif;\"><span style=\"font-size: medium;\">Ce qui a motiv\u00e9, notamment, le soutien du d\u00e9put\u00e9, c\u2019est <\/span><\/span><\/span><span style=\"color: #1c1e21;\"><span style=\"font-family: Liberation Serif,serif;\"><span style=\"font-size: medium;\">ce<\/span><\/span><\/span><span style=\"color: #1c1e21;\"><span style=\"font-family: Liberation Serif,serif;\"><span style=\"font-size: medium;\"> constat\u00a0: la plupart du temps, les visages des d\u00e9linquants sont flout\u00e9s. <\/span><\/span><\/span><span style=\"color: #1c1e21;\"><span style=\"font-family: Liberation Serif,serif;\"><span style=\"font-size: medium;\">L\u2019objectif affich\u00e9 est donc de prot\u00e9ger les policiers dans leurs fonctions et de les pr\u00e9server des risques de repr\u00e9sailles.<\/span><\/span><\/span><\/p>\n<p><span style=\"color: #1c1e21;\"><span style=\"font-family: Liberation Serif,serif;\"><span style=\"font-size: medium;\">Dans l\u2019expos\u00e9 des motifs, <\/span><\/span><\/span><span style=\"color: #1c1e21;\"><span style=\"font-family: Liberation Serif,serif;\"><span style=\"font-size: medium;\">la proposition est justifi\u00e9e de cette mani\u00e8re\u00a0: <\/span><\/span><\/span><span style=\"color: #1c1e21;\"><span style=\"font-family: Liberation Serif,serif;\"><span style=\"font-size: medium;\"><em>\u00ab\u00a0La prise d\u2019images de repr\u00e9sentants de forces de l\u2019ordre en intervention et leur diffusion sur divers m\u00e9dias, notamment les r\u00e9seaux sociaux, peut constituer un risque pour chacun d\u2019entre eux et leur famille\u00a0\u00bb<\/em>. <\/span><\/span><\/span><span style=\"color: #1c1e21;\"><span style=\"font-family: Liberation Serif,serif;\"><span style=\"font-size: medium;\">Il est fait r\u00e9f\u00e9rence \u00e9galement \u00e0 du<\/span><\/span><\/span><span style=\"color: #1c1e21;\"><span style=\"font-family: Liberation Serif,serif;\"><span style=\"font-size: medium;\"><em> \u00ab policier bashing \u00bb<\/em>, <\/span><\/span><\/span><span style=\"color: #1c1e21;\"><span style=\"font-family: Liberation Serif,serif;\"><span style=\"font-size: medium;\">qui se d\u00e9velopperait sur internet\u00a0: <\/span><\/span><\/span><em><span style=\"color: #1c1e21;\"><span style=\"font-family: Liberation Serif,serif;\"><span style=\"font-size: medium;\">\u00ab\u00a0\u00c0 titre d\u2019exemple, la cr\u00e9ation d\u2019application comme Urgence violences polici\u00e8res a pour effet de stigmatiser les forces de l\u2019ordre mais aussi de faire circuler, notamment sur les r\u00e9seaux sociaux, des informations souvent erron\u00e9es sur celles\u2011ci\u00a0\u00bb.<\/span><\/span><\/span><\/em><\/p>\n<p style=\"text-align: center;\"><a href=\"\/2020\/05\/Annotation-2020-05-29-111906.png\"><img decoding=\"async\" class=\"alignnone size-full wp-image-287713\" src=\"\/2020\/05\/Annotation-2020-05-29-111906.png\" alt=\"Annotation 2020-05-29 111906\" width=\"866\" height=\"658\" \/><\/a><\/p>\n","protected":false},"excerpt":{"rendered":"<p>Le d\u00e9put\u00e9 Eric Ciotti a d\u00e9pos\u00e9 le 26 mai dernier une proposition de loi visant \u00e0 sanctionner la diffusion de [&hellip;]<\/p>\n","protected":false},"author":407,"featured_media":27575,"comment_status":"open","ping_status":"open","sticky":false,"template":"","format":"standard","meta":{"footnotes":""},"categories":[26,10,18],"tags":[],"class_list":["post-27574","post","type-post","status-publish","format-standard","has-post-thumbnail","hentry","category-a-la-une","category-politique","category-vosges"],"acf":[],"yoast_head":"<!-- This site is optimized with the Yoast SEO plugin v22.5 - https:\/\/yoast.com\/wordpress\/plugins\/seo\/ -->\n<title>Vosges : G\u00e9rard Cherpion veut interdire la diffusion d\u2019images des forces de l\u2019ordre - Remiremont Info<\/title>\n<meta name=\"robots\" content=\"index, follow, max-snippet:-1, max-image-preview:large, max-video-preview:-1\" \/>\n<link rel=\"canonical\" href=\"https:\/\/vosgesinfo.fr\/remiremontinfo\/2020\/05\/vosges-gerard-cherpion-veut-interdire-diffusion-dimages-forces-de-lordre\/\" \/>\n<meta name=\"twitter:card\" content=\"summary_large_image\" \/>\n<meta name=\"twitter:title\" content=\"Vosges : G\u00e9rard Cherpion veut interdire la diffusion d\u2019images des forces de l\u2019ordre - Remiremont Info\" \/>\n<meta name=\"twitter:description\" content=\"Le d\u00e9put\u00e9 Eric Ciotti a d\u00e9pos\u00e9 le 26 mai dernier une proposition de loi visant \u00e0 sanctionner la diffusion de [&hellip;]\" \/>\n<meta name=\"twitter:image\" content=\"https:\/\/vosgesinfo.fr\/app\/uploads\/sites\/5\/2024\/09\/202005annotation-2020-05-29-110043.png\" \/>\n<meta name=\"twitter:creator\" content=\"@VosgesInfo88\" \/>\n<meta name=\"twitter:site\" content=\"@VosgesInfo88\" \/>\n<meta name=\"twitter:label1\" content=\"\u00c9crit par\" \/>\n\t<meta name=\"twitter:data1\" content=\"C D\" \/>\n\t<meta name=\"twitter:label2\" content=\"Dur\u00e9e de lecture estim\u00e9e\" \/>\n\t<meta name=\"twitter:data2\" content=\"1 minute\" \/>\n<script type=\"application\/ld+json\" class=\"yoast-schema-graph\">{\"@context\":\"https:\/\/schema.org\",\"@graph\":[{\"@type\":\"Article\",\"@id\":\"https:\/\/vosgesinfo.fr\/remiremontinfo\/2020\/05\/vosges-gerard-cherpion-veut-interdire-diffusion-dimages-forces-de-lordre\/#article\",\"isPartOf\":{\"@id\":\"https:\/\/vosgesinfo.fr\/remiremontinfo\/2020\/05\/vosges-gerard-cherpion-veut-interdire-diffusion-dimages-forces-de-lordre\/\"},\"author\":{\"name\":\"C D\",\"@id\":\"https:\/\/vosgesinfo.fr\/remiremontinfo\/#\/schema\/person\/3bfd164d5218a185b1db68655a265316\"},\"headline\":\"Vosges : G\u00e9rard Cherpion veut interdire la diffusion d\u2019images des forces de l\u2019ordre\",\"datePublished\":\"2020-05-29T04:33:32+00:00\",\"dateModified\":\"2020-05-29T04:33:32+00:00\",\"mainEntityOfPage\":{\"@id\":\"https:\/\/vosgesinfo.fr\/remiremontinfo\/2020\/05\/vosges-gerard-cherpion-veut-interdire-diffusion-dimages-forces-de-lordre\/\"},\"wordCount\":269,\"commentCount\":0,\"publisher\":{\"@id\":\"https:\/\/vosgesinfo.fr\/remiremontinfo\/#organization\"},\"image\":{\"@id\":\"https:\/\/vosgesinfo.fr\/remiremontinfo\/2020\/05\/vosges-gerard-cherpion-veut-interdire-diffusion-dimages-forces-de-lordre\/#primaryimage\"},\"thumbnailUrl\":\"https:\/\/vosgesinfo.fr\/app\/uploads\/sites\/5\/2024\/09\/202005annotation-2020-05-29-110043.png\",\"articleSection\":[\"A la Une\",\"Politique\",\"Vosges\"],\"inLanguage\":\"fr-FR\",\"potentialAction\":[{\"@type\":\"CommentAction\",\"name\":\"Comment\",\"target\":[\"https:\/\/vosgesinfo.fr\/remiremontinfo\/2020\/05\/vosges-gerard-cherpion-veut-interdire-diffusion-dimages-forces-de-lordre\/#respond\"]}]},{\"@type\":\"WebPage\",\"@id\":\"https:\/\/vosgesinfo.fr\/remiremontinfo\/2020\/05\/vosges-gerard-cherpion-veut-interdire-diffusion-dimages-forces-de-lordre\/\",\"url\":\"https:\/\/vosgesinfo.fr\/remiremontinfo\/2020\/05\/vosges-gerard-cherpion-veut-interdire-diffusion-dimages-forces-de-lordre\/\",\"name\":\"Vosges : G\u00e9rard Cherpion veut interdire la diffusion d\u2019images des forces de l\u2019ordre - Remiremont Info\",\"isPartOf\":{\"@id\":\"https:\/\/vosgesinfo.fr\/remiremontinfo\/#website\"},\"primaryImageOfPage\":{\"@id\":\"https:\/\/vosgesinfo.fr\/remiremontinfo\/2020\/05\/vosges-gerard-cherpion-veut-interdire-diffusion-dimages-forces-de-lordre\/#primaryimage\"},\"image\":{\"@id\":\"https:\/\/vosgesinfo.fr\/remiremontinfo\/2020\/05\/vosges-gerard-cherpion-veut-interdire-diffusion-dimages-forces-de-lordre\/#primaryimage\"},\"thumbnailUrl\":\"https:\/\/vosgesinfo.fr\/app\/uploads\/sites\/5\/2024\/09\/202005annotation-2020-05-29-110043.png\",\"datePublished\":\"2020-05-29T04:33:32+00:00\",\"dateModified\":\"2020-05-29T04:33:32+00:00\",\"breadcrumb\":{\"@id\":\"https:\/\/vosgesinfo.fr\/remiremontinfo\/2020\/05\/vosges-gerard-cherpion-veut-interdire-diffusion-dimages-forces-de-lordre\/#breadcrumb\"},\"inLanguage\":\"fr-FR\",\"potentialAction\":[{\"@type\":\"ReadAction\",\"target\":[\"https:\/\/vosgesinfo.fr\/remiremontinfo\/2020\/05\/vosges-gerard-cherpion-veut-interdire-diffusion-dimages-forces-de-lordre\/\"]}]},{\"@type\":\"ImageObject\",\"inLanguage\":\"fr-FR\",\"@id\":\"https:\/\/vosgesinfo.fr\/remiremontinfo\/2020\/05\/vosges-gerard-cherpion-veut-interdire-diffusion-dimages-forces-de-lordre\/#primaryimage\",\"url\":\"https:\/\/vosgesinfo.fr\/app\/uploads\/sites\/5\/2024\/09\/202005annotation-2020-05-29-110043.png\",\"contentUrl\":\"https:\/\/vosgesinfo.fr\/app\/uploads\/sites\/5\/2024\/09\/202005annotation-2020-05-29-110043.png\",\"width\":800,\"height\":525},{\"@type\":\"BreadcrumbList\",\"@id\":\"https:\/\/vosgesinfo.fr\/remiremontinfo\/2020\/05\/vosges-gerard-cherpion-veut-interdire-diffusion-dimages-forces-de-lordre\/#breadcrumb\",\"itemListElement\":[{\"@type\":\"ListItem\",\"position\":1,\"name\":\"Home\",\"item\":\"https:\/\/vosgesinfo.fr\/remiremontinfo\/\"},{\"@type\":\"ListItem\",\"position\":2,\"name\":\"Vosges : G\u00e9rard Cherpion veut interdire la diffusion d\u2019images des forces de l\u2019ordre\"}]},{\"@type\":\"WebSite\",\"@id\":\"https:\/\/vosgesinfo.fr\/remiremontinfo\/#website\",\"url\":\"https:\/\/vosgesinfo.fr\/remiremontinfo\/\",\"name\":\"Remiremont Info\",\"description\":\"Toute l&#039;actualit\u00e9 de Remiremont\",\"publisher\":{\"@id\":\"https:\/\/vosgesinfo.fr\/remiremontinfo\/#organization\"},\"alternateName\":\"Toute l'actualit\u00e9 de Remiremont\",\"potentialAction\":[{\"@type\":\"SearchAction\",\"target\":{\"@type\":\"EntryPoint\",\"urlTemplate\":\"https:\/\/vosgesinfo.fr\/remiremontinfo\/?s={search_term_string}\"},\"query-input\":\"required name=search_term_string\"}],\"inLanguage\":\"fr-FR\"},{\"@type\":\"Organization\",\"@id\":\"https:\/\/vosgesinfo.fr\/remiremontinfo\/#organization\",\"name\":\"Remiremont Info\",\"url\":\"https:\/\/vosgesinfo.fr\/remiremontinfo\/\",\"logo\":{\"@type\":\"ImageObject\",\"inLanguage\":\"fr-FR\",\"@id\":\"https:\/\/vosgesinfo.fr\/remiremontinfo\/#\/schema\/logo\/image\/\",\"url\":\"https:\/\/vosgesinfo.fr\/app\/uploads\/sites\/5\/2023\/08\/favicon-remiremontinfo.png\",\"contentUrl\":\"https:\/\/vosgesinfo.fr\/app\/uploads\/sites\/5\/2023\/08\/favicon-remiremontinfo.png\",\"width\":512,\"height\":512,\"caption\":\"Remiremont Info\"},\"image\":{\"@id\":\"https:\/\/vosgesinfo.fr\/remiremontinfo\/#\/schema\/logo\/image\/\"},\"sameAs\":[\"https:\/\/www.facebook.com\/remiremontinfo\",\"https:\/\/x.com\/VosgesInfo88\",\"https:\/\/www.youtube.com\/@vosgesinfo\"]},{\"@type\":\"Person\",\"@id\":\"https:\/\/vosgesinfo.fr\/remiremontinfo\/#\/schema\/person\/3bfd164d5218a185b1db68655a265316\",\"name\":\"C D\",\"image\":{\"@type\":\"ImageObject\",\"inLanguage\":\"fr-FR\",\"@id\":\"https:\/\/vosgesinfo.fr\/remiremontinfo\/#\/schema\/person\/image\/\",\"url\":\"https:\/\/secure.gravatar.com\/avatar\/1f9a70007336511a47468b8f1c66f922b8b7cf617b02a31149ada43893a5d48f?s=96&d=mm&r=g\",\"contentUrl\":\"https:\/\/secure.gravatar.com\/avatar\/1f9a70007336511a47468b8f1c66f922b8b7cf617b02a31149ada43893a5d48f?s=96&d=mm&r=g\",\"caption\":\"C D\"},\"url\":\"https:\/\/vosgesinfo.fr\/remiremontinfo\/author\/cedric-drevet\/\"}]}<\/script>\n<!-- \/ Yoast SEO plugin. -->","yoast_head_json":{"title":"Vosges : G\u00e9rard Cherpion veut interdire la diffusion d\u2019images des forces de l\u2019ordre - Remiremont Info","robots":{"index":"index","follow":"follow","max-snippet":"max-snippet:-1","max-image-preview":"max-image-preview:large","max-video-preview":"max-video-preview:-1"},"canonical":"https:\/\/vosgesinfo.fr\/remiremontinfo\/2020\/05\/vosges-gerard-cherpion-veut-interdire-diffusion-dimages-forces-de-lordre\/","twitter_card":"summary_large_image","twitter_title":"Vosges : G\u00e9rard Cherpion veut interdire la diffusion d\u2019images des forces de l\u2019ordre - Remiremont Info","twitter_description":"Le d\u00e9put\u00e9 Eric Ciotti a d\u00e9pos\u00e9 le 26 mai dernier une proposition de loi visant \u00e0 sanctionner la diffusion de [&hellip;]","twitter_image":"https:\/\/vosgesinfo.fr\/app\/uploads\/sites\/5\/2024\/09\/202005annotation-2020-05-29-110043.png","twitter_creator":"@VosgesInfo88","twitter_site":"@VosgesInfo88","twitter_misc":{"\u00c9crit par":"C D","Dur\u00e9e de lecture estim\u00e9e":"1 minute"},"schema":{"@context":"https:\/\/schema.org","@graph":[{"@type":"Article","@id":"https:\/\/vosgesinfo.fr\/remiremontinfo\/2020\/05\/vosges-gerard-cherpion-veut-interdire-diffusion-dimages-forces-de-lordre\/#article","isPartOf":{"@id":"https:\/\/vosgesinfo.fr\/remiremontinfo\/2020\/05\/vosges-gerard-cherpion-veut-interdire-diffusion-dimages-forces-de-lordre\/"},"author":{"name":"C D","@id":"https:\/\/vosgesinfo.fr\/remiremontinfo\/#\/schema\/person\/3bfd164d5218a185b1db68655a265316"},"headline":"Vosges : G\u00e9rard Cherpion veut interdire la diffusion d\u2019images des forces de l\u2019ordre","datePublished":"2020-05-29T04:33:32+00:00","dateModified":"2020-05-29T04:33:32+00:00","mainEntityOfPage":{"@id":"https:\/\/vosgesinfo.fr\/remiremontinfo\/2020\/05\/vosges-gerard-cherpion-veut-interdire-diffusion-dimages-forces-de-lordre\/"},"wordCount":269,"commentCount":0,"publisher":{"@id":"https:\/\/vosgesinfo.fr\/remiremontinfo\/#organization"},"image":{"@id":"https:\/\/vosgesinfo.fr\/remiremontinfo\/2020\/05\/vosges-gerard-cherpion-veut-interdire-diffusion-dimages-forces-de-lordre\/#primaryimage"},"thumbnailUrl":"https:\/\/vosgesinfo.fr\/app\/uploads\/sites\/5\/2024\/09\/202005annotation-2020-05-29-110043.png","articleSection":["A la Une","Politique","Vosges"],"inLanguage":"fr-FR","potentialAction":[{"@type":"CommentAction","name":"Comment","target":["https:\/\/vosgesinfo.fr\/remiremontinfo\/2020\/05\/vosges-gerard-cherpion-veut-interdire-diffusion-dimages-forces-de-lordre\/#respond"]}]},{"@type":"WebPage","@id":"https:\/\/vosgesinfo.fr\/remiremontinfo\/2020\/05\/vosges-gerard-cherpion-veut-interdire-diffusion-dimages-forces-de-lordre\/","url":"https:\/\/vosgesinfo.fr\/remiremontinfo\/2020\/05\/vosges-gerard-cherpion-veut-interdire-diffusion-dimages-forces-de-lordre\/","name":"Vosges : G\u00e9rard Cherpion veut interdire la diffusion d\u2019images des forces de l\u2019ordre - Remiremont Info","isPartOf":{"@id":"https:\/\/vosgesinfo.fr\/remiremontinfo\/#website"},"primaryImageOfPage":{"@id":"https:\/\/vosgesinfo.fr\/remiremontinfo\/2020\/05\/vosges-gerard-cherpion-veut-interdire-diffusion-dimages-forces-de-lordre\/#primaryimage"},"image":{"@id":"https:\/\/vosgesinfo.fr\/remiremontinfo\/2020\/05\/vosges-gerard-cherpion-veut-interdire-diffusion-dimages-forces-de-lordre\/#primaryimage"},"thumbnailUrl":"https:\/\/vosgesinfo.fr\/app\/uploads\/sites\/5\/2024\/09\/202005annotation-2020-05-29-110043.png","datePublished":"2020-05-29T04:33:32+00:00","dateModified":"2020-05-29T04:33:32+00:00","breadcrumb":{"@id":"https:\/\/vosgesinfo.fr\/remiremontinfo\/2020\/05\/vosges-gerard-cherpion-veut-interdire-diffusion-dimages-forces-de-lordre\/#breadcrumb"},"inLanguage":"fr-FR","potentialAction":[{"@type":"ReadAction","target":["https:\/\/vosgesinfo.fr\/remiremontinfo\/2020\/05\/vosges-gerard-cherpion-veut-interdire-diffusion-dimages-forces-de-lordre\/"]}]},{"@type":"ImageObject","inLanguage":"fr-FR","@id":"https:\/\/vosgesinfo.fr\/remiremontinfo\/2020\/05\/vosges-gerard-cherpion-veut-interdire-diffusion-dimages-forces-de-lordre\/#primaryimage","url":"https:\/\/vosgesinfo.fr\/app\/uploads\/sites\/5\/2024\/09\/202005annotation-2020-05-29-110043.png","contentUrl":"https:\/\/vosgesinfo.fr\/app\/uploads\/sites\/5\/2024\/09\/202005annotation-2020-05-29-110043.png","width":800,"height":525},{"@type":"BreadcrumbList","@id":"https:\/\/vosgesinfo.fr\/remiremontinfo\/2020\/05\/vosges-gerard-cherpion-veut-interdire-diffusion-dimages-forces-de-lordre\/#breadcrumb","itemListElement":[{"@type":"ListItem","position":1,"name":"Home","item":"https:\/\/vosgesinfo.fr\/remiremontinfo\/"},{"@type":"ListItem","position":2,"name":"Vosges : G\u00e9rard Cherpion veut interdire la diffusion d\u2019images des forces de l\u2019ordre"}]},{"@type":"WebSite","@id":"https:\/\/vosgesinfo.fr\/remiremontinfo\/#website","url":"https:\/\/vosgesinfo.fr\/remiremontinfo\/","name":"Remiremont Info","description":"Toute l&#039;actualit\u00e9 de Remiremont","publisher":{"@id":"https:\/\/vosgesinfo.fr\/remiremontinfo\/#organization"},"alternateName":"Toute l'actualit\u00e9 de Remiremont","potentialAction":[{"@type":"SearchAction","target":{"@type":"EntryPoint","urlTemplate":"https:\/\/vosgesinfo.fr\/remiremontinfo\/?s={search_term_string}"},"query-input":"required name=search_term_string"}],"inLanguage":"fr-FR"},{"@type":"Organization","@id":"https:\/\/vosgesinfo.fr\/remiremontinfo\/#organization","name":"Remiremont Info","url":"https:\/\/vosgesinfo.fr\/remiremontinfo\/","logo":{"@type":"ImageObject","inLanguage":"fr-FR","@id":"https:\/\/vosgesinfo.fr\/remiremontinfo\/#\/schema\/logo\/image\/","url":"https:\/\/vosgesinfo.fr\/app\/uploads\/sites\/5\/2023\/08\/favicon-remiremontinfo.png","contentUrl":"https:\/\/vosgesinfo.fr\/app\/uploads\/sites\/5\/2023\/08\/favicon-remiremontinfo.png","width":512,"height":512,"caption":"Remiremont Info"},"image":{"@id":"https:\/\/vosgesinfo.fr\/remiremontinfo\/#\/schema\/logo\/image\/"},"sameAs":["https:\/\/www.facebook.com\/remiremontinfo","https:\/\/x.com\/VosgesInfo88","https:\/\/www.youtube.com\/@vosgesinfo"]},{"@type":"Person","@id":"https:\/\/vosgesinfo.fr\/remiremontinfo\/#\/schema\/person\/3bfd164d5218a185b1db68655a265316","name":"C D","image":{"@type":"ImageObject","inLanguage":"fr-FR","@id":"https:\/\/vosgesinfo.fr\/remiremontinfo\/#\/schema\/person\/image\/","url":"https:\/\/secure.gravatar.com\/avatar\/1f9a70007336511a47468b8f1c66f922b8b7cf617b02a31149ada43893a5d48f?s=96&d=mm&r=g","contentUrl":"https:\/\/secure.gravatar.com\/avatar\/1f9a70007336511a47468b8f1c66f922b8b7cf617b02a31149ada43893a5d48f?s=96&d=mm&r=g","caption":"C D"},"url":"https:\/\/vosgesinfo.fr\/remiremontinfo\/author\/cedric-drevet\/"}]}},"_links":{"self":[{"href":"https:\/\/vosgesinfo.fr\/remiremontinfo\/wp-json\/wp\/v2\/posts\/27574","targetHints":{"allow":["GET"]}}],"collection":[{"href":"https:\/\/vosgesinfo.fr\/remiremontinfo\/wp-json\/wp\/v2\/posts"}],"about":[{"href":"https:\/\/vosgesinfo.fr\/remiremontinfo\/wp-json\/wp\/v2\/types\/post"}],"author":[{"embeddable":true,"href":"https:\/\/vosgesinfo.fr\/remiremontinfo\/wp-json\/wp\/v2\/users\/407"}],"replies":[{"embeddable":true,"href":"https:\/\/vosgesinfo.fr\/remiremontinfo\/wp-json\/wp\/v2\/comments?post=27574"}],"version-history":[{"count":0,"href":"https:\/\/vosgesinfo.fr\/remiremontinfo\/wp-json\/wp\/v2\/posts\/27574\/revisions"}],"wp:featuredmedia":[{"embeddable":true,"href":"https:\/\/vosgesinfo.fr\/remiremontinfo\/wp-json\/wp\/v2\/media\/27575"}],"wp:attachment":[{"href":"https:\/\/vosgesinfo.fr\/remiremontinfo\/wp-json\/wp\/v2\/media?parent=27574"}],"wp:term":[{"taxonomy":"category","embeddable":true,"href":"https:\/\/vosgesinfo.fr\/remiremontinfo\/wp-json\/wp\/v2\/categories?post=27574"},{"taxonomy":"post_tag","embeddable":true,"href":"https:\/\/vosgesinfo.fr\/remiremontinfo\/wp-json\/wp\/v2\/tags?post=27574"}],"curies":[{"name":"wp","href":"https:\/\/api.w.org\/{rel}","templated":true}]}}