{"id":27581,"date":"2020-05-29T09:50:56","date_gmt":"2020-05-29T07:50:56","guid":{"rendered":"https:\/\/vosgesinfo.fr\/remiremontinfo\/2020\/05\/y-a-15-ans-jour-jour-vosgiens-votaient-non-a-constitution-europeenne\/"},"modified":"2020-05-29T09:50:56","modified_gmt":"2020-05-29T07:50:56","slug":"y-a-15-ans-jour-jour-vosgiens-votaient-non-a-constitution-europeenne","status":"publish","type":"post","link":"https:\/\/vosgesinfo.fr\/remiremontinfo\/2020\/05\/y-a-15-ans-jour-jour-vosgiens-votaient-non-a-constitution-europeenne\/","title":{"rendered":"Il y a 15 ans jour pour jour : les vosgiens votaient \u00ab Non \u00bb \u00e0 la Constitution Europ\u00e9enne"},"content":{"rendered":"<p style=\"text-align: center;\"><a href=\"\/2020\/05\/Annotation-2020-05-29-134224.png\"><img decoding=\"async\" class=\"alignnone size-full wp-image-287729\" src=\"\/2020\/05\/Annotation-2020-05-29-134224.png\" alt=\"Annotation 2020-05-29 134224\" width=\"800\" height=\"528\" \/><\/a><\/p>\n<p><span style=\"font-size: 10pt;\"><em><span style=\"color: #1c1e21;\"><span style=\"font-family: Liberation Serif,serif;\">Carte de Aymolinier \u2022 CC BY-SA 4.0<\/span><\/span><\/em><\/span><\/p>\n<h2><span style=\"font-size: 12pt;\"><strong><span style=\"color: #1c1e21;\"><span style=\"font-family: Liberation Serif,serif;\">Il y a 15 ans jour pour jour, le 29 mai 2005, les \u00e9lecteurs ont r\u00e9pondu par r\u00e9f\u00e9rendum \u00e0 l<\/span><\/span><span style=\"color: #1c1e21;\"><span style=\"font-family: Liberation Serif,serif;\">a question\u00a0: \u00ab Approuvez-vous le projet de loi qui autorise la ratification du trait\u00e9 \u00e9tablissant une Constitution pour l&rsquo;Europe ? \u00bb. <\/span><\/span><span style=\"color: #1c1e21;\"><span style=\"font-family: Liberation Serif,serif;\">Le \u00ab\u00a0Non\u00a0\u00bb l\u2019a emport\u00e9 dans les Vosges \u00e0 59\u00a0%.<\/span><\/span><\/strong><\/span><\/h2>\n<p><span style=\"color: #1c1e21;\"><span style=\"font-family: Liberation Serif,serif;\"><span style=\"font-size: medium;\">A <\/span><\/span><\/span><span style=\"color: #1c1e21;\"><span style=\"font-family: Liberation Serif,serif;\"><span style=\"font-size: medium;\">5<\/span><\/span><\/span><span style=\"color: #1c1e21;\"><span style=\"font-family: Liberation Serif,serif;\"><span style=\"font-size: medium;\">9,02\u00a0%, <\/span><\/span><\/span><span style=\"color: #1c1e21;\"><span style=\"font-family: Liberation Serif,serif;\"><span style=\"font-size: medium;\">plus exactement, soit <\/span><\/span><\/span><span style=\"color: #1c1e21;\"><span style=\"font-family: Liberation Serif,serif;\"><span style=\"font-size: medium;\">115.490 <\/span><\/span><\/span><span style=\"color: #1c1e21;\"><span style=\"font-family: Liberation Serif,serif;\"><span style=\"font-size: medium;\">voix<\/span><\/span><\/span><span style=\"color: #1c1e21;\"><span style=\"font-family: Liberation Serif,serif;\"><span style=\"font-size: medium;\">. <\/span><\/span><\/span><span style=\"color: #1c1e21;\"><span style=\"font-family: Liberation Serif,serif;\"><span style=\"font-size: medium;\">Dans le d\u00e9partement, 80.195 \u00e9lecteurs ont choisi de vot\u00e9 \u00ab\u00a0Oui\u00a0\u00bb, soit 40,98\u00a0%. Ce r\u00e9sultat est arriv\u00e9 apr\u00e8s une longue campagne <\/span><\/span><\/span><span style=\"color: #1c1e21;\"><span style=\"font-family: Liberation Serif,serif;\"><span style=\"font-size: medium;\">et de vifs d\u00e9bats. <\/span><\/span><\/span><span style=\"color: #1c1e21;\"><span style=\"font-family: Liberation Serif,serif;\"><span style=\"font-size: medium;\">Lorsqu<\/span><\/span><\/span><span style=\"color: #1c1e21;\"><span style=\"font-family: Liberation Serif,serif;\"><span style=\"font-size: medium;\">e quelques ann\u00e9es plus tard, en<\/span><\/span><\/span><span style=\"color: #1c1e21;\"><span style=\"font-family: Liberation Serif,serif;\"><span style=\"font-size: medium;\"> 2008, les parlementaires ont accept\u00e9<\/span><\/span><\/span><span style=\"color: #1c1e21;\"><span style=\"font-family: Liberation Serif,serif;\"><span style=\"font-size: medium;\"> la ratification du trait\u00e9 de Lisbonne, <\/span><\/span><\/span><span style=\"color: #1c1e21;\"><span style=\"font-family: Liberation Serif,serif;\"><span style=\"font-size: medium;\">beaucoup ont v\u00e9cu cela comme une trahison de leur vote. Les quatre d\u00e9put\u00e9s vosgiens de l\u2019\u00e9poque (G\u00e9rard Cherpion, Fran\u00e7ois Vannson, Michel Heinrich et Jean-Jacques Gaultier) ont tous vot\u00e9 pour la ratification. Les \u00e9lecteurs ne sont pas rancuniers.<\/span><\/span><\/span><\/p>\n<p><span style=\"color: #1c1e21;\"><span style=\"font-family: Liberation Serif,serif;\"><span style=\"font-size: medium;\">G<\/span><\/span><\/span><span style=\"color: #1c1e21;\"><span style=\"font-family: Liberation Serif,serif;\"><span style=\"font-size: medium;\">\u00e9rard Cherpion, aujourd\u2019hui \u00e9lu de la deuxi\u00e8me circonscription, ne regrette pas son vote, m\u00eame si la situation actuelle n\u2019est plus la m\u00eame. Alors \u00e9lu de la majorit\u00e9, il avait vot\u00e9 le texte. Il est aujourd\u2019hui d\u2019avis qu\u2019il faut revoir certains \u00e9l\u00e9ments concernant l\u2019UE. <\/span><\/span><\/span><span style=\"color: #1c1e21;\"><span style=\"font-family: Liberation Serif,serif;\"><span style=\"font-size: medium;\">Jean Jacques Gaultier, quant \u00e0 lui, aujourd\u2019hui <\/span><\/span><\/span><span style=\"color: #1c1e21;\"><span style=\"font-family: Liberation Serif,serif;\"><span style=\"font-size: medium;\">d\u00e9put\u00e9 de la 4\u00e8me circonscription, <\/span><\/span><\/span><span style=\"color: #1c1e21;\"><span style=\"font-family: Liberation Serif,serif;\"><span style=\"font-size: medium;\">pr\u00e9f\u00e8re \u00e9voquer<\/span><\/span><\/span><span style=\"color: #1c1e21;\"><span style=\"font-family: Liberation Serif,serif;\"><span style=\"font-size: medium;\"><em> \u00ab\u00a0l\u2019importance de la construction europ\u00e9enne\u00a0\u00bb<\/em>\u00a0: <em>\u00ab\u00a0Dans un monde dangereux, en crise sanitaire et \u00e9conomique, avec une volont\u00e9 de puissance de la Chine , un d\u00e9sengagement des USA, nous n\u2019avons pas besoin de moins d\u2019Europe mais d\u2019une Europe plus forte et d\u2019une Europe qui prot\u00e8ge\u00a0\u00bb.<\/em> <\/span><\/span><\/span><\/p>\n<p><span style=\"color: #1c1e21;\"><span style=\"font-family: Liberation Serif,serif;\"><span style=\"font-size: medium;\">U<\/span><\/span><\/span><span style=\"color: #1c1e21;\"><span style=\"font-family: Liberation Serif,serif;\"><span style=\"font-size: medium;\">ne chose est s\u00fbr, <a href=\"https:\/\/remiremontinfo.fr\/2019\/05\/lunion-europeenne-amie\/\"><strong>le d\u00e9bat sur les institutions, la d\u00e9mocratie et l\u2019avenir de l&rsquo;Union Europ\u00e9enne<\/strong><\/a> n\u2019est pas pr\u00eat de se terminer.<\/span><\/span><\/span><\/p>\n<p>&nbsp;<\/p>\n","protected":false},"excerpt":{"rendered":"<p>Carte de Aymolinier \u2022 CC BY-SA 4.0 Il y a 15 ans jour pour jour, le 29 mai 2005, les [&hellip;]<\/p>\n","protected":false},"author":407,"featured_media":27582,"comment_status":"open","ping_status":"open","sticky":false,"template":"","format":"standard","meta":{"footnotes":""},"categories":[26,86,18],"tags":[],"class_list":["post-27581","post","type-post","status-publish","format-standard","has-post-thumbnail","hentry","category-a-la-une","category-histoire","category-vosges"],"acf":[],"yoast_head":"<!-- This site is optimized with the Yoast SEO plugin v22.5 - https:\/\/yoast.com\/wordpress\/plugins\/seo\/ -->\n<title>Il y a 15 ans jour pour jour : les vosgiens votaient \u00ab Non \u00bb \u00e0 la Constitution Europ\u00e9enne - Remiremont Info<\/title>\n<meta name=\"robots\" content=\"index, follow, max-snippet:-1, max-image-preview:large, max-video-preview:-1\" \/>\n<link rel=\"canonical\" href=\"https:\/\/vosgesinfo.fr\/remiremontinfo\/2020\/05\/y-a-15-ans-jour-jour-vosgiens-votaient-non-a-constitution-europeenne\/\" \/>\n<meta name=\"twitter:card\" content=\"summary_large_image\" \/>\n<meta name=\"twitter:title\" content=\"Il y a 15 ans jour pour jour : les vosgiens votaient \u00ab Non \u00bb \u00e0 la Constitution Europ\u00e9enne - Remiremont Info\" \/>\n<meta name=\"twitter:description\" content=\"Carte de Aymolinier \u2022 CC BY-SA 4.0 Il y a 15 ans jour pour jour, le 29 mai 2005, les [&hellip;]\" \/>\n<meta name=\"twitter:image\" content=\"https:\/\/vosgesinfo.fr\/app\/uploads\/sites\/5\/2024\/09\/202005annotation-2020-05-29-134224.png\" \/>\n<meta name=\"twitter:creator\" content=\"@VosgesInfo88\" \/>\n<meta name=\"twitter:site\" content=\"@VosgesInfo88\" \/>\n<meta name=\"twitter:label1\" content=\"\u00c9crit par\" \/>\n\t<meta name=\"twitter:data1\" content=\"C D\" \/>\n\t<meta name=\"twitter:label2\" content=\"Dur\u00e9e de lecture estim\u00e9e\" \/>\n\t<meta name=\"twitter:data2\" content=\"1 minute\" \/>\n<script type=\"application\/ld+json\" class=\"yoast-schema-graph\">{\"@context\":\"https:\/\/schema.org\",\"@graph\":[{\"@type\":\"Article\",\"@id\":\"https:\/\/vosgesinfo.fr\/remiremontinfo\/2020\/05\/y-a-15-ans-jour-jour-vosgiens-votaient-non-a-constitution-europeenne\/#article\",\"isPartOf\":{\"@id\":\"https:\/\/vosgesinfo.fr\/remiremontinfo\/2020\/05\/y-a-15-ans-jour-jour-vosgiens-votaient-non-a-constitution-europeenne\/\"},\"author\":{\"name\":\"C D\",\"@id\":\"https:\/\/vosgesinfo.fr\/remiremontinfo\/#\/schema\/person\/3bfd164d5218a185b1db68655a265316\"},\"headline\":\"Il y a 15 ans jour pour jour : les vosgiens votaient \u00ab Non \u00bb \u00e0 la Constitution Europ\u00e9enne\",\"datePublished\":\"2020-05-29T07:50:56+00:00\",\"dateModified\":\"2020-05-29T07:50:56+00:00\",\"mainEntityOfPage\":{\"@id\":\"https:\/\/vosgesinfo.fr\/remiremontinfo\/2020\/05\/y-a-15-ans-jour-jour-vosgiens-votaient-non-a-constitution-europeenne\/\"},\"wordCount\":312,\"commentCount\":0,\"publisher\":{\"@id\":\"https:\/\/vosgesinfo.fr\/remiremontinfo\/#organization\"},\"image\":{\"@id\":\"https:\/\/vosgesinfo.fr\/remiremontinfo\/2020\/05\/y-a-15-ans-jour-jour-vosgiens-votaient-non-a-constitution-europeenne\/#primaryimage\"},\"thumbnailUrl\":\"https:\/\/vosgesinfo.fr\/app\/uploads\/sites\/5\/2024\/09\/202005annotation-2020-05-29-134224.png\",\"articleSection\":[\"A la Une\",\"Histoire\",\"Vosges\"],\"inLanguage\":\"fr-FR\",\"potentialAction\":[{\"@type\":\"CommentAction\",\"name\":\"Comment\",\"target\":[\"https:\/\/vosgesinfo.fr\/remiremontinfo\/2020\/05\/y-a-15-ans-jour-jour-vosgiens-votaient-non-a-constitution-europeenne\/#respond\"]}]},{\"@type\":\"WebPage\",\"@id\":\"https:\/\/vosgesinfo.fr\/remiremontinfo\/2020\/05\/y-a-15-ans-jour-jour-vosgiens-votaient-non-a-constitution-europeenne\/\",\"url\":\"https:\/\/vosgesinfo.fr\/remiremontinfo\/2020\/05\/y-a-15-ans-jour-jour-vosgiens-votaient-non-a-constitution-europeenne\/\",\"name\":\"Il y a 15 ans jour pour jour : les vosgiens votaient \u00ab Non \u00bb \u00e0 la Constitution Europ\u00e9enne - Remiremont Info\",\"isPartOf\":{\"@id\":\"https:\/\/vosgesinfo.fr\/remiremontinfo\/#website\"},\"primaryImageOfPage\":{\"@id\":\"https:\/\/vosgesinfo.fr\/remiremontinfo\/2020\/05\/y-a-15-ans-jour-jour-vosgiens-votaient-non-a-constitution-europeenne\/#primaryimage\"},\"image\":{\"@id\":\"https:\/\/vosgesinfo.fr\/remiremontinfo\/2020\/05\/y-a-15-ans-jour-jour-vosgiens-votaient-non-a-constitution-europeenne\/#primaryimage\"},\"thumbnailUrl\":\"https:\/\/vosgesinfo.fr\/app\/uploads\/sites\/5\/2024\/09\/202005annotation-2020-05-29-134224.png\",\"datePublished\":\"2020-05-29T07:50:56+00:00\",\"dateModified\":\"2020-05-29T07:50:56+00:00\",\"breadcrumb\":{\"@id\":\"https:\/\/vosgesinfo.fr\/remiremontinfo\/2020\/05\/y-a-15-ans-jour-jour-vosgiens-votaient-non-a-constitution-europeenne\/#breadcrumb\"},\"inLanguage\":\"fr-FR\",\"potentialAction\":[{\"@type\":\"ReadAction\",\"target\":[\"https:\/\/vosgesinfo.fr\/remiremontinfo\/2020\/05\/y-a-15-ans-jour-jour-vosgiens-votaient-non-a-constitution-europeenne\/\"]}]},{\"@type\":\"ImageObject\",\"inLanguage\":\"fr-FR\",\"@id\":\"https:\/\/vosgesinfo.fr\/remiremontinfo\/2020\/05\/y-a-15-ans-jour-jour-vosgiens-votaient-non-a-constitution-europeenne\/#primaryimage\",\"url\":\"https:\/\/vosgesinfo.fr\/app\/uploads\/sites\/5\/2024\/09\/202005annotation-2020-05-29-134224.png\",\"contentUrl\":\"https:\/\/vosgesinfo.fr\/app\/uploads\/sites\/5\/2024\/09\/202005annotation-2020-05-29-134224.png\",\"width\":800,\"height\":528},{\"@type\":\"BreadcrumbList\",\"@id\":\"https:\/\/vosgesinfo.fr\/remiremontinfo\/2020\/05\/y-a-15-ans-jour-jour-vosgiens-votaient-non-a-constitution-europeenne\/#breadcrumb\",\"itemListElement\":[{\"@type\":\"ListItem\",\"position\":1,\"name\":\"Home\",\"item\":\"https:\/\/vosgesinfo.fr\/remiremontinfo\/\"},{\"@type\":\"ListItem\",\"position\":2,\"name\":\"Il y a 15 ans jour pour jour : les vosgiens votaient \u00ab Non \u00bb \u00e0 la Constitution Europ\u00e9enne\"}]},{\"@type\":\"WebSite\",\"@id\":\"https:\/\/vosgesinfo.fr\/remiremontinfo\/#website\",\"url\":\"https:\/\/vosgesinfo.fr\/remiremontinfo\/\",\"name\":\"Remiremont Info\",\"description\":\"Toute l&#039;actualit\u00e9 de Remiremont\",\"publisher\":{\"@id\":\"https:\/\/vosgesinfo.fr\/remiremontinfo\/#organization\"},\"alternateName\":\"Toute l'actualit\u00e9 de Remiremont\",\"potentialAction\":[{\"@type\":\"SearchAction\",\"target\":{\"@type\":\"EntryPoint\",\"urlTemplate\":\"https:\/\/vosgesinfo.fr\/remiremontinfo\/?s={search_term_string}\"},\"query-input\":\"required name=search_term_string\"}],\"inLanguage\":\"fr-FR\"},{\"@type\":\"Organization\",\"@id\":\"https:\/\/vosgesinfo.fr\/remiremontinfo\/#organization\",\"name\":\"Remiremont Info\",\"url\":\"https:\/\/vosgesinfo.fr\/remiremontinfo\/\",\"logo\":{\"@type\":\"ImageObject\",\"inLanguage\":\"fr-FR\",\"@id\":\"https:\/\/vosgesinfo.fr\/remiremontinfo\/#\/schema\/logo\/image\/\",\"url\":\"https:\/\/vosgesinfo.fr\/app\/uploads\/sites\/5\/2023\/08\/favicon-remiremontinfo.png\",\"contentUrl\":\"https:\/\/vosgesinfo.fr\/app\/uploads\/sites\/5\/2023\/08\/favicon-remiremontinfo.png\",\"width\":512,\"height\":512,\"caption\":\"Remiremont Info\"},\"image\":{\"@id\":\"https:\/\/vosgesinfo.fr\/remiremontinfo\/#\/schema\/logo\/image\/\"},\"sameAs\":[\"https:\/\/www.facebook.com\/remiremontinfo\",\"https:\/\/x.com\/VosgesInfo88\",\"https:\/\/www.youtube.com\/@vosgesinfo\"]},{\"@type\":\"Person\",\"@id\":\"https:\/\/vosgesinfo.fr\/remiremontinfo\/#\/schema\/person\/3bfd164d5218a185b1db68655a265316\",\"name\":\"C D\",\"image\":{\"@type\":\"ImageObject\",\"inLanguage\":\"fr-FR\",\"@id\":\"https:\/\/vosgesinfo.fr\/remiremontinfo\/#\/schema\/person\/image\/\",\"url\":\"https:\/\/secure.gravatar.com\/avatar\/1f9a70007336511a47468b8f1c66f922b8b7cf617b02a31149ada43893a5d48f?s=96&d=mm&r=g\",\"contentUrl\":\"https:\/\/secure.gravatar.com\/avatar\/1f9a70007336511a47468b8f1c66f922b8b7cf617b02a31149ada43893a5d48f?s=96&d=mm&r=g\",\"caption\":\"C D\"},\"url\":\"https:\/\/vosgesinfo.fr\/remiremontinfo\/author\/cedric-drevet\/\"}]}<\/script>\n<!-- \/ Yoast SEO plugin. -->","yoast_head_json":{"title":"Il y a 15 ans jour pour jour : les vosgiens votaient \u00ab Non \u00bb \u00e0 la Constitution Europ\u00e9enne - Remiremont Info","robots":{"index":"index","follow":"follow","max-snippet":"max-snippet:-1","max-image-preview":"max-image-preview:large","max-video-preview":"max-video-preview:-1"},"canonical":"https:\/\/vosgesinfo.fr\/remiremontinfo\/2020\/05\/y-a-15-ans-jour-jour-vosgiens-votaient-non-a-constitution-europeenne\/","twitter_card":"summary_large_image","twitter_title":"Il y a 15 ans jour pour jour : les vosgiens votaient \u00ab Non \u00bb \u00e0 la Constitution Europ\u00e9enne - Remiremont Info","twitter_description":"Carte de Aymolinier \u2022 CC BY-SA 4.0 Il y a 15 ans jour pour jour, le 29 mai 2005, les [&hellip;]","twitter_image":"https:\/\/vosgesinfo.fr\/app\/uploads\/sites\/5\/2024\/09\/202005annotation-2020-05-29-134224.png","twitter_creator":"@VosgesInfo88","twitter_site":"@VosgesInfo88","twitter_misc":{"\u00c9crit par":"C D","Dur\u00e9e de lecture estim\u00e9e":"1 minute"},"schema":{"@context":"https:\/\/schema.org","@graph":[{"@type":"Article","@id":"https:\/\/vosgesinfo.fr\/remiremontinfo\/2020\/05\/y-a-15-ans-jour-jour-vosgiens-votaient-non-a-constitution-europeenne\/#article","isPartOf":{"@id":"https:\/\/vosgesinfo.fr\/remiremontinfo\/2020\/05\/y-a-15-ans-jour-jour-vosgiens-votaient-non-a-constitution-europeenne\/"},"author":{"name":"C D","@id":"https:\/\/vosgesinfo.fr\/remiremontinfo\/#\/schema\/person\/3bfd164d5218a185b1db68655a265316"},"headline":"Il y a 15 ans jour pour jour : les vosgiens votaient \u00ab Non \u00bb \u00e0 la Constitution Europ\u00e9enne","datePublished":"2020-05-29T07:50:56+00:00","dateModified":"2020-05-29T07:50:56+00:00","mainEntityOfPage":{"@id":"https:\/\/vosgesinfo.fr\/remiremontinfo\/2020\/05\/y-a-15-ans-jour-jour-vosgiens-votaient-non-a-constitution-europeenne\/"},"wordCount":312,"commentCount":0,"publisher":{"@id":"https:\/\/vosgesinfo.fr\/remiremontinfo\/#organization"},"image":{"@id":"https:\/\/vosgesinfo.fr\/remiremontinfo\/2020\/05\/y-a-15-ans-jour-jour-vosgiens-votaient-non-a-constitution-europeenne\/#primaryimage"},"thumbnailUrl":"https:\/\/vosgesinfo.fr\/app\/uploads\/sites\/5\/2024\/09\/202005annotation-2020-05-29-134224.png","articleSection":["A la Une","Histoire","Vosges"],"inLanguage":"fr-FR","potentialAction":[{"@type":"CommentAction","name":"Comment","target":["https:\/\/vosgesinfo.fr\/remiremontinfo\/2020\/05\/y-a-15-ans-jour-jour-vosgiens-votaient-non-a-constitution-europeenne\/#respond"]}]},{"@type":"WebPage","@id":"https:\/\/vosgesinfo.fr\/remiremontinfo\/2020\/05\/y-a-15-ans-jour-jour-vosgiens-votaient-non-a-constitution-europeenne\/","url":"https:\/\/vosgesinfo.fr\/remiremontinfo\/2020\/05\/y-a-15-ans-jour-jour-vosgiens-votaient-non-a-constitution-europeenne\/","name":"Il y a 15 ans jour pour jour : les vosgiens votaient \u00ab Non \u00bb \u00e0 la Constitution Europ\u00e9enne - Remiremont Info","isPartOf":{"@id":"https:\/\/vosgesinfo.fr\/remiremontinfo\/#website"},"primaryImageOfPage":{"@id":"https:\/\/vosgesinfo.fr\/remiremontinfo\/2020\/05\/y-a-15-ans-jour-jour-vosgiens-votaient-non-a-constitution-europeenne\/#primaryimage"},"image":{"@id":"https:\/\/vosgesinfo.fr\/remiremontinfo\/2020\/05\/y-a-15-ans-jour-jour-vosgiens-votaient-non-a-constitution-europeenne\/#primaryimage"},"thumbnailUrl":"https:\/\/vosgesinfo.fr\/app\/uploads\/sites\/5\/2024\/09\/202005annotation-2020-05-29-134224.png","datePublished":"2020-05-29T07:50:56+00:00","dateModified":"2020-05-29T07:50:56+00:00","breadcrumb":{"@id":"https:\/\/vosgesinfo.fr\/remiremontinfo\/2020\/05\/y-a-15-ans-jour-jour-vosgiens-votaient-non-a-constitution-europeenne\/#breadcrumb"},"inLanguage":"fr-FR","potentialAction":[{"@type":"ReadAction","target":["https:\/\/vosgesinfo.fr\/remiremontinfo\/2020\/05\/y-a-15-ans-jour-jour-vosgiens-votaient-non-a-constitution-europeenne\/"]}]},{"@type":"ImageObject","inLanguage":"fr-FR","@id":"https:\/\/vosgesinfo.fr\/remiremontinfo\/2020\/05\/y-a-15-ans-jour-jour-vosgiens-votaient-non-a-constitution-europeenne\/#primaryimage","url":"https:\/\/vosgesinfo.fr\/app\/uploads\/sites\/5\/2024\/09\/202005annotation-2020-05-29-134224.png","contentUrl":"https:\/\/vosgesinfo.fr\/app\/uploads\/sites\/5\/2024\/09\/202005annotation-2020-05-29-134224.png","width":800,"height":528},{"@type":"BreadcrumbList","@id":"https:\/\/vosgesinfo.fr\/remiremontinfo\/2020\/05\/y-a-15-ans-jour-jour-vosgiens-votaient-non-a-constitution-europeenne\/#breadcrumb","itemListElement":[{"@type":"ListItem","position":1,"name":"Home","item":"https:\/\/vosgesinfo.fr\/remiremontinfo\/"},{"@type":"ListItem","position":2,"name":"Il y a 15 ans jour pour jour : les vosgiens votaient \u00ab Non \u00bb \u00e0 la Constitution Europ\u00e9enne"}]},{"@type":"WebSite","@id":"https:\/\/vosgesinfo.fr\/remiremontinfo\/#website","url":"https:\/\/vosgesinfo.fr\/remiremontinfo\/","name":"Remiremont Info","description":"Toute l&#039;actualit\u00e9 de Remiremont","publisher":{"@id":"https:\/\/vosgesinfo.fr\/remiremontinfo\/#organization"},"alternateName":"Toute l'actualit\u00e9 de Remiremont","potentialAction":[{"@type":"SearchAction","target":{"@type":"EntryPoint","urlTemplate":"https:\/\/vosgesinfo.fr\/remiremontinfo\/?s={search_term_string}"},"query-input":"required name=search_term_string"}],"inLanguage":"fr-FR"},{"@type":"Organization","@id":"https:\/\/vosgesinfo.fr\/remiremontinfo\/#organization","name":"Remiremont Info","url":"https:\/\/vosgesinfo.fr\/remiremontinfo\/","logo":{"@type":"ImageObject","inLanguage":"fr-FR","@id":"https:\/\/vosgesinfo.fr\/remiremontinfo\/#\/schema\/logo\/image\/","url":"https:\/\/vosgesinfo.fr\/app\/uploads\/sites\/5\/2023\/08\/favicon-remiremontinfo.png","contentUrl":"https:\/\/vosgesinfo.fr\/app\/uploads\/sites\/5\/2023\/08\/favicon-remiremontinfo.png","width":512,"height":512,"caption":"Remiremont Info"},"image":{"@id":"https:\/\/vosgesinfo.fr\/remiremontinfo\/#\/schema\/logo\/image\/"},"sameAs":["https:\/\/www.facebook.com\/remiremontinfo","https:\/\/x.com\/VosgesInfo88","https:\/\/www.youtube.com\/@vosgesinfo"]},{"@type":"Person","@id":"https:\/\/vosgesinfo.fr\/remiremontinfo\/#\/schema\/person\/3bfd164d5218a185b1db68655a265316","name":"C D","image":{"@type":"ImageObject","inLanguage":"fr-FR","@id":"https:\/\/vosgesinfo.fr\/remiremontinfo\/#\/schema\/person\/image\/","url":"https:\/\/secure.gravatar.com\/avatar\/1f9a70007336511a47468b8f1c66f922b8b7cf617b02a31149ada43893a5d48f?s=96&d=mm&r=g","contentUrl":"https:\/\/secure.gravatar.com\/avatar\/1f9a70007336511a47468b8f1c66f922b8b7cf617b02a31149ada43893a5d48f?s=96&d=mm&r=g","caption":"C D"},"url":"https:\/\/vosgesinfo.fr\/remiremontinfo\/author\/cedric-drevet\/"}]}},"_links":{"self":[{"href":"https:\/\/vosgesinfo.fr\/remiremontinfo\/wp-json\/wp\/v2\/posts\/27581","targetHints":{"allow":["GET"]}}],"collection":[{"href":"https:\/\/vosgesinfo.fr\/remiremontinfo\/wp-json\/wp\/v2\/posts"}],"about":[{"href":"https:\/\/vosgesinfo.fr\/remiremontinfo\/wp-json\/wp\/v2\/types\/post"}],"author":[{"embeddable":true,"href":"https:\/\/vosgesinfo.fr\/remiremontinfo\/wp-json\/wp\/v2\/users\/407"}],"replies":[{"embeddable":true,"href":"https:\/\/vosgesinfo.fr\/remiremontinfo\/wp-json\/wp\/v2\/comments?post=27581"}],"version-history":[{"count":0,"href":"https:\/\/vosgesinfo.fr\/remiremontinfo\/wp-json\/wp\/v2\/posts\/27581\/revisions"}],"wp:featuredmedia":[{"embeddable":true,"href":"https:\/\/vosgesinfo.fr\/remiremontinfo\/wp-json\/wp\/v2\/media\/27582"}],"wp:attachment":[{"href":"https:\/\/vosgesinfo.fr\/remiremontinfo\/wp-json\/wp\/v2\/media?parent=27581"}],"wp:term":[{"taxonomy":"category","embeddable":true,"href":"https:\/\/vosgesinfo.fr\/remiremontinfo\/wp-json\/wp\/v2\/categories?post=27581"},{"taxonomy":"post_tag","embeddable":true,"href":"https:\/\/vosgesinfo.fr\/remiremontinfo\/wp-json\/wp\/v2\/tags?post=27581"}],"curies":[{"name":"wp","href":"https:\/\/api.w.org\/{rel}","templated":true}]}}