{"id":27600,"date":"2020-05-30T03:51:12","date_gmt":"2020-05-30T01:51:12","guid":{"rendered":"https:\/\/vosgesinfo.fr\/remiremontinfo\/2020\/05\/saulxures-moselotte-deces-de-monsieur-marcel-noel\/"},"modified":"2020-05-30T03:51:12","modified_gmt":"2020-05-30T01:51:12","slug":"saulxures-moselotte-deces-de-monsieur-marcel-noel","status":"publish","type":"post","link":"https:\/\/vosgesinfo.fr\/remiremontinfo\/2020\/05\/saulxures-moselotte-deces-de-monsieur-marcel-noel\/","title":{"rendered":"Saulxures-sur-Moselotte : D\u00e9c\u00e8s de Monsieur Marcel Noel"},"content":{"rendered":"<div class=\"row\">\n<div class=\"col-xs-12 col-sm-12r\">\n<div class=\"text-up\">\n<p>SAULXURES SUR MOSELOTTE<\/p>\n<p>EPINAL &#8211; VAGNEY &#8211; BESANCON<\/p>\n<p>Annie et Serge TOMIO,<\/p>\n<p>Colette et Jacques TISSERAND,<\/p>\n<p>Nadine et Michel CURIEN,<\/p>\n<p>Ses filles et ses gendres ;<\/p>\n<p>Ses petits-enfants et arri\u00e8re-petits-enfants ;<\/p>\n<p>Ses s\u0153urs et belles-s\u0153urs ;<\/p>\n<p>Toute la parent\u00e9 et les amis<\/p>\n<p>Ont la tristesse de vous faire part du d\u00e9c\u00e8s de<\/p>\n<\/div>\n<h3 class=\"info-card-title\"><span class=\"title uppercase\"> Monsieur Marcel NOEL <\/span><\/h3>\n<\/div>\n<\/div>\n<div class=\"message\">\n<p>Survenu le 28 mai 2020, \u00e0 six jours de ses 99 ans.<\/p>\n<p><strong>Marcel repose \u00e0 la maison fun\u00e9raire Mangel \u00e0 Cornimont,<\/strong><\/p>\n<p><strong>O\u00f9 la famille re\u00e7oit de 10h \u00e0 12h et de 15h \u00e0 18h,<\/strong><\/p>\n<p><strong>Dans le respect des consignes sanitaires.<\/strong><\/p>\n<p>La c\u00e9r\u00e9monie religieuse sera c\u00e9l\u00e9br\u00e9e samedi 30 mai 2020 \u00e0 14 h 30,<\/p>\n<p>en l\u2019\u00e9glise de Saulxures sur Moselotte.<\/p>\n<p>Distanciation physique et masque obligatoire.<\/p>\n<p>La famille remercie le personnel de l\u2019EHPAD de Saulxures<\/p>\n<p>pour sa gentillesse et son d\u00e9vouement.<\/p>\n<p>Cet avis tient lieu de faire-part et de remerciements.<\/p>\n<p>Pas de plaques.<\/p>\n<\/div>\n","protected":false},"excerpt":{"rendered":"<p>SAULXURES SUR MOSELOTTE EPINAL &#8211; VAGNEY &#8211; BESANCON Annie et Serge TOMIO, Colette et Jacques TISSERAND, Nadine et Michel CURIEN, [&hellip;]<\/p>\n","protected":false},"author":407,"featured_media":0,"comment_status":"open","ping_status":"open","sticky":false,"template":"","format":"standard","meta":{"footnotes":""},"categories":[162],"tags":[],"class_list":["post-27600","post","type-post","status-publish","format-standard","hentry","category-avis-de-deces"],"acf":[],"yoast_head":"<!-- This site is optimized with the Yoast SEO plugin v22.5 - https:\/\/yoast.com\/wordpress\/plugins\/seo\/ -->\n<title>Saulxures-sur-Moselotte : D\u00e9c\u00e8s de Monsieur Marcel Noel - Remiremont Info<\/title>\n<meta name=\"robots\" content=\"index, follow, max-snippet:-1, max-image-preview:large, max-video-preview:-1\" \/>\n<link rel=\"canonical\" href=\"https:\/\/vosgesinfo.fr\/remiremontinfo\/2020\/05\/saulxures-moselotte-deces-de-monsieur-marcel-noel\/\" \/>\n<meta name=\"twitter:card\" content=\"summary_large_image\" \/>\n<meta name=\"twitter:title\" content=\"Saulxures-sur-Moselotte : D\u00e9c\u00e8s de Monsieur Marcel Noel - Remiremont Info\" \/>\n<meta name=\"twitter:description\" content=\"SAULXURES SUR MOSELOTTE EPINAL &#8211; VAGNEY &#8211; BESANCON Annie et Serge TOMIO, Colette et Jacques TISSERAND, Nadine et Michel CURIEN, [&hellip;]\" \/>\n<meta name=\"twitter:creator\" content=\"@VosgesInfo88\" \/>\n<meta name=\"twitter:site\" content=\"@VosgesInfo88\" \/>\n<meta name=\"twitter:label1\" content=\"\u00c9crit par\" \/>\n\t<meta name=\"twitter:data1\" content=\"C D\" \/>\n\t<meta name=\"twitter:label2\" content=\"Dur\u00e9e de lecture estim\u00e9e\" \/>\n\t<meta name=\"twitter:data2\" content=\"1 minute\" \/>\n<script type=\"application\/ld+json\" class=\"yoast-schema-graph\">{\"@context\":\"https:\/\/schema.org\",\"@graph\":[{\"@type\":\"Article\",\"@id\":\"https:\/\/vosgesinfo.fr\/remiremontinfo\/2020\/05\/saulxures-moselotte-deces-de-monsieur-marcel-noel\/#article\",\"isPartOf\":{\"@id\":\"https:\/\/vosgesinfo.fr\/remiremontinfo\/2020\/05\/saulxures-moselotte-deces-de-monsieur-marcel-noel\/\"},\"author\":{\"name\":\"C D\",\"@id\":\"https:\/\/vosgesinfo.fr\/remiremontinfo\/#\/schema\/person\/3bfd164d5218a185b1db68655a265316\"},\"headline\":\"Saulxures-sur-Moselotte : D\u00e9c\u00e8s de Monsieur Marcel Noel\",\"datePublished\":\"2020-05-30T01:51:12+00:00\",\"dateModified\":\"2020-05-30T01:51:12+00:00\",\"mainEntityOfPage\":{\"@id\":\"https:\/\/vosgesinfo.fr\/remiremontinfo\/2020\/05\/saulxures-moselotte-deces-de-monsieur-marcel-noel\/\"},\"wordCount\":153,\"commentCount\":0,\"publisher\":{\"@id\":\"https:\/\/vosgesinfo.fr\/remiremontinfo\/#organization\"},\"articleSection\":[\"Avis de d\u00e9c\u00e8s\"],\"inLanguage\":\"fr-FR\",\"potentialAction\":[{\"@type\":\"CommentAction\",\"name\":\"Comment\",\"target\":[\"https:\/\/vosgesinfo.fr\/remiremontinfo\/2020\/05\/saulxures-moselotte-deces-de-monsieur-marcel-noel\/#respond\"]}]},{\"@type\":\"WebPage\",\"@id\":\"https:\/\/vosgesinfo.fr\/remiremontinfo\/2020\/05\/saulxures-moselotte-deces-de-monsieur-marcel-noel\/\",\"url\":\"https:\/\/vosgesinfo.fr\/remiremontinfo\/2020\/05\/saulxures-moselotte-deces-de-monsieur-marcel-noel\/\",\"name\":\"Saulxures-sur-Moselotte : D\u00e9c\u00e8s de Monsieur Marcel Noel - Remiremont Info\",\"isPartOf\":{\"@id\":\"https:\/\/vosgesinfo.fr\/remiremontinfo\/#website\"},\"datePublished\":\"2020-05-30T01:51:12+00:00\",\"dateModified\":\"2020-05-30T01:51:12+00:00\",\"breadcrumb\":{\"@id\":\"https:\/\/vosgesinfo.fr\/remiremontinfo\/2020\/05\/saulxures-moselotte-deces-de-monsieur-marcel-noel\/#breadcrumb\"},\"inLanguage\":\"fr-FR\",\"potentialAction\":[{\"@type\":\"ReadAction\",\"target\":[\"https:\/\/vosgesinfo.fr\/remiremontinfo\/2020\/05\/saulxures-moselotte-deces-de-monsieur-marcel-noel\/\"]}]},{\"@type\":\"BreadcrumbList\",\"@id\":\"https:\/\/vosgesinfo.fr\/remiremontinfo\/2020\/05\/saulxures-moselotte-deces-de-monsieur-marcel-noel\/#breadcrumb\",\"itemListElement\":[{\"@type\":\"ListItem\",\"position\":1,\"name\":\"Home\",\"item\":\"https:\/\/vosgesinfo.fr\/remiremontinfo\/\"},{\"@type\":\"ListItem\",\"position\":2,\"name\":\"Saulxures-sur-Moselotte : D\u00e9c\u00e8s de Monsieur Marcel Noel\"}]},{\"@type\":\"WebSite\",\"@id\":\"https:\/\/vosgesinfo.fr\/remiremontinfo\/#website\",\"url\":\"https:\/\/vosgesinfo.fr\/remiremontinfo\/\",\"name\":\"Remiremont Info\",\"description\":\"Toute l&#039;actualit\u00e9 de Remiremont\",\"publisher\":{\"@id\":\"https:\/\/vosgesinfo.fr\/remiremontinfo\/#organization\"},\"alternateName\":\"Toute l'actualit\u00e9 de Remiremont\",\"potentialAction\":[{\"@type\":\"SearchAction\",\"target\":{\"@type\":\"EntryPoint\",\"urlTemplate\":\"https:\/\/vosgesinfo.fr\/remiremontinfo\/?s={search_term_string}\"},\"query-input\":\"required name=search_term_string\"}],\"inLanguage\":\"fr-FR\"},{\"@type\":\"Organization\",\"@id\":\"https:\/\/vosgesinfo.fr\/remiremontinfo\/#organization\",\"name\":\"Remiremont Info\",\"url\":\"https:\/\/vosgesinfo.fr\/remiremontinfo\/\",\"logo\":{\"@type\":\"ImageObject\",\"inLanguage\":\"fr-FR\",\"@id\":\"https:\/\/vosgesinfo.fr\/remiremontinfo\/#\/schema\/logo\/image\/\",\"url\":\"https:\/\/vosgesinfo.fr\/app\/uploads\/sites\/5\/2023\/08\/favicon-remiremontinfo.png\",\"contentUrl\":\"https:\/\/vosgesinfo.fr\/app\/uploads\/sites\/5\/2023\/08\/favicon-remiremontinfo.png\",\"width\":512,\"height\":512,\"caption\":\"Remiremont Info\"},\"image\":{\"@id\":\"https:\/\/vosgesinfo.fr\/remiremontinfo\/#\/schema\/logo\/image\/\"},\"sameAs\":[\"https:\/\/www.facebook.com\/remiremontinfo\",\"https:\/\/x.com\/VosgesInfo88\",\"https:\/\/www.youtube.com\/@vosgesinfo\"]},{\"@type\":\"Person\",\"@id\":\"https:\/\/vosgesinfo.fr\/remiremontinfo\/#\/schema\/person\/3bfd164d5218a185b1db68655a265316\",\"name\":\"C D\",\"image\":{\"@type\":\"ImageObject\",\"inLanguage\":\"fr-FR\",\"@id\":\"https:\/\/vosgesinfo.fr\/remiremontinfo\/#\/schema\/person\/image\/\",\"url\":\"https:\/\/secure.gravatar.com\/avatar\/1f9a70007336511a47468b8f1c66f922b8b7cf617b02a31149ada43893a5d48f?s=96&d=mm&r=g\",\"contentUrl\":\"https:\/\/secure.gravatar.com\/avatar\/1f9a70007336511a47468b8f1c66f922b8b7cf617b02a31149ada43893a5d48f?s=96&d=mm&r=g\",\"caption\":\"C D\"},\"url\":\"https:\/\/vosgesinfo.fr\/remiremontinfo\/author\/cedric-drevet\/\"}]}<\/script>\n<!-- \/ Yoast SEO plugin. -->","yoast_head_json":{"title":"Saulxures-sur-Moselotte : D\u00e9c\u00e8s de Monsieur Marcel Noel - Remiremont Info","robots":{"index":"index","follow":"follow","max-snippet":"max-snippet:-1","max-image-preview":"max-image-preview:large","max-video-preview":"max-video-preview:-1"},"canonical":"https:\/\/vosgesinfo.fr\/remiremontinfo\/2020\/05\/saulxures-moselotte-deces-de-monsieur-marcel-noel\/","twitter_card":"summary_large_image","twitter_title":"Saulxures-sur-Moselotte : D\u00e9c\u00e8s de Monsieur Marcel Noel - Remiremont Info","twitter_description":"SAULXURES SUR MOSELOTTE EPINAL &#8211; VAGNEY &#8211; BESANCON Annie et Serge TOMIO, Colette et Jacques TISSERAND, Nadine et Michel CURIEN, [&hellip;]","twitter_creator":"@VosgesInfo88","twitter_site":"@VosgesInfo88","twitter_misc":{"\u00c9crit par":"C D","Dur\u00e9e de lecture estim\u00e9e":"1 minute"},"schema":{"@context":"https:\/\/schema.org","@graph":[{"@type":"Article","@id":"https:\/\/vosgesinfo.fr\/remiremontinfo\/2020\/05\/saulxures-moselotte-deces-de-monsieur-marcel-noel\/#article","isPartOf":{"@id":"https:\/\/vosgesinfo.fr\/remiremontinfo\/2020\/05\/saulxures-moselotte-deces-de-monsieur-marcel-noel\/"},"author":{"name":"C D","@id":"https:\/\/vosgesinfo.fr\/remiremontinfo\/#\/schema\/person\/3bfd164d5218a185b1db68655a265316"},"headline":"Saulxures-sur-Moselotte : D\u00e9c\u00e8s de Monsieur Marcel Noel","datePublished":"2020-05-30T01:51:12+00:00","dateModified":"2020-05-30T01:51:12+00:00","mainEntityOfPage":{"@id":"https:\/\/vosgesinfo.fr\/remiremontinfo\/2020\/05\/saulxures-moselotte-deces-de-monsieur-marcel-noel\/"},"wordCount":153,"commentCount":0,"publisher":{"@id":"https:\/\/vosgesinfo.fr\/remiremontinfo\/#organization"},"articleSection":["Avis de d\u00e9c\u00e8s"],"inLanguage":"fr-FR","potentialAction":[{"@type":"CommentAction","name":"Comment","target":["https:\/\/vosgesinfo.fr\/remiremontinfo\/2020\/05\/saulxures-moselotte-deces-de-monsieur-marcel-noel\/#respond"]}]},{"@type":"WebPage","@id":"https:\/\/vosgesinfo.fr\/remiremontinfo\/2020\/05\/saulxures-moselotte-deces-de-monsieur-marcel-noel\/","url":"https:\/\/vosgesinfo.fr\/remiremontinfo\/2020\/05\/saulxures-moselotte-deces-de-monsieur-marcel-noel\/","name":"Saulxures-sur-Moselotte : D\u00e9c\u00e8s de Monsieur Marcel Noel - Remiremont Info","isPartOf":{"@id":"https:\/\/vosgesinfo.fr\/remiremontinfo\/#website"},"datePublished":"2020-05-30T01:51:12+00:00","dateModified":"2020-05-30T01:51:12+00:00","breadcrumb":{"@id":"https:\/\/vosgesinfo.fr\/remiremontinfo\/2020\/05\/saulxures-moselotte-deces-de-monsieur-marcel-noel\/#breadcrumb"},"inLanguage":"fr-FR","potentialAction":[{"@type":"ReadAction","target":["https:\/\/vosgesinfo.fr\/remiremontinfo\/2020\/05\/saulxures-moselotte-deces-de-monsieur-marcel-noel\/"]}]},{"@type":"BreadcrumbList","@id":"https:\/\/vosgesinfo.fr\/remiremontinfo\/2020\/05\/saulxures-moselotte-deces-de-monsieur-marcel-noel\/#breadcrumb","itemListElement":[{"@type":"ListItem","position":1,"name":"Home","item":"https:\/\/vosgesinfo.fr\/remiremontinfo\/"},{"@type":"ListItem","position":2,"name":"Saulxures-sur-Moselotte : D\u00e9c\u00e8s de Monsieur Marcel Noel"}]},{"@type":"WebSite","@id":"https:\/\/vosgesinfo.fr\/remiremontinfo\/#website","url":"https:\/\/vosgesinfo.fr\/remiremontinfo\/","name":"Remiremont Info","description":"Toute l&#039;actualit\u00e9 de Remiremont","publisher":{"@id":"https:\/\/vosgesinfo.fr\/remiremontinfo\/#organization"},"alternateName":"Toute l'actualit\u00e9 de Remiremont","potentialAction":[{"@type":"SearchAction","target":{"@type":"EntryPoint","urlTemplate":"https:\/\/vosgesinfo.fr\/remiremontinfo\/?s={search_term_string}"},"query-input":"required name=search_term_string"}],"inLanguage":"fr-FR"},{"@type":"Organization","@id":"https:\/\/vosgesinfo.fr\/remiremontinfo\/#organization","name":"Remiremont Info","url":"https:\/\/vosgesinfo.fr\/remiremontinfo\/","logo":{"@type":"ImageObject","inLanguage":"fr-FR","@id":"https:\/\/vosgesinfo.fr\/remiremontinfo\/#\/schema\/logo\/image\/","url":"https:\/\/vosgesinfo.fr\/app\/uploads\/sites\/5\/2023\/08\/favicon-remiremontinfo.png","contentUrl":"https:\/\/vosgesinfo.fr\/app\/uploads\/sites\/5\/2023\/08\/favicon-remiremontinfo.png","width":512,"height":512,"caption":"Remiremont Info"},"image":{"@id":"https:\/\/vosgesinfo.fr\/remiremontinfo\/#\/schema\/logo\/image\/"},"sameAs":["https:\/\/www.facebook.com\/remiremontinfo","https:\/\/x.com\/VosgesInfo88","https:\/\/www.youtube.com\/@vosgesinfo"]},{"@type":"Person","@id":"https:\/\/vosgesinfo.fr\/remiremontinfo\/#\/schema\/person\/3bfd164d5218a185b1db68655a265316","name":"C D","image":{"@type":"ImageObject","inLanguage":"fr-FR","@id":"https:\/\/vosgesinfo.fr\/remiremontinfo\/#\/schema\/person\/image\/","url":"https:\/\/secure.gravatar.com\/avatar\/1f9a70007336511a47468b8f1c66f922b8b7cf617b02a31149ada43893a5d48f?s=96&d=mm&r=g","contentUrl":"https:\/\/secure.gravatar.com\/avatar\/1f9a70007336511a47468b8f1c66f922b8b7cf617b02a31149ada43893a5d48f?s=96&d=mm&r=g","caption":"C D"},"url":"https:\/\/vosgesinfo.fr\/remiremontinfo\/author\/cedric-drevet\/"}]}},"_links":{"self":[{"href":"https:\/\/vosgesinfo.fr\/remiremontinfo\/wp-json\/wp\/v2\/posts\/27600","targetHints":{"allow":["GET"]}}],"collection":[{"href":"https:\/\/vosgesinfo.fr\/remiremontinfo\/wp-json\/wp\/v2\/posts"}],"about":[{"href":"https:\/\/vosgesinfo.fr\/remiremontinfo\/wp-json\/wp\/v2\/types\/post"}],"author":[{"embeddable":true,"href":"https:\/\/vosgesinfo.fr\/remiremontinfo\/wp-json\/wp\/v2\/users\/407"}],"replies":[{"embeddable":true,"href":"https:\/\/vosgesinfo.fr\/remiremontinfo\/wp-json\/wp\/v2\/comments?post=27600"}],"version-history":[{"count":0,"href":"https:\/\/vosgesinfo.fr\/remiremontinfo\/wp-json\/wp\/v2\/posts\/27600\/revisions"}],"wp:attachment":[{"href":"https:\/\/vosgesinfo.fr\/remiremontinfo\/wp-json\/wp\/v2\/media?parent=27600"}],"wp:term":[{"taxonomy":"category","embeddable":true,"href":"https:\/\/vosgesinfo.fr\/remiremontinfo\/wp-json\/wp\/v2\/categories?post=27600"},{"taxonomy":"post_tag","embeddable":true,"href":"https:\/\/vosgesinfo.fr\/remiremontinfo\/wp-json\/wp\/v2\/tags?post=27600"}],"curies":[{"name":"wp","href":"https:\/\/api.w.org\/{rel}","templated":true}]}}