{"id":2769,"date":"2023-11-16T14:00:45","date_gmt":"2023-11-16T13:00:45","guid":{"rendered":"https:\/\/vosgesinfo.fr\/remiremontinfo\/2023\/11\/vagney-une-soiree-pour-partir-a-la-decouverte-des-creatures-legendaires-aquatiques-des-vosges\/"},"modified":"2023-11-16T14:00:45","modified_gmt":"2023-11-16T13:00:45","slug":"vagney-une-soiree-pour-partir-a-la-decouverte-des-creatures-legendaires-aquatiques-des-vosges","status":"publish","type":"post","link":"https:\/\/vosgesinfo.fr\/remiremontinfo\/2023\/11\/vagney-une-soiree-pour-partir-a-la-decouverte-des-creatures-legendaires-aquatiques-des-vosges\/","title":{"rendered":"Vagney &#8211; Une soir\u00e9e pour partir \u00e0 la d\u00e9couverte des cr\u00e9atures l\u00e9gendaires aquatiques des Vosges"},"content":{"rendered":"<h2><span style=\"font-size: 14pt;\">Le monde aquatique, c\u2019est un tout autre univers ! Et parmi les algues et les poissons, de nombreuses cr\u00e9atures fantastiques hantent les lacs et les rivi\u00e8res de nos r\u00e9gions. Ce sera l\u2019occasion pour Jean-Micha\u00ebl Choserot, pr\u00e9sident de BERIAN &#8211; Association Naturaliste et Historienne &#8211; de revenir sur ces \u00eatres parfois m\u00e9connus, entre vouivres, nymphes, brochets g\u00e9ants mangeurs d\u2019Hommes et bien d\u2019autres encore\u2026<\/span><\/h2>\n<p><a href=\"https:\/\/remiremontinfo.fr\/wp-content\/uploads\/2023\/11\/Conf\u00e9rence-Berian.png\"><img decoding=\"async\" class=\"size-large wp-image-379695 aligncenter\" src=\"https:\/\/vosgesinfo.fr\/app\/uploads\/sites\/5\/2023\/11\/conference-berian.png\" alt=\"Conf\u00e9rence Berian\" width=\"724\" height=\"1024\" \/><\/a><br \/>\nVendredi 24 novembre \u00e0 20h00<br \/>\nM\u00e9diath\u00e8que Intercommunale des Hautes Vosges<br \/>\nPlace de la lib\u00e9ration<br \/>\n88120 VAGNEY<br \/>\nEntr\u00e9e libre, tout public<\/p>\n<p>Facebook :\u00a0<a href=\"https:\/\/fb.me\/e\/19NHXU0sZ\">https:\/\/fb.me\/e\/19NHXU0sZ<\/a><\/p>\n","protected":false},"excerpt":{"rendered":"<p>Le monde aquatique, c\u2019est un tout autre univers ! Et parmi les algues et les poissons, de nombreuses cr\u00e9atures fantastiques [&hellip;]<\/p>\n","protected":false},"author":414,"featured_media":2768,"comment_status":"open","ping_status":"open","sticky":false,"template":"","format":"standard","meta":{"footnotes":""},"categories":[26,25,36],"tags":[439,440,441,160,32],"class_list":["post-2769","post","type-post","status-publish","format-standard","has-post-thumbnail","hentry","category-a-la-une","category-la-bresse-son-canton","category-vagney","tag-berian","tag-legende","tag-mythe","tag-vagney","tag-vosges"],"acf":[],"yoast_head":"<!-- This site is optimized with the Yoast SEO plugin v22.5 - https:\/\/yoast.com\/wordpress\/plugins\/seo\/ -->\n<title>Vagney - Une soir\u00e9e pour partir \u00e0 la d\u00e9couverte des cr\u00e9atures l\u00e9gendaires aquatiques des Vosges - Remiremont Info<\/title>\n<meta name=\"robots\" content=\"index, follow, max-snippet:-1, max-image-preview:large, max-video-preview:-1\" \/>\n<link rel=\"canonical\" href=\"https:\/\/vosgesinfo.fr\/remiremontinfo\/2023\/11\/vagney-une-soiree-pour-partir-a-la-decouverte-des-creatures-legendaires-aquatiques-des-vosges\/\" \/>\n<meta name=\"twitter:card\" content=\"summary_large_image\" \/>\n<meta name=\"twitter:title\" content=\"Vagney - Une soir\u00e9e pour partir \u00e0 la d\u00e9couverte des cr\u00e9atures l\u00e9gendaires aquatiques des Vosges - Remiremont Info\" \/>\n<meta name=\"twitter:description\" content=\"Le monde aquatique, c\u2019est un tout autre univers ! Et parmi les algues et les poissons, de nombreuses cr\u00e9atures fantastiques [&hellip;]\" \/>\n<meta name=\"twitter:image\" content=\"https:\/\/vosgesinfo.fr\/app\/uploads\/sites\/5\/2023\/11\/conference-berian.png\" \/>\n<meta name=\"twitter:creator\" content=\"@VosgesInfo88\" \/>\n<meta name=\"twitter:site\" content=\"@VosgesInfo88\" \/>\n<meta name=\"twitter:label1\" content=\"\u00c9crit par\" \/>\n\t<meta name=\"twitter:data1\" content=\"Julien Chassard\" \/>\n\t<meta name=\"twitter:label2\" content=\"Dur\u00e9e de lecture estim\u00e9e\" \/>\n\t<meta name=\"twitter:data2\" content=\"1 minute\" \/>\n<script type=\"application\/ld+json\" class=\"yoast-schema-graph\">{\"@context\":\"https:\/\/schema.org\",\"@graph\":[{\"@type\":\"Article\",\"@id\":\"https:\/\/vosgesinfo.fr\/remiremontinfo\/2023\/11\/vagney-une-soiree-pour-partir-a-la-decouverte-des-creatures-legendaires-aquatiques-des-vosges\/#article\",\"isPartOf\":{\"@id\":\"https:\/\/vosgesinfo.fr\/remiremontinfo\/2023\/11\/vagney-une-soiree-pour-partir-a-la-decouverte-des-creatures-legendaires-aquatiques-des-vosges\/\"},\"author\":{\"name\":\"Julien Chassard\",\"@id\":\"https:\/\/vosgesinfo.fr\/remiremontinfo\/#\/schema\/person\/9f7d5afbed21dfe30e21502db85507c8\"},\"headline\":\"Vagney &#8211; Une soir\u00e9e pour partir \u00e0 la d\u00e9couverte des cr\u00e9atures l\u00e9gendaires aquatiques des Vosges\",\"datePublished\":\"2023-11-16T13:00:45+00:00\",\"dateModified\":\"2023-11-16T13:00:45+00:00\",\"mainEntityOfPage\":{\"@id\":\"https:\/\/vosgesinfo.fr\/remiremontinfo\/2023\/11\/vagney-une-soiree-pour-partir-a-la-decouverte-des-creatures-legendaires-aquatiques-des-vosges\/\"},\"wordCount\":118,\"commentCount\":0,\"publisher\":{\"@id\":\"https:\/\/vosgesinfo.fr\/remiremontinfo\/#organization\"},\"image\":{\"@id\":\"https:\/\/vosgesinfo.fr\/remiremontinfo\/2023\/11\/vagney-une-soiree-pour-partir-a-la-decouverte-des-creatures-legendaires-aquatiques-des-vosges\/#primaryimage\"},\"thumbnailUrl\":\"https:\/\/vosgesinfo.fr\/app\/uploads\/sites\/5\/2023\/11\/conference-berian.png\",\"keywords\":[\"Berian\",\"L\u00e9gende\",\"Mythe\",\"vagney\",\"Vosges\"],\"articleSection\":[\"A la Une\",\"La Bresse &amp; son canton\",\"Vagney\"],\"inLanguage\":\"fr-FR\",\"potentialAction\":[{\"@type\":\"CommentAction\",\"name\":\"Comment\",\"target\":[\"https:\/\/vosgesinfo.fr\/remiremontinfo\/2023\/11\/vagney-une-soiree-pour-partir-a-la-decouverte-des-creatures-legendaires-aquatiques-des-vosges\/#respond\"]}]},{\"@type\":\"WebPage\",\"@id\":\"https:\/\/vosgesinfo.fr\/remiremontinfo\/2023\/11\/vagney-une-soiree-pour-partir-a-la-decouverte-des-creatures-legendaires-aquatiques-des-vosges\/\",\"url\":\"https:\/\/vosgesinfo.fr\/remiremontinfo\/2023\/11\/vagney-une-soiree-pour-partir-a-la-decouverte-des-creatures-legendaires-aquatiques-des-vosges\/\",\"name\":\"Vagney - Une soir\u00e9e pour partir \u00e0 la d\u00e9couverte des cr\u00e9atures l\u00e9gendaires aquatiques des Vosges - Remiremont Info\",\"isPartOf\":{\"@id\":\"https:\/\/vosgesinfo.fr\/remiremontinfo\/#website\"},\"primaryImageOfPage\":{\"@id\":\"https:\/\/vosgesinfo.fr\/remiremontinfo\/2023\/11\/vagney-une-soiree-pour-partir-a-la-decouverte-des-creatures-legendaires-aquatiques-des-vosges\/#primaryimage\"},\"image\":{\"@id\":\"https:\/\/vosgesinfo.fr\/remiremontinfo\/2023\/11\/vagney-une-soiree-pour-partir-a-la-decouverte-des-creatures-legendaires-aquatiques-des-vosges\/#primaryimage\"},\"thumbnailUrl\":\"https:\/\/vosgesinfo.fr\/app\/uploads\/sites\/5\/2023\/11\/conference-berian.png\",\"datePublished\":\"2023-11-16T13:00:45+00:00\",\"dateModified\":\"2023-11-16T13:00:45+00:00\",\"breadcrumb\":{\"@id\":\"https:\/\/vosgesinfo.fr\/remiremontinfo\/2023\/11\/vagney-une-soiree-pour-partir-a-la-decouverte-des-creatures-legendaires-aquatiques-des-vosges\/#breadcrumb\"},\"inLanguage\":\"fr-FR\",\"potentialAction\":[{\"@type\":\"ReadAction\",\"target\":[\"https:\/\/vosgesinfo.fr\/remiremontinfo\/2023\/11\/vagney-une-soiree-pour-partir-a-la-decouverte-des-creatures-legendaires-aquatiques-des-vosges\/\"]}]},{\"@type\":\"ImageObject\",\"inLanguage\":\"fr-FR\",\"@id\":\"https:\/\/vosgesinfo.fr\/remiremontinfo\/2023\/11\/vagney-une-soiree-pour-partir-a-la-decouverte-des-creatures-legendaires-aquatiques-des-vosges\/#primaryimage\",\"url\":\"https:\/\/vosgesinfo.fr\/app\/uploads\/sites\/5\/2023\/11\/conference-berian.png\",\"contentUrl\":\"https:\/\/vosgesinfo.fr\/app\/uploads\/sites\/5\/2023\/11\/conference-berian.png\",\"width\":1131,\"height\":1600},{\"@type\":\"BreadcrumbList\",\"@id\":\"https:\/\/vosgesinfo.fr\/remiremontinfo\/2023\/11\/vagney-une-soiree-pour-partir-a-la-decouverte-des-creatures-legendaires-aquatiques-des-vosges\/#breadcrumb\",\"itemListElement\":[{\"@type\":\"ListItem\",\"position\":1,\"name\":\"Home\",\"item\":\"https:\/\/vosgesinfo.fr\/remiremontinfo\/\"},{\"@type\":\"ListItem\",\"position\":2,\"name\":\"Vagney &#8211; Une soir\u00e9e pour partir \u00e0 la d\u00e9couverte des cr\u00e9atures l\u00e9gendaires aquatiques des Vosges\"}]},{\"@type\":\"WebSite\",\"@id\":\"https:\/\/vosgesinfo.fr\/remiremontinfo\/#website\",\"url\":\"https:\/\/vosgesinfo.fr\/remiremontinfo\/\",\"name\":\"Remiremont Info\",\"description\":\"Toute l&#039;actualit\u00e9 de Remiremont\",\"publisher\":{\"@id\":\"https:\/\/vosgesinfo.fr\/remiremontinfo\/#organization\"},\"alternateName\":\"Toute l'actualit\u00e9 de Remiremont\",\"potentialAction\":[{\"@type\":\"SearchAction\",\"target\":{\"@type\":\"EntryPoint\",\"urlTemplate\":\"https:\/\/vosgesinfo.fr\/remiremontinfo\/?s={search_term_string}\"},\"query-input\":\"required name=search_term_string\"}],\"inLanguage\":\"fr-FR\"},{\"@type\":\"Organization\",\"@id\":\"https:\/\/vosgesinfo.fr\/remiremontinfo\/#organization\",\"name\":\"Remiremont Info\",\"url\":\"https:\/\/vosgesinfo.fr\/remiremontinfo\/\",\"logo\":{\"@type\":\"ImageObject\",\"inLanguage\":\"fr-FR\",\"@id\":\"https:\/\/vosgesinfo.fr\/remiremontinfo\/#\/schema\/logo\/image\/\",\"url\":\"https:\/\/vosgesinfo.fr\/app\/uploads\/sites\/5\/2023\/08\/favicon-remiremontinfo.png\",\"contentUrl\":\"https:\/\/vosgesinfo.fr\/app\/uploads\/sites\/5\/2023\/08\/favicon-remiremontinfo.png\",\"width\":512,\"height\":512,\"caption\":\"Remiremont Info\"},\"image\":{\"@id\":\"https:\/\/vosgesinfo.fr\/remiremontinfo\/#\/schema\/logo\/image\/\"},\"sameAs\":[\"https:\/\/www.facebook.com\/remiremontinfo\",\"https:\/\/x.com\/VosgesInfo88\",\"https:\/\/www.youtube.com\/@vosgesinfo\"]},{\"@type\":\"Person\",\"@id\":\"https:\/\/vosgesinfo.fr\/remiremontinfo\/#\/schema\/person\/9f7d5afbed21dfe30e21502db85507c8\",\"name\":\"Julien Chassard\",\"image\":{\"@type\":\"ImageObject\",\"inLanguage\":\"fr-FR\",\"@id\":\"https:\/\/vosgesinfo.fr\/remiremontinfo\/#\/schema\/person\/image\/\",\"url\":\"https:\/\/secure.gravatar.com\/avatar\/b1edc920568095a5269cc92a13830411052ebb396f029db539972c12276b9ba9?s=96&d=mm&r=g\",\"contentUrl\":\"https:\/\/secure.gravatar.com\/avatar\/b1edc920568095a5269cc92a13830411052ebb396f029db539972c12276b9ba9?s=96&d=mm&r=g\",\"caption\":\"Julien Chassard\"},\"url\":\"https:\/\/vosgesinfo.fr\/remiremontinfo\/author\/j-chassard882\/\"}]}<\/script>\n<!-- \/ Yoast SEO plugin. -->","yoast_head_json":{"title":"Vagney - Une soir\u00e9e pour partir \u00e0 la d\u00e9couverte des cr\u00e9atures l\u00e9gendaires aquatiques des Vosges - Remiremont Info","robots":{"index":"index","follow":"follow","max-snippet":"max-snippet:-1","max-image-preview":"max-image-preview:large","max-video-preview":"max-video-preview:-1"},"canonical":"https:\/\/vosgesinfo.fr\/remiremontinfo\/2023\/11\/vagney-une-soiree-pour-partir-a-la-decouverte-des-creatures-legendaires-aquatiques-des-vosges\/","twitter_card":"summary_large_image","twitter_title":"Vagney - Une soir\u00e9e pour partir \u00e0 la d\u00e9couverte des cr\u00e9atures l\u00e9gendaires aquatiques des Vosges - Remiremont Info","twitter_description":"Le monde aquatique, c\u2019est un tout autre univers ! Et parmi les algues et les poissons, de nombreuses cr\u00e9atures fantastiques [&hellip;]","twitter_image":"https:\/\/vosgesinfo.fr\/app\/uploads\/sites\/5\/2023\/11\/conference-berian.png","twitter_creator":"@VosgesInfo88","twitter_site":"@VosgesInfo88","twitter_misc":{"\u00c9crit par":"Julien Chassard","Dur\u00e9e de lecture estim\u00e9e":"1 minute"},"schema":{"@context":"https:\/\/schema.org","@graph":[{"@type":"Article","@id":"https:\/\/vosgesinfo.fr\/remiremontinfo\/2023\/11\/vagney-une-soiree-pour-partir-a-la-decouverte-des-creatures-legendaires-aquatiques-des-vosges\/#article","isPartOf":{"@id":"https:\/\/vosgesinfo.fr\/remiremontinfo\/2023\/11\/vagney-une-soiree-pour-partir-a-la-decouverte-des-creatures-legendaires-aquatiques-des-vosges\/"},"author":{"name":"Julien Chassard","@id":"https:\/\/vosgesinfo.fr\/remiremontinfo\/#\/schema\/person\/9f7d5afbed21dfe30e21502db85507c8"},"headline":"Vagney &#8211; Une soir\u00e9e pour partir \u00e0 la d\u00e9couverte des cr\u00e9atures l\u00e9gendaires aquatiques des Vosges","datePublished":"2023-11-16T13:00:45+00:00","dateModified":"2023-11-16T13:00:45+00:00","mainEntityOfPage":{"@id":"https:\/\/vosgesinfo.fr\/remiremontinfo\/2023\/11\/vagney-une-soiree-pour-partir-a-la-decouverte-des-creatures-legendaires-aquatiques-des-vosges\/"},"wordCount":118,"commentCount":0,"publisher":{"@id":"https:\/\/vosgesinfo.fr\/remiremontinfo\/#organization"},"image":{"@id":"https:\/\/vosgesinfo.fr\/remiremontinfo\/2023\/11\/vagney-une-soiree-pour-partir-a-la-decouverte-des-creatures-legendaires-aquatiques-des-vosges\/#primaryimage"},"thumbnailUrl":"https:\/\/vosgesinfo.fr\/app\/uploads\/sites\/5\/2023\/11\/conference-berian.png","keywords":["Berian","L\u00e9gende","Mythe","vagney","Vosges"],"articleSection":["A la Une","La Bresse &amp; son canton","Vagney"],"inLanguage":"fr-FR","potentialAction":[{"@type":"CommentAction","name":"Comment","target":["https:\/\/vosgesinfo.fr\/remiremontinfo\/2023\/11\/vagney-une-soiree-pour-partir-a-la-decouverte-des-creatures-legendaires-aquatiques-des-vosges\/#respond"]}]},{"@type":"WebPage","@id":"https:\/\/vosgesinfo.fr\/remiremontinfo\/2023\/11\/vagney-une-soiree-pour-partir-a-la-decouverte-des-creatures-legendaires-aquatiques-des-vosges\/","url":"https:\/\/vosgesinfo.fr\/remiremontinfo\/2023\/11\/vagney-une-soiree-pour-partir-a-la-decouverte-des-creatures-legendaires-aquatiques-des-vosges\/","name":"Vagney - Une soir\u00e9e pour partir \u00e0 la d\u00e9couverte des cr\u00e9atures l\u00e9gendaires aquatiques des Vosges - Remiremont Info","isPartOf":{"@id":"https:\/\/vosgesinfo.fr\/remiremontinfo\/#website"},"primaryImageOfPage":{"@id":"https:\/\/vosgesinfo.fr\/remiremontinfo\/2023\/11\/vagney-une-soiree-pour-partir-a-la-decouverte-des-creatures-legendaires-aquatiques-des-vosges\/#primaryimage"},"image":{"@id":"https:\/\/vosgesinfo.fr\/remiremontinfo\/2023\/11\/vagney-une-soiree-pour-partir-a-la-decouverte-des-creatures-legendaires-aquatiques-des-vosges\/#primaryimage"},"thumbnailUrl":"https:\/\/vosgesinfo.fr\/app\/uploads\/sites\/5\/2023\/11\/conference-berian.png","datePublished":"2023-11-16T13:00:45+00:00","dateModified":"2023-11-16T13:00:45+00:00","breadcrumb":{"@id":"https:\/\/vosgesinfo.fr\/remiremontinfo\/2023\/11\/vagney-une-soiree-pour-partir-a-la-decouverte-des-creatures-legendaires-aquatiques-des-vosges\/#breadcrumb"},"inLanguage":"fr-FR","potentialAction":[{"@type":"ReadAction","target":["https:\/\/vosgesinfo.fr\/remiremontinfo\/2023\/11\/vagney-une-soiree-pour-partir-a-la-decouverte-des-creatures-legendaires-aquatiques-des-vosges\/"]}]},{"@type":"ImageObject","inLanguage":"fr-FR","@id":"https:\/\/vosgesinfo.fr\/remiremontinfo\/2023\/11\/vagney-une-soiree-pour-partir-a-la-decouverte-des-creatures-legendaires-aquatiques-des-vosges\/#primaryimage","url":"https:\/\/vosgesinfo.fr\/app\/uploads\/sites\/5\/2023\/11\/conference-berian.png","contentUrl":"https:\/\/vosgesinfo.fr\/app\/uploads\/sites\/5\/2023\/11\/conference-berian.png","width":1131,"height":1600},{"@type":"BreadcrumbList","@id":"https:\/\/vosgesinfo.fr\/remiremontinfo\/2023\/11\/vagney-une-soiree-pour-partir-a-la-decouverte-des-creatures-legendaires-aquatiques-des-vosges\/#breadcrumb","itemListElement":[{"@type":"ListItem","position":1,"name":"Home","item":"https:\/\/vosgesinfo.fr\/remiremontinfo\/"},{"@type":"ListItem","position":2,"name":"Vagney &#8211; Une soir\u00e9e pour partir \u00e0 la d\u00e9couverte des cr\u00e9atures l\u00e9gendaires aquatiques des Vosges"}]},{"@type":"WebSite","@id":"https:\/\/vosgesinfo.fr\/remiremontinfo\/#website","url":"https:\/\/vosgesinfo.fr\/remiremontinfo\/","name":"Remiremont Info","description":"Toute l&#039;actualit\u00e9 de Remiremont","publisher":{"@id":"https:\/\/vosgesinfo.fr\/remiremontinfo\/#organization"},"alternateName":"Toute l'actualit\u00e9 de Remiremont","potentialAction":[{"@type":"SearchAction","target":{"@type":"EntryPoint","urlTemplate":"https:\/\/vosgesinfo.fr\/remiremontinfo\/?s={search_term_string}"},"query-input":"required name=search_term_string"}],"inLanguage":"fr-FR"},{"@type":"Organization","@id":"https:\/\/vosgesinfo.fr\/remiremontinfo\/#organization","name":"Remiremont Info","url":"https:\/\/vosgesinfo.fr\/remiremontinfo\/","logo":{"@type":"ImageObject","inLanguage":"fr-FR","@id":"https:\/\/vosgesinfo.fr\/remiremontinfo\/#\/schema\/logo\/image\/","url":"https:\/\/vosgesinfo.fr\/app\/uploads\/sites\/5\/2023\/08\/favicon-remiremontinfo.png","contentUrl":"https:\/\/vosgesinfo.fr\/app\/uploads\/sites\/5\/2023\/08\/favicon-remiremontinfo.png","width":512,"height":512,"caption":"Remiremont Info"},"image":{"@id":"https:\/\/vosgesinfo.fr\/remiremontinfo\/#\/schema\/logo\/image\/"},"sameAs":["https:\/\/www.facebook.com\/remiremontinfo","https:\/\/x.com\/VosgesInfo88","https:\/\/www.youtube.com\/@vosgesinfo"]},{"@type":"Person","@id":"https:\/\/vosgesinfo.fr\/remiremontinfo\/#\/schema\/person\/9f7d5afbed21dfe30e21502db85507c8","name":"Julien Chassard","image":{"@type":"ImageObject","inLanguage":"fr-FR","@id":"https:\/\/vosgesinfo.fr\/remiremontinfo\/#\/schema\/person\/image\/","url":"https:\/\/secure.gravatar.com\/avatar\/b1edc920568095a5269cc92a13830411052ebb396f029db539972c12276b9ba9?s=96&d=mm&r=g","contentUrl":"https:\/\/secure.gravatar.com\/avatar\/b1edc920568095a5269cc92a13830411052ebb396f029db539972c12276b9ba9?s=96&d=mm&r=g","caption":"Julien Chassard"},"url":"https:\/\/vosgesinfo.fr\/remiremontinfo\/author\/j-chassard882\/"}]}},"_links":{"self":[{"href":"https:\/\/vosgesinfo.fr\/remiremontinfo\/wp-json\/wp\/v2\/posts\/2769","targetHints":{"allow":["GET"]}}],"collection":[{"href":"https:\/\/vosgesinfo.fr\/remiremontinfo\/wp-json\/wp\/v2\/posts"}],"about":[{"href":"https:\/\/vosgesinfo.fr\/remiremontinfo\/wp-json\/wp\/v2\/types\/post"}],"author":[{"embeddable":true,"href":"https:\/\/vosgesinfo.fr\/remiremontinfo\/wp-json\/wp\/v2\/users\/414"}],"replies":[{"embeddable":true,"href":"https:\/\/vosgesinfo.fr\/remiremontinfo\/wp-json\/wp\/v2\/comments?post=2769"}],"version-history":[{"count":0,"href":"https:\/\/vosgesinfo.fr\/remiremontinfo\/wp-json\/wp\/v2\/posts\/2769\/revisions"}],"wp:featuredmedia":[{"embeddable":true,"href":"https:\/\/vosgesinfo.fr\/remiremontinfo\/wp-json\/wp\/v2\/media\/2768"}],"wp:attachment":[{"href":"https:\/\/vosgesinfo.fr\/remiremontinfo\/wp-json\/wp\/v2\/media?parent=2769"}],"wp:term":[{"taxonomy":"category","embeddable":true,"href":"https:\/\/vosgesinfo.fr\/remiremontinfo\/wp-json\/wp\/v2\/categories?post=2769"},{"taxonomy":"post_tag","embeddable":true,"href":"https:\/\/vosgesinfo.fr\/remiremontinfo\/wp-json\/wp\/v2\/tags?post=2769"}],"curies":[{"name":"wp","href":"https:\/\/api.w.org\/{rel}","templated":true}]}}