{"id":27696,"date":"2020-06-04T05:37:58","date_gmt":"2020-06-04T03:37:58","guid":{"rendered":"https:\/\/vosgesinfo.fr\/remiremontinfo\/2020\/06\/saint-nabord-liste-de-jean-pierre-calmels-repart-campagne\/"},"modified":"2020-06-04T05:37:58","modified_gmt":"2020-06-04T03:37:58","slug":"saint-nabord-liste-de-jean-pierre-calmels-repart-campagne","status":"publish","type":"post","link":"https:\/\/vosgesinfo.fr\/remiremontinfo\/2020\/06\/saint-nabord-liste-de-jean-pierre-calmels-repart-campagne\/","title":{"rendered":"Saint-Nabord : la liste de Jean Pierre Calmels repart en campagne"},"content":{"rendered":"<div>\n<div style=\"text-align: center;\"><a href=\"\/2020\/06\/Photo-de-groupe-Ensemble-acteurs-de-demain3.jpg\"><img decoding=\"async\" class=\"alignnone size-full wp-image-288046\" src=\"\/2020\/06\/Photo-de-groupe-Ensemble-acteurs-de-demain3.jpg\" alt=\"Photo de groupe Ensemble acteurs de demain3\" width=\"800\" height=\"533\" \/><\/a><\/div>\n<div style=\"text-align: center;\"><\/div>\n<div style=\"text-align: center;\"><em>Jean Pierre CALMELS<\/em><\/div>\n<div style=\"text-align: center;\"><em>Ensemble, Acteurs de Demain<\/em><\/div>\n<\/div>\n<div><\/div>\n<div>Ch\u00e8res Navoiriaudes,<\/div>\n<div>Chers Navoiriauds,<\/div>\n<div>\n<p>Alors que le d\u00e9confinement nous permet un premier pas vers un retour progressif \u00e0 la normale, toute l&rsquo;\u00e9quipe \u00ab\u00a0Ensemble, Acteurs de Demain\u00a0\u00bb a souhait\u00e9 maintenir le lien que nous avons tiss\u00e9 avec vous depuis le d\u00e9but de cette ann\u00e9e 2020, et ce, malgr\u00e9 la crise sanitaire que nous avons d\u00fb traverser.<\/p>\n<p>Un certain nombre d&rsquo;indicateurs nous montre que nous avons r\u00e9ussi \u00e0 endiguer la propagation du virus dans notre pays et si le nombre de personnes touch\u00e9es est visiblement en baisse cela ne permet, pour le moment, que d&rsquo;offrir \u00e0\u00a0 nos services de sant\u00e9 une certaine marge de manoeuvre. Mais pour autant le virus circule toujours et les personnels soignants ont besoin plus que jamais de notre soutien.\u00a0C&rsquo;est pourquoi il est primordial de maintenir dans les semaines \u00e0 venir les bonnes pratiques prises\u00a0par la majorit\u00e9 des habitants de Saint nabord, dans le respect des gestes barri\u00e8res et le port du masque en collectivit\u00e9.<\/p>\n<p>Ainsi, et comme a pu le pr\u00e9ciser le Premier Ministre Edouard PHILIPPE, nous pensons que la vie d\u00e9mocratique doit reprendre ses droits et nous accueillons favorablement la d\u00e9cision d&rsquo;organiser le second tour des \u00e9lections municipales le dimanche 28 juin prochain.<\/p>\n<\/div>\n<div>Les r\u00e9sultats du premier tour des \u00e9lections municipales le 15 mars ont \u00e9t\u00e9 marqu\u00e9s par une abstention tr\u00e8s forte et les r\u00e9sultats du premier tour ont plac\u00e9 notre liste largement en t\u00eate mais les quelques dizaines de voix manquantes nous ont emp\u00each\u00e9s d&rsquo;\u00eatre \u00e9lus d\u00e8s le premier tour.<\/div>\n<div><\/div>\n<div>Confort\u00e9s par ces bons r\u00e9sultats et ce soutien massif de notre projet, nous avons d\u00e9cid\u00e9 de maintenir notre candidature pour ce 2\u00e8me tour des \u00e9lections municipales \u00e0 Saint Nabord.<\/div>\n<div><\/div>\n<div>D\u00e9s \u00e0 pr\u00e9sent, nous r\u00e9fl\u00e9chissons \u00e0 la mani\u00e8re d&rsquo;aborder sereinement cette nouvelle campagne en respectant scrupuleusement toutes les contraintes sanitaires impos\u00e9es, et nous ne manquerons pas de communiquer tr\u00e8s prochainement sur toutes nos actualit\u00e9s et nos actions \u00e0 venir.<\/div>\n<div><\/div>\n<div>Dans l&rsquo;attente et le plaisir de vous retrouver, prenez bien soin de vous.<\/div>\n<div><\/div>\n<div><em>Jean Pierre CALMELS<\/em><\/div>\n<div><em>Ensemble, Acteurs de Demain<\/em><\/div>\n","protected":false},"excerpt":{"rendered":"<p>Jean Pierre CALMELS Ensemble, Acteurs de Demain Ch\u00e8res Navoiriaudes, Chers Navoiriauds, Alors que le d\u00e9confinement nous permet un premier pas [&hellip;]<\/p>\n","protected":false},"author":407,"featured_media":27697,"comment_status":"open","ping_status":"open","sticky":false,"template":"","format":"standard","meta":{"footnotes":""},"categories":[26,10,35,100],"tags":[],"class_list":["post-27696","post","type-post","status-publish","format-standard","has-post-thumbnail","hentry","category-a-la-une","category-politique","category-remiremont-son-canton","category-saint-nabord"],"acf":[],"yoast_head":"<!-- This site is optimized with the Yoast SEO plugin v22.5 - https:\/\/yoast.com\/wordpress\/plugins\/seo\/ -->\n<title>Saint-Nabord : la liste de Jean Pierre Calmels repart en campagne - Remiremont Info<\/title>\n<meta name=\"robots\" content=\"index, follow, max-snippet:-1, max-image-preview:large, max-video-preview:-1\" \/>\n<link rel=\"canonical\" href=\"https:\/\/vosgesinfo.fr\/remiremontinfo\/2020\/06\/saint-nabord-liste-de-jean-pierre-calmels-repart-campagne\/\" \/>\n<meta name=\"twitter:card\" content=\"summary_large_image\" \/>\n<meta name=\"twitter:title\" content=\"Saint-Nabord : la liste de Jean Pierre Calmels repart en campagne - Remiremont Info\" \/>\n<meta name=\"twitter:description\" content=\"Jean Pierre CALMELS Ensemble, Acteurs de Demain Ch\u00e8res Navoiriaudes, Chers Navoiriauds, Alors que le d\u00e9confinement nous permet un premier pas [&hellip;]\" \/>\n<meta name=\"twitter:image\" content=\"https:\/\/vosgesinfo.fr\/app\/uploads\/sites\/5\/2024\/09\/202006photo-de-groupe-ensemble-acteurs-de-demain3.jpg\" \/>\n<meta name=\"twitter:creator\" content=\"@VosgesInfo88\" \/>\n<meta name=\"twitter:site\" content=\"@VosgesInfo88\" \/>\n<meta name=\"twitter:label1\" content=\"\u00c9crit par\" \/>\n\t<meta name=\"twitter:data1\" content=\"C D\" \/>\n\t<meta name=\"twitter:label2\" content=\"Dur\u00e9e de lecture estim\u00e9e\" \/>\n\t<meta name=\"twitter:data2\" content=\"2 minutes\" \/>\n<script type=\"application\/ld+json\" class=\"yoast-schema-graph\">{\"@context\":\"https:\/\/schema.org\",\"@graph\":[{\"@type\":\"Article\",\"@id\":\"https:\/\/vosgesinfo.fr\/remiremontinfo\/2020\/06\/saint-nabord-liste-de-jean-pierre-calmels-repart-campagne\/#article\",\"isPartOf\":{\"@id\":\"https:\/\/vosgesinfo.fr\/remiremontinfo\/2020\/06\/saint-nabord-liste-de-jean-pierre-calmels-repart-campagne\/\"},\"author\":{\"name\":\"C D\",\"@id\":\"https:\/\/vosgesinfo.fr\/remiremontinfo\/#\/schema\/person\/3bfd164d5218a185b1db68655a265316\"},\"headline\":\"Saint-Nabord : la liste de Jean Pierre Calmels repart en campagne\",\"datePublished\":\"2020-06-04T03:37:58+00:00\",\"dateModified\":\"2020-06-04T03:37:58+00:00\",\"mainEntityOfPage\":{\"@id\":\"https:\/\/vosgesinfo.fr\/remiremontinfo\/2020\/06\/saint-nabord-liste-de-jean-pierre-calmels-repart-campagne\/\"},\"wordCount\":378,\"commentCount\":0,\"publisher\":{\"@id\":\"https:\/\/vosgesinfo.fr\/remiremontinfo\/#organization\"},\"image\":{\"@id\":\"https:\/\/vosgesinfo.fr\/remiremontinfo\/2020\/06\/saint-nabord-liste-de-jean-pierre-calmels-repart-campagne\/#primaryimage\"},\"thumbnailUrl\":\"https:\/\/vosgesinfo.fr\/app\/uploads\/sites\/5\/2024\/09\/202006photo-de-groupe-ensemble-acteurs-de-demain3.jpg\",\"articleSection\":[\"A la Une\",\"Politique\",\"Remiremont &amp; son canton\",\"Saint-Nabord\"],\"inLanguage\":\"fr-FR\",\"potentialAction\":[{\"@type\":\"CommentAction\",\"name\":\"Comment\",\"target\":[\"https:\/\/vosgesinfo.fr\/remiremontinfo\/2020\/06\/saint-nabord-liste-de-jean-pierre-calmels-repart-campagne\/#respond\"]}]},{\"@type\":\"WebPage\",\"@id\":\"https:\/\/vosgesinfo.fr\/remiremontinfo\/2020\/06\/saint-nabord-liste-de-jean-pierre-calmels-repart-campagne\/\",\"url\":\"https:\/\/vosgesinfo.fr\/remiremontinfo\/2020\/06\/saint-nabord-liste-de-jean-pierre-calmels-repart-campagne\/\",\"name\":\"Saint-Nabord : la liste de Jean Pierre Calmels repart en campagne - Remiremont Info\",\"isPartOf\":{\"@id\":\"https:\/\/vosgesinfo.fr\/remiremontinfo\/#website\"},\"primaryImageOfPage\":{\"@id\":\"https:\/\/vosgesinfo.fr\/remiremontinfo\/2020\/06\/saint-nabord-liste-de-jean-pierre-calmels-repart-campagne\/#primaryimage\"},\"image\":{\"@id\":\"https:\/\/vosgesinfo.fr\/remiremontinfo\/2020\/06\/saint-nabord-liste-de-jean-pierre-calmels-repart-campagne\/#primaryimage\"},\"thumbnailUrl\":\"https:\/\/vosgesinfo.fr\/app\/uploads\/sites\/5\/2024\/09\/202006photo-de-groupe-ensemble-acteurs-de-demain3.jpg\",\"datePublished\":\"2020-06-04T03:37:58+00:00\",\"dateModified\":\"2020-06-04T03:37:58+00:00\",\"breadcrumb\":{\"@id\":\"https:\/\/vosgesinfo.fr\/remiremontinfo\/2020\/06\/saint-nabord-liste-de-jean-pierre-calmels-repart-campagne\/#breadcrumb\"},\"inLanguage\":\"fr-FR\",\"potentialAction\":[{\"@type\":\"ReadAction\",\"target\":[\"https:\/\/vosgesinfo.fr\/remiremontinfo\/2020\/06\/saint-nabord-liste-de-jean-pierre-calmels-repart-campagne\/\"]}]},{\"@type\":\"ImageObject\",\"inLanguage\":\"fr-FR\",\"@id\":\"https:\/\/vosgesinfo.fr\/remiremontinfo\/2020\/06\/saint-nabord-liste-de-jean-pierre-calmels-repart-campagne\/#primaryimage\",\"url\":\"https:\/\/vosgesinfo.fr\/app\/uploads\/sites\/5\/2024\/09\/202006photo-de-groupe-ensemble-acteurs-de-demain3.jpg\",\"contentUrl\":\"https:\/\/vosgesinfo.fr\/app\/uploads\/sites\/5\/2024\/09\/202006photo-de-groupe-ensemble-acteurs-de-demain3.jpg\",\"width\":800,\"height\":533},{\"@type\":\"BreadcrumbList\",\"@id\":\"https:\/\/vosgesinfo.fr\/remiremontinfo\/2020\/06\/saint-nabord-liste-de-jean-pierre-calmels-repart-campagne\/#breadcrumb\",\"itemListElement\":[{\"@type\":\"ListItem\",\"position\":1,\"name\":\"Home\",\"item\":\"https:\/\/vosgesinfo.fr\/remiremontinfo\/\"},{\"@type\":\"ListItem\",\"position\":2,\"name\":\"Saint-Nabord : la liste de Jean Pierre Calmels repart en campagne\"}]},{\"@type\":\"WebSite\",\"@id\":\"https:\/\/vosgesinfo.fr\/remiremontinfo\/#website\",\"url\":\"https:\/\/vosgesinfo.fr\/remiremontinfo\/\",\"name\":\"Remiremont Info\",\"description\":\"Toute l&#039;actualit\u00e9 de Remiremont\",\"publisher\":{\"@id\":\"https:\/\/vosgesinfo.fr\/remiremontinfo\/#organization\"},\"alternateName\":\"Toute l'actualit\u00e9 de Remiremont\",\"potentialAction\":[{\"@type\":\"SearchAction\",\"target\":{\"@type\":\"EntryPoint\",\"urlTemplate\":\"https:\/\/vosgesinfo.fr\/remiremontinfo\/?s={search_term_string}\"},\"query-input\":\"required name=search_term_string\"}],\"inLanguage\":\"fr-FR\"},{\"@type\":\"Organization\",\"@id\":\"https:\/\/vosgesinfo.fr\/remiremontinfo\/#organization\",\"name\":\"Remiremont Info\",\"url\":\"https:\/\/vosgesinfo.fr\/remiremontinfo\/\",\"logo\":{\"@type\":\"ImageObject\",\"inLanguage\":\"fr-FR\",\"@id\":\"https:\/\/vosgesinfo.fr\/remiremontinfo\/#\/schema\/logo\/image\/\",\"url\":\"https:\/\/vosgesinfo.fr\/app\/uploads\/sites\/5\/2023\/08\/favicon-remiremontinfo.png\",\"contentUrl\":\"https:\/\/vosgesinfo.fr\/app\/uploads\/sites\/5\/2023\/08\/favicon-remiremontinfo.png\",\"width\":512,\"height\":512,\"caption\":\"Remiremont Info\"},\"image\":{\"@id\":\"https:\/\/vosgesinfo.fr\/remiremontinfo\/#\/schema\/logo\/image\/\"},\"sameAs\":[\"https:\/\/www.facebook.com\/remiremontinfo\",\"https:\/\/x.com\/VosgesInfo88\",\"https:\/\/www.youtube.com\/@vosgesinfo\"]},{\"@type\":\"Person\",\"@id\":\"https:\/\/vosgesinfo.fr\/remiremontinfo\/#\/schema\/person\/3bfd164d5218a185b1db68655a265316\",\"name\":\"C D\",\"image\":{\"@type\":\"ImageObject\",\"inLanguage\":\"fr-FR\",\"@id\":\"https:\/\/vosgesinfo.fr\/remiremontinfo\/#\/schema\/person\/image\/\",\"url\":\"https:\/\/secure.gravatar.com\/avatar\/1f9a70007336511a47468b8f1c66f922b8b7cf617b02a31149ada43893a5d48f?s=96&d=mm&r=g\",\"contentUrl\":\"https:\/\/secure.gravatar.com\/avatar\/1f9a70007336511a47468b8f1c66f922b8b7cf617b02a31149ada43893a5d48f?s=96&d=mm&r=g\",\"caption\":\"C D\"},\"url\":\"https:\/\/vosgesinfo.fr\/remiremontinfo\/author\/cedric-drevet\/\"}]}<\/script>\n<!-- \/ Yoast SEO plugin. -->","yoast_head_json":{"title":"Saint-Nabord : la liste de Jean Pierre Calmels repart en campagne - Remiremont Info","robots":{"index":"index","follow":"follow","max-snippet":"max-snippet:-1","max-image-preview":"max-image-preview:large","max-video-preview":"max-video-preview:-1"},"canonical":"https:\/\/vosgesinfo.fr\/remiremontinfo\/2020\/06\/saint-nabord-liste-de-jean-pierre-calmels-repart-campagne\/","twitter_card":"summary_large_image","twitter_title":"Saint-Nabord : la liste de Jean Pierre Calmels repart en campagne - Remiremont Info","twitter_description":"Jean Pierre CALMELS Ensemble, Acteurs de Demain Ch\u00e8res Navoiriaudes, Chers Navoiriauds, Alors que le d\u00e9confinement nous permet un premier pas [&hellip;]","twitter_image":"https:\/\/vosgesinfo.fr\/app\/uploads\/sites\/5\/2024\/09\/202006photo-de-groupe-ensemble-acteurs-de-demain3.jpg","twitter_creator":"@VosgesInfo88","twitter_site":"@VosgesInfo88","twitter_misc":{"\u00c9crit par":"C D","Dur\u00e9e de lecture estim\u00e9e":"2 minutes"},"schema":{"@context":"https:\/\/schema.org","@graph":[{"@type":"Article","@id":"https:\/\/vosgesinfo.fr\/remiremontinfo\/2020\/06\/saint-nabord-liste-de-jean-pierre-calmels-repart-campagne\/#article","isPartOf":{"@id":"https:\/\/vosgesinfo.fr\/remiremontinfo\/2020\/06\/saint-nabord-liste-de-jean-pierre-calmels-repart-campagne\/"},"author":{"name":"C D","@id":"https:\/\/vosgesinfo.fr\/remiremontinfo\/#\/schema\/person\/3bfd164d5218a185b1db68655a265316"},"headline":"Saint-Nabord : la liste de Jean Pierre Calmels repart en campagne","datePublished":"2020-06-04T03:37:58+00:00","dateModified":"2020-06-04T03:37:58+00:00","mainEntityOfPage":{"@id":"https:\/\/vosgesinfo.fr\/remiremontinfo\/2020\/06\/saint-nabord-liste-de-jean-pierre-calmels-repart-campagne\/"},"wordCount":378,"commentCount":0,"publisher":{"@id":"https:\/\/vosgesinfo.fr\/remiremontinfo\/#organization"},"image":{"@id":"https:\/\/vosgesinfo.fr\/remiremontinfo\/2020\/06\/saint-nabord-liste-de-jean-pierre-calmels-repart-campagne\/#primaryimage"},"thumbnailUrl":"https:\/\/vosgesinfo.fr\/app\/uploads\/sites\/5\/2024\/09\/202006photo-de-groupe-ensemble-acteurs-de-demain3.jpg","articleSection":["A la Une","Politique","Remiremont &amp; son canton","Saint-Nabord"],"inLanguage":"fr-FR","potentialAction":[{"@type":"CommentAction","name":"Comment","target":["https:\/\/vosgesinfo.fr\/remiremontinfo\/2020\/06\/saint-nabord-liste-de-jean-pierre-calmels-repart-campagne\/#respond"]}]},{"@type":"WebPage","@id":"https:\/\/vosgesinfo.fr\/remiremontinfo\/2020\/06\/saint-nabord-liste-de-jean-pierre-calmels-repart-campagne\/","url":"https:\/\/vosgesinfo.fr\/remiremontinfo\/2020\/06\/saint-nabord-liste-de-jean-pierre-calmels-repart-campagne\/","name":"Saint-Nabord : la liste de Jean Pierre Calmels repart en campagne - Remiremont Info","isPartOf":{"@id":"https:\/\/vosgesinfo.fr\/remiremontinfo\/#website"},"primaryImageOfPage":{"@id":"https:\/\/vosgesinfo.fr\/remiremontinfo\/2020\/06\/saint-nabord-liste-de-jean-pierre-calmels-repart-campagne\/#primaryimage"},"image":{"@id":"https:\/\/vosgesinfo.fr\/remiremontinfo\/2020\/06\/saint-nabord-liste-de-jean-pierre-calmels-repart-campagne\/#primaryimage"},"thumbnailUrl":"https:\/\/vosgesinfo.fr\/app\/uploads\/sites\/5\/2024\/09\/202006photo-de-groupe-ensemble-acteurs-de-demain3.jpg","datePublished":"2020-06-04T03:37:58+00:00","dateModified":"2020-06-04T03:37:58+00:00","breadcrumb":{"@id":"https:\/\/vosgesinfo.fr\/remiremontinfo\/2020\/06\/saint-nabord-liste-de-jean-pierre-calmels-repart-campagne\/#breadcrumb"},"inLanguage":"fr-FR","potentialAction":[{"@type":"ReadAction","target":["https:\/\/vosgesinfo.fr\/remiremontinfo\/2020\/06\/saint-nabord-liste-de-jean-pierre-calmels-repart-campagne\/"]}]},{"@type":"ImageObject","inLanguage":"fr-FR","@id":"https:\/\/vosgesinfo.fr\/remiremontinfo\/2020\/06\/saint-nabord-liste-de-jean-pierre-calmels-repart-campagne\/#primaryimage","url":"https:\/\/vosgesinfo.fr\/app\/uploads\/sites\/5\/2024\/09\/202006photo-de-groupe-ensemble-acteurs-de-demain3.jpg","contentUrl":"https:\/\/vosgesinfo.fr\/app\/uploads\/sites\/5\/2024\/09\/202006photo-de-groupe-ensemble-acteurs-de-demain3.jpg","width":800,"height":533},{"@type":"BreadcrumbList","@id":"https:\/\/vosgesinfo.fr\/remiremontinfo\/2020\/06\/saint-nabord-liste-de-jean-pierre-calmels-repart-campagne\/#breadcrumb","itemListElement":[{"@type":"ListItem","position":1,"name":"Home","item":"https:\/\/vosgesinfo.fr\/remiremontinfo\/"},{"@type":"ListItem","position":2,"name":"Saint-Nabord : la liste de Jean Pierre Calmels repart en campagne"}]},{"@type":"WebSite","@id":"https:\/\/vosgesinfo.fr\/remiremontinfo\/#website","url":"https:\/\/vosgesinfo.fr\/remiremontinfo\/","name":"Remiremont Info","description":"Toute l&#039;actualit\u00e9 de Remiremont","publisher":{"@id":"https:\/\/vosgesinfo.fr\/remiremontinfo\/#organization"},"alternateName":"Toute l'actualit\u00e9 de Remiremont","potentialAction":[{"@type":"SearchAction","target":{"@type":"EntryPoint","urlTemplate":"https:\/\/vosgesinfo.fr\/remiremontinfo\/?s={search_term_string}"},"query-input":"required name=search_term_string"}],"inLanguage":"fr-FR"},{"@type":"Organization","@id":"https:\/\/vosgesinfo.fr\/remiremontinfo\/#organization","name":"Remiremont Info","url":"https:\/\/vosgesinfo.fr\/remiremontinfo\/","logo":{"@type":"ImageObject","inLanguage":"fr-FR","@id":"https:\/\/vosgesinfo.fr\/remiremontinfo\/#\/schema\/logo\/image\/","url":"https:\/\/vosgesinfo.fr\/app\/uploads\/sites\/5\/2023\/08\/favicon-remiremontinfo.png","contentUrl":"https:\/\/vosgesinfo.fr\/app\/uploads\/sites\/5\/2023\/08\/favicon-remiremontinfo.png","width":512,"height":512,"caption":"Remiremont Info"},"image":{"@id":"https:\/\/vosgesinfo.fr\/remiremontinfo\/#\/schema\/logo\/image\/"},"sameAs":["https:\/\/www.facebook.com\/remiremontinfo","https:\/\/x.com\/VosgesInfo88","https:\/\/www.youtube.com\/@vosgesinfo"]},{"@type":"Person","@id":"https:\/\/vosgesinfo.fr\/remiremontinfo\/#\/schema\/person\/3bfd164d5218a185b1db68655a265316","name":"C D","image":{"@type":"ImageObject","inLanguage":"fr-FR","@id":"https:\/\/vosgesinfo.fr\/remiremontinfo\/#\/schema\/person\/image\/","url":"https:\/\/secure.gravatar.com\/avatar\/1f9a70007336511a47468b8f1c66f922b8b7cf617b02a31149ada43893a5d48f?s=96&d=mm&r=g","contentUrl":"https:\/\/secure.gravatar.com\/avatar\/1f9a70007336511a47468b8f1c66f922b8b7cf617b02a31149ada43893a5d48f?s=96&d=mm&r=g","caption":"C D"},"url":"https:\/\/vosgesinfo.fr\/remiremontinfo\/author\/cedric-drevet\/"}]}},"_links":{"self":[{"href":"https:\/\/vosgesinfo.fr\/remiremontinfo\/wp-json\/wp\/v2\/posts\/27696","targetHints":{"allow":["GET"]}}],"collection":[{"href":"https:\/\/vosgesinfo.fr\/remiremontinfo\/wp-json\/wp\/v2\/posts"}],"about":[{"href":"https:\/\/vosgesinfo.fr\/remiremontinfo\/wp-json\/wp\/v2\/types\/post"}],"author":[{"embeddable":true,"href":"https:\/\/vosgesinfo.fr\/remiremontinfo\/wp-json\/wp\/v2\/users\/407"}],"replies":[{"embeddable":true,"href":"https:\/\/vosgesinfo.fr\/remiremontinfo\/wp-json\/wp\/v2\/comments?post=27696"}],"version-history":[{"count":0,"href":"https:\/\/vosgesinfo.fr\/remiremontinfo\/wp-json\/wp\/v2\/posts\/27696\/revisions"}],"wp:featuredmedia":[{"embeddable":true,"href":"https:\/\/vosgesinfo.fr\/remiremontinfo\/wp-json\/wp\/v2\/media\/27697"}],"wp:attachment":[{"href":"https:\/\/vosgesinfo.fr\/remiremontinfo\/wp-json\/wp\/v2\/media?parent=27696"}],"wp:term":[{"taxonomy":"category","embeddable":true,"href":"https:\/\/vosgesinfo.fr\/remiremontinfo\/wp-json\/wp\/v2\/categories?post=27696"},{"taxonomy":"post_tag","embeddable":true,"href":"https:\/\/vosgesinfo.fr\/remiremontinfo\/wp-json\/wp\/v2\/tags?post=27696"}],"curies":[{"name":"wp","href":"https:\/\/api.w.org\/{rel}","templated":true}]}}