{"id":27799,"date":"2020-06-07T18:11:01","date_gmt":"2020-06-07T16:11:01","guid":{"rendered":"https:\/\/vosgesinfo.fr\/remiremontinfo\/2020\/06\/paroisse-de-saint-ame-programme-de-semaine\/"},"modified":"2020-06-07T18:11:01","modified_gmt":"2020-06-07T16:11:01","slug":"paroisse-de-saint-ame-programme-de-semaine","status":"publish","type":"post","link":"https:\/\/vosgesinfo.fr\/remiremontinfo\/2020\/06\/paroisse-de-saint-ame-programme-de-semaine\/","title":{"rendered":"Paroisse de Saint Am\u00e9 : programme de la semaine"},"content":{"rendered":"<p>Nous vous rappelons que toute personne de onze ans ou plus portera un masque de protection r\u00e9pondant aux caract\u00e9ristiques techniques fix\u00e9es par arr\u00eat\u00e9 ; il ne fera pas obstacle \u00e0 ce que celui-ci soit momentan\u00e9ment retir\u00e9 pour l\u2019accomplissement des rites qui le n\u00e9cessitent.<\/p>\n<p>&nbsp;<\/p>\n<table width=\"756\">\n<tbody>\n<tr>\n<td width=\"123\"><strong>JOURS<\/strong><\/td>\n<td width=\"142\"><strong>HORAIRE &amp;<\/strong><\/p>\n<p><strong>LIEU DE MESSE<\/strong><\/td>\n<td width=\"491\"><strong>INFORMATIONS<\/strong><\/td>\n<\/tr>\n<tr>\n<td width=\"123\"><strong>Dimanche 7<\/strong><\/td>\n<td width=\"142\"><strong>9 h RUPT\/MOSELLE<\/strong><\/td>\n<td width=\"491\"><strong>LA SAINTE TRINIT\u00c9 <\/strong><\/p>\n<p><strong>11 h : Messe \u00e0 LE THILLOT <\/strong><\/td>\n<\/tr>\n<tr>\n<td width=\"123\">Jeudi 11 juin<\/td>\n<td width=\"142\">18 h<\/p>\n<p>FERDRUPT<\/td>\n<td width=\"491\">Adoration eucharistique apr\u00e8s la messe jusqu\u2019\u00e0 20 h avec possibilit\u00e9 de sacrement de r\u00e9conciliation<\/td>\n<\/tr>\n<tr>\n<td width=\"123\">Samedi 13<\/td>\n<td width=\"142\"><strong>18 h<\/strong><\/p>\n<p><strong>BUSSANG<\/strong><\/td>\n<td width=\"491\"><em>\u00a0<\/em><\/td>\n<\/tr>\n<tr>\n<td width=\"123\"><strong>Dimanche 14<\/strong><\/td>\n<td width=\"142\"><strong>11 h <\/strong><\/p>\n<p><strong>VECOUX<\/strong><\/td>\n<td width=\"491\"><strong>SAINT SACREMENT<\/strong><\/p>\n<p><strong>9 h : Messe \u00e0 LE MENIL <\/strong><\/td>\n<\/tr>\n<\/tbody>\n<\/table>\n<p><strong><u>\u00a0<\/u><\/strong><\/p>\n<p><strong><u>Informations<\/u><\/strong><strong> :<\/strong><\/p>\n<p>&nbsp;<\/p>\n<p>Monseigneur Didier Berthet a pris la d\u00e9cision d\u2019annuler <strong>le p\u00e8lerinage dioc\u00e9sain \u00e0 Lourdes<\/strong> pr\u00e9vu cet \u00e9t\u00e9 <strong>du 12 au 18 juillet 2020<\/strong>. Il est propos\u00e9 aux p\u00e8lerins qui souhaitaient y participer de le vivre \u00ab \u00e0 domicile \u00bb, \u00e0 l&rsquo;image de Bernadette au couvent Saint Gildas de Nevers, o\u00f9 elle disait \u00ab Tous les jours je vais en esprit \u00e0 la Grotte \u00bb. Si vous \u00eates int\u00e9ress\u00e9s, contactez le service des p\u00e8lerinages du dioc\u00e8se ou l&rsquo;hospitalit\u00e9 Notre Dame de Lourdes. <strong><u>Inscriptions avant le 15 juin<\/u>.<\/strong><\/p>\n<p><strong>\u00a0<\/strong><\/p>\n<p><strong>Vous souhaitez faire une bonne \u0153uvre <\/strong>: nous organisons un grand nettoyage de l&rsquo;\u00e9glise de Saint-Am\u00e9. Merci de venir avec votre mat\u00e9riel en pr\u00e9f\u00e9rant si possible l&rsquo;aspirateur au balai.<\/p>\n<p>Rendez-vous <strong>le vendredi 19 juin de 14 h \u00e0 17 h \u00e0 l&rsquo;\u00e9glise de Saint-Am\u00e9<\/strong>.<\/p>\n<p>&nbsp;<\/p>\n<p><strong><u>Permanences<\/u><\/strong> : les permanences ont repris \u00e0 <strong>Saint-Am\u00e9 le samedi de 10 h \u00e0 11 h 30<\/strong>.<\/p>\n<p>Pour \u00e9viter de vous d\u00e9placer, <strong><u>une permanence t\u00e9l\u00e9phonique a lieu le samedi de 10 h \u00e0 11 h 30<\/u><\/strong><\/p>\n<p>Pour <strong><u>Saint-Am\u00e9 au 03 29 61 21\u00a0 32 ou Dommartin au 07 88 03 36 62<\/u><\/strong>.<\/p>\n<p>Si vous avez des documents \u00e0 nous remettre, vous pourrez les d\u00e9poser dans les bo\u00eetes aux lettres des lieux de permanences.<\/p>\n","protected":false},"excerpt":{"rendered":"<p>Nous vous rappelons que toute personne de onze ans ou plus portera un masque de protection r\u00e9pondant aux caract\u00e9ristiques techniques [&hellip;]<\/p>\n","protected":false},"author":1,"featured_media":27800,"comment_status":"open","ping_status":"open","sticky":false,"template":"","format":"standard","meta":{"footnotes":""},"categories":[26,163,35,223],"tags":[],"class_list":["post-27799","post","type-post","status-publish","format-standard","has-post-thumbnail","hentry","category-a-la-une","category-religion","category-remiremont-son-canton","category-saint-ame"],"acf":[],"yoast_head":"<!-- This site is optimized with the Yoast SEO plugin v22.5 - https:\/\/yoast.com\/wordpress\/plugins\/seo\/ -->\n<title>Paroisse de Saint Am\u00e9 : programme de la semaine - Remiremont Info<\/title>\n<meta name=\"robots\" content=\"index, follow, max-snippet:-1, max-image-preview:large, max-video-preview:-1\" \/>\n<link rel=\"canonical\" href=\"https:\/\/vosgesinfo.fr\/remiremontinfo\/2020\/06\/paroisse-de-saint-ame-programme-de-semaine\/\" \/>\n<meta name=\"twitter:card\" content=\"summary_large_image\" \/>\n<meta name=\"twitter:title\" content=\"Paroisse de Saint Am\u00e9 : programme de la semaine - Remiremont Info\" \/>\n<meta name=\"twitter:description\" content=\"Nous vous rappelons que toute personne de onze ans ou plus portera un masque de protection r\u00e9pondant aux caract\u00e9ristiques techniques [&hellip;]\" \/>\n<meta name=\"twitter:image\" content=\"https:\/\/vosgesinfo.fr\/app\/uploads\/sites\/5\/2024\/09\/202004saint-ame-88-1.jpg\" \/>\n<meta name=\"twitter:creator\" content=\"@VosgesInfo88\" \/>\n<meta name=\"twitter:site\" content=\"@VosgesInfo88\" \/>\n<meta name=\"twitter:label1\" content=\"\u00c9crit par\" \/>\n\t<meta name=\"twitter:data1\" content=\"qs_admin\" \/>\n\t<meta name=\"twitter:label2\" content=\"Dur\u00e9e de lecture estim\u00e9e\" \/>\n\t<meta name=\"twitter:data2\" content=\"1 minute\" \/>\n<script type=\"application\/ld+json\" class=\"yoast-schema-graph\">{\"@context\":\"https:\/\/schema.org\",\"@graph\":[{\"@type\":\"Article\",\"@id\":\"https:\/\/vosgesinfo.fr\/remiremontinfo\/2020\/06\/paroisse-de-saint-ame-programme-de-semaine\/#article\",\"isPartOf\":{\"@id\":\"https:\/\/vosgesinfo.fr\/remiremontinfo\/2020\/06\/paroisse-de-saint-ame-programme-de-semaine\/\"},\"author\":{\"name\":\"qs_admin\",\"@id\":\"https:\/\/vosgesinfo.fr\/remiremontinfo\/#\/schema\/person\/bc5d02d71e6932e81b6dadb7386667b1\"},\"headline\":\"Paroisse de Saint Am\u00e9 : programme de la semaine\",\"datePublished\":\"2020-06-07T16:11:01+00:00\",\"dateModified\":\"2020-06-07T16:11:01+00:00\",\"mainEntityOfPage\":{\"@id\":\"https:\/\/vosgesinfo.fr\/remiremontinfo\/2020\/06\/paroisse-de-saint-ame-programme-de-semaine\/\"},\"wordCount\":295,\"commentCount\":0,\"publisher\":{\"@id\":\"https:\/\/vosgesinfo.fr\/remiremontinfo\/#organization\"},\"image\":{\"@id\":\"https:\/\/vosgesinfo.fr\/remiremontinfo\/2020\/06\/paroisse-de-saint-ame-programme-de-semaine\/#primaryimage\"},\"thumbnailUrl\":\"https:\/\/vosgesinfo.fr\/app\/uploads\/sites\/5\/2024\/09\/202004saint-ame-88-1.jpg\",\"articleSection\":[\"A la Une\",\"Religion\",\"Remiremont &amp; son canton\",\"Saint-Am\u00e9\"],\"inLanguage\":\"fr-FR\",\"potentialAction\":[{\"@type\":\"CommentAction\",\"name\":\"Comment\",\"target\":[\"https:\/\/vosgesinfo.fr\/remiremontinfo\/2020\/06\/paroisse-de-saint-ame-programme-de-semaine\/#respond\"]}]},{\"@type\":\"WebPage\",\"@id\":\"https:\/\/vosgesinfo.fr\/remiremontinfo\/2020\/06\/paroisse-de-saint-ame-programme-de-semaine\/\",\"url\":\"https:\/\/vosgesinfo.fr\/remiremontinfo\/2020\/06\/paroisse-de-saint-ame-programme-de-semaine\/\",\"name\":\"Paroisse de Saint Am\u00e9 : programme de la semaine - Remiremont Info\",\"isPartOf\":{\"@id\":\"https:\/\/vosgesinfo.fr\/remiremontinfo\/#website\"},\"primaryImageOfPage\":{\"@id\":\"https:\/\/vosgesinfo.fr\/remiremontinfo\/2020\/06\/paroisse-de-saint-ame-programme-de-semaine\/#primaryimage\"},\"image\":{\"@id\":\"https:\/\/vosgesinfo.fr\/remiremontinfo\/2020\/06\/paroisse-de-saint-ame-programme-de-semaine\/#primaryimage\"},\"thumbnailUrl\":\"https:\/\/vosgesinfo.fr\/app\/uploads\/sites\/5\/2024\/09\/202004saint-ame-88-1.jpg\",\"datePublished\":\"2020-06-07T16:11:01+00:00\",\"dateModified\":\"2020-06-07T16:11:01+00:00\",\"breadcrumb\":{\"@id\":\"https:\/\/vosgesinfo.fr\/remiremontinfo\/2020\/06\/paroisse-de-saint-ame-programme-de-semaine\/#breadcrumb\"},\"inLanguage\":\"fr-FR\",\"potentialAction\":[{\"@type\":\"ReadAction\",\"target\":[\"https:\/\/vosgesinfo.fr\/remiremontinfo\/2020\/06\/paroisse-de-saint-ame-programme-de-semaine\/\"]}]},{\"@type\":\"ImageObject\",\"inLanguage\":\"fr-FR\",\"@id\":\"https:\/\/vosgesinfo.fr\/remiremontinfo\/2020\/06\/paroisse-de-saint-ame-programme-de-semaine\/#primaryimage\",\"url\":\"https:\/\/vosgesinfo.fr\/app\/uploads\/sites\/5\/2024\/09\/202004saint-ame-88-1.jpg\",\"contentUrl\":\"https:\/\/vosgesinfo.fr\/app\/uploads\/sites\/5\/2024\/09\/202004saint-ame-88-1.jpg\",\"width\":1024,\"height\":768},{\"@type\":\"BreadcrumbList\",\"@id\":\"https:\/\/vosgesinfo.fr\/remiremontinfo\/2020\/06\/paroisse-de-saint-ame-programme-de-semaine\/#breadcrumb\",\"itemListElement\":[{\"@type\":\"ListItem\",\"position\":1,\"name\":\"Home\",\"item\":\"https:\/\/vosgesinfo.fr\/remiremontinfo\/\"},{\"@type\":\"ListItem\",\"position\":2,\"name\":\"Paroisse de Saint Am\u00e9 : programme de la semaine\"}]},{\"@type\":\"WebSite\",\"@id\":\"https:\/\/vosgesinfo.fr\/remiremontinfo\/#website\",\"url\":\"https:\/\/vosgesinfo.fr\/remiremontinfo\/\",\"name\":\"Remiremont Info\",\"description\":\"Toute l&#039;actualit\u00e9 de Remiremont\",\"publisher\":{\"@id\":\"https:\/\/vosgesinfo.fr\/remiremontinfo\/#organization\"},\"alternateName\":\"Toute l'actualit\u00e9 de Remiremont\",\"potentialAction\":[{\"@type\":\"SearchAction\",\"target\":{\"@type\":\"EntryPoint\",\"urlTemplate\":\"https:\/\/vosgesinfo.fr\/remiremontinfo\/?s={search_term_string}\"},\"query-input\":\"required name=search_term_string\"}],\"inLanguage\":\"fr-FR\"},{\"@type\":\"Organization\",\"@id\":\"https:\/\/vosgesinfo.fr\/remiremontinfo\/#organization\",\"name\":\"Remiremont Info\",\"url\":\"https:\/\/vosgesinfo.fr\/remiremontinfo\/\",\"logo\":{\"@type\":\"ImageObject\",\"inLanguage\":\"fr-FR\",\"@id\":\"https:\/\/vosgesinfo.fr\/remiremontinfo\/#\/schema\/logo\/image\/\",\"url\":\"https:\/\/vosgesinfo.fr\/app\/uploads\/sites\/5\/2023\/08\/favicon-remiremontinfo.png\",\"contentUrl\":\"https:\/\/vosgesinfo.fr\/app\/uploads\/sites\/5\/2023\/08\/favicon-remiremontinfo.png\",\"width\":512,\"height\":512,\"caption\":\"Remiremont Info\"},\"image\":{\"@id\":\"https:\/\/vosgesinfo.fr\/remiremontinfo\/#\/schema\/logo\/image\/\"},\"sameAs\":[\"https:\/\/www.facebook.com\/remiremontinfo\",\"https:\/\/x.com\/VosgesInfo88\",\"https:\/\/www.youtube.com\/@vosgesinfo\"]},{\"@type\":\"Person\",\"@id\":\"https:\/\/vosgesinfo.fr\/remiremontinfo\/#\/schema\/person\/bc5d02d71e6932e81b6dadb7386667b1\",\"name\":\"qs_admin\",\"image\":{\"@type\":\"ImageObject\",\"inLanguage\":\"fr-FR\",\"@id\":\"https:\/\/vosgesinfo.fr\/remiremontinfo\/#\/schema\/person\/image\/\",\"url\":\"https:\/\/secure.gravatar.com\/avatar\/94b18ee0ed79e4a42ea2f2931277b6841a8999fc6fde214600c78057cf1fe1de?s=96&d=mm&r=g\",\"contentUrl\":\"https:\/\/secure.gravatar.com\/avatar\/94b18ee0ed79e4a42ea2f2931277b6841a8999fc6fde214600c78057cf1fe1de?s=96&d=mm&r=g\",\"caption\":\"qs_admin\"},\"sameAs\":[\"https:\/\/vosgesinfo.fr\/wp\"],\"url\":\"https:\/\/vosgesinfo.fr\/remiremontinfo\/author\/qs_admin\/\"}]}<\/script>\n<!-- \/ Yoast SEO plugin. -->","yoast_head_json":{"title":"Paroisse de Saint Am\u00e9 : programme de la semaine - Remiremont Info","robots":{"index":"index","follow":"follow","max-snippet":"max-snippet:-1","max-image-preview":"max-image-preview:large","max-video-preview":"max-video-preview:-1"},"canonical":"https:\/\/vosgesinfo.fr\/remiremontinfo\/2020\/06\/paroisse-de-saint-ame-programme-de-semaine\/","twitter_card":"summary_large_image","twitter_title":"Paroisse de Saint Am\u00e9 : programme de la semaine - Remiremont Info","twitter_description":"Nous vous rappelons que toute personne de onze ans ou plus portera un masque de protection r\u00e9pondant aux caract\u00e9ristiques techniques [&hellip;]","twitter_image":"https:\/\/vosgesinfo.fr\/app\/uploads\/sites\/5\/2024\/09\/202004saint-ame-88-1.jpg","twitter_creator":"@VosgesInfo88","twitter_site":"@VosgesInfo88","twitter_misc":{"\u00c9crit par":"qs_admin","Dur\u00e9e de lecture estim\u00e9e":"1 minute"},"schema":{"@context":"https:\/\/schema.org","@graph":[{"@type":"Article","@id":"https:\/\/vosgesinfo.fr\/remiremontinfo\/2020\/06\/paroisse-de-saint-ame-programme-de-semaine\/#article","isPartOf":{"@id":"https:\/\/vosgesinfo.fr\/remiremontinfo\/2020\/06\/paroisse-de-saint-ame-programme-de-semaine\/"},"author":{"name":"qs_admin","@id":"https:\/\/vosgesinfo.fr\/remiremontinfo\/#\/schema\/person\/bc5d02d71e6932e81b6dadb7386667b1"},"headline":"Paroisse de Saint Am\u00e9 : programme de la semaine","datePublished":"2020-06-07T16:11:01+00:00","dateModified":"2020-06-07T16:11:01+00:00","mainEntityOfPage":{"@id":"https:\/\/vosgesinfo.fr\/remiremontinfo\/2020\/06\/paroisse-de-saint-ame-programme-de-semaine\/"},"wordCount":295,"commentCount":0,"publisher":{"@id":"https:\/\/vosgesinfo.fr\/remiremontinfo\/#organization"},"image":{"@id":"https:\/\/vosgesinfo.fr\/remiremontinfo\/2020\/06\/paroisse-de-saint-ame-programme-de-semaine\/#primaryimage"},"thumbnailUrl":"https:\/\/vosgesinfo.fr\/app\/uploads\/sites\/5\/2024\/09\/202004saint-ame-88-1.jpg","articleSection":["A la Une","Religion","Remiremont &amp; son canton","Saint-Am\u00e9"],"inLanguage":"fr-FR","potentialAction":[{"@type":"CommentAction","name":"Comment","target":["https:\/\/vosgesinfo.fr\/remiremontinfo\/2020\/06\/paroisse-de-saint-ame-programme-de-semaine\/#respond"]}]},{"@type":"WebPage","@id":"https:\/\/vosgesinfo.fr\/remiremontinfo\/2020\/06\/paroisse-de-saint-ame-programme-de-semaine\/","url":"https:\/\/vosgesinfo.fr\/remiremontinfo\/2020\/06\/paroisse-de-saint-ame-programme-de-semaine\/","name":"Paroisse de Saint Am\u00e9 : programme de la semaine - Remiremont Info","isPartOf":{"@id":"https:\/\/vosgesinfo.fr\/remiremontinfo\/#website"},"primaryImageOfPage":{"@id":"https:\/\/vosgesinfo.fr\/remiremontinfo\/2020\/06\/paroisse-de-saint-ame-programme-de-semaine\/#primaryimage"},"image":{"@id":"https:\/\/vosgesinfo.fr\/remiremontinfo\/2020\/06\/paroisse-de-saint-ame-programme-de-semaine\/#primaryimage"},"thumbnailUrl":"https:\/\/vosgesinfo.fr\/app\/uploads\/sites\/5\/2024\/09\/202004saint-ame-88-1.jpg","datePublished":"2020-06-07T16:11:01+00:00","dateModified":"2020-06-07T16:11:01+00:00","breadcrumb":{"@id":"https:\/\/vosgesinfo.fr\/remiremontinfo\/2020\/06\/paroisse-de-saint-ame-programme-de-semaine\/#breadcrumb"},"inLanguage":"fr-FR","potentialAction":[{"@type":"ReadAction","target":["https:\/\/vosgesinfo.fr\/remiremontinfo\/2020\/06\/paroisse-de-saint-ame-programme-de-semaine\/"]}]},{"@type":"ImageObject","inLanguage":"fr-FR","@id":"https:\/\/vosgesinfo.fr\/remiremontinfo\/2020\/06\/paroisse-de-saint-ame-programme-de-semaine\/#primaryimage","url":"https:\/\/vosgesinfo.fr\/app\/uploads\/sites\/5\/2024\/09\/202004saint-ame-88-1.jpg","contentUrl":"https:\/\/vosgesinfo.fr\/app\/uploads\/sites\/5\/2024\/09\/202004saint-ame-88-1.jpg","width":1024,"height":768},{"@type":"BreadcrumbList","@id":"https:\/\/vosgesinfo.fr\/remiremontinfo\/2020\/06\/paroisse-de-saint-ame-programme-de-semaine\/#breadcrumb","itemListElement":[{"@type":"ListItem","position":1,"name":"Home","item":"https:\/\/vosgesinfo.fr\/remiremontinfo\/"},{"@type":"ListItem","position":2,"name":"Paroisse de Saint Am\u00e9 : programme de la semaine"}]},{"@type":"WebSite","@id":"https:\/\/vosgesinfo.fr\/remiremontinfo\/#website","url":"https:\/\/vosgesinfo.fr\/remiremontinfo\/","name":"Remiremont Info","description":"Toute l&#039;actualit\u00e9 de Remiremont","publisher":{"@id":"https:\/\/vosgesinfo.fr\/remiremontinfo\/#organization"},"alternateName":"Toute l'actualit\u00e9 de Remiremont","potentialAction":[{"@type":"SearchAction","target":{"@type":"EntryPoint","urlTemplate":"https:\/\/vosgesinfo.fr\/remiremontinfo\/?s={search_term_string}"},"query-input":"required name=search_term_string"}],"inLanguage":"fr-FR"},{"@type":"Organization","@id":"https:\/\/vosgesinfo.fr\/remiremontinfo\/#organization","name":"Remiremont Info","url":"https:\/\/vosgesinfo.fr\/remiremontinfo\/","logo":{"@type":"ImageObject","inLanguage":"fr-FR","@id":"https:\/\/vosgesinfo.fr\/remiremontinfo\/#\/schema\/logo\/image\/","url":"https:\/\/vosgesinfo.fr\/app\/uploads\/sites\/5\/2023\/08\/favicon-remiremontinfo.png","contentUrl":"https:\/\/vosgesinfo.fr\/app\/uploads\/sites\/5\/2023\/08\/favicon-remiremontinfo.png","width":512,"height":512,"caption":"Remiremont Info"},"image":{"@id":"https:\/\/vosgesinfo.fr\/remiremontinfo\/#\/schema\/logo\/image\/"},"sameAs":["https:\/\/www.facebook.com\/remiremontinfo","https:\/\/x.com\/VosgesInfo88","https:\/\/www.youtube.com\/@vosgesinfo"]},{"@type":"Person","@id":"https:\/\/vosgesinfo.fr\/remiremontinfo\/#\/schema\/person\/bc5d02d71e6932e81b6dadb7386667b1","name":"qs_admin","image":{"@type":"ImageObject","inLanguage":"fr-FR","@id":"https:\/\/vosgesinfo.fr\/remiremontinfo\/#\/schema\/person\/image\/","url":"https:\/\/secure.gravatar.com\/avatar\/94b18ee0ed79e4a42ea2f2931277b6841a8999fc6fde214600c78057cf1fe1de?s=96&d=mm&r=g","contentUrl":"https:\/\/secure.gravatar.com\/avatar\/94b18ee0ed79e4a42ea2f2931277b6841a8999fc6fde214600c78057cf1fe1de?s=96&d=mm&r=g","caption":"qs_admin"},"sameAs":["https:\/\/vosgesinfo.fr\/wp"],"url":"https:\/\/vosgesinfo.fr\/remiremontinfo\/author\/qs_admin\/"}]}},"_links":{"self":[{"href":"https:\/\/vosgesinfo.fr\/remiremontinfo\/wp-json\/wp\/v2\/posts\/27799","targetHints":{"allow":["GET"]}}],"collection":[{"href":"https:\/\/vosgesinfo.fr\/remiremontinfo\/wp-json\/wp\/v2\/posts"}],"about":[{"href":"https:\/\/vosgesinfo.fr\/remiremontinfo\/wp-json\/wp\/v2\/types\/post"}],"author":[{"embeddable":true,"href":"https:\/\/vosgesinfo.fr\/remiremontinfo\/wp-json\/wp\/v2\/users\/1"}],"replies":[{"embeddable":true,"href":"https:\/\/vosgesinfo.fr\/remiremontinfo\/wp-json\/wp\/v2\/comments?post=27799"}],"version-history":[{"count":0,"href":"https:\/\/vosgesinfo.fr\/remiremontinfo\/wp-json\/wp\/v2\/posts\/27799\/revisions"}],"wp:featuredmedia":[{"embeddable":true,"href":"https:\/\/vosgesinfo.fr\/remiremontinfo\/wp-json\/wp\/v2\/media\/27800"}],"wp:attachment":[{"href":"https:\/\/vosgesinfo.fr\/remiremontinfo\/wp-json\/wp\/v2\/media?parent=27799"}],"wp:term":[{"taxonomy":"category","embeddable":true,"href":"https:\/\/vosgesinfo.fr\/remiremontinfo\/wp-json\/wp\/v2\/categories?post=27799"},{"taxonomy":"post_tag","embeddable":true,"href":"https:\/\/vosgesinfo.fr\/remiremontinfo\/wp-json\/wp\/v2\/tags?post=27799"}],"curies":[{"name":"wp","href":"https:\/\/api.w.org\/{rel}","templated":true}]}}